{"id":1908236,"date":"2026-04-28T11:22:14","date_gmt":"2026-04-28T08:22:14","guid":{"rendered":"https:\/\/analyse.optim.biz\/?p=1908236"},"modified":"2026-04-28T11:22:14","modified_gmt":"2026-04-28T08:22:14","slug":"motiunea-de-cenzura-psd-aur-depusa-la-parlament-simion-a-fost-semnata-de-251-de-parlamentari","status":"publish","type":"post","link":"https:\/\/analyse.optim.biz\/?p=1908236","title":{"rendered":"Mo\u021biunea de cenzur\u0103 PSD-AUR, depus\u0103 la Parlament. Simion: A fost semnat\u0103 de 251 de parlamentari"},"content":{"rendered":"<p>[analyse_image type=&#8221;featured&#8221; src=&#8221;https:\/\/ziardesuceava.ro\/wp-content\/uploads\/2026\/04\/78469-1024&#215;683.jpg&#8221;]<\/p>\n<div class=\"post-content clearfix\">\n<div class=\"blog-post-thumb\"><img loading=\"lazy\" decoding=\"async\" width=\"1140\" height=\"694\" src=\"https:\/\/ziardesuceava.ro\/wp-content\/uploads\/2026\/04\/78469-1140x694.jpg\" class=\"attachment-inhype-blog-thumb size-inhype-blog-thumb wp-post-image\" alt><\/div>\n<div class=\"entry-content\">\n<div>\n<p class=\"fara-orfani lead\">PSD-AUR au depus mar\u021bi la Secretariatele generale de la Senat \u0219i Camera Deputa\u021bilor, mo\u021biunea de cenzur\u0103 \u00eempotriva Guvernului Bolojan. Birourile permanente reunite ale Parlamentului urmeaz\u0103 s\u0103 stabileasc\u0103 un calendar pentru dezbatere \u0219i vot.<\/p>\n<div class=\"continut-articol\">\n<p><span>UPDATE<\/span><\/p>\n<p>Liderul AUR, George Simion, a anun\u021bat mar\u021bi c\u0103 mo\u021biunea de cenzur\u0103 a fost depus\u0103 la Parlament \u0219i a fost semnat\u0103 de 251 de ale\u0219i PSD, AUR, POT, SOS Rom\u00e2nia, Pace \u2013 \u00cent\u00e2i Rom\u00e2nia \u0219i parlamentari neafilia\u021bi.<\/p>\n<p>De asemenea, Simion a spus c\u0103 este fals tot ceea ce se sus\u021bine \u00een spa\u021biul public, \u0219i anume c\u0103 AUR \u0219i PSD se vor alia pentru guvernare.<\/p>\n<p>Simion a spus c\u0103 s-ar hazarda dac\u0103 ar spune c\u0103 AUR face alian\u021be cu cineva, pentru c\u0103 partidul s\u0103u vrea revenirea la democra\u021bie \u0219i la alegerile anulate din 2024.\u00a0<\/p>\n<p>De\u0219i \u00een 2024 a spus c\u0103 nu va bate palma niciodat\u0103 cu PSD, George Simion spune acum c\u0103 nu a zis a\u0219a ceva niciodat\u0103, el afirm\u00e2nd c\u0103 nu va face o Coali\u021bie de guvernare cu PSD. Nici nu crede c\u0103 prin pactul de acum cu PSD, AUR \u0219i-a \u00een\u0219elat aleg\u0103torii.<\/p>\n<iframe loading=\"lazy\" src=\"https:\/\/www.facebook.com\/plugins\/video.php?height=476&amp;href=https%3A%2F%2Fwww.facebook.com%2Freel%2F1547261123626681%2F&amp;show_text=false&amp;width=267&amp;t=0\" width=\"267\" height=\"476\" scrolling=\"no\" frameborder allowfullscreen=\"true\" allow=\"autoplay; clipboard-write; encrypted-media; picture-in-picture; web-share\"><\/iframe>\n<p>Prezent la Radio Rom\u00e2nia Actualit\u0103\u021bi, liderul extremist AUR, George Simion, a anun\u021bat c\u0103 \u201cvor fi peste 245 de semn\u0103turi\u201d.<\/p>\n<p>\u201cNu vom avea emo\u021bii, va trece f\u0103r\u0103 probleme. AUR, partidul votat cel mai mult de rom\u00e2ni, nu mai vrea acest Guvern. Voin\u021ba poporului este s\u0103 revenim la democra\u021bie\u201d, a declarat el.<\/p>\n<p>Pentru ca Guvernul s\u0103 fie demis sunt necesare cel pu\u021bin 233 de voturi. PSD, AUR, SOS Rom\u00e2nia, PACE \u2013 \u00cent\u00e2i Rom\u00e2nia, POT \u0219i parlamentari neafilia\u021bi au semnat mo\u021biunea de cenzur\u0103 \u0219i spun c\u0103 o \u0219i voteaz\u0103.<\/p>\n<p>Un anun\u021b oficial este a\u0219teptat la ora 14:00, c\u00e2nd George Simion are programat\u0103 o conferin\u021b\u0103 de pres\u0103 la Parlament. \u0218eful PSD, Sorin Grindeanu, a plecat la Paris pentru o \u00eentrevedere cu Ya\u00ebl Braun-Pivet, pre\u0219edintele Adun\u0103rii Na\u021bionale a Fran\u021bei.<\/p>\n<\/div>\n<\/div>\n<\/div>\n<div class=\"inhype-social-share-fixed sidebar-position-right\">\n<div class=\"post-social-wrapper\">\n<div class=\"post-social-title\"><span class=\"post-social-title-text\">Share<\/span><\/div>\n<\/div>\n<\/div>\n<\/div>\n<p>[analyse_source url=&#8221;https:\/\/ziardesuceava.ro\/motiunea-de-cenzura-psd-aur-depusa-la-parlament-simion-a-fost-semnata-de-251-de-parlamentari\/&#8221;]<\/p>\n","protected":false},"excerpt":{"rendered":"<p>[analyse_image type=&#8221;featured&#8221; src=&#8221;https:\/\/ziardesuceava.ro\/wp-content\/uploads\/2026\/04\/78469-1024&#215;683.jpg&#8221;] PSD-AUR au depus mar\u021bi la Secretariatele generale de la Senat \u0219i Camera Deputa\u021bilor, mo\u021biunea de cenzur\u0103 \u00eempotriva Guvernului Bolojan. Birourile permanente reunite ale Parlamentului urmeaz\u0103 s\u0103 stabileasc\u0103 un calendar pentru dezbatere \u0219i vot. UPDATE Liderul AUR, George Simion, a anun\u021bat mar\u021bi c\u0103 mo\u021biunea de cenzur\u0103 a fost depus\u0103 la Parlament \u0219i a [&hellip;]<\/p>\n","protected":false},"author":1,"featured_media":0,"comment_status":"open","ping_status":"","sticky":false,"template":"","format":"standard","meta":{"footnotes":""},"categories":[89],"tags":[226,171],"class_list":["post-1908236","post","type-post","status-publish","format-standard","hentry","category-romania","tag-crawlmanager","tag-ziardesuceava-ro"],"_links":{"self":[{"href":"https:\/\/analyse.optim.biz\/index.php?rest_route=\/wp\/v2\/posts\/1908236","targetHints":{"allow":["GET"]}}],"collection":[{"href":"https:\/\/analyse.optim.biz\/index.php?rest_route=\/wp\/v2\/posts"}],"about":[{"href":"https:\/\/analyse.optim.biz\/index.php?rest_route=\/wp\/v2\/types\/post"}],"author":[{"embeddable":true,"href":"https:\/\/analyse.optim.biz\/index.php?rest_route=\/wp\/v2\/users\/1"}],"replies":[{"embeddable":true,"href":"https:\/\/analyse.optim.biz\/index.php?rest_route=%2Fwp%2Fv2%2Fcomments&post=1908236"}],"version-history":[{"count":0,"href":"https:\/\/analyse.optim.biz\/index.php?rest_route=\/wp\/v2\/posts\/1908236\/revisions"}],"wp:attachment":[{"href":"https:\/\/analyse.optim.biz\/index.php?rest_route=%2Fwp%2Fv2%2Fmedia&parent=1908236"}],"wp:term":[{"taxonomy":"category","embeddable":true,"href":"https:\/\/analyse.optim.biz\/index.php?rest_route=%2Fwp%2Fv2%2Fcategories&post=1908236"},{"taxonomy":"post_tag","embeddable":true,"href":"https:\/\/analyse.optim.biz\/index.php?rest_route=%2Fwp%2Fv2%2Ftags&post=1908236"}],"curies":[{"name":"wp","href":"https:\/\/api.w.org\/{rel}","templated":true}]}}