{"id":1908235,"date":"2026-04-28T10:21:34","date_gmt":"2026-04-28T07:21:34","guid":{"rendered":"https:\/\/analyse.optim.biz\/?p=1908235"},"modified":"2026-04-28T10:21:34","modified_gmt":"2026-04-28T07:21:34","slug":"parlamentul-european-ii-ridica-imunitatea-dianei-sosoaca","status":"publish","type":"post","link":"https:\/\/analyse.optim.biz\/?p=1908235","title":{"rendered":"Parlamentul European \u00eei ridic\u0103 imunitatea Dianei \u0218o\u0219oac\u0103"},"content":{"rendered":"<p>[analyse_image type=&#8221;featured&#8221; src=&#8221;https:\/\/ziardesuceava.ro\/wp-content\/uploads\/2026\/04\/78456-1024&#215;612.png&#8221;]<\/p>\n<div class=\"post-content clearfix\">\n<div class=\"blog-post-thumb\"><img loading=\"lazy\" decoding=\"async\" width=\"1140\" height=\"694\" src=\"https:\/\/ziardesuceava.ro\/wp-content\/uploads\/2026\/04\/78456-1140x694.png\" class=\"attachment-inhype-blog-thumb size-inhype-blog-thumb wp-post-image\" alt><\/div>\n<div class=\"entry-content\">\n<div>\n<p class=\"fara-orfani lead\">Plenul Parlamentului European a votat mar\u021bi la Strasbourg pentru a-i ridica imunitatea Dianei \u0218o\u0219oac\u0103. \u00cen urma acestui vot, eurodeputata poate fi judecat\u0103 \u00een Rom\u00e2nia.<\/p>\n<div class=\"continut-articol\">\n<p>Eurodeputa\u021bii au aprobat ridicarea imunit\u0103\u021bii pentru mai multe presupuse infrac\u021biuni. Totodat\u0103, ei au votat \u0219i respingerea ridic\u0103rii imunit\u0103\u021bii pentru punctul \u201dI\u201d, care se refer\u0103 la declara\u021biile Dianei \u0218o\u0219oac\u0103 din plenul PE.<\/p>\n<p>Comisia pentru afaceri juridice (JURI) a Parlamentului European a avizat favorabil joia trecut\u0103 (17 voturi pentru, niciunul \u00eempotriv\u0103, o ab\u021binere), raportul privind ridicarea imunit\u0103\u021bii eurodeputatei Diana \u0218o\u0219oac\u0103.<\/p>\n<p>Cererea de ridicare a imunit\u0103\u021bii a fost transmis\u0103 anul trecut de Parchetul General.<\/p>\n<p>Raportul Comisiei JURI \u00eentocmit de eurodeputatul Dominik Tarczynski (Grupul Conservatorii \u0219i Reformi\u0219tii Europeni \u2013 ECR) solicit\u0103 ridicarea imunit\u0103\u021bii parlamentare a lui \u0218o\u0219oac\u0103 pentru toate presupusele infrac\u021biuni pentru care este anchetat\u0103 \u00een Rom\u00e2nia, cu o singur\u0103 excep\u021bie.<\/p>\n<p> Este vorba de o pl\u00e2ngere a Institutului de Investigare a Crimelor Comunismului \u0219i Memoria Exilului Rom\u00e2nesc (IICCMER), care a reclamat faptul c\u0103 Diana \u0218o\u0219oac\u0103 a declarat anul trecut \u00een plenul Parlamentului European c\u0103 ar trebui dezvoltate strategii de politic\u0103 extern\u0103 dup\u0103 modelul dictatorului rom\u00e2n Nicolae Ceau\u0219escu.<\/p>\n<\/div>\n<\/div>\n<\/div>\n<div class=\"inhype-social-share-fixed sidebar-position-right\">\n<div class=\"post-social-wrapper\">\n<div class=\"post-social-title\"><span class=\"post-social-title-text\">Share<\/span><\/div>\n<\/div>\n<\/div>\n<\/div>\n<p>[analyse_source url=&#8221;https:\/\/ziardesuceava.ro\/parlamentul-european-ii-ridica-imunitatea-dianei-sosoaca\/&#8221;]<\/p>\n","protected":false},"excerpt":{"rendered":"<p>[analyse_image type=&#8221;featured&#8221; src=&#8221;https:\/\/ziardesuceava.ro\/wp-content\/uploads\/2026\/04\/78456-1024&#215;612.png&#8221;] Plenul Parlamentului European a votat mar\u021bi la Strasbourg pentru a-i ridica imunitatea Dianei \u0218o\u0219oac\u0103. \u00cen urma acestui vot, eurodeputata poate fi judecat\u0103 \u00een Rom\u00e2nia. Eurodeputa\u021bii au aprobat ridicarea imunit\u0103\u021bii pentru mai multe presupuse infrac\u021biuni. Totodat\u0103, ei au votat \u0219i respingerea ridic\u0103rii imunit\u0103\u021bii pentru punctul \u201dI\u201d, care se refer\u0103 la declara\u021biile Dianei \u0218o\u0219oac\u0103 [&hellip;]<\/p>\n","protected":false},"author":1,"featured_media":0,"comment_status":"open","ping_status":"","sticky":false,"template":"","format":"standard","meta":{"footnotes":""},"categories":[89],"tags":[226,171],"class_list":["post-1908235","post","type-post","status-publish","format-standard","hentry","category-romania","tag-crawlmanager","tag-ziardesuceava-ro"],"_links":{"self":[{"href":"https:\/\/analyse.optim.biz\/index.php?rest_route=\/wp\/v2\/posts\/1908235","targetHints":{"allow":["GET"]}}],"collection":[{"href":"https:\/\/analyse.optim.biz\/index.php?rest_route=\/wp\/v2\/posts"}],"about":[{"href":"https:\/\/analyse.optim.biz\/index.php?rest_route=\/wp\/v2\/types\/post"}],"author":[{"embeddable":true,"href":"https:\/\/analyse.optim.biz\/index.php?rest_route=\/wp\/v2\/users\/1"}],"replies":[{"embeddable":true,"href":"https:\/\/analyse.optim.biz\/index.php?rest_route=%2Fwp%2Fv2%2Fcomments&post=1908235"}],"version-history":[{"count":0,"href":"https:\/\/analyse.optim.biz\/index.php?rest_route=\/wp\/v2\/posts\/1908235\/revisions"}],"wp:attachment":[{"href":"https:\/\/analyse.optim.biz\/index.php?rest_route=%2Fwp%2Fv2%2Fmedia&parent=1908235"}],"wp:term":[{"taxonomy":"category","embeddable":true,"href":"https:\/\/analyse.optim.biz\/index.php?rest_route=%2Fwp%2Fv2%2Fcategories&post=1908235"},{"taxonomy":"post_tag","embeddable":true,"href":"https:\/\/analyse.optim.biz\/index.php?rest_route=%2Fwp%2Fv2%2Ftags&post=1908235"}],"curies":[{"name":"wp","href":"https:\/\/api.w.org\/{rel}","templated":true}]}}