{"id":1908234,"date":"2026-04-28T09:20:27","date_gmt":"2026-04-28T06:20:27","guid":{"rendered":"https:\/\/analyse.optim.biz\/?p=1908234"},"modified":"2026-04-28T09:20:27","modified_gmt":"2026-04-28T06:20:27","slug":"senatoarea-victoria-stoiciu-a-demisionat-din-psd-nu-pot-si-nu-voi-gira-normalizarea-fascismului","status":"publish","type":"post","link":"https:\/\/analyse.optim.biz\/?p=1908234","title":{"rendered":"Senatoarea Victoria Stoiciu a demisionat din PSD: Nu pot \u0219i nu voi gira normalizarea fascismului"},"content":{"rendered":"<p>[analyse_image type=&#8221;featured&#8221; src=&#8221;https:\/\/ziardesuceava.ro\/wp-content\/uploads\/2026\/04\/78467-839&#215;1024.jpg&#8221;]<\/p>\n<div class=\"post-content clearfix\">\n<div class=\"blog-post-thumb\"><img loading=\"lazy\" decoding=\"async\" width=\"857\" height=\"694\" src=\"https:\/\/ziardesuceava.ro\/wp-content\/uploads\/2026\/04\/78467-857x694.jpg\" class=\"attachment-inhype-blog-thumb size-inhype-blog-thumb wp-post-image\" alt><\/div>\n<div class=\"entry-content\">\n<div>\n<p class=\"fara-orfani lead\">Senatoarea Victoria Stoiciu a anun\u021bat c\u0103 a demisionat din PSD, decizie pe care o nume\u0219te \u201cun pas firesc dup\u0103 ce am refuzat s\u0103 semnez mo\u021biunea de cenzur\u0103, marc\u00e2nd momentul \u00een care viziunea mea \u0219i direc\u021bia actual\u0103 a partidului au intrat pe contrasens\u201d.<\/p>\n<div class=\"continut-articol\">\n<p>\u201cConsider c\u0103 este nevoie de un cordon sanitar absolut care s\u0103 men\u021bin\u0103 for\u021bele extremiste \u00een izolare politic\u0103 total\u0103. Orice \u00eenc\u0103lcare a acestui principiu nu reprezint\u0103 doar o eroare tactic\u0103, ci o normalizare a fascismului. Pas cu pas, p\u00e2n\u0103 c\u00e2nd monstrul va fi prea mare ca s\u0103 \u00eel r\u0103punem. Istoria este cel mai bun profesor. Ascensiunea fascismului \u00een perioada interbelic\u0103 nu s-a produs subit. A fost rezultatul unor concesii repetate f\u0103cute de for\u021bele democratice, care au sacrificat viitorul pentru calcule politice mici \u0219i ra\u021biuni de moment. De ce crede\u021bi c\u0103 social-democra\u021bii germani p\u0103streaz\u0103 cu sfin\u021benie acest cordon sanitar \u00een raport cu extremi\u0219tii lor? Pentru c\u0103 se uit\u0103 \u00eenapoi \u00een istorie. \u0218i nu vor s\u0103 o repete\u201d, a scris Stoiciu pe pagina ei de Facebook.<\/p>\n<p>Ea adaug\u0103 c\u0103 \u201cnu pot \u0219i nu voi gira niciodat\u0103  normalizarea fascismului\u201d, pentru c\u0103 \u201ceste o linie ro\u0219ie peste care nu se poate trece\u201d.<\/p>\n<p>\u201cLe mul\u021bumesc colegilor social-democra\u021bi care m-au sus\u021binut \u00een ini\u021biativele legislative de p\u00e2n\u0103 acum pentru buna colaborare. Din p\u0103cate, drumurile noastre se despart aici,  nu pot face parte dintr-un proiect care sacrific\u0103 valorile democratice fundamentale pe altarul unor interese politice de etap\u0103\u201d, a mai scris ea.<\/p>\n<\/div>\n<\/div>\n<\/div>\n<div class=\"inhype-social-share-fixed sidebar-position-right\">\n<div class=\"post-social-wrapper\">\n<div class=\"post-social-title\"><span class=\"post-social-title-text\">Share<\/span><\/div>\n<\/div>\n<\/div>\n<\/div>\n<p>[analyse_source url=&#8221;https:\/\/ziardesuceava.ro\/senatoarea-victoria-stoiciu-a-demisionat-din-psd-nu-pot-si-nu-voi-gira-normalizarea-fascismului\/&#8221;]<\/p>\n","protected":false},"excerpt":{"rendered":"<p>[analyse_image type=&#8221;featured&#8221; src=&#8221;https:\/\/ziardesuceava.ro\/wp-content\/uploads\/2026\/04\/78467-839&#215;1024.jpg&#8221;] Senatoarea Victoria Stoiciu a anun\u021bat c\u0103 a demisionat din PSD, decizie pe care o nume\u0219te \u201cun pas firesc dup\u0103 ce am refuzat s\u0103 semnez mo\u021biunea de cenzur\u0103, marc\u00e2nd momentul \u00een care viziunea mea \u0219i direc\u021bia actual\u0103 a partidului au intrat pe contrasens\u201d. \u201cConsider c\u0103 este nevoie de un cordon sanitar absolut care [&hellip;]<\/p>\n","protected":false},"author":1,"featured_media":0,"comment_status":"open","ping_status":"","sticky":false,"template":"","format":"standard","meta":{"footnotes":""},"categories":[89],"tags":[226,171],"class_list":["post-1908234","post","type-post","status-publish","format-standard","hentry","category-romania","tag-crawlmanager","tag-ziardesuceava-ro"],"_links":{"self":[{"href":"https:\/\/analyse.optim.biz\/index.php?rest_route=\/wp\/v2\/posts\/1908234","targetHints":{"allow":["GET"]}}],"collection":[{"href":"https:\/\/analyse.optim.biz\/index.php?rest_route=\/wp\/v2\/posts"}],"about":[{"href":"https:\/\/analyse.optim.biz\/index.php?rest_route=\/wp\/v2\/types\/post"}],"author":[{"embeddable":true,"href":"https:\/\/analyse.optim.biz\/index.php?rest_route=\/wp\/v2\/users\/1"}],"replies":[{"embeddable":true,"href":"https:\/\/analyse.optim.biz\/index.php?rest_route=%2Fwp%2Fv2%2Fcomments&post=1908234"}],"version-history":[{"count":0,"href":"https:\/\/analyse.optim.biz\/index.php?rest_route=\/wp\/v2\/posts\/1908234\/revisions"}],"wp:attachment":[{"href":"https:\/\/analyse.optim.biz\/index.php?rest_route=%2Fwp%2Fv2%2Fmedia&parent=1908234"}],"wp:term":[{"taxonomy":"category","embeddable":true,"href":"https:\/\/analyse.optim.biz\/index.php?rest_route=%2Fwp%2Fv2%2Fcategories&post=1908234"},{"taxonomy":"post_tag","embeddable":true,"href":"https:\/\/analyse.optim.biz\/index.php?rest_route=%2Fwp%2Fv2%2Ftags&post=1908234"}],"curies":[{"name":"wp","href":"https:\/\/api.w.org\/{rel}","templated":true}]}}