{"id":1908233,"date":"2026-04-27T19:05:17","date_gmt":"2026-04-27T16:05:17","guid":{"rendered":"https:\/\/analyse.optim.biz\/?p=1908233"},"modified":"2026-04-27T19:05:17","modified_gmt":"2026-04-27T16:05:17","slug":"prima-reactie-a-lui-bolojan-dupa-ce-psd-aur-lucreaza-impreuna-sa-l-trimita-acasa","status":"publish","type":"post","link":"https:\/\/analyse.optim.biz\/?p=1908233","title":{"rendered":"Prima reac\u021bie a lui Bolojan dup\u0103 ce PSD-AUR lucreaz\u0103 \u00eempreun\u0103 s\u0103-l trimit\u0103 acas\u0103"},"content":{"rendered":"<p>[analyse_image type=&#8221;featured&#8221; src=&#8221;https:\/\/ziardesuceava.ro\/wp-content\/uploads\/2026\/04\/78458-1024&#215;682.jpeg&#8221;]<\/p>\n<div class=\"post-content clearfix\">\n<div class=\"blog-post-thumb\"><img loading=\"lazy\" decoding=\"async\" width=\"1140\" height=\"694\" src=\"https:\/\/ziardesuceava.ro\/wp-content\/uploads\/2026\/04\/78458-1140x694.jpeg\" class=\"attachment-inhype-blog-thumb size-inhype-blog-thumb wp-post-image\" alt><\/div>\n<div class=\"entry-content\">\n<div>\n<p class=\"fara-orfani lead\">Premierul Ilie Bolojan a declarat luni sear\u0103, la Digi24, c\u0103 PSD a dinamitat guvernarea \u00ee\u0219i m\u0103re\u0219te \u0219ansele s\u0103 treac\u0103 mo\u021biunea de cenzur\u0103 cu AUR, dar pune \u0219i bazele unei noi Coali\u021bii cu extremi\u0219tii.<\/p>\n<div class=\"continut-articol\">\n<p>\u00centrebat ce face dup\u0103 anun\u021bul PSD-AUR, Bolojan a replicat: \u201cVoi face ce am f\u0103cut \u0219i p\u00e2n\u0103 acum, asigur gestiunea Guvernului c\u00e2t timp acest Guvern are un sprijin parlamentar. Problema pe care o avem este c\u0103, atunci c\u00e2nd ac\u021bionezi pentru a d\u0103r\u00e2ma un Guvern, oamenii ra\u021bionali trebuie s\u0103 se g\u00e2ndeasc\u0103 ce punem \u00een loc\u201d.<\/p>\n<p>Premierul a sugerat c\u0103 \u00een spatele mo\u021biunii ar putea exista \u0219i calcule politice pentru formarea unei noi majorit\u0103\u021bi. <\/p>\n<p>\u201cPe de o parte, PSD \u00ee\u0219i m\u0103re\u0219te \u0219ansele de a trece mo\u021biunea, dar preg\u0103te\u0219te o nou\u0103 alian\u021b\u0103 \u0219i asist\u0103m la o nou\u0103 coali\u021bie care se formeaz\u0103\u201d, a ad\u0103ugat Ilie Bolojan.<\/p>\n<p>\u00centrebat ce mesaj are pentru PSD, el a dat exemplu Germaniei, unde cei care demit un Cabinet trebuie s\u0103 propun\u0103 ceva \u00een schimb, \u00eens\u0103 la noi nu exist\u0103 a\u0219a ceva.<\/p>\n<p>\u201cAm trecut printr-o perioad\u0103 grea, le mul\u021bumesc, dar am ajuns \u00een punctul cel mai de jos. Dac\u0103 critici \u0219i nu ai nicio solu\u021bie, nu suntem \u00eentr-o ipostaz\u0103 bun\u0103. Domnul Grindeanu a min\u021bit \u00een toat\u0103 aceast\u0103 perioad\u0103 nu doar despre problemele guvern\u0103rii, ci \u0219i despre proiectele politice cu AUR. La Bruxelles a demonizat AUR\u201d, a spus Bolojan.<\/p>\n<p>El a precizat c\u0103 nu se a\u0219tepta de la Nicu\u0219or Dan s\u0103 \u00eel sus\u021bin\u0103 \u0219i c\u0103 \u0219eful statului nu i-a cerut demisia, iar el oricum nu va pleca de voie bun\u0103 din func\u021bie.<\/p>\n<p>Dup\u0103 demersul cu AUR, Ilie Bolojan a exclus orice alt\u0103 colaborare cu PSD, inclusiv guvernarea.<\/p>\n<\/div>\n<\/div>\n<\/div>\n<div class=\"inhype-social-share-fixed sidebar-position-right\">\n<div class=\"post-social-wrapper\">\n<div class=\"post-social-title\"><span class=\"post-social-title-text\">Share<\/span><\/div>\n<\/div>\n<\/div>\n<\/div>\n<p>[analyse_source url=&#8221;https:\/\/ziardesuceava.ro\/prima-reactie-a-lui-bolojan-dupa-ce-psd-aur-lucreaza-impreuna-sa-l-trimita-acasa\/&#8221;]<\/p>\n","protected":false},"excerpt":{"rendered":"<p>[analyse_image type=&#8221;featured&#8221; src=&#8221;https:\/\/ziardesuceava.ro\/wp-content\/uploads\/2026\/04\/78458-1024&#215;682.jpeg&#8221;] Premierul Ilie Bolojan a declarat luni sear\u0103, la Digi24, c\u0103 PSD a dinamitat guvernarea \u00ee\u0219i m\u0103re\u0219te \u0219ansele s\u0103 treac\u0103 mo\u021biunea de cenzur\u0103 cu AUR, dar pune \u0219i bazele unei noi Coali\u021bii cu extremi\u0219tii. \u00centrebat ce face dup\u0103 anun\u021bul PSD-AUR, Bolojan a replicat: \u201cVoi face ce am f\u0103cut \u0219i p\u00e2n\u0103 acum, asigur gestiunea [&hellip;]<\/p>\n","protected":false},"author":1,"featured_media":0,"comment_status":"open","ping_status":"","sticky":false,"template":"","format":"standard","meta":{"footnotes":""},"categories":[89],"tags":[226,171],"class_list":["post-1908233","post","type-post","status-publish","format-standard","hentry","category-romania","tag-crawlmanager","tag-ziardesuceava-ro"],"_links":{"self":[{"href":"https:\/\/analyse.optim.biz\/index.php?rest_route=\/wp\/v2\/posts\/1908233","targetHints":{"allow":["GET"]}}],"collection":[{"href":"https:\/\/analyse.optim.biz\/index.php?rest_route=\/wp\/v2\/posts"}],"about":[{"href":"https:\/\/analyse.optim.biz\/index.php?rest_route=\/wp\/v2\/types\/post"}],"author":[{"embeddable":true,"href":"https:\/\/analyse.optim.biz\/index.php?rest_route=\/wp\/v2\/users\/1"}],"replies":[{"embeddable":true,"href":"https:\/\/analyse.optim.biz\/index.php?rest_route=%2Fwp%2Fv2%2Fcomments&post=1908233"}],"version-history":[{"count":0,"href":"https:\/\/analyse.optim.biz\/index.php?rest_route=\/wp\/v2\/posts\/1908233\/revisions"}],"wp:attachment":[{"href":"https:\/\/analyse.optim.biz\/index.php?rest_route=%2Fwp%2Fv2%2Fmedia&parent=1908233"}],"wp:term":[{"taxonomy":"category","embeddable":true,"href":"https:\/\/analyse.optim.biz\/index.php?rest_route=%2Fwp%2Fv2%2Fcategories&post=1908233"},{"taxonomy":"post_tag","embeddable":true,"href":"https:\/\/analyse.optim.biz\/index.php?rest_route=%2Fwp%2Fv2%2Ftags&post=1908233"}],"curies":[{"name":"wp","href":"https:\/\/api.w.org\/{rel}","templated":true}]}}