{"id":1908232,"date":"2026-04-27T17:03:20","date_gmt":"2026-04-27T14:03:20","guid":{"rendered":"https:\/\/analyse.optim.biz\/?p=1908232"},"modified":"2026-04-27T17:03:20","modified_gmt":"2026-04-27T14:03:20","slug":"acum-o-luna-grindeanu-excludea-colaborarea-cu-aur-si-acuza-pnl-de-aventura-cu-extremisti","status":"publish","type":"post","link":"https:\/\/analyse.optim.biz\/?p=1908232","title":{"rendered":"Acum o lun\u0103, Grindeanu excludea colaborarea cu AUR \u0219i acuza PNL de \u201eaventur\u0103\u201d cu extremi\u0219ti"},"content":{"rendered":"<p>[analyse_image type=&#8221;featured&#8221; src=&#8221;https:\/\/ziardesuceava.ro\/wp-content\/uploads\/2026\/04\/78457-1024&#215;705.jpg&#8221;]<\/p>\n<div class=\"post-content clearfix\">\n<div class=\"blog-post-thumb\"><img loading=\"lazy\" decoding=\"async\" width=\"1140\" height=\"694\" src=\"https:\/\/ziardesuceava.ro\/wp-content\/uploads\/2026\/04\/78457-1140x694.jpg\" class=\"attachment-inhype-blog-thumb size-inhype-blog-thumb wp-post-image\" alt><\/div>\n<div class=\"entry-content\">\n<div>\n<p class=\"fara-orfani lead\">Acum o lun\u0103, mai exact pe 26 martie, \u0219eful PSD, Sorin Grindeanu, aflat la Bruxelles, scria pe Facebook faptul c\u0103 exclude orice colaborare cu AUR. Pe 27 aprilie, lucrurile stau altfel, iar PSD \u0219i AUR lucreaz\u0103 \u00eempreun\u0103 la d\u0103r\u00e2marea Guvernului.<\/p>\n<div class=\"continut-articol\">\n<p>\u201cAm discutat la Bruxelles cu partenerii din conducerea Partidul Sociali\u0219tilor Europeni despre urgen\u021ba aplic\u0103rii m\u0103surilor pentru a proteja popula\u021bia \u0219i mediul de afaceri fiindc\u0103 esen\u021ba prezen\u021bei st\u00e2ngii la guvernare este s\u0103 ac\u021bioneze \u00een primul r\u00e2nd \u00een interesul oamenilor, mai ales a celor care nu se pot ap\u0103ra!<\/p>\n<p>At\u00e2t cu secretarul general al PES, dl Giacomo Filibeck, c\u00e2t \u0219i liderul grupului S&amp;D din Parlamentul European, doamna Iratxe Garcia, am sus\u021binut necesitatea clar\u0103 de a continua o formul\u0103 de guvernare pro-european\u0103. Vrem \u00eens\u0103 ca guvernarea s\u0103 fie una echilibrat\u0103, cu un premier care, pe l\u00e2ng\u0103 m\u0103suri absolut necesare de reducere a cheltuielilor publice, s\u0103 ia \u0219i decizii care s\u01ce apere rom\u00e2nii \u00eempotriva infla\u021biei \u2013 \u00een special cea generat\u0103 de cre\u0219terea exploziv\u0103 a pre\u021bului carburan\u021bilor!<\/p>\n<p>At\u00e2t eu, c\u00e2t \u0219i liderii PES, excludem vreo colaborare politic\u0103 cu AUR \u0219i credem c\u0103 recentele semnale de apropiere dintre PNL \u0219i AUR reprezint\u0103 o aventur\u0103 politic\u0103 iresponsabil\u0103, care amenin\u021b\u0103 viitorul european al Rom\u00e2niei!\u201d, spunea Grindeanu pe 26 martie.<\/p>\n<\/div>\n<\/div>\n<\/div>\n<div class=\"inhype-social-share-fixed sidebar-position-right\">\n<div class=\"post-social-wrapper\">\n<div class=\"post-social-title\"><span class=\"post-social-title-text\">Share<\/span><\/div>\n<\/div>\n<\/div>\n<\/div>\n<p>[analyse_source url=&#8221;https:\/\/ziardesuceava.ro\/acum-o-luna-grindeanu-excludea-colaborarea-cu-aur-si-acuza-pnl-de-aventura-cu-extremisti\/&#8221;]<\/p>\n","protected":false},"excerpt":{"rendered":"<p>[analyse_image type=&#8221;featured&#8221; src=&#8221;https:\/\/ziardesuceava.ro\/wp-content\/uploads\/2026\/04\/78457-1024&#215;705.jpg&#8221;] Acum o lun\u0103, mai exact pe 26 martie, \u0219eful PSD, Sorin Grindeanu, aflat la Bruxelles, scria pe Facebook faptul c\u0103 exclude orice colaborare cu AUR. Pe 27 aprilie, lucrurile stau altfel, iar PSD \u0219i AUR lucreaz\u0103 \u00eempreun\u0103 la d\u0103r\u00e2marea Guvernului. \u201cAm discutat la Bruxelles cu partenerii din conducerea Partidul Sociali\u0219tilor Europeni despre [&hellip;]<\/p>\n","protected":false},"author":1,"featured_media":0,"comment_status":"open","ping_status":"","sticky":false,"template":"","format":"standard","meta":{"footnotes":""},"categories":[89],"tags":[226,171],"class_list":["post-1908232","post","type-post","status-publish","format-standard","hentry","category-romania","tag-crawlmanager","tag-ziardesuceava-ro"],"_links":{"self":[{"href":"https:\/\/analyse.optim.biz\/index.php?rest_route=\/wp\/v2\/posts\/1908232","targetHints":{"allow":["GET"]}}],"collection":[{"href":"https:\/\/analyse.optim.biz\/index.php?rest_route=\/wp\/v2\/posts"}],"about":[{"href":"https:\/\/analyse.optim.biz\/index.php?rest_route=\/wp\/v2\/types\/post"}],"author":[{"embeddable":true,"href":"https:\/\/analyse.optim.biz\/index.php?rest_route=\/wp\/v2\/users\/1"}],"replies":[{"embeddable":true,"href":"https:\/\/analyse.optim.biz\/index.php?rest_route=%2Fwp%2Fv2%2Fcomments&post=1908232"}],"version-history":[{"count":0,"href":"https:\/\/analyse.optim.biz\/index.php?rest_route=\/wp\/v2\/posts\/1908232\/revisions"}],"wp:attachment":[{"href":"https:\/\/analyse.optim.biz\/index.php?rest_route=%2Fwp%2Fv2%2Fmedia&parent=1908232"}],"wp:term":[{"taxonomy":"category","embeddable":true,"href":"https:\/\/analyse.optim.biz\/index.php?rest_route=%2Fwp%2Fv2%2Fcategories&post=1908232"},{"taxonomy":"post_tag","embeddable":true,"href":"https:\/\/analyse.optim.biz\/index.php?rest_route=%2Fwp%2Fv2%2Ftags&post=1908232"}],"curies":[{"name":"wp","href":"https:\/\/api.w.org\/{rel}","templated":true}]}}