{"id":1908231,"date":"2026-04-27T13:00:23","date_gmt":"2026-04-27T10:00:23","guid":{"rendered":"https:\/\/analyse.optim.biz\/?p=1908231"},"modified":"2026-04-27T13:00:23","modified_gmt":"2026-04-27T10:00:23","slug":"justificarile-firave-ale-lui-sorin-grindeanu-privind-alianta-psd-cu-aur-exista-un-scop-comun","status":"publish","type":"post","link":"https:\/\/analyse.optim.biz\/?p=1908231","title":{"rendered":"Justific\u0103rile firave ale lui Sorin Grindeanu privind alian\u021ba PSD cu AUR: \u201eExist\u0103 un scop comun\u201d"},"content":{"rendered":"<p>[analyse_image type=&#8221;featured&#8221; src=&#8221;https:\/\/ziardesuceava.ro\/wp-content\/uploads\/2026\/04\/78455-1024&#215;683.jpg&#8221;]<\/p>\n<div class=\"post-content clearfix\">\n<div class=\"blog-post-thumb\"><img loading=\"lazy\" decoding=\"async\" width=\"1140\" height=\"694\" src=\"https:\/\/ziardesuceava.ro\/wp-content\/uploads\/2026\/04\/78455-1140x694.jpg\" class=\"attachment-inhype-blog-thumb size-inhype-blog-thumb wp-post-image\" alt><\/div>\n<div class=\"entry-content\">\n<p>Pre\u0219edintele PSD, Sorin Grindeanu, a anun\u021bat luni c\u0103 forul de conducere al partidului a decis \u00een unanimitate ca parlamentarii social-demcora\u021bi s\u0103 semneze \u0219i s\u0103 voteze o mo\u021biune de cenzur\u0103 \u00eempotriva Guvernului al\u0103turi de AIR.<\/p>\n<div>\n<p>\u201cDeciza politic\u0103 a BPN al PSD a fost \u00een<br \/>\nunanimitate ca deputa\u021bii \u0219i senatorii s\u0103 semneze \u0219i s\u0103 voteze aceast\u0103 mo\u021biune. Vreau s\u0103 fac<br \/>\nurm\u0103toarea precizare, de asemenea, cer secretarilor de stat ai PSD \u0219i prefec\u021biilor PSD s\u0103 \u00ee\u0219i<br \/>\nprezinte demisiile \u00een perioada urm\u0103toare, astfel \u00eenc\u00e2t, atunci c\u00e2nd vom avea mo\u021biune, s\u0103 avem<br \/>\nlucrurile c\u00e2t se poate de clare, f\u0103r\u0103 a mai exista discu\u021bii cum c\u0103, s\u0103 spunem, unii sunt \u00een<br \/>\ncontinuare \u00een arcul guvernamental\u201d, potrivit lui Grindeanu.<\/p>\n<p>Apoi, \u0219eful PSD a explicat cum s-a ajuns la PSD s\u0103 stea la mas\u0103 cu AUR pentru a d\u0103r\u00e2ma un Guvern din care p\u00e2n\u0103 recent au f\u0103cut parte \u0219i social-democra\u021bii.<\/p>\n<p>\u201cVreau s\u0103 fiu foarte clar. Este un demers parlamentar, este un demers care are \u00een acest moment<br \/>\nsus\u021binere dincolo de culoare politic\u0103, PSD, AUR, Pace \u2013 \u00cent\u00e2i Rom\u00e2nia, SOS \u0219i a\u0219a mai departe, \u0219i a\u0219a a\u0219 vrea s\u0103<br \/>\nfie interpretat. Sunt multe lucruri care ne despart, evident, de aceea sunt \u0219i partide politice<br \/>\ndiferite, dar exist\u0103 un scop comun, acela de a vota aceast\u0103 mo\u021biune \u0219i de a d\u0103r\u00e2ma Guvernul<br \/>\nBolojan.\u00a0Acesta este un scop comun. Nu exist\u0103, ca s\u0103 fim c\u00e2t se poate de clari, niciun fel de acord politic<br \/>\npost mo\u021biune. Aceste lucruri nu au f\u0103cut parte din niciun fel de discu\u021bie \u0219i \u00eemi doresc s\u0103 fiu foarte<br \/>\nbine\u00een\u021beles\u201d, a spus Grindeanu.<\/p>\n<p>Tot el a precizat c\u0103 demersul este deschis<br \/>\n\u0219i pentru alte partide.<\/p>\n<p>\u201c\u00cen acest moment, sunt propuneri care au venit<br \/>\ndinspre PSD, propuneri care au venit dinspre AUR, de asemenea sunt propuneri care vin \u0219i<br \/>\ndinspre alte zone politice. O s\u0103 definitiv\u0103m \u00een scurt timp, sau o s\u0103 se definitiveze acest text al<br \/>\nmo\u021biunii care va fi supus aten\u021biei \u0219i votului plenului\u201d, a explicat acesta.<\/p>\n<p>\u00centrebat cine va guverna Rom\u00e2nia dac\u0103 mo\u021biunea de cenzur\u0103 trece, Sorin Grindeanu a declarat c\u0103 \u201clucrurile nu s-au schimbat\u201d, adic\u0103 PSD vrea tot o guvernare \u201cpro-european\u0103\u201d.<\/p>\n<p>\u201cCeea ce am f\u0103cut acum, de fapt, prin aceast\u0103 mi\u0219care \u00een Parlament, este s\u0103 maximiz\u0103m \u0219ansele<br \/>\nde a trece o mo\u021biune. Altfel exista riscul de anihilare reciproc\u0103 a unei mo\u021biuni, pe de-o parte,<br \/>\nputea s\u0103 depun\u0103 doar PSD-ul \u0219i putea s\u0103 fie anihilat\u0103 de voturile celorlal\u021bi. Noi avem 129 de parlamentari, p\u00e2n\u0103 la 233 mai avem nevoie de 104. Ceilal\u021bi nu au num\u0103rul necesar singuri s\u0103 depun\u0103 o mo\u021biune de cenzur\u0103. \u0218i exista<br \/>\nriscul de anihilare reciproc\u0103 \u0219i ca acest demers s\u0103 fie unul sortit e\u0219ecului. Chiar dac\u0103 pare c\u0103<br \/>\nrenun\u021b\u0103m la o \u0219ans\u0103, fiindc\u0103 puteam s\u0103 punem dou\u0103 mo\u021biuni de cenzur\u0103, a\u0219a cum bine \u0219ti\u021bi, eu<br \/>\ncred c\u0103, de fapt, acum e o maximizare \u00een Parlament a \u0219anselor de a trece o mo\u021biune\u201d, a mai ad\u0103ugat \u0219eful PSD.<\/p>\n<p>\u00cen final, Grindeanu a negat orice alte \u00een\u0219elegeri pentru colabor\u0103ri viitoare cu AUR dup\u0103 momentul mo\u021biunii de cenzur\u0103 \u0219i a salutat declara\u021bia pre\u0219edintelui Nicu\u0219or Dan care a transmis c\u0103, dac\u0103 se va ajunge la el cu propunerea ca AUR s\u0103 sus\u021bin\u0103 un Guvern, nu va fi de acord.<\/p>\n<\/div>\n<\/div>\n<div class=\"inhype-social-share-fixed sidebar-position-right\">\n<div class=\"post-social-wrapper\">\n<div class=\"post-social-title\"><span class=\"post-social-title-text\">Share<\/span><\/div>\n<\/div>\n<\/div>\n<\/div>\n<p>[analyse_source url=&#8221;https:\/\/ziardesuceava.ro\/justificarile-firave-ale-lui-sorin-grindeanu-privind-alianta-psd-cu-aur-exista-un-scop-comun\/&#8221;]<\/p>\n","protected":false},"excerpt":{"rendered":"<p>[analyse_image type=&#8221;featured&#8221; src=&#8221;https:\/\/ziardesuceava.ro\/wp-content\/uploads\/2026\/04\/78455-1024&#215;683.jpg&#8221;] Pre\u0219edintele PSD, Sorin Grindeanu, a anun\u021bat luni c\u0103 forul de conducere al partidului a decis \u00een unanimitate ca parlamentarii social-demcora\u021bi s\u0103 semneze \u0219i s\u0103 voteze o mo\u021biune de cenzur\u0103 \u00eempotriva Guvernului al\u0103turi de AIR. \u201cDeciza politic\u0103 a BPN al PSD a fost \u00een unanimitate ca deputa\u021bii \u0219i senatorii s\u0103 semneze \u0219i s\u0103 [&hellip;]<\/p>\n","protected":false},"author":1,"featured_media":0,"comment_status":"open","ping_status":"","sticky":false,"template":"","format":"standard","meta":{"footnotes":""},"categories":[89],"tags":[226,171],"class_list":["post-1908231","post","type-post","status-publish","format-standard","hentry","category-romania","tag-crawlmanager","tag-ziardesuceava-ro"],"_links":{"self":[{"href":"https:\/\/analyse.optim.biz\/index.php?rest_route=\/wp\/v2\/posts\/1908231","targetHints":{"allow":["GET"]}}],"collection":[{"href":"https:\/\/analyse.optim.biz\/index.php?rest_route=\/wp\/v2\/posts"}],"about":[{"href":"https:\/\/analyse.optim.biz\/index.php?rest_route=\/wp\/v2\/types\/post"}],"author":[{"embeddable":true,"href":"https:\/\/analyse.optim.biz\/index.php?rest_route=\/wp\/v2\/users\/1"}],"replies":[{"embeddable":true,"href":"https:\/\/analyse.optim.biz\/index.php?rest_route=%2Fwp%2Fv2%2Fcomments&post=1908231"}],"version-history":[{"count":0,"href":"https:\/\/analyse.optim.biz\/index.php?rest_route=\/wp\/v2\/posts\/1908231\/revisions"}],"wp:attachment":[{"href":"https:\/\/analyse.optim.biz\/index.php?rest_route=%2Fwp%2Fv2%2Fmedia&parent=1908231"}],"wp:term":[{"taxonomy":"category","embeddable":true,"href":"https:\/\/analyse.optim.biz\/index.php?rest_route=%2Fwp%2Fv2%2Fcategories&post=1908231"},{"taxonomy":"post_tag","embeddable":true,"href":"https:\/\/analyse.optim.biz\/index.php?rest_route=%2Fwp%2Fv2%2Ftags&post=1908231"}],"curies":[{"name":"wp","href":"https:\/\/api.w.org\/{rel}","templated":true}]}}