{"id":1908229,"date":"2026-04-28T17:28:17","date_gmt":"2026-04-28T14:28:17","guid":{"rendered":"https:\/\/analyse.optim.biz\/?p=1908229"},"modified":"2026-04-28T17:28:17","modified_gmt":"2026-04-28T14:28:17","slug":"nicusor-dan-spune-ca-trebuie-sa-avem-incredere-cand-grindeanu-spune-ca-nu-va-face-coalitie-cu-aur","status":"publish","type":"post","link":"https:\/\/analyse.optim.biz\/?p=1908229","title":{"rendered":"Nicu\u0219or Dan spune c\u0103 trebuie s\u0103 avem \u00eencredere c\u00e2nd Grindeanu spune c\u0103 nu va face Coali\u021bie cu AUR"},"content":{"rendered":"<p>[analyse_image type=&#8221;featured&#8221; src=&#8221;https:\/\/ziardesuceava.ro\/wp-content\/uploads\/2026\/04\/78471-1024&#215;683.jpg&#8221;]<\/p>\n<div class=\"post-content clearfix\">\n<div class=\"blog-post-thumb\"><img loading=\"lazy\" decoding=\"async\" width=\"1140\" height=\"694\" src=\"https:\/\/ziardesuceava.ro\/wp-content\/uploads\/2026\/04\/78471-1140x694.jpg\" class=\"attachment-inhype-blog-thumb size-inhype-blog-thumb wp-post-image\" alt><\/div>\n<div class=\"entry-content\">\n<p>Pre\u0219edintele Nicu\u0219or Dan a evitat din nou mar\u021bi, din Croa\u021bia, s\u0103 critice PSD pentru c\u0103 s-a aliat cu AUR pentru a depune mo\u021biunea de cenzur\u0103 \u00eempotriva Guvernului, afirm\u00e2nd c\u0103, dac\u0103 Sorin Grindeanu a spus ceva, trebuie crezut.<\/p>\n<div>\n<p>\u201cAzi s-au \u00eent\u00e2mplat dou\u0103 lucruri. S-a depus o mo\u021biune de cenzur\u0103 \u0219i \u00een Parlamentul<br \/>\nRom\u00e2niei s-au votat 9 miliarde de euro pentru SAFE (raport comun pe proiectul de lege \u00een Comisiile reunite de ap\u0103rare \u2013 n.r.). Pe de o parte avem o mo\u021biune de cenzur\u0103,<br \/>\nera unul din scenariile la care ne a\u0219teptam, \u00een urma tensiunilor care au crescut \u0219i au crescut.\u00a0Pe de alt\u0103 parte trebuie s\u0103 salut\u0103m direc\u021bia pro-european\u0103, responsabilitatea celor care au votat<br \/>\npentru un proiect a\u0219a de important pentru Rom\u00e2nia, ca el s\u0103 treac\u0103 \u0219i s\u0103 intre \u00een procedura de<br \/>\ncontractare la Ministerul Ap\u0103r\u0103rii. Desigur, l-am exercitat alalt\u0103ieri. Faptul c\u0103<br \/>\nam avut votul de azi se datoreaz\u0103 \u0219i acelei discu\u021bii pe care noi am avut-o alalt\u0103ieri (luni, c\u00e2nd liderii partidelor pro-europene au fost chema\u021bi la Cotroceni s\u0103 discute despre proiectele SAFE \u0219i PNRR \u2013 n.r)\u201d, a spus pre\u0219edintele.<\/p>\n<p>\u00centrebat dac\u0103 acum, c\u0103 mo\u021biunea de cenzur\u0103 este deja depus\u0103, poate spune dac\u0103 \u00eel sus\u021bine sau nu pe Ilie Bolojan, Nicu\u0219or Dan a replicat: \u201d\u00a0E o persoan\u0103 pe care o respect, o persoan\u0103 foarte serioas\u0103. \u00cens\u0103, ce am constatat cu<br \/>\nto\u021bii de mai mult timp este c\u0103 avem un split (ruptur\u0103 \u2013 trad. eng) \u00eentre dou\u0103 jum\u0103t\u0103\u021bi ale direc\u021biei pro-europeane. \u0218i fa\u021b\u0103<br \/>\nde aceast\u0103 chestiune care s-a transpus \u00eentr-un act administrativ mo\u021biune de cenzur\u0103, \u00eemi p\u0103strez<br \/>\nechidistan\u021b\u0103\u201d.<\/p>\n<p>\u00centrebat \u0219i din discu\u021biile lui cu liderii politici \u0219i c\u00e2t de probabil este ca PSD \u0219i AUR s\u0103 formeze un Guvern \u00eempreun\u0103, pre\u0219edintele a spus c\u0103 \u201cextrem de improbabil\u201d.<\/p>\n<p>\u201cExtrem de improbabil, cum au \u0219i declarat pre\u0219edintele<br \/>\nPSD-ului. Adic\u0103 sunt ni\u0219te oameni care sunt \u00een func\u021bia de lideri de partid, vorbesc \u00een numele a<br \/>\nzeci de mii de oameni, \u0219i c\u00e2nd ei spun ceva, trebuie s\u0103-i lu\u0103m \u00een serios\u201d, consider\u0103 \u0219eful statului.<\/p>\n<p>Tot\u00a0este \u201cextrem de pu\u021bin probabil\u201d este \u0219i scenariul alegerilor anticipate, dorit cu ardoare de AUR.<\/p>\n<p>\u201cAm avut crize<br \/>\npolitice similare.\u00a0Niciuna din acele crize nu s-a terminat cu alegere anticipate. E un scenariu, teoretic, \u00eel avem a\u0219a,<br \/>\ndar nu trebuie s\u0103-l lu\u0103m prea mult \u00een considerare\u201d, a continuat Dan.<\/p>\n<p>Despre faptul c\u0103 este jignit des de liderul extremist George Simion, care acum colaboreaz\u0103 cu PSD, \u00een aceste condi\u021bii mai poate avea \u00eencredere \u00een PSD, Nicu\u0219or Dan a replicat c\u0103: \u201cNoi vorbim<br \/>\naici de rela\u021bii institu\u021bionale, nu de rela\u021bii personale. Institu\u021bional e o evaluare pe care o fac. Au<br \/>\nf\u0103cut un lucru bun pe care l-au f\u0103cut, c\u0103 au votat azi programul SAFE\u201d.<\/p>\n<p>De asemenea, Nicu\u0219or Dan a fost chestionat \u0219i cu privire la cum se va asigura c\u0103 nu va fi deviat\u0103 Rom\u00e2nia de pe traiectoria sa european\u0103 la finalul acestei crize<br \/>\npolitice.<\/p>\n<p>\u201c\u00cen primul<br \/>\nr\u00e2nd avem declara\u021bia partidelor. Nici unul dintre partidele pro-europene nu spune c\u0103 vrea s\u0103 fac\u0103<br \/>\nun Guvern cu for\u021be anti-occidentale, AUR. Asta este un lucru.<br \/>\n\u0218i apoi, \u00een acel scenariu \u00een care eu voi avea de numit un prim-ministru, \u00een acel scenariu, repet, m\u0103 voi asigura c\u0103 lucrul \u0103sta nu se \u00eent\u00e2mpl\u0103 (s\u0103 fie de la AUR sau sus\u021binut de AUR \u2013 n.r.)\u201d, a conchis Nicu\u0219or Dan.<\/p>\n<\/div>\n<\/div>\n<div class=\"inhype-social-share-fixed sidebar-position-right\">\n<div class=\"post-social-wrapper\">\n<div class=\"post-social-title\"><span class=\"post-social-title-text\">Share<\/span><\/div>\n<\/div>\n<\/div>\n<\/div>\n<p>[analyse_source url=&#8221;https:\/\/ziardesuceava.ro\/nicusor-dan-spune-ca-trebuie-sa-avem-incredere-cand-grindeanu-spune-ca-nu-va-face-coalitie-cu-aur\/&#8221;]<\/p>\n","protected":false},"excerpt":{"rendered":"<p>[analyse_image type=&#8221;featured&#8221; src=&#8221;https:\/\/ziardesuceava.ro\/wp-content\/uploads\/2026\/04\/78471-1024&#215;683.jpg&#8221;] Pre\u0219edintele Nicu\u0219or Dan a evitat din nou mar\u021bi, din Croa\u021bia, s\u0103 critice PSD pentru c\u0103 s-a aliat cu AUR pentru a depune mo\u021biunea de cenzur\u0103 \u00eempotriva Guvernului, afirm\u00e2nd c\u0103, dac\u0103 Sorin Grindeanu a spus ceva, trebuie crezut. \u201cAzi s-au \u00eent\u00e2mplat dou\u0103 lucruri. S-a depus o mo\u021biune de cenzur\u0103 \u0219i \u00een Parlamentul Rom\u00e2niei [&hellip;]<\/p>\n","protected":false},"author":1,"featured_media":0,"comment_status":"open","ping_status":"","sticky":false,"template":"","format":"standard","meta":{"footnotes":""},"categories":[89],"tags":[226,171],"class_list":["post-1908229","post","type-post","status-publish","format-standard","hentry","category-romania","tag-crawlmanager","tag-ziardesuceava-ro"],"_links":{"self":[{"href":"https:\/\/analyse.optim.biz\/index.php?rest_route=\/wp\/v2\/posts\/1908229","targetHints":{"allow":["GET"]}}],"collection":[{"href":"https:\/\/analyse.optim.biz\/index.php?rest_route=\/wp\/v2\/posts"}],"about":[{"href":"https:\/\/analyse.optim.biz\/index.php?rest_route=\/wp\/v2\/types\/post"}],"author":[{"embeddable":true,"href":"https:\/\/analyse.optim.biz\/index.php?rest_route=\/wp\/v2\/users\/1"}],"replies":[{"embeddable":true,"href":"https:\/\/analyse.optim.biz\/index.php?rest_route=%2Fwp%2Fv2%2Fcomments&post=1908229"}],"version-history":[{"count":0,"href":"https:\/\/analyse.optim.biz\/index.php?rest_route=\/wp\/v2\/posts\/1908229\/revisions"}],"wp:attachment":[{"href":"https:\/\/analyse.optim.biz\/index.php?rest_route=%2Fwp%2Fv2%2Fmedia&parent=1908229"}],"wp:term":[{"taxonomy":"category","embeddable":true,"href":"https:\/\/analyse.optim.biz\/index.php?rest_route=%2Fwp%2Fv2%2Fcategories&post=1908229"},{"taxonomy":"post_tag","embeddable":true,"href":"https:\/\/analyse.optim.biz\/index.php?rest_route=%2Fwp%2Fv2%2Ftags&post=1908229"}],"curies":[{"name":"wp","href":"https:\/\/api.w.org\/{rel}","templated":true}]}}