{"id":1908224,"date":"2026-04-28T07:35:23","date_gmt":"2026-04-28T04:35:23","guid":{"rendered":"https:\/\/analyse.optim.biz\/?p=1908224"},"modified":"2026-04-28T07:35:23","modified_gmt":"2026-04-28T04:35:23","slug":"accidentul-grav-de-la-vatra-dornei-provocat-de-sofer-sub-influenta-alcoolului-care-a-intrat-cu-masina-frontal-intr-un-camion","status":"publish","type":"post","link":"https:\/\/analyse.optim.biz\/?p=1908224","title":{"rendered":"Accidentul grav de la Vatra Dornei provocat de \u0219ofer sub influen\u021ba alcoolului care a intrat cu ma\u0219ina frontal \u00eentr-un camion"},"content":{"rendered":"<p>[analyse_image type=&#8221;featured&#8221; src=&#8221;https:\/\/www.newsbucovina.ro\/wp-content\/uploads\/2026\/04\/WhatsApp-Image-2026-04-28-at-07.32.282-1.jpeghttps:\/\/cdn.newsbucovina.ro\/wp-content\/uploads\/2026\/04\/WhatsApp-Image-2026-04-28-at-07.32.282-1.jpeg&#8221;]<\/p>\n<div class=\"td-post-content tagdiv-type\">\n<div class=\"td-a-rec td-a-rec-id-content_top  tdi_3 td_block_template_1\"><strong>Intr\u0103 acum \u0219i \u00een grupul de <\/p>\n<div class=\"wp-block-button\"><a class=\"wp-block-button__link wp-element-button\" href=\"https:\/\/t.me\/+TH8wcfnp8fw5NWI0\">Telegram News Bucovina<\/a><\/div>\n<p><\/strong><\/div>\n<p>Un accident rutier grav s-a produs \u00een noaptea de luni spre mar\u021bi, <strong>28 aprilie 2026<\/strong>, \u00een jurul orei 03:37, pe strada Ro\u0219u din municipiul Vatra Dornei.<\/p>\n<figure class=\"wp-block-image size-large\"><a href=\"https:\/\/cdn.newsbucovina.ro\/wp-content\/uploads\/2026\/04\/WhatsApp-Image-2026-04-28-at-07.32.282-1.jpeg\"><img loading=\"lazy\" decoding=\"async\" width=\"1024\" height=\"576\" src=\"https:\/\/cdn.newsbucovina.ro\/wp-content\/uploads\/2026\/04\/WhatsApp-Image-2026-04-28-at-07.32.282-1-1024x576.jpeg\" alt class=\"wp-image-437231\"><\/a><\/figure>\n<p>Un t\u00e2n\u0103r de 24 de ani, din comuna Poiana Stampei, care conducea un autoturism marca Volkswagen Jetta, a pierdut controlul direc\u021biei de mers \u0219i a p\u0103truns pe sensul opus de circula\u021bie, intr\u00e2nd \u00een coliziune frontal\u0103 cu un autocamion marca Renault condus de un cet\u0103\u021bean polonez de 41 de ani.<\/p>\n<p>\u00cen autoturism se aflau, pe l\u00e2ng\u0103 \u0219ofer, al\u021bi doi tineri de 20 de ani, tot din Poiana Stampei. To\u021bi trei au fost transporta\u021bi la spital.<\/p>\n<p>Potrivit primelor date medicale:<\/p>\n<ul class=\"wp-block-list\">\n<li>Conduc\u0103torul auto a suferit un traumatism u\u0219or \u0219i se afla sub influen\u021ba alcoolului (0,64 mg\/l \u00een aerul expirat). A r\u0103mas internat la Spitalul Municipal Vatra Dornei pentru evalu\u0103ri suplimentare.<\/li>\n<li>Un pasager (locul din dreapta fa\u021b\u0103) a fost grav r\u0103nit \u2013 politraumatism \u2013 \u0219i a fost transferat de urgen\u021b\u0103 la Spitalul Jude\u021bean de Urgen\u021b\u0103 Suceava.<\/li>\n<li>Cel de-al treilea ocupant (pasager spate) a suferit traumatisme u\u0219oare la m\u00e2n\u0103 \u0219i a fost transportat la spital.<\/li>\n<\/ul>\n<p>Poli\u021bi\u0219tii din cadrul Compartimentului Rutier Vatra Dornei au deschis dosar penal pentru s\u0103v\u00e2r\u0219irea infrac\u021biunilor de <strong>v\u0103t\u0103mare corporal\u0103 din culp\u0103<\/strong> \u0219i <strong>conducere a unui autovehicul sub influen\u021ba alcoolului<\/strong>.<\/p>\n<figure class=\"wp-block-embed is-type-video is-provider-youtube wp-block-embed-youtube wp-embed-aspect-16-9 wp-has-aspect-ratio\">\n<div class=\"wp-block-embed__wrapper\">\n<div class=\"youtube-embed\" data-video_id=\"kVlZBegLWgA\"><iframe loading=\"lazy\" title=\"De la Suceava la Dorna te \u00ceneci sub tone de pamper\u0219i \u0219i fecale!! E JALE pe European!!\" width=\"696\" height=\"392\" src=\"https:\/\/www.youtube.com\/embed\/kVlZBegLWgA?start=2&amp;feature=oembed\" frameborder allow=\"accelerometer; autoplay; clipboard-write; encrypted-media; gyroscope; picture-in-picture; web-share\" referrerpolicy=\"strict-origin-when-cross-origin\" allowfullscreen><\/iframe><\/div>\n<\/div>\n<\/figure>\n<div class=\"td-a-rec td-a-rec-id-content_bottom  tdi_4 td_block_template_1\"><strong>Intr\u0103 acum \u0219i \u00een grupul de <\/p>\n<div class=\"wp-block-button\"><a class=\"wp-block-button__link wp-element-button\" href=\"https:\/\/t.me\/+TH8wcfnp8fw5NWI0\">Telegram News Bucovina<\/a><\/div>\n<p><\/strong><\/div>\n<\/div>\n<div class=\"td-post-content tagdiv-type\">\n<div class=\"td-a-rec td-a-rec-id-content_top  tdi_3 td_block_template_1\"><strong>Intr\u0103 acum \u0219i \u00een grupul de <\/p>\n<div class=\"wp-block-button\"><a class=\"wp-block-button__link wp-element-button\" href=\"https:\/\/t.me\/+TH8wcfnp8fw5NWI0\">Telegram News Bucovina<\/a><\/div>\n<p><\/strong><\/div>\n<p>Un accident rutier grav s-a produs \u00een noaptea de luni spre mar\u021bi, <strong>28 aprilie 2026<\/strong>, \u00een jurul orei 03:37, pe strada Ro\u0219u din municipiul Vatra Dornei.<\/p>\n<figure class=\"wp-block-image size-large\"><a href=\"https:\/\/cdn.newsbucovina.ro\/wp-content\/uploads\/2026\/04\/WhatsApp-Image-2026-04-28-at-07.32.282-1.jpeg\"><img loading=\"lazy\" decoding=\"async\" width=\"1024\" height=\"576\" src=\"https:\/\/cdn.newsbucovina.ro\/wp-content\/uploads\/2026\/04\/WhatsApp-Image-2026-04-28-at-07.32.282-1-1024x576.jpeg\" alt class=\"wp-image-437231\"><\/a><\/figure>\n<p>Un t\u00e2n\u0103r de 24 de ani, din comuna Poiana Stampei, care conducea un autoturism marca Volkswagen Jetta, a pierdut controlul direc\u021biei de mers \u0219i a p\u0103truns pe sensul opus de circula\u021bie, intr\u00e2nd \u00een coliziune frontal\u0103 cu un autocamion marca Renault condus de un cet\u0103\u021bean polonez de 41 de ani.<\/p>\n<p>\u00cen autoturism se aflau, pe l\u00e2ng\u0103 \u0219ofer, al\u021bi doi tineri de 20 de ani, tot din Poiana Stampei. To\u021bi trei au fost transporta\u021bi la spital.<\/p>\n<p>Potrivit primelor date medicale:<\/p>\n<ul class=\"wp-block-list\">\n<li>Conduc\u0103torul auto a suferit un traumatism u\u0219or \u0219i se afla sub influen\u021ba alcoolului (0,64 mg\/l \u00een aerul expirat). A r\u0103mas internat la Spitalul Municipal Vatra Dornei pentru evalu\u0103ri suplimentare.<\/li>\n<li>Un pasager (locul din dreapta fa\u021b\u0103) a fost grav r\u0103nit \u2013 politraumatism \u2013 \u0219i a fost transferat de urgen\u021b\u0103 la Spitalul Jude\u021bean de Urgen\u021b\u0103 Suceava.<\/li>\n<li>Cel de-al treilea ocupant (pasager spate) a suferit traumatisme u\u0219oare la m\u00e2n\u0103 \u0219i a fost transportat la spital.<\/li>\n<\/ul>\n<p>Poli\u021bi\u0219tii din cadrul Compartimentului Rutier Vatra Dornei au deschis dosar penal pentru s\u0103v\u00e2r\u0219irea infrac\u021biunilor de <strong>v\u0103t\u0103mare corporal\u0103 din culp\u0103<\/strong> \u0219i <strong>conducere a unui autovehicul sub influen\u021ba alcoolului<\/strong>.<\/p>\n<figure class=\"wp-block-embed is-type-video is-provider-youtube wp-block-embed-youtube wp-embed-aspect-16-9 wp-has-aspect-ratio\">\n<div class=\"wp-block-embed__wrapper\">\n<div class=\"youtube-embed\" data-video_id=\"kVlZBegLWgA\"><iframe loading=\"lazy\" title=\"De la Suceava la Dorna te \u00ceneci sub tone de pamper\u0219i \u0219i fecale!! E JALE pe European!!\" width=\"696\" height=\"392\" src=\"https:\/\/www.youtube.com\/embed\/kVlZBegLWgA?start=2&amp;feature=oembed\" frameborder allow=\"accelerometer; autoplay; clipboard-write; encrypted-media; gyroscope; picture-in-picture; web-share\" referrerpolicy=\"strict-origin-when-cross-origin\" allowfullscreen><\/iframe><\/div>\n<\/div>\n<\/figure>\n<div class=\"td-a-rec td-a-rec-id-content_bottom  tdi_4 td_block_template_1\"><strong>Intr\u0103 acum \u0219i \u00een grupul de <\/p>\n<div class=\"wp-block-button\"><a class=\"wp-block-button__link wp-element-button\" href=\"https:\/\/t.me\/+TH8wcfnp8fw5NWI0\">Telegram News Bucovina<\/a><\/div>\n<p><\/strong><\/div>\n<\/div>\n<p>[analyse_source url=&#8221;https:\/\/www.newsbucovina.ro\/social\/437230\/accidentul-grav-de-la-vatra-dornei-provocat-de-sofer-sub-influenta-alcoolului-care-a-intrat-cu-masina-frontal-intr-un-camion&#8221;]<\/p>\n","protected":false},"excerpt":{"rendered":"<p>[analyse_image type=&#8221;featured&#8221; src=&#8221;https:\/\/www.newsbucovina.ro\/wp-content\/uploads\/2026\/04\/WhatsApp-Image-2026-04-28-at-07.32.282-1.jpeghttps:\/\/cdn.newsbucovina.ro\/wp-content\/uploads\/2026\/04\/WhatsApp-Image-2026-04-28-at-07.32.282-1.jpeg&#8221;] Intr\u0103 acum \u0219i \u00een grupul de Telegram News Bucovina Un accident rutier grav s-a produs \u00een noaptea de luni spre mar\u021bi, 28 aprilie 2026, \u00een jurul orei 03:37, pe strada Ro\u0219u din municipiul Vatra Dornei. Un t\u00e2n\u0103r de 24 de ani, din comuna Poiana Stampei, care conducea un autoturism marca Volkswagen Jetta, [&hellip;]<\/p>\n","protected":false},"author":1,"featured_media":0,"comment_status":"open","ping_status":"","sticky":false,"template":"","format":"standard","meta":{"footnotes":""},"categories":[89],"tags":[226,165],"class_list":["post-1908224","post","type-post","status-publish","format-standard","hentry","category-romania","tag-crawlmanager","tag-newsbucovina-ro"],"_links":{"self":[{"href":"https:\/\/analyse.optim.biz\/index.php?rest_route=\/wp\/v2\/posts\/1908224","targetHints":{"allow":["GET"]}}],"collection":[{"href":"https:\/\/analyse.optim.biz\/index.php?rest_route=\/wp\/v2\/posts"}],"about":[{"href":"https:\/\/analyse.optim.biz\/index.php?rest_route=\/wp\/v2\/types\/post"}],"author":[{"embeddable":true,"href":"https:\/\/analyse.optim.biz\/index.php?rest_route=\/wp\/v2\/users\/1"}],"replies":[{"embeddable":true,"href":"https:\/\/analyse.optim.biz\/index.php?rest_route=%2Fwp%2Fv2%2Fcomments&post=1908224"}],"version-history":[{"count":0,"href":"https:\/\/analyse.optim.biz\/index.php?rest_route=\/wp\/v2\/posts\/1908224\/revisions"}],"wp:attachment":[{"href":"https:\/\/analyse.optim.biz\/index.php?rest_route=%2Fwp%2Fv2%2Fmedia&parent=1908224"}],"wp:term":[{"taxonomy":"category","embeddable":true,"href":"https:\/\/analyse.optim.biz\/index.php?rest_route=%2Fwp%2Fv2%2Fcategories&post=1908224"},{"taxonomy":"post_tag","embeddable":true,"href":"https:\/\/analyse.optim.biz\/index.php?rest_route=%2Fwp%2Fv2%2Ftags&post=1908224"}],"curies":[{"name":"wp","href":"https:\/\/api.w.org\/{rel}","templated":true}]}}