{"id":1908223,"date":"2026-04-27T12:55:30","date_gmt":"2026-04-27T09:55:30","guid":{"rendered":"https:\/\/analyse.optim.biz\/?p=1908223"},"modified":"2026-04-27T12:55:30","modified_gmt":"2026-04-27T09:55:30","slug":"accident-pe-calea-unirii-un-tanar-de-21-de-ani-a-pierdu-controlul-masinii-si-a-lovit-un-stalp-de-iluminat-public","status":"publish","type":"post","link":"https:\/\/analyse.optim.biz\/?p=1908223","title":{"rendered":"Accident pe Calea Unirii: un t\u00e2n\u0103r de 21 de ani a pierdu controlul ma\u0219inii \u0219i a lovit un st\u00e2lp de iluminat public"},"content":{"rendered":"<p>[analyse_image type=&#8221;featured&#8221; src=&#8221;https:\/\/www.newsbucovina.ro\/wp-content\/uploads\/2026\/04\/679618085_1567855828673560_877369033564210439_n.jpghttps:\/\/cdn.newsbucovina.ro\/wp-content\/uploads\/2026\/04\/679618085_1567855828673560_877369033564210439_n.jpg&#8221;]<\/p>\n<div class=\"td-post-content tagdiv-type\">\n<div class=\"td-a-rec td-a-rec-id-content_top  tdi_3 td_block_template_1\"><strong>Intr\u0103 acum \u0219i \u00een grupul de <\/p>\n<div class=\"wp-block-button\"><a class=\"wp-block-button__link wp-element-button\" href=\"https:\/\/t.me\/+TH8wcfnp8fw5NWI0\">Telegram News Bucovina<\/a><\/div>\n<p><\/strong><\/div>\n<p>Un accident rutier soldat cu pagube materiale s-a produs duminic\u0103 sear\u0103, 26 aprilie 2026, pe strada Calea Unirii din municipiul Suceava.<\/p>\n<figure class=\"wp-block-image size-large\"><a href=\"https:\/\/cdn.newsbucovina.ro\/wp-content\/uploads\/2026\/04\/679618085_1567855828673560_877369033564210439_n.jpg\"><img loading=\"lazy\" decoding=\"async\" width=\"1024\" height=\"576\" src=\"https:\/\/cdn.newsbucovina.ro\/wp-content\/uploads\/2026\/04\/679618085_1567855828673560_877369033564210439_n-1024x576.jpg\" alt class=\"wp-image-437182\"><\/a><\/figure>\n<p>\u00cen jurul orei 20:55, un conduc\u0103tor auto de 21 de ani, din comuna Ipote\u0219ti, care se deplasa cu un autoturism Opel Astra \u00een direc\u021bia Centru \u2013 Burdujeni, a pierdut controlul direc\u021biei de mers pe sectorul dintre intersec\u021bia cu strada Cern\u0103u\u021bi \u0219i intersec\u021bia cu strada Solidarit\u0103\u021bii.<\/p>\n<p>\u00a0Acesta a intrat \u00een coliziune frontal\u0103 cu un st\u00e2lp al re\u021belei de iluminat public.<\/p>\n<p>\u00cen urma impactului, autoturismul a fost avariat, iar st\u00e2lpul a fost distrus. La fa\u021ba locului au intervenit pompierii din cadrul ISU \u201eBucovina\u201d Suceava, iar reprezentan\u021bii Municipiului Suceava \u0219i ai distribuitorului de energie electric\u0103 au fost anun\u021ba\u021bi pentru remedierea situa\u021biei.<\/p>\n<p>Conduc\u0103torul auto a fost testat cu aparatul etilometru, rezultatul fiind negativ.<\/p>\n<p>Poli\u021bi\u0219tii rutieri l-au sanc\u021bionat pe \u0219ofer conform prevederilor OUG 195\/2002 privind circula\u021bia pe drumurile publice.<\/p>\n<figure class=\"wp-block-embed is-type-video is-provider-youtube wp-block-embed-youtube wp-embed-aspect-16-9 wp-has-aspect-ratio\">\n<div class=\"wp-block-embed__wrapper\">\n<div class=\"youtube-embed\" data-video_id=\"kVlZBegLWgA\"><iframe loading=\"lazy\" title=\"Dac\u0103 te TRECE...te \u00eeneci!! Bucovina instagramabil\u0103 e doar \u00een mintea lor! E JALE pe European!!\" width=\"696\" height=\"392\" src=\"https:\/\/www.youtube.com\/embed\/kVlZBegLWgA?feature=oembed&amp;enablejsapi=1\" frameborder allow=\"accelerometer; autoplay; clipboard-write; encrypted-media; gyroscope; picture-in-picture; web-share\" referrerpolicy=\"strict-origin-when-cross-origin\" allowfullscreen><\/iframe><\/div>\n<\/div>\n<\/figure>\n<div class=\"td-a-rec td-a-rec-id-content_bottom  tdi_4 td_block_template_1\"><strong>Intr\u0103 acum \u0219i \u00een grupul de <\/p>\n<div class=\"wp-block-button\"><a class=\"wp-block-button__link wp-element-button\" href=\"https:\/\/t.me\/+TH8wcfnp8fw5NWI0\">Telegram News Bucovina<\/a><\/div>\n<p><\/strong><\/div>\n<\/div>\n<div class=\"td-post-content tagdiv-type\">\n<div class=\"td-a-rec td-a-rec-id-content_top  tdi_3 td_block_template_1\"><strong>Intr\u0103 acum \u0219i \u00een grupul de <\/p>\n<div class=\"wp-block-button\"><a class=\"wp-block-button__link wp-element-button\" href=\"https:\/\/t.me\/+TH8wcfnp8fw5NWI0\">Telegram News Bucovina<\/a><\/div>\n<p><\/strong><\/div>\n<p>Un accident rutier soldat cu pagube materiale s-a produs duminic\u0103 sear\u0103, 26 aprilie 2026, pe strada Calea Unirii din municipiul Suceava.<\/p>\n<figure class=\"wp-block-image size-large\"><a href=\"https:\/\/cdn.newsbucovina.ro\/wp-content\/uploads\/2026\/04\/679618085_1567855828673560_877369033564210439_n.jpg\"><img loading=\"lazy\" decoding=\"async\" width=\"1024\" height=\"576\" src=\"https:\/\/cdn.newsbucovina.ro\/wp-content\/uploads\/2026\/04\/679618085_1567855828673560_877369033564210439_n-1024x576.jpg\" alt class=\"wp-image-437182\"><\/a><\/figure>\n<p>\u00cen jurul orei 20:55, un conduc\u0103tor auto de 21 de ani, din comuna Ipote\u0219ti, care se deplasa cu un autoturism Opel Astra \u00een direc\u021bia Centru \u2013 Burdujeni, a pierdut controlul direc\u021biei de mers pe sectorul dintre intersec\u021bia cu strada Cern\u0103u\u021bi \u0219i intersec\u021bia cu strada Solidarit\u0103\u021bii.<\/p>\n<p>\u00a0Acesta a intrat \u00een coliziune frontal\u0103 cu un st\u00e2lp al re\u021belei de iluminat public.<\/p>\n<p>\u00cen urma impactului, autoturismul a fost avariat, iar st\u00e2lpul a fost distrus. La fa\u021ba locului au intervenit pompierii din cadrul ISU \u201eBucovina\u201d Suceava, iar reprezentan\u021bii Municipiului Suceava \u0219i ai distribuitorului de energie electric\u0103 au fost anun\u021ba\u021bi pentru remedierea situa\u021biei.<\/p>\n<p>Conduc\u0103torul auto a fost testat cu aparatul etilometru, rezultatul fiind negativ.<\/p>\n<p>Poli\u021bi\u0219tii rutieri l-au sanc\u021bionat pe \u0219ofer conform prevederilor OUG 195\/2002 privind circula\u021bia pe drumurile publice.<\/p>\n<figure class=\"wp-block-embed is-type-video is-provider-youtube wp-block-embed-youtube wp-embed-aspect-16-9 wp-has-aspect-ratio\">\n<div class=\"wp-block-embed__wrapper\">\n<div class=\"youtube-embed\" data-video_id=\"kVlZBegLWgA\"><iframe loading=\"lazy\" title=\"Dac\u0103 te TRECE...te \u00eeneci!! Bucovina instagramabil\u0103 e doar \u00een mintea lor! E JALE pe European!!\" width=\"696\" height=\"392\" src=\"https:\/\/www.youtube.com\/embed\/kVlZBegLWgA?feature=oembed&amp;enablejsapi=1\" frameborder allow=\"accelerometer; autoplay; clipboard-write; encrypted-media; gyroscope; picture-in-picture; web-share\" referrerpolicy=\"strict-origin-when-cross-origin\" allowfullscreen><\/iframe><\/div>\n<\/div>\n<\/figure>\n<div class=\"td-a-rec td-a-rec-id-content_bottom  tdi_4 td_block_template_1\"><strong>Intr\u0103 acum \u0219i \u00een grupul de <\/p>\n<div class=\"wp-block-button\"><a class=\"wp-block-button__link wp-element-button\" href=\"https:\/\/t.me\/+TH8wcfnp8fw5NWI0\">Telegram News Bucovina<\/a><\/div>\n<p><\/strong><\/div>\n<\/div>\n<p>[analyse_source url=&#8221;https:\/\/www.newsbucovina.ro\/social\/437181\/accident-pe-calea-unirii-un-tanar-de-21-de-ani-a-pierdu-controlul-masinii-si-a-lovit-un-stalp-de-iluminat-public&#8221;]<\/p>\n","protected":false},"excerpt":{"rendered":"<p>[analyse_image type=&#8221;featured&#8221; src=&#8221;https:\/\/www.newsbucovina.ro\/wp-content\/uploads\/2026\/04\/679618085_1567855828673560_877369033564210439_n.jpghttps:\/\/cdn.newsbucovina.ro\/wp-content\/uploads\/2026\/04\/679618085_1567855828673560_877369033564210439_n.jpg&#8221;] Intr\u0103 acum \u0219i \u00een grupul de Telegram News Bucovina Un accident rutier soldat cu pagube materiale s-a produs duminic\u0103 sear\u0103, 26 aprilie 2026, pe strada Calea Unirii din municipiul Suceava. \u00cen jurul orei 20:55, un conduc\u0103tor auto de 21 de ani, din comuna Ipote\u0219ti, care se deplasa cu un autoturism Opel Astra [&hellip;]<\/p>\n","protected":false},"author":1,"featured_media":0,"comment_status":"open","ping_status":"","sticky":false,"template":"","format":"standard","meta":{"footnotes":""},"categories":[89],"tags":[226,165],"class_list":["post-1908223","post","type-post","status-publish","format-standard","hentry","category-romania","tag-crawlmanager","tag-newsbucovina-ro"],"_links":{"self":[{"href":"https:\/\/analyse.optim.biz\/index.php?rest_route=\/wp\/v2\/posts\/1908223","targetHints":{"allow":["GET"]}}],"collection":[{"href":"https:\/\/analyse.optim.biz\/index.php?rest_route=\/wp\/v2\/posts"}],"about":[{"href":"https:\/\/analyse.optim.biz\/index.php?rest_route=\/wp\/v2\/types\/post"}],"author":[{"embeddable":true,"href":"https:\/\/analyse.optim.biz\/index.php?rest_route=\/wp\/v2\/users\/1"}],"replies":[{"embeddable":true,"href":"https:\/\/analyse.optim.biz\/index.php?rest_route=%2Fwp%2Fv2%2Fcomments&post=1908223"}],"version-history":[{"count":0,"href":"https:\/\/analyse.optim.biz\/index.php?rest_route=\/wp\/v2\/posts\/1908223\/revisions"}],"wp:attachment":[{"href":"https:\/\/analyse.optim.biz\/index.php?rest_route=%2Fwp%2Fv2%2Fmedia&parent=1908223"}],"wp:term":[{"taxonomy":"category","embeddable":true,"href":"https:\/\/analyse.optim.biz\/index.php?rest_route=%2Fwp%2Fv2%2Fcategories&post=1908223"},{"taxonomy":"post_tag","embeddable":true,"href":"https:\/\/analyse.optim.biz\/index.php?rest_route=%2Fwp%2Fv2%2Ftags&post=1908223"}],"curies":[{"name":"wp","href":"https:\/\/api.w.org\/{rel}","templated":true}]}}