{"id":1908222,"date":"2026-04-27T12:50:29","date_gmt":"2026-04-27T09:50:29","guid":{"rendered":"https:\/\/analyse.optim.biz\/?p=1908222"},"modified":"2026-04-27T12:50:29","modified_gmt":"2026-04-27T09:50:29","slug":"tencuiala-cazuta-de-pe-bloc-si-tabla-de-acoperis-purtate-de-vant-au-avariat-masini-in-suceava-si-falticeni","status":"publish","type":"post","link":"https:\/\/analyse.optim.biz\/?p=1908222","title":{"rendered":"Tencuial\u0103 c\u0103zut\u0103 de pe bloc \u0219i tabl\u0103 de acoperi\u0219, purtate de v\u00e2nt, au avariat ma\u0219ini \u00een Suceava \u0219i F\u0103lticeni"},"content":{"rendered":"<p>[analyse_image type=&#8221;featured&#8221; src=&#8221;https:\/\/www.newsbucovina.ro\/wp-content\/uploads\/2026\/04\/IMG-20260426-WA0028.jpghttps:\/\/cdn.newsbucovina.ro\/wp-content\/uploads\/2026\/04\/IMG-20260426-WA0028.jpg&#8221;]<\/p>\n<div class=\"td-post-content tagdiv-type\">\n<div class=\"td-a-rec td-a-rec-id-content_top  tdi_3 td_block_template_1\"><strong>Intr\u0103 acum \u0219i \u00een grupul de <\/p>\n<div class=\"wp-block-button\"><a class=\"wp-block-button__link wp-element-button\" href=\"https:\/\/t.me\/+TH8wcfnp8fw5NWI0\">Telegram News Bucovina<\/a><\/div>\n<p><\/strong><\/div>\n<p>V\u00e2ntul puternic manifestat duminic\u0103, 26 aprilie 2026, a provocat dou\u0103 incidente separate \u00een jude\u021bul Suceava, \u00een care elemente desprinse de pe cl\u0103diri au avariat autoturisme parcate.<\/p>\n<figure class=\"wp-block-image size-large\"><a href=\"https:\/\/cdn.newsbucovina.ro\/wp-content\/uploads\/2026\/04\/IMG-20260426-WA0028.jpg\"><img loading=\"lazy\" decoding=\"async\" width=\"1024\" height=\"768\" src=\"https:\/\/cdn.newsbucovina.ro\/wp-content\/uploads\/2026\/04\/IMG-20260426-WA0028-1024x768.jpg\" alt class=\"wp-image-437107\"><\/a><\/figure>\n<p>Primul eveniment s-a produs \u00een jurul orei 11:49, pe strada Sl\u0103tioarei nr. 13 din municipiul Suceava. Tencuiala s-a desprins de pe peretele blocului C9 \u0219i a c\u0103zut peste trei autoturisme parcate regulamentar \u00een zon\u0103: un Suzuki, un Audi \u0219i un Volkswagen. Proprietarul unuia dintre vehicule a sesizat imediat Poli\u021bia. Ceilal\u021bi doi proprietari au fost contacta\u021bi telefonic \u0219i au fost \u00eendruma\u021bi s\u0103 se prezinte la sediul Poli\u021biei Municipiului Suceava pentru eliberarea autoriza\u021biilor de repara\u021bie. Persoanele v\u0103t\u0103mate au fost sf\u0103tuite s\u0103 se adreseze pe cale civil\u0103 pentru recuperarea prejudiciilor.<\/p>\n<p>Al doilea incident a avut loc \u00een jurul orei 16:15, pe strada Republicii din municipiul F\u0103lticeni. O coal\u0103 de tabl\u0103 cu dimensiunile de aproximativ 1,30 x 4 metri s-a desprins de pe acoperi\u0219ul blocului nr. 32, scara B, din dreptul apartamentului nr. 12, \u0219i a c\u0103zut \u00een spatele imobilului. Tabla a avariat prin zg\u00e2riere dou\u0103 autoturisme: o Dacia Logan \u0219i un Volkswagen. Ambii proprietari, care sunt locatari ai blocului, au declarat c\u0103 prejudiciile sunt minore \u0219i au ajuns la o \u00een\u021belegere amiabil\u0103 cu proprietarul apartamentului. Nu au fost \u00eenregistrate victime omene\u0219ti.<\/p>\n<p>La fa\u021ba locului s-a deplasat \u0219i un echipaj al ISU \u201eBucovina\u201d, care a asigurat zona.<\/p>\n<p>Cele dou\u0103 incidente au loc pe fondul avertiz\u0103rilor meteorologice de Cod Galben \u0219i Cod Portocaliu de v\u00e2nt puternic emise pentru 26 aprilie.<\/p>\n<figure class=\"wp-block-embed is-type-video is-provider-youtube wp-block-embed-youtube wp-embed-aspect-16-9 wp-has-aspect-ratio\">\n<div class=\"wp-block-embed__wrapper\">\n<div class=\"youtube-embed\" data-video_id=\"kVlZBegLWgA\"><iframe loading=\"lazy\" title=\"Dac\u0103 te TRECE...te \u00eeneci!! Bucovina instagramabil\u0103 e doar \u00een mintea lor! E JALE pe European!!\" width=\"696\" height=\"392\" src=\"https:\/\/www.youtube.com\/embed\/kVlZBegLWgA?feature=oembed&amp;enablejsapi=1\" frameborder allow=\"accelerometer; autoplay; clipboard-write; encrypted-media; gyroscope; picture-in-picture; web-share\" referrerpolicy=\"strict-origin-when-cross-origin\" allowfullscreen><\/iframe><\/div>\n<\/div>\n<\/figure>\n<div class=\"td-a-rec td-a-rec-id-content_bottom  tdi_4 td_block_template_1\"><strong>Intr\u0103 acum \u0219i \u00een grupul de <\/p>\n<div class=\"wp-block-button\"><a class=\"wp-block-button__link wp-element-button\" href=\"https:\/\/t.me\/+TH8wcfnp8fw5NWI0\">Telegram News Bucovina<\/a><\/div>\n<p><\/strong><\/div>\n<\/div>\n<div class=\"td-post-content tagdiv-type\">\n<div class=\"td-a-rec td-a-rec-id-content_top  tdi_3 td_block_template_1\"><strong>Intr\u0103 acum \u0219i \u00een grupul de <\/p>\n<div class=\"wp-block-button\"><a class=\"wp-block-button__link wp-element-button\" href=\"https:\/\/t.me\/+TH8wcfnp8fw5NWI0\">Telegram News Bucovina<\/a><\/div>\n<p><\/strong><\/div>\n<p>V\u00e2ntul puternic manifestat duminic\u0103, 26 aprilie 2026, a provocat dou\u0103 incidente separate \u00een jude\u021bul Suceava, \u00een care elemente desprinse de pe cl\u0103diri au avariat autoturisme parcate.<\/p>\n<figure class=\"wp-block-image size-large\"><a href=\"https:\/\/cdn.newsbucovina.ro\/wp-content\/uploads\/2026\/04\/IMG-20260426-WA0028.jpg\"><img loading=\"lazy\" decoding=\"async\" width=\"1024\" height=\"768\" src=\"https:\/\/cdn.newsbucovina.ro\/wp-content\/uploads\/2026\/04\/IMG-20260426-WA0028-1024x768.jpg\" alt class=\"wp-image-437107\"><\/a><\/figure>\n<p>Primul eveniment s-a produs \u00een jurul orei 11:49, pe strada Sl\u0103tioarei nr. 13 din municipiul Suceava. Tencuiala s-a desprins de pe peretele blocului C9 \u0219i a c\u0103zut peste trei autoturisme parcate regulamentar \u00een zon\u0103: un Suzuki, un Audi \u0219i un Volkswagen. Proprietarul unuia dintre vehicule a sesizat imediat Poli\u021bia. Ceilal\u021bi doi proprietari au fost contacta\u021bi telefonic \u0219i au fost \u00eendruma\u021bi s\u0103 se prezinte la sediul Poli\u021biei Municipiului Suceava pentru eliberarea autoriza\u021biilor de repara\u021bie. Persoanele v\u0103t\u0103mate au fost sf\u0103tuite s\u0103 se adreseze pe cale civil\u0103 pentru recuperarea prejudiciilor.<\/p>\n<p>Al doilea incident a avut loc \u00een jurul orei 16:15, pe strada Republicii din municipiul F\u0103lticeni. O coal\u0103 de tabl\u0103 cu dimensiunile de aproximativ 1,30 x 4 metri s-a desprins de pe acoperi\u0219ul blocului nr. 32, scara B, din dreptul apartamentului nr. 12, \u0219i a c\u0103zut \u00een spatele imobilului. Tabla a avariat prin zg\u00e2riere dou\u0103 autoturisme: o Dacia Logan \u0219i un Volkswagen. Ambii proprietari, care sunt locatari ai blocului, au declarat c\u0103 prejudiciile sunt minore \u0219i au ajuns la o \u00een\u021belegere amiabil\u0103 cu proprietarul apartamentului. Nu au fost \u00eenregistrate victime omene\u0219ti.<\/p>\n<p>La fa\u021ba locului s-a deplasat \u0219i un echipaj al ISU \u201eBucovina\u201d, care a asigurat zona.<\/p>\n<p>Cele dou\u0103 incidente au loc pe fondul avertiz\u0103rilor meteorologice de Cod Galben \u0219i Cod Portocaliu de v\u00e2nt puternic emise pentru 26 aprilie.<\/p>\n<figure class=\"wp-block-embed is-type-video is-provider-youtube wp-block-embed-youtube wp-embed-aspect-16-9 wp-has-aspect-ratio\">\n<div class=\"wp-block-embed__wrapper\">\n<div class=\"youtube-embed\" data-video_id=\"kVlZBegLWgA\"><iframe loading=\"lazy\" title=\"Dac\u0103 te TRECE...te \u00eeneci!! Bucovina instagramabil\u0103 e doar \u00een mintea lor! E JALE pe European!!\" width=\"696\" height=\"392\" src=\"https:\/\/www.youtube.com\/embed\/kVlZBegLWgA?feature=oembed&amp;enablejsapi=1\" frameborder allow=\"accelerometer; autoplay; clipboard-write; encrypted-media; gyroscope; picture-in-picture; web-share\" referrerpolicy=\"strict-origin-when-cross-origin\" allowfullscreen><\/iframe><\/div>\n<\/div>\n<\/figure>\n<div class=\"td-a-rec td-a-rec-id-content_bottom  tdi_4 td_block_template_1\"><strong>Intr\u0103 acum \u0219i \u00een grupul de <\/p>\n<div class=\"wp-block-button\"><a class=\"wp-block-button__link wp-element-button\" href=\"https:\/\/t.me\/+TH8wcfnp8fw5NWI0\">Telegram News Bucovina<\/a><\/div>\n<p><\/strong><\/div>\n<\/div>\n<p>[analyse_source url=&#8221;https:\/\/www.newsbucovina.ro\/social\/437179\/tencuiala-cazuta-de-pe-bloc-si-tabla-de-acoperis-purtate-de-vant-au-avariat-masini-in-suceava-si-falticeni&#8221;]<\/p>\n","protected":false},"excerpt":{"rendered":"<p>[analyse_image type=&#8221;featured&#8221; src=&#8221;https:\/\/www.newsbucovina.ro\/wp-content\/uploads\/2026\/04\/IMG-20260426-WA0028.jpghttps:\/\/cdn.newsbucovina.ro\/wp-content\/uploads\/2026\/04\/IMG-20260426-WA0028.jpg&#8221;] Intr\u0103 acum \u0219i \u00een grupul de Telegram News Bucovina V\u00e2ntul puternic manifestat duminic\u0103, 26 aprilie 2026, a provocat dou\u0103 incidente separate \u00een jude\u021bul Suceava, \u00een care elemente desprinse de pe cl\u0103diri au avariat autoturisme parcate. Primul eveniment s-a produs \u00een jurul orei 11:49, pe strada Sl\u0103tioarei nr. 13 din municipiul Suceava. Tencuiala [&hellip;]<\/p>\n","protected":false},"author":1,"featured_media":0,"comment_status":"open","ping_status":"","sticky":false,"template":"","format":"standard","meta":{"footnotes":""},"categories":[89],"tags":[226,165],"class_list":["post-1908222","post","type-post","status-publish","format-standard","hentry","category-romania","tag-crawlmanager","tag-newsbucovina-ro"],"_links":{"self":[{"href":"https:\/\/analyse.optim.biz\/index.php?rest_route=\/wp\/v2\/posts\/1908222","targetHints":{"allow":["GET"]}}],"collection":[{"href":"https:\/\/analyse.optim.biz\/index.php?rest_route=\/wp\/v2\/posts"}],"about":[{"href":"https:\/\/analyse.optim.biz\/index.php?rest_route=\/wp\/v2\/types\/post"}],"author":[{"embeddable":true,"href":"https:\/\/analyse.optim.biz\/index.php?rest_route=\/wp\/v2\/users\/1"}],"replies":[{"embeddable":true,"href":"https:\/\/analyse.optim.biz\/index.php?rest_route=%2Fwp%2Fv2%2Fcomments&post=1908222"}],"version-history":[{"count":0,"href":"https:\/\/analyse.optim.biz\/index.php?rest_route=\/wp\/v2\/posts\/1908222\/revisions"}],"wp:attachment":[{"href":"https:\/\/analyse.optim.biz\/index.php?rest_route=%2Fwp%2Fv2%2Fmedia&parent=1908222"}],"wp:term":[{"taxonomy":"category","embeddable":true,"href":"https:\/\/analyse.optim.biz\/index.php?rest_route=%2Fwp%2Fv2%2Fcategories&post=1908222"},{"taxonomy":"post_tag","embeddable":true,"href":"https:\/\/analyse.optim.biz\/index.php?rest_route=%2Fwp%2Fv2%2Ftags&post=1908222"}],"curies":[{"name":"wp","href":"https:\/\/api.w.org\/{rel}","templated":true}]}}