{"id":1908221,"date":"2026-04-28T07:32:46","date_gmt":"2026-04-28T04:32:46","guid":{"rendered":"https:\/\/analyse.optim.biz\/?p=1908221"},"modified":"2026-04-28T07:32:46","modified_gmt":"2026-04-28T04:32:46","slug":"barbat-evacuat-din-locuinta-dupa-ce-si-a-agresat-sotia-in-vatra-moldovitei","status":"publish","type":"post","link":"https:\/\/analyse.optim.biz\/?p=1908221","title":{"rendered":"B\u0103rbat evacuat din locuin\u021b\u0103 dup\u0103 ce \u0219i-a agresat so\u021bia \u00een Vatra Moldovi\u021bei"},"content":{"rendered":"<p>[analyse_image type=&#8221;featured&#8221; src=&#8221;https:\/\/www.newsbucovina.ro\/wp-content\/uploads\/2021\/01\/femeie-agresiune.jpeghttps:\/\/cdn.newsbucovina.ro\/wp-content\/uploads\/2021\/01\/femeie-agresiune.jpeg&#8221;]<\/p>\n<div class=\"td-post-content tagdiv-type\">\n<div class=\"td-a-rec td-a-rec-id-content_top  tdi_3 td_block_template_1\"><strong>Intr\u0103 acum \u0219i \u00een grupul de <\/p>\n<div class=\"wp-block-button\"><a class=\"wp-block-button__link wp-element-button\" href=\"https:\/\/t.me\/+TH8wcfnp8fw5NWI0\">Telegram News Bucovina<\/a><\/div>\n<p><\/strong><\/div>\n<p>Un b\u0103rbat din satul Paltinu, comuna Vatra Moldovi\u021bei, a fost evacuat din locuin\u021ba familiei dup\u0103 ce \u0219i-a agresat fizic so\u021bia \u0219i a amenin\u021bat-o cu acte de violen\u021b\u0103, pe fondul consumului de alcool.<\/p>\n<figure class=\"wp-block-image size-full\"><a href=\"https:\/\/cdn.newsbucovina.ro\/wp-content\/uploads\/2021\/01\/femeie-agresiune.jpeg\"><img loading=\"lazy\" decoding=\"async\" width=\"1024\" height=\"576\" src=\"https:\/\/cdn.newsbucovina.ro\/wp-content\/uploads\/2021\/01\/femeie-agresiune.jpeg.webp\" alt class=\"wp-image-308511\"><\/a><\/figure>\n<p>Incidentul s-a petrecut pe 23 aprilie 2026, la domiciliul familiei. Femeia a sesizat poli\u021bi\u0219tii abia pe 27 aprilie, prin pl\u00e2ngere depus\u0103 la Sec\u021bia 14 Poli\u021bie Rural\u0103 Vama.<\/p>\n<p>Potrivit cercet\u0103rilor, b\u0103rbatul a str\u00e2ns-o de g\u00e2t pe so\u021bia sa, a lovit-o cu palma \u00een zona capului, a urm\u0103rit-o \u0219i a \u00eencercat s\u0103 o loveasc\u0103 cu un lemn luat din curte. Comportamentul s\u0103u a creat victimei o stare de temere.<\/p>\n<p>Poli\u021bi\u0219tii au deschis dosar penal pentru s\u0103v\u00e2r\u0219irea infrac\u021biunilor de <strong>violen\u021b\u0103 \u00een familie<\/strong> \u0219i <strong>amenin\u021bare<\/strong>. Dup\u0103 evaluarea riscului (s-a constatat risc iminent), a fost emis un <strong>ordin de protec\u021bie provizoriu<\/strong> valabil p\u00e2n\u0103 la data de <strong>2 mai 2026<\/strong>.<\/p>\n<p>Prin acest ordin, agresorul a fost evacuat din imobilul familiei \u0219i i s-a interzis s\u0103 se apropie la o distan\u021b\u0103 mai mic\u0103 de <strong>100 de metri<\/strong> de so\u021bie \u0219i de locuin\u021b\u0103. M\u0103surile au fost comunicate at\u00e2t victimei, c\u00e2t \u0219i agresorului.<\/p>\n<p>Femeia a refuzat prezentarea la cabinetul medico-legal (nu prezenta urme vizibile de violen\u021b\u0103) \u0219i a refuzat, de asemenea, montarea unui sistem de supraveghere electronic\u0103 pentru agresor.<\/p>\n<p>Fiul cuplului a declarat c\u0103 \u00eentre p\u0103rin\u021bi au mai existat ne\u00een\u021belegeri \u0219i discu\u021bii \u00een contradictoriu.<\/p>\n<p>Cercet\u0103rile continu\u0103 la Postul de Poli\u021bie Vatra Moldovi\u021bei, sub supravegherea Parchetului competent.<\/p>\n<figure class=\"wp-block-embed is-type-video is-provider-youtube wp-block-embed-youtube wp-embed-aspect-16-9 wp-has-aspect-ratio\">\n<div class=\"wp-block-embed__wrapper\">\n<div class=\"youtube-embed\" data-video_id=\"kVlZBegLWgA\"><iframe loading=\"lazy\" title=\"De la Suceava la Dorna te \u00ceneci sub tone de pamper\u0219i \u0219i fecale!! E JALE pe European!!\" width=\"696\" height=\"392\" src=\"https:\/\/www.youtube.com\/embed\/kVlZBegLWgA?start=2&amp;feature=oembed\" frameborder allow=\"accelerometer; autoplay; clipboard-write; encrypted-media; gyroscope; picture-in-picture; web-share\" referrerpolicy=\"strict-origin-when-cross-origin\" allowfullscreen><\/iframe><\/div>\n<\/div>\n<\/figure>\n<div class=\"td-a-rec td-a-rec-id-content_bottom  tdi_4 td_block_template_1\"><strong>Intr\u0103 acum \u0219i \u00een grupul de <\/p>\n<div class=\"wp-block-button\"><a class=\"wp-block-button__link wp-element-button\" href=\"https:\/\/t.me\/+TH8wcfnp8fw5NWI0\">Telegram News Bucovina<\/a><\/div>\n<p><\/strong><\/div>\n<\/div>\n<div class=\"td-post-content tagdiv-type\">\n<div class=\"td-a-rec td-a-rec-id-content_top  tdi_3 td_block_template_1\"><strong>Intr\u0103 acum \u0219i \u00een grupul de <\/p>\n<div class=\"wp-block-button\"><a class=\"wp-block-button__link wp-element-button\" href=\"https:\/\/t.me\/+TH8wcfnp8fw5NWI0\">Telegram News Bucovina<\/a><\/div>\n<p><\/strong><\/div>\n<p>Un b\u0103rbat din satul Paltinu, comuna Vatra Moldovi\u021bei, a fost evacuat din locuin\u021ba familiei dup\u0103 ce \u0219i-a agresat fizic so\u021bia \u0219i a amenin\u021bat-o cu acte de violen\u021b\u0103, pe fondul consumului de alcool.<\/p>\n<figure class=\"wp-block-image size-full\"><a href=\"https:\/\/cdn.newsbucovina.ro\/wp-content\/uploads\/2021\/01\/femeie-agresiune.jpeg\"><img loading=\"lazy\" decoding=\"async\" width=\"1024\" height=\"576\" src=\"https:\/\/cdn.newsbucovina.ro\/wp-content\/uploads\/2021\/01\/femeie-agresiune.jpeg.webp\" alt class=\"wp-image-308511\"><\/a><\/figure>\n<p>Incidentul s-a petrecut pe 23 aprilie 2026, la domiciliul familiei. Femeia a sesizat poli\u021bi\u0219tii abia pe 27 aprilie, prin pl\u00e2ngere depus\u0103 la Sec\u021bia 14 Poli\u021bie Rural\u0103 Vama.<\/p>\n<p>Potrivit cercet\u0103rilor, b\u0103rbatul a str\u00e2ns-o de g\u00e2t pe so\u021bia sa, a lovit-o cu palma \u00een zona capului, a urm\u0103rit-o \u0219i a \u00eencercat s\u0103 o loveasc\u0103 cu un lemn luat din curte. Comportamentul s\u0103u a creat victimei o stare de temere.<\/p>\n<p>Poli\u021bi\u0219tii au deschis dosar penal pentru s\u0103v\u00e2r\u0219irea infrac\u021biunilor de <strong>violen\u021b\u0103 \u00een familie<\/strong> \u0219i <strong>amenin\u021bare<\/strong>. Dup\u0103 evaluarea riscului (s-a constatat risc iminent), a fost emis un <strong>ordin de protec\u021bie provizoriu<\/strong> valabil p\u00e2n\u0103 la data de <strong>2 mai 2026<\/strong>.<\/p>\n<p>Prin acest ordin, agresorul a fost evacuat din imobilul familiei \u0219i i s-a interzis s\u0103 se apropie la o distan\u021b\u0103 mai mic\u0103 de <strong>100 de metri<\/strong> de so\u021bie \u0219i de locuin\u021b\u0103. M\u0103surile au fost comunicate at\u00e2t victimei, c\u00e2t \u0219i agresorului.<\/p>\n<p>Femeia a refuzat prezentarea la cabinetul medico-legal (nu prezenta urme vizibile de violen\u021b\u0103) \u0219i a refuzat, de asemenea, montarea unui sistem de supraveghere electronic\u0103 pentru agresor.<\/p>\n<p>Fiul cuplului a declarat c\u0103 \u00eentre p\u0103rin\u021bi au mai existat ne\u00een\u021belegeri \u0219i discu\u021bii \u00een contradictoriu.<\/p>\n<p>Cercet\u0103rile continu\u0103 la Postul de Poli\u021bie Vatra Moldovi\u021bei, sub supravegherea Parchetului competent.<\/p>\n<figure class=\"wp-block-embed is-type-video is-provider-youtube wp-block-embed-youtube wp-embed-aspect-16-9 wp-has-aspect-ratio\">\n<div class=\"wp-block-embed__wrapper\">\n<div class=\"youtube-embed\" data-video_id=\"kVlZBegLWgA\"><iframe loading=\"lazy\" title=\"De la Suceava la Dorna te \u00ceneci sub tone de pamper\u0219i \u0219i fecale!! E JALE pe European!!\" width=\"696\" height=\"392\" src=\"https:\/\/www.youtube.com\/embed\/kVlZBegLWgA?start=2&amp;feature=oembed\" frameborder allow=\"accelerometer; autoplay; clipboard-write; encrypted-media; gyroscope; picture-in-picture; web-share\" referrerpolicy=\"strict-origin-when-cross-origin\" allowfullscreen><\/iframe><\/div>\n<\/div>\n<\/figure>\n<div class=\"td-a-rec td-a-rec-id-content_bottom  tdi_4 td_block_template_1\"><strong>Intr\u0103 acum \u0219i \u00een grupul de <\/p>\n<div class=\"wp-block-button\"><a class=\"wp-block-button__link wp-element-button\" href=\"https:\/\/t.me\/+TH8wcfnp8fw5NWI0\">Telegram News Bucovina<\/a><\/div>\n<p><\/strong><\/div>\n<\/div>\n<p>[analyse_source url=&#8221;https:\/\/www.newsbucovina.ro\/social\/437228\/barbat-evacuat-din-locuinta-dupa-ce-si-a-agresat-sotia-in-vatra-moldovitei&#8221;]<\/p>\n","protected":false},"excerpt":{"rendered":"<p>[analyse_image type=&#8221;featured&#8221; src=&#8221;https:\/\/www.newsbucovina.ro\/wp-content\/uploads\/2021\/01\/femeie-agresiune.jpeghttps:\/\/cdn.newsbucovina.ro\/wp-content\/uploads\/2021\/01\/femeie-agresiune.jpeg&#8221;] Intr\u0103 acum \u0219i \u00een grupul de Telegram News Bucovina Un b\u0103rbat din satul Paltinu, comuna Vatra Moldovi\u021bei, a fost evacuat din locuin\u021ba familiei dup\u0103 ce \u0219i-a agresat fizic so\u021bia \u0219i a amenin\u021bat-o cu acte de violen\u021b\u0103, pe fondul consumului de alcool. Incidentul s-a petrecut pe 23 aprilie 2026, la domiciliul familiei. Femeia [&hellip;]<\/p>\n","protected":false},"author":1,"featured_media":0,"comment_status":"open","ping_status":"","sticky":false,"template":"","format":"standard","meta":{"footnotes":""},"categories":[89],"tags":[226,165],"class_list":["post-1908221","post","type-post","status-publish","format-standard","hentry","category-romania","tag-crawlmanager","tag-newsbucovina-ro"],"_links":{"self":[{"href":"https:\/\/analyse.optim.biz\/index.php?rest_route=\/wp\/v2\/posts\/1908221","targetHints":{"allow":["GET"]}}],"collection":[{"href":"https:\/\/analyse.optim.biz\/index.php?rest_route=\/wp\/v2\/posts"}],"about":[{"href":"https:\/\/analyse.optim.biz\/index.php?rest_route=\/wp\/v2\/types\/post"}],"author":[{"embeddable":true,"href":"https:\/\/analyse.optim.biz\/index.php?rest_route=\/wp\/v2\/users\/1"}],"replies":[{"embeddable":true,"href":"https:\/\/analyse.optim.biz\/index.php?rest_route=%2Fwp%2Fv2%2Fcomments&post=1908221"}],"version-history":[{"count":0,"href":"https:\/\/analyse.optim.biz\/index.php?rest_route=\/wp\/v2\/posts\/1908221\/revisions"}],"wp:attachment":[{"href":"https:\/\/analyse.optim.biz\/index.php?rest_route=%2Fwp%2Fv2%2Fmedia&parent=1908221"}],"wp:term":[{"taxonomy":"category","embeddable":true,"href":"https:\/\/analyse.optim.biz\/index.php?rest_route=%2Fwp%2Fv2%2Fcategories&post=1908221"},{"taxonomy":"post_tag","embeddable":true,"href":"https:\/\/analyse.optim.biz\/index.php?rest_route=%2Fwp%2Fv2%2Ftags&post=1908221"}],"curies":[{"name":"wp","href":"https:\/\/api.w.org\/{rel}","templated":true}]}}