{"id":1907913,"date":"2026-04-28T15:37:01","date_gmt":"2026-04-28T12:37:01","guid":{"rendered":"https:\/\/analyse.optim.biz\/?p=1907913"},"modified":"2026-04-28T15:37:01","modified_gmt":"2026-04-28T12:37:01","slug":"lucrari-in-plina-desfasurare-in-blascovici-12-strazi-din-timisoara-intra-in-modernizare","status":"publish","type":"post","link":"https:\/\/analyse.optim.biz\/?p=1907913","title":{"rendered":"Lucr\u0103ri \u00een plin\u0103 desf\u0103\u0219urare \u00een Bla\u0219covici: 12 str\u0103zi din Timi\u0219oara intr\u0103 \u00een modernizare"},"content":{"rendered":"<p>[analyse_image type=&#8221;featured&#8221; src=&#8221;https:\/\/orasul-timisoara.ro\/wp-content\/uploads\/2026\/04\/Blascovici-2-1.jpg&#8221;]<\/p>\n<article id=\"post-38470\" class=\"td-post-template-7 post-38470 post type-post status-publish format-standard has-post-thumbnail category-administratie category-featured category-investitii-in-timisoara category-stiri-timisoara tag-blascovici-timisoara tag-dezvoltare-urbana-2 tag-drumuri-municipale tag-iluminat-public tag-infrastructura-urbana tag-investitii-publice tag-lucrari-timisoara-2 tag-modernizare-strazi tag-retea-apa-2 td-container-wrap\">\n<div class=\"td-full-screen-header-image-wrap\">\n<div class=\"td-container td-post-header\">\n<div class=\"td-crumb-container\">\n<div class=\"entry-crumbs\"><span><a title=\"Vede\u021bi toate articolele \u00een Administra\u021bie local\u0103\" class=\"entry-crumb\" href=\"https:\/\/orasul-timisoara.ro\/local-category\/administratie\/\">Administra\u021bie local\u0103<\/a><\/span><span class=\"td-bred-no-url-last\">Lucr\u0103ri \u00een plin\u0103 desf\u0103\u0219urare \u00een Bla\u0219covici: 12 str\u0103zi din Timi\u0219oara intr\u0103 \u00een&#8230;<\/span><\/div>\n<\/div>\n<div class=\"td-post-header-holder\">\n<div class=\"td-parallax-header\">\n<header class=\"td-post-title\">\n<ul class=\"td-category\">\n<li class=\"entry-category\"><a href=\"https:\/\/orasul-timisoara.ro\/local-category\/administratie\/\">Administra\u021bie local\u0103<\/a><\/li>\n<li class=\"entry-category\"><a href=\"https:\/\/orasul-timisoara.ro\/local-category\/investitii-in-timisoara\/\">Investitii in Timisoara<\/a><\/li>\n<li class=\"entry-category\"><a href=\"https:\/\/orasul-timisoara.ro\/local-category\/stiri-timisoara\/\">\u0218tiri Locale<\/a><\/li>\n<\/ul>\n<h1 class=\"entry-title\">Lucr\u0103ri \u00een plin\u0103 desf\u0103\u0219urare \u00een Bla\u0219covici: 12 str\u0103zi din Timi\u0219oara intr\u0103 \u00een modernizare<\/h1>\n<div class=\"td-module-meta-info\">\n<div class=\"td-post-author-name\">\n<div class=\"td-author-by\">De c\u0103tre<\/div>\n<p><a href=\"https:\/\/orasul-timisoara.ro\/author\/timisoara\/\">redactia<\/a><\/p>\n<div class=\"td-author-line\"> &#8211; <\/div>\n<\/div>\n<p><span class=\"td-post-date\"><time class=\"entry-date updated td-module-date\" datetime=\"2026-04-28T18:37:01+03:00\">28\/04\/2026<\/time><\/span><\/div>\n<\/header>\n<\/div>\n<\/div>\n<\/div>\n<div id=\"td-full-screen-header-image\" class=\"td-image-gradient-style7\"><img decoding=\"async\" class=\"td-backstretch\" src=\"https:\/\/orasul-timisoara.ro\/wp-content\/uploads\/2026\/04\/Blascovici-2-1.jpg\"><\/div>\n<\/div>\n<div class=\"td-container\">\n<div class=\"td-pb-row\">\n<div class=\"td-pb-span8 td-main-content\" role=\"main\">\n<div class=\"td-ss-main-content\">\n<div class=\"td-post-sharing-top\">\n<div class=\"td-post-sharing-classic\"><iframe title=\"topFacebookLike\" frameborder src=\"https:\/\/www.facebook.com\/plugins\/like.php?href=https:\/\/orasul-timisoara.ro\/local-38470\/&amp;layout=button_count&amp;show_faces=false&amp;width=105&amp;action=like&amp;colorscheme=light&amp;height=21\"><\/iframe><\/div>\n<div id=\"td_social_sharing_article_top\" class=\"td-post-sharing td-ps-bg td-ps-notext td-post-sharing-style1 \">\n<div class=\"td-post-sharing-visible\"><a class=\"td-social-sharing-button td-social-sharing-button-js td-social-network td-social-facebook\" href=\"https:\/\/www.facebook.com\/sharer.php?u=https%3A%2F%2Forasul-timisoara.ro%2Flocal-38470%2F\" title=\"Facebook\"><\/p>\n<div class=\"td-social-but-text\">Facebook<\/div>\n<p><\/a><a class=\"td-social-sharing-button td-social-sharing-button-js td-social-network td-social-twitter\" href=\"https:\/\/twitter.com\/intent\/tweet?text=Lucr%C4%83ri+%C3%AEn+plin%C4%83+desf%C4%83%C8%99urare+%C3%AEn+Bla%C8%99covici%3A+12+str%C4%83zi+din+Timi%C8%99oara+intr%C4%83+%C3%AEn+modernizare&amp;url=https%3A%2F%2Forasul-timisoara.ro%2Flocal-38470%2F&amp;via=orasultm\" title=\"Twitter\"><\/p>\n<div class=\"td-social-but-text\">Twitter<\/div>\n<p><\/a><a class=\"td-social-sharing-button td-social-sharing-button-js td-social-network td-social-whatsapp\" href=\"https:\/\/api.whatsapp.com\/send?text=Lucr%C4%83ri+%C3%AEn+plin%C4%83+desf%C4%83%C8%99urare+%C3%AEn+Bla%C8%99covici%3A+12+str%C4%83zi+din+Timi%C8%99oara+intr%C4%83+%C3%AEn+modernizare%20%0A%0A%20https:\/\/orasul-timisoara.ro\/local-38470\/\" title=\"WhatsApp\"><\/p>\n<div class=\"td-social-but-text\">WhatsApp<\/div>\n<p><\/a><a class=\"td-social-sharing-button td-social-sharing-button-js td-social-network td-social-linkedin\" href=\"https:\/\/www.linkedin.com\/shareArticle?mini=true&amp;url=https:\/\/orasul-timisoara.ro\/local-38470\/&amp;title=Lucr%C4%83ri+%C3%AEn+plin%C4%83+desf%C4%83%C8%99urare+%C3%AEn+Bla%C8%99covici%3A+12+str%C4%83zi+din+Timi%C8%99oara+intr%C4%83+%C3%AEn+modernizare\" title=\"Linkedin\"><\/p>\n<div class=\"td-social-but-text\">Linkedin<\/div>\n<p><\/a><a class=\"td-social-sharing-button td-social-sharing-button-js td-social-network td-social-reddit\" href=\"https:\/\/reddit.com\/submit?url=https:\/\/orasul-timisoara.ro\/local-38470\/&amp;title=Lucr%C4%83ri+%C3%AEn+plin%C4%83+desf%C4%83%C8%99urare+%C3%AEn+Bla%C8%99covici%3A+12+str%C4%83zi+din+Timi%C8%99oara+intr%C4%83+%C3%AEn+modernizare\" title=\"ReddIt\"><\/p>\n<div class=\"td-social-but-text\">ReddIt<\/div>\n<p><\/a><a class=\"td-social-sharing-button td-social-sharing-button-js td-social-network td-social-mail\" href=\"mailto:?subject=Lucr%C4%83ri%20%C3%AEn%20plin%C4%83%20desf%C4%83%C8%99urare%20%C3%AEn%20Bla%C8%99covici:%2012%20str%C4%83zi%20din%20Timi%C8%99oara%20intr%C4%83%20%C3%AEn%20modernizare&amp;body=https:\/\/orasul-timisoara.ro\/local-38470\/\" title=\"Email\"><\/p>\n<div class=\"td-social-but-text\">Email<\/div>\n<p><\/a><a class=\"td-social-sharing-button td-social-sharing-button-js td-social-network td-social-print\" href=\"https:\/\/orasul-timisoara.ro\/local-38470\/\" title=\"Imprimare\"><\/p>\n<div class=\"td-social-but-text\">Imprimare<\/div>\n<p><\/a><\/div>\n<\/div>\n<\/div>\n<div class=\"td-post-content tagdiv-type\">\n<p>Prim\u0103ria Timi\u0219oara continu\u0103 investi\u021biile \u00een infrastructura urban\u0103, cu lucr\u0103ri \u00een plin\u0103 desf\u0103\u0219urare pe 12 str\u0103zi din cartierul Bla\u0219covici, parte a unui program mai amplu de modernizare a cartierelor. Proiectul vizeaz\u0103 \u00eembun\u0103t\u0103\u021birea condi\u021biilor de trafic \u0219i a utilit\u0103\u021bilor publice, \u00eentr-o zon\u0103 care, p\u00e2n\u0103 recent, s-a confruntat cu infrastructur\u0103 degradat\u0103.<\/p>\n<p>Potrivit autorit\u0103\u021bilor locale, Societatea Drumuri Municipale a finalizat lucr\u0103rile de asfaltare pe strada Aurel B\u0103rgl\u0103zan. Interven\u021biile au inclus \u0219i amenajarea trotuarelor, montarea bordurilor \u0219i realizarea racordurilor la re\u021beaua de canalizare pluvial\u0103, elemente esen\u021biale pentru prevenirea acumul\u0103rii apei \u00een timpul precipita\u021biilor.<\/p>\n<p>Lucr\u0103rile avanseaz\u0103 \u0219i pe strada Vidin, unde au fost deja instala\u021bi st\u00e2lpii pentru iluminatul public. P\u00e2n\u0103 la finalul lunii mai, echipele de interven\u021bie vor continua lucr\u0103rile la carosabil \u0219i trotuare. \u00cen paralel, \u0219antierul se va extinde pe strada Umbrei, unde locuitorii beneficiaz\u0103 deja de o re\u021bea nou\u0103 de ap\u0103, realizat\u0103 \u00een cadrul aceluia\u0219i proiect.<\/p>\n<figure class=\"wp-block-gallery has-nested-images columns-4 is-cropped td-modal-on-gallery wp-block-gallery-1 is-layout-flex wp-block-gallery-is-layout-flex\">\n<figure class=\"wp-block-image size-full\"><img loading=\"lazy\" decoding=\"async\" width=\"1920\" height=\"1080\" data-id=\"38471\" src=\"https:\/\/orasul-timisoara.ro\/wp-content\/uploads\/2026\/04\/Blascovici-3-1.jpg\" alt class=\"wp-image-38471\"><\/figure>\n<figure class=\"wp-block-image size-full\"><img loading=\"lazy\" decoding=\"async\" width=\"1920\" height=\"1080\" data-id=\"38474\" src=\"https:\/\/orasul-timisoara.ro\/wp-content\/uploads\/2026\/04\/Blascovici-4.jpg\" alt class=\"wp-image-38474\"><\/figure>\n<figure class=\"wp-block-image size-full\"><img loading=\"lazy\" decoding=\"async\" width=\"1920\" height=\"1080\" data-id=\"38472\" src=\"https:\/\/orasul-timisoara.ro\/wp-content\/uploads\/2026\/04\/Blascovici-1-1.jpg\" alt class=\"wp-image-38472\"><\/figure>\n<figure class=\"wp-block-image size-full\"><img decoding=\"async\" loading=\"lazy\" width=\"1920\" height=\"1080\" data-id=\"38473\" src=\"https:\/\/orasul-timisoara.ro\/wp-content\/uploads\/2026\/04\/Blascovici-2-1.jpg\" alt class=\"wp-image-38473\"><\/figure>\n<\/figure>\n<p>Programul de reabilitare a zonei Bla\u0219covici include lucr\u0103ri complexe de modernizare a infrastructurii rutiere: asfaltarea str\u0103zilor deteriorate, refacerea carosabilului \u0219i amenajarea trotuarelor \u00een zonele unde acestea lipsesc. De asemenea, proiectul prevede extinderea re\u021belei de ap\u0103 pe mai multe str\u0103zi, printre care Umbrei, Semicerc 1, Taborului \u0219i par\u021bial Amzei.<\/p>\n<p>Un alt element important al investi\u021biei \u00eel reprezint\u0103 componenta de mediu. La finalizarea lucr\u0103rilor, municipalitatea va planta arbori de talie mare, contribuind astfel la cre\u0219terea calit\u0103\u021bii vie\u021bii \u0219i la \u00eembun\u0103t\u0103\u021birea aspectului urban.<\/p>\n<p>Lista complet\u0103 a str\u0103zilor incluse \u00een programul de modernizare cuprinde: Academician Aurel B\u0103rgl\u0103zan, Amzei, Bachus, Corina Irineu, Eugen Todoran, Madona \u0219i Alexandru Cisman, Semicerc, \u0218tefan N\u0103d\u0103\u0219an, Taborului, Tacit, Umbrei \u0219i Vidin.<\/p>\n<p>Valoarea total\u0103 a contractului de execu\u021bie se ridic\u0103 la 21.458.902,78 lei (TVA inclus), investi\u021bia fiind parte a strategiei administra\u021biei locale de a reduce decalajele de infrastructur\u0103 dintre cartiere \u0219i de a cre\u0219te standardele urbane.<\/p>\n<\/div>\n<footer>\n<div class=\"td-post-source-tags\">\n<ul class=\"td-tags td-post-small-box clearfix\">\n<li><span>ETICHETE<\/span><\/li>\n<li><a href=\"https:\/\/orasul-timisoara.ro\/local-tag\/blascovici-timisoara\/\">Bla\u0219covici Timi\u0219oara<\/a><\/li>\n<li><a href=\"https:\/\/orasul-timisoara.ro\/local-tag\/dezvoltare-urbana-2\/\">dezvoltare urban\u0103<\/a><\/li>\n<li><a href=\"https:\/\/orasul-timisoara.ro\/local-tag\/drumuri-municipale\/\">drumuri municipale<\/a><\/li>\n<li><a href=\"https:\/\/orasul-timisoara.ro\/local-tag\/iluminat-public\/\">iluminat public<\/a><\/li>\n<li><a href=\"https:\/\/orasul-timisoara.ro\/local-tag\/infrastructura-urbana\/\">infrastructur\u0103 urban\u0103<\/a><\/li>\n<li><a href=\"https:\/\/orasul-timisoara.ro\/local-tag\/investitii-publice\/\">investi\u021bii publice<\/a><\/li>\n<li><a href=\"https:\/\/orasul-timisoara.ro\/local-tag\/lucrari-timisoara-2\/\">lucr\u0103ri Timi\u0219oara<\/a><\/li>\n<li><a href=\"https:\/\/orasul-timisoara.ro\/local-tag\/modernizare-strazi\/\">modernizare str\u0103zi<\/a><\/li>\n<li><a href=\"https:\/\/orasul-timisoara.ro\/local-tag\/retea-apa-2\/\">re\u021bea ap\u0103<\/a><\/li>\n<\/ul>\n<\/div>\n<div class=\"td-post-sharing-bottom\">\n<div class=\"td-post-sharing-classic\"><iframe title=\"bottomFacebookLike\" frameborder src=\"https:\/\/www.facebook.com\/plugins\/like.php?href=https:\/\/orasul-timisoara.ro\/local-38470\/&amp;layout=button_count&amp;show_faces=false&amp;width=105&amp;action=like&amp;colorscheme=light&amp;height=21\"><\/iframe><\/div>\n<div id=\"td_social_sharing_article_bottom\" class=\"td-post-sharing td-ps-bg td-ps-notext td-post-sharing-style1 \">\n<div class=\"td-post-sharing-visible\"><a class=\"td-social-sharing-button td-social-sharing-button-js td-social-network td-social-facebook\" href=\"https:\/\/www.facebook.com\/sharer.php?u=https%3A%2F%2Forasul-timisoara.ro%2Flocal-38470%2F\" title=\"Facebook\"><\/p>\n<div class=\"td-social-but-text\">Facebook<\/div>\n<p><\/a><a class=\"td-social-sharing-button td-social-sharing-button-js td-social-network td-social-twitter\" href=\"https:\/\/twitter.com\/intent\/tweet?text=Lucr%C4%83ri+%C3%AEn+plin%C4%83+desf%C4%83%C8%99urare+%C3%AEn+Bla%C8%99covici%3A+12+str%C4%83zi+din+Timi%C8%99oara+intr%C4%83+%C3%AEn+modernizare&amp;url=https%3A%2F%2Forasul-timisoara.ro%2Flocal-38470%2F&amp;via=orasultm\" title=\"Twitter\"><\/p>\n<div class=\"td-social-but-text\">Twitter<\/div>\n<p><\/a><a class=\"td-social-sharing-button td-social-sharing-button-js td-social-network td-social-whatsapp\" href=\"https:\/\/api.whatsapp.com\/send?text=Lucr%C4%83ri+%C3%AEn+plin%C4%83+desf%C4%83%C8%99urare+%C3%AEn+Bla%C8%99covici%3A+12+str%C4%83zi+din+Timi%C8%99oara+intr%C4%83+%C3%AEn+modernizare%20%0A%0A%20https:\/\/orasul-timisoara.ro\/local-38470\/\" title=\"WhatsApp\"><\/p>\n<div class=\"td-social-but-text\">WhatsApp<\/div>\n<p><\/a><a class=\"td-social-sharing-button td-social-sharing-button-js td-social-network td-social-linkedin\" href=\"https:\/\/www.linkedin.com\/shareArticle?mini=true&amp;url=https:\/\/orasul-timisoara.ro\/local-38470\/&amp;title=Lucr%C4%83ri+%C3%AEn+plin%C4%83+desf%C4%83%C8%99urare+%C3%AEn+Bla%C8%99covici%3A+12+str%C4%83zi+din+Timi%C8%99oara+intr%C4%83+%C3%AEn+modernizare\" title=\"Linkedin\"><\/p>\n<div class=\"td-social-but-text\">Linkedin<\/div>\n<p><\/a><a class=\"td-social-sharing-button td-social-sharing-button-js td-social-network td-social-reddit\" href=\"https:\/\/reddit.com\/submit?url=https:\/\/orasul-timisoara.ro\/local-38470\/&amp;title=Lucr%C4%83ri+%C3%AEn+plin%C4%83+desf%C4%83%C8%99urare+%C3%AEn+Bla%C8%99covici%3A+12+str%C4%83zi+din+Timi%C8%99oara+intr%C4%83+%C3%AEn+modernizare\" title=\"ReddIt\"><\/p>\n<div class=\"td-social-but-text\">ReddIt<\/div>\n<p><\/a><a class=\"td-social-sharing-button td-social-sharing-button-js td-social-network td-social-mail\" href=\"mailto:?subject=Lucr%C4%83ri%20%C3%AEn%20plin%C4%83%20desf%C4%83%C8%99urare%20%C3%AEn%20Bla%C8%99covici:%2012%20str%C4%83zi%20din%20Timi%C8%99oara%20intr%C4%83%20%C3%AEn%20modernizare&amp;body=https:\/\/orasul-timisoara.ro\/local-38470\/\" title=\"Email\"><\/p>\n<div class=\"td-social-but-text\">Email<\/div>\n<p><\/a><a class=\"td-social-sharing-button td-social-sharing-button-js td-social-network td-social-print\" href=\"https:\/\/orasul-timisoara.ro\/local-38470\/\" title=\"Imprimare\"><\/p>\n<div class=\"td-social-but-text\">Imprimare<\/div>\n<p><\/a><\/div>\n<\/div>\n<\/div>\n<div class=\"td-block-row td-post-next-prev\">\n<div class=\"td-block-span6 td-post-prev-post\">\n<div class=\"td-post-next-prev-content\"><span>Articolul precedent<\/span><a href=\"https:\/\/orasul-timisoara.ro\/local-38461\/\">Aproape 800 de ma\u0219ini abandonate, ridicate \u00een Timi\u0219oara: interven\u021bii continue ale Poli\u021biei Locale<\/a><\/div>\n<\/div>\n<div class=\"td-block-span6 td-post-next-post\">\n<div class=\"td-post-next-prev-content\"><span>Articolul urm\u0103tor<\/span><a href=\"https:\/\/orasul-timisoara.ro\/local-38476\/\">Prim\u0103ria Timi\u0219oara scoate la licita\u021bie 7 spa\u021bii comerciale \u0219i medicale \u00een mai multe cartiere<\/a><\/div>\n<\/div>\n<\/div>\n<div class=\"td-author-name vcard author\"><span class=\"fn\"><a href=\"https:\/\/orasul-timisoara.ro\/author\/timisoara\/\">redactia<\/a><\/span><\/div>\n<p><span class=\"td-page-meta\"><\/span><span class=\"td-page-meta\"><span class=\"td-page-meta\"><\/span><\/span><span class=\"td-page-meta\"><\/span><\/footer>\n<div class=\"td_block_wrap td_block_related_posts tdi_3 td_with_ajax_pagination td-pb-border-top td_block_template_8\" data-td-block-uid=\"tdi_3\">\n<h4 class=\"td-related-title td-block-title\"><a id=\"tdi_4\" class=\"td-related-left td-cur-simple-item\" data-td_filter_value data-td_block_id=\"tdi_3\" href=\"https:\/\/orasul-timisoara.ro\/local-38470\/\">ARTICOLE SIMILARE<\/a><a id=\"tdi_5\" class=\"td-related-right\" data-td_filter_value=\"td_related_more_from_author\" data-td_block_id=\"tdi_3\" href=\"https:\/\/orasul-timisoara.ro\/local-38470\/\">DE LA ACELA\u0218I AUTOR<\/a><\/h4>\n<div id=\"tdi_3\" class=\"td_block_inner\">\n<div class=\"td-related-row\">\n<div class=\"td-related-span4\">\n<div class=\"td_module_related_posts td-animation-stack td_mod_related_posts\">\n<div class=\"td-module-image\">\n<div class=\"td-module-thumb\"><a href=\"https:\/\/orasul-timisoara.ro\/local-38326\/\" rel=\"bookmark\" class=\"td-image-wrap \" title=\"Prim\u0103ria Giroc anun\u021b\u0103 asfaltarea a 34 de str\u0103zi \u00een 2026: investi\u021bie de 5,7 milioane lei\"><img loading=\"lazy\" decoding=\"async\" class=\"entry-thumb\" src=\"https:\/\/orasul-timisoara.ro\/wp-content\/uploads\/2026\/04\/674564597_1569606438505833_3095988829838040274_n-436x300.jpg\" alt title=\"Prim\u0103ria Giroc anun\u021b\u0103 asfaltarea a 34 de str\u0103zi \u00een 2026: investi\u021bie de 5,7 milioane lei\" width=\"218\" height=\"150\"><\/a><\/div>\n<\/div>\n<div class=\"item-details\">\n<h3 class=\"entry-title td-module-title\"><a href=\"https:\/\/orasul-timisoara.ro\/local-38326\/\" rel=\"bookmark\" title=\"Prim\u0103ria Giroc anun\u021b\u0103 asfaltarea a 34 de str\u0103zi \u00een 2026: investi\u021bie de 5,7 milioane lei\">Prim\u0103ria Giroc anun\u021b\u0103 asfaltarea a 34 de str\u0103zi \u00een 2026: investi\u021bie de 5,7 milioane lei<\/a><\/h3>\n<\/div>\n<\/div>\n<\/div>\n<div class=\"td-related-span4\">\n<div class=\"td_module_related_posts td-animation-stack td_mod_related_posts\">\n<div class=\"td-module-image\">\n<div class=\"td-module-thumb\"><a href=\"https:\/\/orasul-timisoara.ro\/local-38131\/\" rel=\"bookmark\" class=\"td-image-wrap \" title=\"Prim\u0103ria Timi\u0219oara \u00eencepe modernizarea ad\u0103posturilor civile: termen-limit\u0103 pentru eliberarea spa\u021biilor, 15 mai 2026\"><img loading=\"lazy\" decoding=\"async\" class=\"entry-thumb\" src=\"https:\/\/orasul-timisoara.ro\/wp-content\/uploads\/2024\/12\/adaposturi-timisoara-paturi-436x300.jpg\" alt title=\"Prim\u0103ria Timi\u0219oara \u00eencepe modernizarea ad\u0103posturilor civile: termen-limit\u0103 pentru eliberarea spa\u021biilor, 15 mai 2026\" width=\"218\" height=\"150\"><\/a><\/div>\n<\/div>\n<div class=\"item-details\">\n<h3 class=\"entry-title td-module-title\"><a href=\"https:\/\/orasul-timisoara.ro\/local-38131\/\" rel=\"bookmark\" title=\"Prim\u0103ria Timi\u0219oara \u00eencepe modernizarea ad\u0103posturilor civile: termen-limit\u0103 pentru eliberarea spa\u021biilor, 15 mai 2026\">Prim\u0103ria Timi\u0219oara \u00eencepe modernizarea ad\u0103posturilor civile: termen-limit\u0103 pentru eliberarea spa\u021biilor, 15 mai 2026<\/a><\/h3>\n<\/div>\n<\/div>\n<\/div>\n<div class=\"td-related-span4\">\n<div class=\"td_module_related_posts td-animation-stack td_mod_related_posts\">\n<div class=\"td-module-image\">\n<div class=\"td-module-thumb\"><a href=\"https:\/\/orasul-timisoara.ro\/local-37102\/\" rel=\"bookmark\" class=\"td-image-wrap \" title=\"Peste 100 de noi locuri de parcare \u00een Lipovei \u0219i D\u00e2mbovi\u021ba\"><img loading=\"lazy\" decoding=\"async\" class=\"entry-thumb\" src=\"https:\/\/orasul-timisoara.ro\/wp-content\/uploads\/2026\/02\/Horia-Macelariu-436x300.jpg\" alt title=\"Peste 100 de noi locuri de parcare \u00een Lipovei \u0219i D\u00e2mbovi\u021ba\" width=\"218\" height=\"150\"><\/a><\/div>\n<\/div>\n<div class=\"item-details\">\n<h3 class=\"entry-title td-module-title\"><a href=\"https:\/\/orasul-timisoara.ro\/local-37102\/\" rel=\"bookmark\" title=\"Peste 100 de noi locuri de parcare \u00een Lipovei \u0219i D\u00e2mbovi\u021ba\">Peste 100 de noi locuri de parcare \u00een Lipovei \u0219i D\u00e2mbovi\u021ba<\/a><\/h3>\n<\/div>\n<\/div>\n<\/div>\n<\/div>\n<\/div>\n<\/div>\n<div class=\"comments\" id=\"comments\">\n<div id=\"respond\" class=\"comment-respond\">\n<h3 id=\"reply-title\" class=\"comment-reply-title\">L\u0102SA\u021aI UN MESAJ<\/h3>\n<div class=\"comment-form-input-wrap td-form-comment\">\n<div class=\"td-warning-comment\">V\u0103 rug\u0103m s\u0103 introduce\u021bi comentariul dvs.!<\/div>\n<\/div>\n<div class=\"comment-form-input-wrap td-form-author\">\n<div class=\"td-warning-author\">Introduce\u021bi aici numele dvs.<\/div>\n<\/div>\n<div class=\"comment-form-input-wrap td-form-email\">\n<div class=\"td-warning-email-error\">A\u021bi introdus o adres\u0103 de e-mail incorect\u0103!<\/div>\n<div class=\"td-warning-email\">V\u0103 rug\u0103m s\u0103 introduce\u021bi adresa dvs. de e-mail aici<\/div>\n<\/div>\n<\/div>\n<p class=\"akismet_comment_form_privacy_notice\">Acest site folose\u0219te Akismet pentru a reduce spamul. <a href=\"https:\/\/akismet.com\/privacy\/\" target=\"_blank\" rel=\"nofollow noopener\">Afl\u0103 cum sunt procesate datele comentariilor tale<\/a>.<\/p>\n<\/div>\n<\/div>\n<\/div>\n<div class=\"td-pb-span4 td-main-sidebar\" role=\"complementary\">\n<div class=\"td-ss-main-sidebar\">\n<aside id=\"block-4\" class=\"td_block_template_8 widget block-4 widget_block widget_media_image\">\n<figure class=\"wp-block-image size-full\"><img decoding=\"async\" loading=\"lazy\" width=\"336\" height=\"280\" src=\"https:\/\/orasul-timisoara.ro\/wp-content\/uploads\/2024\/11\/ReTIM-Abonamentul-Verde-Google-Ads-336x280px.gif\" alt class=\"wp-image-29257\"><\/figure>\n<\/aside>\n<div class=\"td_block_wrap td_block_social_counter td_block_widget tdi_6 td-social-style5 td-social-boxed td-pb-border-top td_block_template_8\">\n<div class=\"td-block-title-wrap\">\n<h4 class=\"td-block-title\"><span>Urm\u0103re\u0219te-ne pe Social Media<\/span><\/h4>\n<\/div>\n<div class=\"td-social-list\">\n<div class=\"td_social_type td-pb-margin-side td_social_facebook\">\n<div class=\"td-social-box\"><span class=\"td_social_info td_social_info_counter\">344,595<\/span><span class=\"td_social_info td_social_info_name\">Fani<\/span><span class=\"td_social_button\"><a href=\"https:\/\/www.facebook.com\/247timisoara\" target=\"_blank\" rel=\"nofollow\">\u00cemi place<\/a><\/span><\/div>\n<\/div>\n<div class=\"td_social_type td-pb-margin-side td_social_instagram\">\n<div class=\"td-social-box\"><span class=\"td_social_info td_social_info_counter\">4,416<\/span><span class=\"td_social_info td_social_info_name\">Cititori<\/span><span class=\"td_social_button\"><a href=\"https:\/\/instagram.com\/orasultimisoararo\/\" target=\"_blank\" rel=\"nofollow\">Conecta\u021bi-v\u0103<\/a><\/span><\/div>\n<\/div>\n<div class=\"td_social_type td-pb-margin-side td_social_rss\">\n<div class=\"td-social-box\"><span class=\"td_social_info td_social_info_counter\">12,506<\/span><span class=\"td_social_info td_social_info_name\">Cititori<\/span><span class=\"td_social_button\"><a href=\"https:\/\/orasul-timisoara.ro\/feed\/\" target=\"_blank\" rel=\"nofollow\">Conecta\u021bi-v\u0103<\/a><\/span><\/div>\n<\/div>\n<div class=\"td_social_type td-pb-margin-side td_social_tiktok\">\n<div class=\"td-social-box\"><span class=\"td_social_info td_social_info_counter\">1,500<\/span><span class=\"td_social_info td_social_info_name\">Cititori<\/span><span class=\"td_social_button\"><a href=\"https:\/\/www.tiktok.com\/@orasultimisoara\" target=\"_blank\" rel=\"nofollow\">Conecta\u021bi-v\u0103<\/a><\/span><\/div>\n<\/div>\n<div class=\"td_social_type td-pb-margin-side td_social_twitter\">\n<div class=\"td-social-box\"><span class=\"td_social_info td_social_info_counter\">1,595<\/span><span class=\"td_social_info td_social_info_name\">Cititori<\/span><span class=\"td_social_button\"><a href=\"https:\/\/twitter.com\/orasultm\" target=\"_blank\" rel=\"nofollow\">Conecta\u021bi-v\u0103<\/a><\/span><\/div>\n<\/div>\n<div class=\"td_social_type td-pb-margin-side td_social_youtube\">\n<div class=\"td-social-box\"><span class=\"td_social_info td_social_info_counter\">3,506<\/span><span class=\"td_social_info td_social_info_name\">Abona\u021bi<\/span><span class=\"td_social_button\"><a href=\"https:\/\/www.youtube.com\/channel\/UCQNsQvs2XCSIm1Z-AHRturw?sub_confirmation=1\" target=\"_blank\" rel=\"nofollow\">Abona\u021bi-v\u0103<\/a><\/span><\/div>\n<\/div>\n<\/div>\n<\/div>\n<aside id=\"text-7\" class=\"td_block_template_8 widget text-7 widget_text\">\n<h4 class=\"td-block-title\"><span>C\u0103ut\u0103ri populare pe OTM<\/span><\/h4>\n<div class=\"textwidget\"><a href=\"https:\/\/orasul-timisoara.ro\/?s=timisoara\"><span>Timisoara<\/span><\/a><a href=\"https:\/\/orasul-timisoara.ro\/?s=calin+dobra\"><span>Calin Dobra<\/span><\/a><a href=\"https:\/\/orasul-timisoara.ro\/?s=primaria+timisoara\"><span>Primaria Timisoara<\/span><\/a><a href=\"https:\/\/orasul-timisoara.ro\/?s=dominic+fritz\"><span>Dominic Fritz<\/span><\/a><a href=\"https:\/\/orasul-timisoara.ro\/?s=nicolae+robu\"><span>Nicolae Robu<\/span><\/a><a href=\"https:\/\/orasul-timisoara.ro\/?s=consiliul+local+timisoara\">Consiliul Local Timisoara<\/a><a href=\"https:\/\/orasul-timisoara.ro\/?s=consiliul+judetean+timis\"><span>Consiliul Judetean Timis<\/span><\/a><a href=\"https:\/\/orasul-timisoara.ro\/?s=cjt\"><span>CJT<\/span><\/a><a href=\"https:\/\/orasul-timisoara.ro\/?s=Alfred+Simonis\"><span>Alfred Simonis<\/span><\/a><a href=\"https:\/\/orasul-timisoara.ro\/?s=PNL\"><span>PNL<\/span><\/a><a href=\"https:\/\/orasul-timisoara.ro\/?s=coronavirus\"><span>coronavirus<\/span><\/a><a href=\"https:\/\/orasul-timisoara.ro\/?s=teatru+timisoara\">teatru Timisoara<\/a><a href=\"https:\/\/orasul-timisoara.ro\/?s=restaurante\"><span>restaurante Timisoara<\/span><\/a><a href=\"https:\/\/orasul-timisoara.ro\/?s=diskoteka\"><span>Diskoteka<\/span><\/a><a href=\"https:\/\/orasul-timisoara.ro\/?s=iulius+town\"><span>Iulius Town<\/span><\/a><a href=\"https:\/\/orasul-timisoara.ro\/?s=iulius+mall\"><span>Iulius Mall<\/span><\/a><a href=\"https:\/\/orasul-timisoara.ro\/?s=stpt\"><span>STPT<\/span><\/a><a href=\"https:\/\/orasul-timisoara.ro\/?s=alin+nica\"><span>Alin Nica<\/span><\/a><a href=\"https:\/\/orasul-timisoara.ro\/?s=psd\"><span>PSD<\/span><\/a><a href=\"https:\/\/orasul-timisoara.ro\/?s=aeroport\"><span>Aeroportul International Timisoara<\/span><\/a><a href=\"https:\/\/orasul-timisoara.ro\/?s=babes\"><span>Spitalul Victor Babes Timisoara<\/span><\/a><a href=\"https:\/\/orasul-timisoara.ro\/?s=poli\"><span>Poli Timi\u0219oara<\/span><\/a><a href=\"https:\/\/orasul-timisoara.ro\/?s=carantina\"><span>carantina<\/span><\/a><a href=\"https:\/\/orasul-timisoara.ro\/?s=aquatim\"><span>Aquatim<\/span><\/a><a href=\"https:\/\/orasul-timisoara.ro\/local-category\/stiri-timisoara\/\"><span>Stiri Timisoara<\/span><\/a><a href=\"https:\/\/orasul-timisoara.ro\/local-category\/investitii-in-timisoara\/\"><span>Investi\u021bii in Timi\u0219oara<\/span><\/a><a href=\"https:\/\/orasul-timisoara.ro\/local-9463\/\"><span>shaorma<\/span><\/a><a href=\"https:\/\/orasul-timisoara.ro\/?s=trafic\"><span>trafic rutier<\/span><\/a><a href=\"https:\/\/orasul-timisoara.ro\/?s=politia\"><span>politia locala timisoara<\/span><\/a><a href=\"https:\/\/orasul-timisoara.ro\/?s=roxana\"><span>Roxana Iliescu<\/span><\/a><a href=\"https:\/\/orasul-timisoara.ro\/?s=colterm\"><span>Colterm<\/span><\/a><a href=\"https:\/\/orasul-timisoara.ro\/?s=latcau\"><span>Ruben La\u021bc\u0103u<\/span><\/a><a href=\"https:\/\/orasul-timisoara.ro\/?s=timis\"><span>\u0218tiri din Timi\u0219<\/span><\/a><a href=\"https:\/\/orasul-timisoara.ro\/?s=spital\"><span>Spitale din Timi\u0219oara<\/span><\/a><a href=\"https:\/\/orasul-timisoara.ro\/?s=tabara\"><span>Cosmin Tab\u0103r\u0103<\/span><\/a><\/div>\n<\/aside>\n<aside id=\"rss-2\" class=\"td_block_template_8 widget rss-2 widget_rss\">\n<h4 class=\"td-block-title\"><span><a class=\"rsswidget rss-widget-feed\" href=\"https:\/\/fashionfridays.ro\/feed\"><img decoding=\"async\" class=\"rss-widget-icon\" width=\"14\" height=\"14\" src=\"https:\/\/orasul-timisoara.ro\/wp-includes\/images\/rss.png\" alt=\"RSS\" loading=\"lazy\"><\/a><a class=\"rsswidget rss-widget-title\" href=\"https:\/\/fashionfridays.ro\/\">Fashion Fridays<\/a><\/span><\/h4>\n<ul>\n<li><a class=\"rsswidget\" href=\"https:\/\/fashionfridays.ro\/crocs-lanseaza-crocband-gum-clog-confort-iconic-cu-influente-retro-sport-pentru-primavara\/\">Crocs lanseaz\u0103 Crocband Gum Clog: confort iconic cu influen\u021be retro-sport pentru prim\u0103var\u0103<\/a>\n<div class=\"rssSummary\">Martie marcheaz\u0103 acel moment al anului \u00een care stilul \u00eencepe s\u0103 se relaxeze. Zilele devin mai lungi, ritmul ora\u0219ului se schimb\u0103, iar garderoba face tranzi\u021bia c\u0103tre piese care pun confortul pe primul loc, f\u0103r\u0103 s\u0103 renun\u021be la atitudine. Este sezonul \u00een care autenticitatea devine declara\u021bie de stil, iar alegerile vestimentare reflect\u0103 mai mult ca oric\u00e2nd [\u2026]<\/div>\n<\/li>\n<\/ul>\n<\/aside>\n<aside id=\"rss-4\" class=\"td_block_template_8 widget rss-4 widget_rss\">\n<h4 class=\"td-block-title\"><span><a class=\"rsswidget rss-widget-feed\" href=\"https:\/\/emasini.ro\/feed\"><img decoding=\"async\" class=\"rss-widget-icon\" width=\"14\" height=\"14\" src=\"https:\/\/orasul-timisoara.ro\/wp-includes\/images\/rss.png\" alt=\"RSS\" loading=\"lazy\"><\/a><a class=\"rsswidget rss-widget-title\" href=\"https:\/\/emasini.ro\/\">eMasini<\/a><\/span><\/h4>\n<ul>\n<li><a class=\"rsswidget\" href=\"https:\/\/emasini.ro\/traficul-rutier-sub-analiza-recensamant-national-pentru-modernizarea-infrastructurii\/\">Traficul rutier, sub analiz\u0103: recens\u0103m\u00e2nt na\u021bional pentru modernizarea infrastructurii<\/a>\n<div class=\"rssSummary\">Compania Na\u021bional\u0103 de Administrare a Infrastructurii Rutiere, prin Centrul de Studii Tehnice Rutiere \u0219i Informatic\u0103, preg\u0103te\u0219te una dintre cele mai importante ac\u021biuni de colectare de date din domeniul transporturilor: Recens\u0103m\u00e2ntul General de Circula\u021bie Rutier\u0103. Demersul are un rol strategic \u00een fundamentarea deciziilor privind dezvoltarea \u0219i modernizarea infrastructurii rutiere din Rom\u00e2nia. Ac\u021biunea este coordonat\u0103 de CNAIR, [\u2026]<\/div>\n<\/li>\n<\/ul>\n<\/aside>\n<\/div>\n<\/div>\n<\/div>\n<\/div>\n<\/article>\n<div class=\"td-post-content tagdiv-type\">\n<p>Prim\u0103ria Timi\u0219oara continu\u0103 investi\u021biile \u00een infrastructura urban\u0103, cu lucr\u0103ri \u00een plin\u0103 desf\u0103\u0219urare pe 12 str\u0103zi din cartierul Bla\u0219covici, parte a unui program mai amplu de modernizare a cartierelor. Proiectul vizeaz\u0103 \u00eembun\u0103t\u0103\u021birea condi\u021biilor de trafic \u0219i a utilit\u0103\u021bilor publice, \u00eentr-o zon\u0103 care, p\u00e2n\u0103 recent, s-a confruntat cu infrastructur\u0103 degradat\u0103.<\/p>\n<p>Potrivit autorit\u0103\u021bilor locale, Societatea Drumuri Municipale a finalizat lucr\u0103rile de asfaltare pe strada Aurel B\u0103rgl\u0103zan. Interven\u021biile au inclus \u0219i amenajarea trotuarelor, montarea bordurilor \u0219i realizarea racordurilor la re\u021beaua de canalizare pluvial\u0103, elemente esen\u021biale pentru prevenirea acumul\u0103rii apei \u00een timpul precipita\u021biilor.<\/p>\n<p>Lucr\u0103rile avanseaz\u0103 \u0219i pe strada Vidin, unde au fost deja instala\u021bi st\u00e2lpii pentru iluminatul public. P\u00e2n\u0103 la finalul lunii mai, echipele de interven\u021bie vor continua lucr\u0103rile la carosabil \u0219i trotuare. \u00cen paralel, \u0219antierul se va extinde pe strada Umbrei, unde locuitorii beneficiaz\u0103 deja de o re\u021bea nou\u0103 de ap\u0103, realizat\u0103 \u00een cadrul aceluia\u0219i proiect.<\/p>\n<figure class=\"wp-block-gallery has-nested-images columns-4 is-cropped td-modal-on-gallery wp-block-gallery-1 is-layout-flex wp-block-gallery-is-layout-flex\">\n<figure class=\"wp-block-image size-full\"><img loading=\"lazy\" decoding=\"async\" width=\"1920\" height=\"1080\" data-id=\"38471\" src=\"https:\/\/orasul-timisoara.ro\/wp-content\/uploads\/2026\/04\/Blascovici-3-1.jpg\" alt class=\"wp-image-38471\"><\/figure>\n<figure class=\"wp-block-image size-full\"><img loading=\"lazy\" decoding=\"async\" width=\"1920\" height=\"1080\" data-id=\"38474\" src=\"https:\/\/orasul-timisoara.ro\/wp-content\/uploads\/2026\/04\/Blascovici-4.jpg\" alt class=\"wp-image-38474\"><\/figure>\n<figure class=\"wp-block-image size-full\"><img loading=\"lazy\" decoding=\"async\" width=\"1920\" height=\"1080\" data-id=\"38472\" src=\"https:\/\/orasul-timisoara.ro\/wp-content\/uploads\/2026\/04\/Blascovici-1-1.jpg\" alt class=\"wp-image-38472\"><\/figure>\n<figure class=\"wp-block-image size-full\"><img decoding=\"async\" loading=\"lazy\" width=\"1920\" height=\"1080\" data-id=\"38473\" src=\"https:\/\/orasul-timisoara.ro\/wp-content\/uploads\/2026\/04\/Blascovici-2-1.jpg\" alt class=\"wp-image-38473\"><\/figure>\n<\/figure>\n<p>Programul de reabilitare a zonei Bla\u0219covici include lucr\u0103ri complexe de modernizare a infrastructurii rutiere: asfaltarea str\u0103zilor deteriorate, refacerea carosabilului \u0219i amenajarea trotuarelor \u00een zonele unde acestea lipsesc. De asemenea, proiectul prevede extinderea re\u021belei de ap\u0103 pe mai multe str\u0103zi, printre care Umbrei, Semicerc 1, Taborului \u0219i par\u021bial Amzei.<\/p>\n<p>Un alt element important al investi\u021biei \u00eel reprezint\u0103 componenta de mediu. La finalizarea lucr\u0103rilor, municipalitatea va planta arbori de talie mare, contribuind astfel la cre\u0219terea calit\u0103\u021bii vie\u021bii \u0219i la \u00eembun\u0103t\u0103\u021birea aspectului urban.<\/p>\n<p>Lista complet\u0103 a str\u0103zilor incluse \u00een programul de modernizare cuprinde: Academician Aurel B\u0103rgl\u0103zan, Amzei, Bachus, Corina Irineu, Eugen Todoran, Madona \u0219i Alexandru Cisman, Semicerc, \u0218tefan N\u0103d\u0103\u0219an, Taborului, Tacit, Umbrei \u0219i Vidin.<\/p>\n<p>Valoarea total\u0103 a contractului de execu\u021bie se ridic\u0103 la 21.458.902,78 lei (TVA inclus), investi\u021bia fiind parte a strategiei administra\u021biei locale de a reduce decalajele de infrastructur\u0103 dintre cartiere \u0219i de a cre\u0219te standardele urbane.<\/p>\n<\/div>\n<p>[analyse_source url=&#8221;https:\/\/orasul-timisoara.ro\/local-38470\/&#8221;]<\/p>\n","protected":false},"excerpt":{"rendered":"<p>[analyse_image type=&#8221;featured&#8221; src=&#8221;https:\/\/orasul-timisoara.ro\/wp-content\/uploads\/2026\/04\/Blascovici-2-1.jpg&#8221;] Administra\u021bie local\u0103Lucr\u0103ri \u00een plin\u0103 desf\u0103\u0219urare \u00een Bla\u0219covici: 12 str\u0103zi din Timi\u0219oara intr\u0103 \u00een&#8230; Administra\u021bie local\u0103 Investitii in Timisoara \u0218tiri Locale Lucr\u0103ri \u00een plin\u0103 desf\u0103\u0219urare \u00een Bla\u0219covici: 12 str\u0103zi din Timi\u0219oara intr\u0103 \u00een modernizare De c\u0103tre redactia &#8211; 28\/04\/2026 Facebook Twitter WhatsApp Linkedin ReddIt Email Imprimare Prim\u0103ria Timi\u0219oara continu\u0103 investi\u021biile \u00een infrastructura urban\u0103, [&hellip;]<\/p>\n","protected":false},"author":1,"featured_media":0,"comment_status":"open","ping_status":"","sticky":false,"template":"","format":"standard","meta":{"footnotes":""},"categories":[89],"tags":[226,189],"class_list":["post-1907913","post","type-post","status-publish","format-standard","hentry","category-romania","tag-crawlmanager","tag-orasul-timisoara-ro"],"_links":{"self":[{"href":"https:\/\/analyse.optim.biz\/index.php?rest_route=\/wp\/v2\/posts\/1907913","targetHints":{"allow":["GET"]}}],"collection":[{"href":"https:\/\/analyse.optim.biz\/index.php?rest_route=\/wp\/v2\/posts"}],"about":[{"href":"https:\/\/analyse.optim.biz\/index.php?rest_route=\/wp\/v2\/types\/post"}],"author":[{"embeddable":true,"href":"https:\/\/analyse.optim.biz\/index.php?rest_route=\/wp\/v2\/users\/1"}],"replies":[{"embeddable":true,"href":"https:\/\/analyse.optim.biz\/index.php?rest_route=%2Fwp%2Fv2%2Fcomments&post=1907913"}],"version-history":[{"count":0,"href":"https:\/\/analyse.optim.biz\/index.php?rest_route=\/wp\/v2\/posts\/1907913\/revisions"}],"wp:attachment":[{"href":"https:\/\/analyse.optim.biz\/index.php?rest_route=%2Fwp%2Fv2%2Fmedia&parent=1907913"}],"wp:term":[{"taxonomy":"category","embeddable":true,"href":"https:\/\/analyse.optim.biz\/index.php?rest_route=%2Fwp%2Fv2%2Fcategories&post=1907913"},{"taxonomy":"post_tag","embeddable":true,"href":"https:\/\/analyse.optim.biz\/index.php?rest_route=%2Fwp%2Fv2%2Ftags&post=1907913"}],"curies":[{"name":"wp","href":"https:\/\/api.w.org\/{rel}","templated":true}]}}