{"id":1907906,"date":"2026-04-28T12:46:57","date_gmt":"2026-04-28T09:46:57","guid":{"rendered":"https:\/\/analyse.optim.biz\/?p=1907906"},"modified":"2026-04-28T12:46:57","modified_gmt":"2026-04-28T09:46:57","slug":"motiune-de-cenzura-psd-aur-impotriva-guvernului-bolojan-251-de-parlamentari-sustin-demiterea-executivului","status":"publish","type":"post","link":"https:\/\/analyse.optim.biz\/?p=1907906","title":{"rendered":"Mo\u021biune de cenzur\u0103 PSD-AUR \u00eempotriva Guvernului Bolojan: 251 de parlamentari sus\u021bin demiterea Executivului"},"content":{"rendered":"<p>[analyse_image type=&#8221;featured&#8221; src=&#8221;https:\/\/orasul-timisoara.ro\/wp-content\/uploads\/2020\/09\/guvernul-romaniei-stand.jpghttps:\/\/orasul-timisoara.ro\/wp-content\/uploads\/2020\/09\/guvernul-romaniei-stand.jpg&#8221;]<\/p>\n<article id=\"post-38457\" class=\"post-38457 post type-post status-publish format-standard category-featured category-politic tag-alegeri-anticipate tag-criza-politica tag-economie-romania tag-george-simion tag-guvernul-bolojan tag-motiune-de-cenzura-2 tag-parlament-romania-2 tag-politica-romania-2 tag-psd-aur\">\n<div class=\"td-post-header\">\n<ul class=\"td-category\">\n<li class=\"entry-category\"><a href=\"https:\/\/orasul-timisoara.ro\/local-category\/politic\/\">Politic<\/a><\/li>\n<\/ul>\n<header class=\"td-post-title\">\n<h1 class=\"entry-title\">Mo\u021biune de cenzur\u0103 PSD-AUR \u00eempotriva Guvernului Bolojan: 251 de parlamentari sus\u021bin demiterea Executivului<\/h1>\n<div class=\"td-module-meta-info\">\n<div class=\"td-post-author-name\">\n<div class=\"td-author-by\">De c\u0103tre<\/div>\n<p><a href=\"https:\/\/orasul-timisoara.ro\/author\/timisoara\/\">redactia<\/a><\/p>\n<div class=\"td-author-line\"> &#8211; <\/div>\n<\/div>\n<p><span class=\"td-post-date\"><time class=\"entry-date updated td-module-date\" datetime=\"2026-04-28T15:46:57+03:00\">28\/04\/2026<\/time><\/span><\/div>\n<\/header>\n<\/div>\n<div class=\"td-post-content\">\n<div class=\"td-post-featured-image\"><img loading=\"lazy\" decoding=\"async\" width=\"696\" height=\"392\" class=\"entry-thumb\" src=\"https:\/\/orasul-timisoara.ro\/wp-content\/uploads\/2020\/09\/guvernul-romaniei-stand-696x392.jpg\" alt title=\"guvernul-romaniei-stand\"><\/div>\n<div class=\"td-post-sharing-top\">\n<div id=\"td_social_sharing_article_top\" class=\"td-post-sharing td-ps-bg td-ps-notext td-post-sharing-style1 \">\n<div class=\"td-post-sharing-visible\"><a class=\"td-social-sharing-button td-social-sharing-button-js td-social-network td-social-facebook\" href=\"https:\/\/www.facebook.com\/sharer.php?u=https%3A%2F%2Forasul-timisoara.ro%2Flocal-38457%2F\" title=\"Facebook\"><\/p>\n<div class=\"td-social-but-text\">Facebook<\/div>\n<p><\/a><a class=\"td-social-sharing-button td-social-sharing-button-js td-social-network td-social-twitter\" href=\"https:\/\/twitter.com\/intent\/tweet?text=Mo%C8%9Biune+de+cenzur%C4%83+PSD-AUR+%C3%AEmpotriva+Guvernului+Bolojan%3A+251+de+parlamentari+sus%C8%9Bin+demiterea+Executivului&amp;url=https%3A%2F%2Forasul-timisoara.ro%2Flocal-38457%2F&amp;via=orasultm\" title=\"Twitter\"><\/p>\n<div class=\"td-social-but-text\">Twitter<\/div>\n<p><\/a><a class=\"td-social-sharing-button td-social-sharing-button-js td-social-network td-social-whatsapp\" href=\"https:\/\/api.whatsapp.com\/send?text=Mo%C8%9Biune+de+cenzur%C4%83+PSD-AUR+%C3%AEmpotriva+Guvernului+Bolojan%3A+251+de+parlamentari+sus%C8%9Bin+demiterea+Executivului%20%0A%0A%20https:\/\/orasul-timisoara.ro\/local-38457\/\" title=\"WhatsApp\"><\/p>\n<div class=\"td-social-but-text\">WhatsApp<\/div>\n<p><\/a><a class=\"td-social-sharing-button td-social-sharing-button-js td-social-network td-social-linkedin\" href=\"https:\/\/www.linkedin.com\/shareArticle?mini=true&amp;url=https:\/\/orasul-timisoara.ro\/local-38457\/&amp;title=Mo%C8%9Biune+de+cenzur%C4%83+PSD-AUR+%C3%AEmpotriva+Guvernului+Bolojan%3A+251+de+parlamentari+sus%C8%9Bin+demiterea+Executivului\" title=\"Linkedin\"><\/p>\n<div class=\"td-social-but-text\">Linkedin<\/div>\n<p><\/a><a class=\"td-social-sharing-button td-social-sharing-button-js td-social-network td-social-reddit\" href=\"https:\/\/reddit.com\/submit?url=https:\/\/orasul-timisoara.ro\/local-38457\/&amp;title=Mo%C8%9Biune+de+cenzur%C4%83+PSD-AUR+%C3%AEmpotriva+Guvernului+Bolojan%3A+251+de+parlamentari+sus%C8%9Bin+demiterea+Executivului\" title=\"ReddIt\"><\/p>\n<div class=\"td-social-but-text\">ReddIt<\/div>\n<p><\/a><a class=\"td-social-sharing-button td-social-sharing-button-js td-social-network td-social-mail\" href=\"mailto:?subject=Mo%C8%9Biune%20de%20cenzur%C4%83%20PSD-AUR%20%C3%AEmpotriva%20Guvernului%20Bolojan:%20251%20de%20parlamentari%20sus%C8%9Bin%20demiterea%20Executivului&amp;body=https:\/\/orasul-timisoara.ro\/local-38457\/\" title=\"Email\"><\/p>\n<div class=\"td-social-but-text\">Email<\/div>\n<p><\/a><a class=\"td-social-sharing-button td-social-sharing-button-js td-social-network td-social-print\" href=\"https:\/\/orasul-timisoara.ro\/local-38457\/\" title=\"Print\"><\/p>\n<div class=\"td-social-but-text\">Print<\/div>\n<p><\/a><\/div>\n<\/div>\n<\/div>\n<p>Mo\u021biune de cenzur\u0103 cu miz\u0103 major\u0103 \u00een Parlamentul Rom\u00e2niei. Partidul Social Democrat \u0219i Alian\u021ba pentru Unirea Rom\u00e2nilor au depus mar\u021bi o ini\u021biativ\u0103 comun\u0103 pentru demiterea Guvernului condus de Ilie Bolojan. Potrivit datelor prezentate de liderul AUR, George Simion, mo\u021biunea este sus\u021binut\u0103 de 251 de parlamentari, un num\u0103r care ar putea asigura o majoritate la votul programat \u00een Parlament.<\/p>\n<p>De\u0219i documentul este rezultatul unei ac\u021biuni comune, doar liderul AUR a sus\u021binut declara\u021bii publice dup\u0103 depunerea mo\u021biunii. George Simion a insistat c\u0103 demersul este unul legitim \u0219i constitu\u021bional, subliniind rolul Parlamentului de a controla Executivul. Acesta a respins ferm ideea unei alian\u021be politice \u00eentre AUR \u0219i PSD, explic\u00e2nd c\u0103 sus\u021binerea mo\u021biunii reflect\u0103 o majoritate conjunctural\u0103, nu un parteneriat politic.<\/p>\n<p>\u201eExist\u0103 o majoritate a parlamentarilor care vor ca acest guvern s\u0103 plece\u201d, a afirmat Simion, cer\u00e2nd totodat\u0103 Executivului s\u0103 evite semnarea unor contracte importante, \u00een special \u00een domenii sensibile precum energia sau ap\u0103rarea, p\u00e2n\u0103 la votul mo\u021biunii.<\/p>\n<p>Liderul AUR a lansat \u0219i un avertisment c\u0103tre func\u021bionarii publici, sus\u021bin\u00e2nd c\u0103 orice decizie \u201eb\u0103nuit\u0103 de netransparen\u021b\u0103\u201d va fi analizat\u0103 \u0219i sanc\u021bionat\u0103 ulterior. \u00cen acela\u0219i timp, acesta a refuzat s\u0103 comenteze decizia PSD de a sus\u021bine mo\u021biunea \u00eempotriva propriului guvern, catalog\u00e2nd situa\u021bia drept \u201eo problem\u0103 intern\u0103\u201d a social-democra\u021bilor.<\/p>\n<p>\u00cen discursul s\u0103u, Simion a criticat \u0219i pozi\u021bia exprimat\u0103 de pre\u0219edintele Nicu\u0219or Dan, care a declarat anterior c\u0103 nu ar sus\u021bine formarea unui guvern sprijinit de AUR. Liderul forma\u021biunii a calificat aceast\u0103 pozi\u021bie drept \u201eneconstitu\u021bional\u0103\u201d.<\/p>\n<p>\u00cen ceea ce prive\u0219te scenariile politice viitoare, Simion a evitat s\u0103 avanseze nume pentru func\u021bia de premier sau s\u0103 discute posibile coali\u021bii. Acesta a reiterat \u00eens\u0103 obiectivul politic principal al AUR: declan\u0219area alegerilor anticipate. Potrivit acestuia, inclusiv partide precum PNL \u0219i USR au exprimat, la nivel declarativ, sprijin pentru aceast\u0103 op\u021biune, ceea ce ar putea indica existen\u021ba unei majorit\u0103\u021bi parlamentare favorabile.<\/p>\n<p>P\u00e2n\u0103 la votul mo\u021biunii, programat pentru 5 mai, liderul AUR a precizat c\u0103 nu va face declara\u021bii suplimentare despre PSD, concentr\u00e2ndu-se exclusiv pe demiterea Guvernului Bolojan.<\/p>\n<p>De cealalt\u0103 parte, liderii PSD nu au sus\u021binut declara\u021bii publice, aleg\u00e2nd s\u0103 transmit\u0103 pozi\u021bia oficial\u0103 printr-un comunicat de pres\u0103. Social-democra\u021bii sus\u021bin c\u0103 au reu\u0219it s\u0103 coaguleze o majoritate parlamentar\u0103 \u00een jurul mo\u021biunii \u0219i argumenteaz\u0103 c\u0103 demersul este necesar pentru \u201eo schimbare profund\u0103 \u00een modul de guvernare\u201d.<\/p>\n<p>\u00cen documentul oficial, PSD acuz\u0103 Guvernul Bolojan de lips\u0103 de legitimitate \u0219i de blocaje institu\u021bionale, sus\u021bin\u00e2nd c\u0103 politicile promovate \u00een ultimele luni au contribuit la deteriorarea situa\u021biei economice. Potrivit social-democra\u021bilor, Rom\u00e2nia se confrunt\u0103 cu sc\u0103dere economic\u0103, diminuarea consumului \u0219i reducerea puterii de cump\u0103rare, pe fondul cre\u0219terii infla\u021biei.<\/p>\n<p>PSD mai afirm\u0103 c\u0103 Executivul nu a reu\u0219it s\u0103 implementeze reforme reale \u0219i acuz\u0103 m\u0103surile fiscale adoptate de guvern c\u0103 au afectat popula\u021bia \u0219i mediul de afaceri, \u00een special \u00eentreprinderile mici \u0219i mijlocii.<\/p>\n<p>Social-democra\u021bii consider\u0103 c\u0103 demiterea premierului prin mo\u021biune de cenzur\u0103 este un mecanism democratic necesar pentru deblocarea situa\u021biei politice \u0219i pentru formarea unui nou guvern capabil s\u0103 gestioneze provoc\u0103rile economice \u0219i geopolitice actuale.<\/p>\n<p>Votul din Parlament va fi decisiv pentru viitorul Executivului \u0219i ar putea redesena echilibrul politic \u00een perioada urm\u0103toare.<\/p>\n<\/div>\n<footer>\n<div class=\"td-post-source-tags\">\n<ul class=\"td-tags td-post-small-box clearfix\">\n<li><span>ETICHETE<\/span><\/li>\n<li><a href=\"https:\/\/orasul-timisoara.ro\/local-tag\/alegeri-anticipate\/\">alegeri anticipate<\/a><\/li>\n<li><a href=\"https:\/\/orasul-timisoara.ro\/local-tag\/criza-politica\/\">criz\u0103 politic\u0103<\/a><\/li>\n<li><a href=\"https:\/\/orasul-timisoara.ro\/local-tag\/economie-romania\/\">economie Rom\u00e2nia<\/a><\/li>\n<li><a href=\"https:\/\/orasul-timisoara.ro\/local-tag\/george-simion\/\">george simion<\/a><\/li>\n<li><a href=\"https:\/\/orasul-timisoara.ro\/local-tag\/guvernul-bolojan\/\">guvernul bolojan<\/a><\/li>\n<li><a href=\"https:\/\/orasul-timisoara.ro\/local-tag\/motiune-de-cenzura-2\/\">mo\u021biune de cenzur\u0103<\/a><\/li>\n<li><a href=\"https:\/\/orasul-timisoara.ro\/local-tag\/parlament-romania-2\/\">Parlament Rom\u00e2nia<\/a><\/li>\n<li><a href=\"https:\/\/orasul-timisoara.ro\/local-tag\/politica-romania-2\/\">politic\u0103 Rom\u00e2nia<\/a><\/li>\n<li><a href=\"https:\/\/orasul-timisoara.ro\/local-tag\/psd-aur\/\">PSD AUR<\/a><\/li>\n<\/ul>\n<\/div>\n<div class=\"td-post-sharing-bottom\">\n<div id=\"td_social_sharing_article_bottom\" class=\"td-post-sharing td-ps-bg td-ps-notext td-post-sharing-style1 \">\n<div class=\"td-post-sharing-visible\"><a class=\"td-social-sharing-button td-social-sharing-button-js td-social-network td-social-facebook\" href=\"https:\/\/www.facebook.com\/sharer.php?u=https%3A%2F%2Forasul-timisoara.ro%2Flocal-38457%2F\" title=\"Facebook\"><\/p>\n<div class=\"td-social-but-text\">Facebook<\/div>\n<p><\/a><a class=\"td-social-sharing-button td-social-sharing-button-js td-social-network td-social-twitter\" href=\"https:\/\/twitter.com\/intent\/tweet?text=Mo%C8%9Biune+de+cenzur%C4%83+PSD-AUR+%C3%AEmpotriva+Guvernului+Bolojan%3A+251+de+parlamentari+sus%C8%9Bin+demiterea+Executivului&amp;url=https%3A%2F%2Forasul-timisoara.ro%2Flocal-38457%2F&amp;via=orasultm\" title=\"Twitter\"><\/p>\n<div class=\"td-social-but-text\">Twitter<\/div>\n<p><\/a><a class=\"td-social-sharing-button td-social-sharing-button-js td-social-network td-social-whatsapp\" href=\"https:\/\/api.whatsapp.com\/send?text=Mo%C8%9Biune+de+cenzur%C4%83+PSD-AUR+%C3%AEmpotriva+Guvernului+Bolojan%3A+251+de+parlamentari+sus%C8%9Bin+demiterea+Executivului%20%0A%0A%20https:\/\/orasul-timisoara.ro\/local-38457\/\" title=\"WhatsApp\"><\/p>\n<div class=\"td-social-but-text\">WhatsApp<\/div>\n<p><\/a><a class=\"td-social-sharing-button td-social-sharing-button-js td-social-network td-social-linkedin\" href=\"https:\/\/www.linkedin.com\/shareArticle?mini=true&amp;url=https:\/\/orasul-timisoara.ro\/local-38457\/&amp;title=Mo%C8%9Biune+de+cenzur%C4%83+PSD-AUR+%C3%AEmpotriva+Guvernului+Bolojan%3A+251+de+parlamentari+sus%C8%9Bin+demiterea+Executivului\" title=\"Linkedin\"><\/p>\n<div class=\"td-social-but-text\">Linkedin<\/div>\n<p><\/a><a class=\"td-social-sharing-button td-social-sharing-button-js td-social-network td-social-reddit\" href=\"https:\/\/reddit.com\/submit?url=https:\/\/orasul-timisoara.ro\/local-38457\/&amp;title=Mo%C8%9Biune+de+cenzur%C4%83+PSD-AUR+%C3%AEmpotriva+Guvernului+Bolojan%3A+251+de+parlamentari+sus%C8%9Bin+demiterea+Executivului\" title=\"ReddIt\"><\/p>\n<div class=\"td-social-but-text\">ReddIt<\/div>\n<p><\/a><a class=\"td-social-sharing-button td-social-sharing-button-js td-social-network td-social-mail\" href=\"mailto:?subject=Mo%C8%9Biune%20de%20cenzur%C4%83%20PSD-AUR%20%C3%AEmpotriva%20Guvernului%20Bolojan:%20251%20de%20parlamentari%20sus%C8%9Bin%20demiterea%20Executivului&amp;body=https:\/\/orasul-timisoara.ro\/local-38457\/\" title=\"Email\"><\/p>\n<div class=\"td-social-but-text\">Email<\/div>\n<p><\/a><a class=\"td-social-sharing-button td-social-sharing-button-js td-social-network td-social-print\" href=\"https:\/\/orasul-timisoara.ro\/local-38457\/\" title=\"Print\"><\/p>\n<div class=\"td-social-but-text\">Print<\/div>\n<p><\/a><\/div>\n<\/div>\n<\/div>\n<div class=\"td-block-row td-post-next-prev\">\n<div class=\"td-block-span6 td-post-prev-post\">\n<div class=\"td-post-next-prev-content\"><span>Articolul precedent<\/span><a href=\"https:\/\/orasul-timisoara.ro\/local-38454\/\">Marilen Gabriel Pirtea, rectorul UVT: \u201eUniversit\u0103\u021bile din Rom\u00e2nia \u00een era competen\u021belor, \u00eentre presiune demografic\u0103 \u0219i reinventare strategic\u0103\u201d<\/a><\/div>\n<\/div>\n<div class=\"td-block-span6 td-post-next-post\">\n<div class=\"td-post-next-prev-content\"><span>Articolul urm\u0103tor<\/span><a href=\"https:\/\/orasul-timisoara.ro\/local-38461\/\">Aproape 800 de ma\u0219ini abandonate, ridicate \u00een Timi\u0219oara: interven\u021bii continue ale Poli\u021biei Locale<\/a><\/div>\n<\/div>\n<\/div>\n<div class=\"td-author-name vcard author\"><span class=\"fn\"><a href=\"https:\/\/orasul-timisoara.ro\/author\/timisoara\/\">redactia<\/a><\/span><\/div>\n<p><span class=\"td-page-meta\"><\/span><span class=\"td-page-meta\"><span class=\"td-page-meta\"><\/span><\/span><span class=\"td-page-meta\"><\/span><\/footer>\n<\/article>\n<div class=\"td-post-content\">\n<div class=\"td-post-featured-image\"><img loading=\"lazy\" decoding=\"async\" width=\"696\" height=\"392\" class=\"entry-thumb\" src=\"https:\/\/orasul-timisoara.ro\/wp-content\/uploads\/2020\/09\/guvernul-romaniei-stand-696x392.jpg\" alt title=\"guvernul-romaniei-stand\"><\/div>\n<div class=\"td-post-sharing-top\">\n<div id=\"td_social_sharing_article_top\" class=\"td-post-sharing td-ps-bg td-ps-notext td-post-sharing-style1 \">\n<div class=\"td-post-sharing-visible\"><a class=\"td-social-sharing-button td-social-sharing-button-js td-social-network td-social-facebook\" href=\"https:\/\/www.facebook.com\/sharer.php?u=https%3A%2F%2Forasul-timisoara.ro%2Flocal-38457%2F\" title=\"Facebook\"><\/p>\n<div class=\"td-social-but-text\">Facebook<\/div>\n<p><\/a><a class=\"td-social-sharing-button td-social-sharing-button-js td-social-network td-social-twitter\" href=\"https:\/\/twitter.com\/intent\/tweet?text=Mo%C8%9Biune+de+cenzur%C4%83+PSD-AUR+%C3%AEmpotriva+Guvernului+Bolojan%3A+251+de+parlamentari+sus%C8%9Bin+demiterea+Executivului&amp;url=https%3A%2F%2Forasul-timisoara.ro%2Flocal-38457%2F&amp;via=orasultm\" title=\"Twitter\"><\/p>\n<div class=\"td-social-but-text\">Twitter<\/div>\n<p><\/a><a class=\"td-social-sharing-button td-social-sharing-button-js td-social-network td-social-whatsapp\" href=\"https:\/\/api.whatsapp.com\/send?text=Mo%C8%9Biune+de+cenzur%C4%83+PSD-AUR+%C3%AEmpotriva+Guvernului+Bolojan%3A+251+de+parlamentari+sus%C8%9Bin+demiterea+Executivului%20%0A%0A%20https:\/\/orasul-timisoara.ro\/local-38457\/\" title=\"WhatsApp\"><\/p>\n<div class=\"td-social-but-text\">WhatsApp<\/div>\n<p><\/a><a class=\"td-social-sharing-button td-social-sharing-button-js td-social-network td-social-linkedin\" href=\"https:\/\/www.linkedin.com\/shareArticle?mini=true&amp;url=https:\/\/orasul-timisoara.ro\/local-38457\/&amp;title=Mo%C8%9Biune+de+cenzur%C4%83+PSD-AUR+%C3%AEmpotriva+Guvernului+Bolojan%3A+251+de+parlamentari+sus%C8%9Bin+demiterea+Executivului\" title=\"Linkedin\"><\/p>\n<div class=\"td-social-but-text\">Linkedin<\/div>\n<p><\/a><a class=\"td-social-sharing-button td-social-sharing-button-js td-social-network td-social-reddit\" href=\"https:\/\/reddit.com\/submit?url=https:\/\/orasul-timisoara.ro\/local-38457\/&amp;title=Mo%C8%9Biune+de+cenzur%C4%83+PSD-AUR+%C3%AEmpotriva+Guvernului+Bolojan%3A+251+de+parlamentari+sus%C8%9Bin+demiterea+Executivului\" title=\"ReddIt\"><\/p>\n<div class=\"td-social-but-text\">ReddIt<\/div>\n<p><\/a><a class=\"td-social-sharing-button td-social-sharing-button-js td-social-network td-social-mail\" href=\"mailto:?subject=Mo%C8%9Biune%20de%20cenzur%C4%83%20PSD-AUR%20%C3%AEmpotriva%20Guvernului%20Bolojan:%20251%20de%20parlamentari%20sus%C8%9Bin%20demiterea%20Executivului&amp;body=https:\/\/orasul-timisoara.ro\/local-38457\/\" title=\"Email\"><\/p>\n<div class=\"td-social-but-text\">Email<\/div>\n<p><\/a><a class=\"td-social-sharing-button td-social-sharing-button-js td-social-network td-social-print\" href=\"https:\/\/orasul-timisoara.ro\/local-38457\/\" title=\"Print\"><\/p>\n<div class=\"td-social-but-text\">Print<\/div>\n<p><\/a><\/div>\n<\/div>\n<\/div>\n<p>Mo\u021biune de cenzur\u0103 cu miz\u0103 major\u0103 \u00een Parlamentul Rom\u00e2niei. Partidul Social Democrat \u0219i Alian\u021ba pentru Unirea Rom\u00e2nilor au depus mar\u021bi o ini\u021biativ\u0103 comun\u0103 pentru demiterea Guvernului condus de Ilie Bolojan. Potrivit datelor prezentate de liderul AUR, George Simion, mo\u021biunea este sus\u021binut\u0103 de 251 de parlamentari, un num\u0103r care ar putea asigura o majoritate la votul programat \u00een Parlament.<\/p>\n<p>De\u0219i documentul este rezultatul unei ac\u021biuni comune, doar liderul AUR a sus\u021binut declara\u021bii publice dup\u0103 depunerea mo\u021biunii. George Simion a insistat c\u0103 demersul este unul legitim \u0219i constitu\u021bional, subliniind rolul Parlamentului de a controla Executivul. Acesta a respins ferm ideea unei alian\u021be politice \u00eentre AUR \u0219i PSD, explic\u00e2nd c\u0103 sus\u021binerea mo\u021biunii reflect\u0103 o majoritate conjunctural\u0103, nu un parteneriat politic.<\/p>\n<p>\u201eExist\u0103 o majoritate a parlamentarilor care vor ca acest guvern s\u0103 plece\u201d, a afirmat Simion, cer\u00e2nd totodat\u0103 Executivului s\u0103 evite semnarea unor contracte importante, \u00een special \u00een domenii sensibile precum energia sau ap\u0103rarea, p\u00e2n\u0103 la votul mo\u021biunii.<\/p>\n<p>Liderul AUR a lansat \u0219i un avertisment c\u0103tre func\u021bionarii publici, sus\u021bin\u00e2nd c\u0103 orice decizie \u201eb\u0103nuit\u0103 de netransparen\u021b\u0103\u201d va fi analizat\u0103 \u0219i sanc\u021bionat\u0103 ulterior. \u00cen acela\u0219i timp, acesta a refuzat s\u0103 comenteze decizia PSD de a sus\u021bine mo\u021biunea \u00eempotriva propriului guvern, catalog\u00e2nd situa\u021bia drept \u201eo problem\u0103 intern\u0103\u201d a social-democra\u021bilor.<\/p>\n<p>\u00cen discursul s\u0103u, Simion a criticat \u0219i pozi\u021bia exprimat\u0103 de pre\u0219edintele Nicu\u0219or Dan, care a declarat anterior c\u0103 nu ar sus\u021bine formarea unui guvern sprijinit de AUR. Liderul forma\u021biunii a calificat aceast\u0103 pozi\u021bie drept \u201eneconstitu\u021bional\u0103\u201d.<\/p>\n<p>\u00cen ceea ce prive\u0219te scenariile politice viitoare, Simion a evitat s\u0103 avanseze nume pentru func\u021bia de premier sau s\u0103 discute posibile coali\u021bii. Acesta a reiterat \u00eens\u0103 obiectivul politic principal al AUR: declan\u0219area alegerilor anticipate. Potrivit acestuia, inclusiv partide precum PNL \u0219i USR au exprimat, la nivel declarativ, sprijin pentru aceast\u0103 op\u021biune, ceea ce ar putea indica existen\u021ba unei majorit\u0103\u021bi parlamentare favorabile.<\/p>\n<p>P\u00e2n\u0103 la votul mo\u021biunii, programat pentru 5 mai, liderul AUR a precizat c\u0103 nu va face declara\u021bii suplimentare despre PSD, concentr\u00e2ndu-se exclusiv pe demiterea Guvernului Bolojan.<\/p>\n<p>De cealalt\u0103 parte, liderii PSD nu au sus\u021binut declara\u021bii publice, aleg\u00e2nd s\u0103 transmit\u0103 pozi\u021bia oficial\u0103 printr-un comunicat de pres\u0103. Social-democra\u021bii sus\u021bin c\u0103 au reu\u0219it s\u0103 coaguleze o majoritate parlamentar\u0103 \u00een jurul mo\u021biunii \u0219i argumenteaz\u0103 c\u0103 demersul este necesar pentru \u201eo schimbare profund\u0103 \u00een modul de guvernare\u201d.<\/p>\n<p>\u00cen documentul oficial, PSD acuz\u0103 Guvernul Bolojan de lips\u0103 de legitimitate \u0219i de blocaje institu\u021bionale, sus\u021bin\u00e2nd c\u0103 politicile promovate \u00een ultimele luni au contribuit la deteriorarea situa\u021biei economice. Potrivit social-democra\u021bilor, Rom\u00e2nia se confrunt\u0103 cu sc\u0103dere economic\u0103, diminuarea consumului \u0219i reducerea puterii de cump\u0103rare, pe fondul cre\u0219terii infla\u021biei.<\/p>\n<p>PSD mai afirm\u0103 c\u0103 Executivul nu a reu\u0219it s\u0103 implementeze reforme reale \u0219i acuz\u0103 m\u0103surile fiscale adoptate de guvern c\u0103 au afectat popula\u021bia \u0219i mediul de afaceri, \u00een special \u00eentreprinderile mici \u0219i mijlocii.<\/p>\n<p>Social-democra\u021bii consider\u0103 c\u0103 demiterea premierului prin mo\u021biune de cenzur\u0103 este un mecanism democratic necesar pentru deblocarea situa\u021biei politice \u0219i pentru formarea unui nou guvern capabil s\u0103 gestioneze provoc\u0103rile economice \u0219i geopolitice actuale.<\/p>\n<p>Votul din Parlament va fi decisiv pentru viitorul Executivului \u0219i ar putea redesena echilibrul politic \u00een perioada urm\u0103toare.<\/p>\n<\/div>\n<p>[analyse_source url=&#8221;https:\/\/orasul-timisoara.ro\/local-38457\/&#8221;]<\/p>\n","protected":false},"excerpt":{"rendered":"<p>[analyse_image type=&#8221;featured&#8221; src=&#8221;https:\/\/orasul-timisoara.ro\/wp-content\/uploads\/2020\/09\/guvernul-romaniei-stand.jpghttps:\/\/orasul-timisoara.ro\/wp-content\/uploads\/2020\/09\/guvernul-romaniei-stand.jpg&#8221;] Politic Mo\u021biune de cenzur\u0103 PSD-AUR \u00eempotriva Guvernului Bolojan: 251 de parlamentari sus\u021bin demiterea Executivului De c\u0103tre redactia &#8211; 28\/04\/2026 Facebook Twitter WhatsApp Linkedin ReddIt Email Print Mo\u021biune de cenzur\u0103 cu miz\u0103 major\u0103 \u00een Parlamentul Rom\u00e2niei. Partidul Social Democrat \u0219i Alian\u021ba pentru Unirea Rom\u00e2nilor au depus mar\u021bi o ini\u021biativ\u0103 comun\u0103 pentru demiterea Guvernului [&hellip;]<\/p>\n","protected":false},"author":1,"featured_media":0,"comment_status":"open","ping_status":"","sticky":false,"template":"","format":"standard","meta":{"footnotes":""},"categories":[89],"tags":[226,189],"class_list":["post-1907906","post","type-post","status-publish","format-standard","hentry","category-romania","tag-crawlmanager","tag-orasul-timisoara-ro"],"_links":{"self":[{"href":"https:\/\/analyse.optim.biz\/index.php?rest_route=\/wp\/v2\/posts\/1907906","targetHints":{"allow":["GET"]}}],"collection":[{"href":"https:\/\/analyse.optim.biz\/index.php?rest_route=\/wp\/v2\/posts"}],"about":[{"href":"https:\/\/analyse.optim.biz\/index.php?rest_route=\/wp\/v2\/types\/post"}],"author":[{"embeddable":true,"href":"https:\/\/analyse.optim.biz\/index.php?rest_route=\/wp\/v2\/users\/1"}],"replies":[{"embeddable":true,"href":"https:\/\/analyse.optim.biz\/index.php?rest_route=%2Fwp%2Fv2%2Fcomments&post=1907906"}],"version-history":[{"count":0,"href":"https:\/\/analyse.optim.biz\/index.php?rest_route=\/wp\/v2\/posts\/1907906\/revisions"}],"wp:attachment":[{"href":"https:\/\/analyse.optim.biz\/index.php?rest_route=%2Fwp%2Fv2%2Fmedia&parent=1907906"}],"wp:term":[{"taxonomy":"category","embeddable":true,"href":"https:\/\/analyse.optim.biz\/index.php?rest_route=%2Fwp%2Fv2%2Fcategories&post=1907906"},{"taxonomy":"post_tag","embeddable":true,"href":"https:\/\/analyse.optim.biz\/index.php?rest_route=%2Fwp%2Fv2%2Ftags&post=1907906"}],"curies":[{"name":"wp","href":"https:\/\/api.w.org\/{rel}","templated":true}]}}