{"id":1907901,"date":"2026-04-28T16:26:55","date_gmt":"2026-04-28T13:26:55","guid":{"rendered":"https:\/\/analyse.optim.biz\/?p=1907901"},"modified":"2026-04-28T16:26:55","modified_gmt":"2026-04-28T13:26:55","slug":"stagiune-estivala-in-parcul-rozelor-teatru-opera-film-si-alphaville-la-timisoara","status":"publish","type":"post","link":"https:\/\/analyse.optim.biz\/?p=1907901","title":{"rendered":"Stagiune estival\u0103 \u00een Parcul Rozelor: teatru, oper\u0103, film \u0219i Alphaville la Timi\u0219oara"},"content":{"rendered":"<p>[analyse_image type=&#8221;featured&#8221; src=&#8221;https:\/\/orasul-timisoara.ro\/wp-content\/uploads\/2026\/04\/Afis-1.jpg&#8221;]<\/p>\n<article id=\"post-38488\" class=\"td-post-template-7 post-38488 post type-post status-publish format-standard has-post-thumbnail category-evenimente-in-timisoara category-featured category-stiri-timisoara tag-alphaville-concert tag-casa-de-cultura-2 tag-film-in-aer-liber tag-muzica-clasica tag-parcul-rozelor tag-stagiune-estivala tag-teatru-timisoara-2 tag-timisoara-evenimente td-container-wrap\">\n<div class=\"td-full-screen-header-image-wrap\">\n<div class=\"td-container td-post-header\">\n<div class=\"td-crumb-container\">\n<div class=\"entry-crumbs\"><span><a title=\"Vede\u021bi toate articolele \u00een Evenimente in Timisoara\" class=\"entry-crumb\" href=\"https:\/\/orasul-timisoara.ro\/local-category\/evenimente-in-timisoara\/\">Evenimente in Timisoara<\/a><\/span><span class=\"td-bred-no-url-last\">Stagiune estival\u0103 \u00een Parcul Rozelor: teatru, oper\u0103, film \u0219i Alphaville la Timi\u0219oara<\/span><\/div>\n<\/div>\n<div class=\"td-post-header-holder\">\n<div class=\"td-parallax-header\">\n<header class=\"td-post-title\">\n<ul class=\"td-category\">\n<li class=\"entry-category\"><a href=\"https:\/\/orasul-timisoara.ro\/local-category\/evenimente-in-timisoara\/\">Evenimente in Timisoara<\/a><\/li>\n<li class=\"entry-category\"><a href=\"https:\/\/orasul-timisoara.ro\/local-category\/stiri-timisoara\/\">\u0218tiri Locale<\/a><\/li>\n<\/ul>\n<h1 class=\"entry-title\">Stagiune estival\u0103 \u00een Parcul Rozelor: teatru, oper\u0103, film \u0219i Alphaville la Timi\u0219oara<\/h1>\n<div class=\"td-module-meta-info\">\n<div class=\"td-post-author-name\">\n<div class=\"td-author-by\">De c\u0103tre<\/div>\n<p><a href=\"https:\/\/orasul-timisoara.ro\/author\/timisoara\/\">redactia<\/a><\/p>\n<div class=\"td-author-line\"> &#8211; <\/div>\n<\/div>\n<p><span class=\"td-post-date\"><time class=\"entry-date updated td-module-date\" datetime=\"2026-04-28T19:26:55+03:00\">28\/04\/2026<\/time><\/span><\/div>\n<\/header>\n<\/div>\n<\/div>\n<\/div>\n<div id=\"td-full-screen-header-image\" class=\"td-image-gradient-style7\"><img decoding=\"async\" class=\"td-backstretch\" src=\"https:\/\/orasul-timisoara.ro\/wp-content\/uploads\/2026\/04\/Afis-1.jpg\"><\/div>\n<\/div>\n<div class=\"td-container\">\n<div class=\"td-pb-row\">\n<div class=\"td-pb-span8 td-main-content\" role=\"main\">\n<div class=\"td-ss-main-content\">\n<div class=\"td-post-sharing-top\">\n<div class=\"td-post-sharing-classic\"><iframe title=\"topFacebookLike\" frameborder src=\"https:\/\/www.facebook.com\/plugins\/like.php?href=https:\/\/orasul-timisoara.ro\/local-38488\/&amp;layout=button_count&amp;show_faces=false&amp;width=105&amp;action=like&amp;colorscheme=light&amp;height=21\"><\/iframe><\/div>\n<div id=\"td_social_sharing_article_top\" class=\"td-post-sharing td-ps-bg td-ps-notext td-post-sharing-style1 \">\n<div class=\"td-post-sharing-visible\"><a class=\"td-social-sharing-button td-social-sharing-button-js td-social-network td-social-facebook\" href=\"https:\/\/www.facebook.com\/sharer.php?u=https%3A%2F%2Forasul-timisoara.ro%2Flocal-38488%2F\" title=\"Facebook\"><\/p>\n<div class=\"td-social-but-text\">Facebook<\/div>\n<p><\/a><a class=\"td-social-sharing-button td-social-sharing-button-js td-social-network td-social-twitter\" href=\"https:\/\/twitter.com\/intent\/tweet?text=Stagiune+estival%C4%83+%C3%AEn+Parcul+Rozelor%3A+teatru%2C+oper%C4%83%2C+film+%C8%99i+Alphaville+la+Timi%C8%99oara&amp;url=https%3A%2F%2Forasul-timisoara.ro%2Flocal-38488%2F&amp;via=orasultm\" title=\"Twitter\"><\/p>\n<div class=\"td-social-but-text\">Twitter<\/div>\n<p><\/a><a class=\"td-social-sharing-button td-social-sharing-button-js td-social-network td-social-whatsapp\" href=\"https:\/\/api.whatsapp.com\/send?text=Stagiune+estival%C4%83+%C3%AEn+Parcul+Rozelor%3A+teatru%2C+oper%C4%83%2C+film+%C8%99i+Alphaville+la+Timi%C8%99oara%20%0A%0A%20https:\/\/orasul-timisoara.ro\/local-38488\/\" title=\"WhatsApp\"><\/p>\n<div class=\"td-social-but-text\">WhatsApp<\/div>\n<p><\/a><a class=\"td-social-sharing-button td-social-sharing-button-js td-social-network td-social-linkedin\" href=\"https:\/\/www.linkedin.com\/shareArticle?mini=true&amp;url=https:\/\/orasul-timisoara.ro\/local-38488\/&amp;title=Stagiune+estival%C4%83+%C3%AEn+Parcul+Rozelor%3A+teatru%2C+oper%C4%83%2C+film+%C8%99i+Alphaville+la+Timi%C8%99oara\" title=\"Linkedin\"><\/p>\n<div class=\"td-social-but-text\">Linkedin<\/div>\n<p><\/a><a class=\"td-social-sharing-button td-social-sharing-button-js td-social-network td-social-reddit\" href=\"https:\/\/reddit.com\/submit?url=https:\/\/orasul-timisoara.ro\/local-38488\/&amp;title=Stagiune+estival%C4%83+%C3%AEn+Parcul+Rozelor%3A+teatru%2C+oper%C4%83%2C+film+%C8%99i+Alphaville+la+Timi%C8%99oara\" title=\"ReddIt\"><\/p>\n<div class=\"td-social-but-text\">ReddIt<\/div>\n<p><\/a><a class=\"td-social-sharing-button td-social-sharing-button-js td-social-network td-social-mail\" href=\"mailto:?subject=Stagiune%20estival%C4%83%20%C3%AEn%20Parcul%20Rozelor:%20teatru,%20oper%C4%83,%20film%20%C8%99i%20Alphaville%20la%20Timi%C8%99oara&amp;body=https:\/\/orasul-timisoara.ro\/local-38488\/\" title=\"Email\"><\/p>\n<div class=\"td-social-but-text\">Email<\/div>\n<p><\/a><a class=\"td-social-sharing-button td-social-sharing-button-js td-social-network td-social-print\" href=\"https:\/\/orasul-timisoara.ro\/local-38488\/\" title=\"Imprimare\"><\/p>\n<div class=\"td-social-but-text\">Imprimare<\/div>\n<p><\/a><\/div>\n<\/div>\n<\/div>\n<div class=\"td-post-content tagdiv-type\">\n<p>Vara cultural\u0103 prinde contur la Parcul Rozelor, unde Prim\u0103ria Municipiului Timi\u0219oara, prin Casa de Cultur\u0103 a Municipiului Timi\u0219oara, lanseaz\u0103 prima edi\u021bie a unei stagiuni estivale dedicate artei \u00een aer liber. Evenimentul se va desf\u0103\u0219ura \u00een perioada 18\u201321 iunie 2026 \u0219i propune conceptul \u201e4 zile, 4 arte \u0219i un ora\u0219\u201d, reunind teatru, muzic\u0103 clasic\u0103, film \u0219i pop interna\u021bional.<\/p>\n<p>Programul \u00eencepe joi, 18 iunie, cu spectacolul de teatru \u201ePe o p\u00e2nz\u0103 de p\u0103ianjen\u201d, semnat de Alexandru Popa, \u00eentr-o distribu\u021bie de marc\u0103: Medeea Marinescu, Vlad Zamfirescu, Mirela Opri\u0219or, Andi Vasluianu \u0219i Diana Roman. Regia este semnat\u0103 de Vlad Zamfirescu, iar scenografia de M\u0103d\u0103lina Marinescu.<\/p>\n<p>Vineri, 19 iunie, scena din Parcul Rozelor va g\u0103zdui un concert vocal-simfonic de excep\u021bie, \u201eThe Blessed Voices\u201d, cu trei soprane de renume interna\u021bional: Elena Mo\u0219uc, Montserrat Mart\u00ed Caball\u00e9 \u0219i Laura Bretan. Acestea vor fi acompaniate de orchestr\u0103 sub bagheta dirijorului Tiberiu Drago\u0219 Oprea.<\/p>\n<p>S\u00e2mb\u0103t\u0103, 20 iunie, publicul este invitat la o sear\u0103 de film \u00een aer liber, cu proiec\u021bia produc\u021biei Whiplash, regizat\u0103 de Damien Chazelle. Filmul, recomandat persoanelor peste 16 ani, spune povestea unui t\u00e2n\u0103r muzician ambi\u021bios \u0219i a rela\u021biei sale intense cu mentorul s\u0103u.<\/p>\n<p>Stagiunea se \u00eencheie duminic\u0103, 21 iunie, cu un concert sus\u021binut de celebra trup\u0103 Alphaville, cunoscut\u0103 pentru hituri precum \u201eForever Young\u201d \u0219i \u201eBig in Japan\u201d, un moment a\u0219teptat s\u0103 aduc\u0103 \u00eempreun\u0103 mai multe genera\u021bii de spectatori.<\/p>\n<p>Accesul la spectacolele din 18, 19 \u0219i 21 iunie se face pe baz\u0103 de bilet sau abonament, disponibile online \u0219i la sediul Casei de Cultur\u0103. Pre\u021burile variaz\u0103 \u00eentre 200 \u0219i 500 de lei pentru bilete individuale, \u00een func\u021bie de categorie, iar abonamentele pentru toate cele trei seri pornesc de la 600 de lei. Intrarea la proiec\u021bia de film din 20 iunie este liber\u0103, \u00een limita locurilor disponibile.<\/p>\n<p>Evenimentele \u00eencep la ora 20:30, iar accesul publicului este permis \u00eentre 19:30 \u0219i 20:15.<\/p>\n<p>Prin aceast\u0103 ini\u021biativ\u0103, autorit\u0103\u021bile locale \u00ee\u0219i propun s\u0103 transforme Parcul Rozelor \u00eentr-un punct central al vie\u021bii culturale estivale din Timi\u0219oara, oferind un program divers \u0219i accesibil publicului larg.<\/p>\n<\/div>\n<footer>\n<div class=\"td-post-source-tags\">\n<ul class=\"td-tags td-post-small-box clearfix\">\n<li><span>ETICHETE<\/span><\/li>\n<li><a href=\"https:\/\/orasul-timisoara.ro\/local-tag\/alphaville-concert\/\">Alphaville concert<\/a><\/li>\n<li><a href=\"https:\/\/orasul-timisoara.ro\/local-tag\/casa-de-cultura-2\/\">Casa de Cultur\u0103<\/a><\/li>\n<li><a href=\"https:\/\/orasul-timisoara.ro\/local-tag\/film-in-aer-liber\/\">film \u00een aer liber<\/a><\/li>\n<li><a href=\"https:\/\/orasul-timisoara.ro\/local-tag\/muzica-clasica\/\">muzic\u0103 clasic\u0103<\/a><\/li>\n<li><a href=\"https:\/\/orasul-timisoara.ro\/local-tag\/parcul-rozelor\/\">parcul rozelor<\/a><\/li>\n<li><a href=\"https:\/\/orasul-timisoara.ro\/local-tag\/stagiune-estivala\/\">stagiune estival\u0103<\/a><\/li>\n<li><a href=\"https:\/\/orasul-timisoara.ro\/local-tag\/teatru-timisoara-2\/\">teatru Timi\u0219oara<\/a><\/li>\n<li><a href=\"https:\/\/orasul-timisoara.ro\/local-tag\/timisoara-evenimente\/\">Timi\u0219oara evenimente<\/a><\/li>\n<\/ul>\n<\/div>\n<div class=\"td-post-sharing-bottom\">\n<div class=\"td-post-sharing-classic\"><iframe title=\"bottomFacebookLike\" frameborder src=\"https:\/\/www.facebook.com\/plugins\/like.php?href=https:\/\/orasul-timisoara.ro\/local-38488\/&amp;layout=button_count&amp;show_faces=false&amp;width=105&amp;action=like&amp;colorscheme=light&amp;height=21\"><\/iframe><\/div>\n<div id=\"td_social_sharing_article_bottom\" class=\"td-post-sharing td-ps-bg td-ps-notext td-post-sharing-style1 \">\n<div class=\"td-post-sharing-visible\"><a class=\"td-social-sharing-button td-social-sharing-button-js td-social-network td-social-facebook\" href=\"https:\/\/www.facebook.com\/sharer.php?u=https%3A%2F%2Forasul-timisoara.ro%2Flocal-38488%2F\" title=\"Facebook\"><\/p>\n<div class=\"td-social-but-text\">Facebook<\/div>\n<p><\/a><a class=\"td-social-sharing-button td-social-sharing-button-js td-social-network td-social-twitter\" href=\"https:\/\/twitter.com\/intent\/tweet?text=Stagiune+estival%C4%83+%C3%AEn+Parcul+Rozelor%3A+teatru%2C+oper%C4%83%2C+film+%C8%99i+Alphaville+la+Timi%C8%99oara&amp;url=https%3A%2F%2Forasul-timisoara.ro%2Flocal-38488%2F&amp;via=orasultm\" title=\"Twitter\"><\/p>\n<div class=\"td-social-but-text\">Twitter<\/div>\n<p><\/a><a class=\"td-social-sharing-button td-social-sharing-button-js td-social-network td-social-whatsapp\" href=\"https:\/\/api.whatsapp.com\/send?text=Stagiune+estival%C4%83+%C3%AEn+Parcul+Rozelor%3A+teatru%2C+oper%C4%83%2C+film+%C8%99i+Alphaville+la+Timi%C8%99oara%20%0A%0A%20https:\/\/orasul-timisoara.ro\/local-38488\/\" title=\"WhatsApp\"><\/p>\n<div class=\"td-social-but-text\">WhatsApp<\/div>\n<p><\/a><a class=\"td-social-sharing-button td-social-sharing-button-js td-social-network td-social-linkedin\" href=\"https:\/\/www.linkedin.com\/shareArticle?mini=true&amp;url=https:\/\/orasul-timisoara.ro\/local-38488\/&amp;title=Stagiune+estival%C4%83+%C3%AEn+Parcul+Rozelor%3A+teatru%2C+oper%C4%83%2C+film+%C8%99i+Alphaville+la+Timi%C8%99oara\" title=\"Linkedin\"><\/p>\n<div class=\"td-social-but-text\">Linkedin<\/div>\n<p><\/a><a class=\"td-social-sharing-button td-social-sharing-button-js td-social-network td-social-reddit\" href=\"https:\/\/reddit.com\/submit?url=https:\/\/orasul-timisoara.ro\/local-38488\/&amp;title=Stagiune+estival%C4%83+%C3%AEn+Parcul+Rozelor%3A+teatru%2C+oper%C4%83%2C+film+%C8%99i+Alphaville+la+Timi%C8%99oara\" title=\"ReddIt\"><\/p>\n<div class=\"td-social-but-text\">ReddIt<\/div>\n<p><\/a><a class=\"td-social-sharing-button td-social-sharing-button-js td-social-network td-social-mail\" href=\"mailto:?subject=Stagiune%20estival%C4%83%20%C3%AEn%20Parcul%20Rozelor:%20teatru,%20oper%C4%83,%20film%20%C8%99i%20Alphaville%20la%20Timi%C8%99oara&amp;body=https:\/\/orasul-timisoara.ro\/local-38488\/\" title=\"Email\"><\/p>\n<div class=\"td-social-but-text\">Email<\/div>\n<p><\/a><a class=\"td-social-sharing-button td-social-sharing-button-js td-social-network td-social-print\" href=\"https:\/\/orasul-timisoara.ro\/local-38488\/\" title=\"Imprimare\"><\/p>\n<div class=\"td-social-but-text\">Imprimare<\/div>\n<p><\/a><\/div>\n<\/div>\n<\/div>\n<div class=\"td-block-row td-post-next-prev\">\n<div class=\"td-block-span6 td-post-prev-post\">\n<div class=\"td-post-next-prev-content\"><span>Articolul precedent<\/span><a href=\"https:\/\/orasul-timisoara.ro\/local-38482\/\">AnimaWings extinde zborurile din Timi\u0219oara: noi rute c\u0103tre Copenhaga \u0219i Rotterdam<\/a><\/div>\n<\/div>\n<\/div>\n<div class=\"td-author-name vcard author\"><span class=\"fn\"><a href=\"https:\/\/orasul-timisoara.ro\/author\/timisoara\/\">redactia<\/a><\/span><\/div>\n<p><span class=\"td-page-meta\"><\/span><span class=\"td-page-meta\"><span class=\"td-page-meta\"><\/span><\/span><span class=\"td-page-meta\"><\/span><\/footer>\n<div class=\"td_block_wrap td_block_related_posts tdi_3 td_with_ajax_pagination td-pb-border-top td_block_template_8\" data-td-block-uid=\"tdi_3\">\n<h4 class=\"td-related-title td-block-title\"><a id=\"tdi_4\" class=\"td-related-left td-cur-simple-item\" data-td_filter_value data-td_block_id=\"tdi_3\" href=\"https:\/\/orasul-timisoara.ro\/local-38488\/\">ARTICOLE SIMILARE<\/a><a id=\"tdi_5\" class=\"td-related-right\" data-td_filter_value=\"td_related_more_from_author\" data-td_block_id=\"tdi_3\" href=\"https:\/\/orasul-timisoara.ro\/local-38488\/\">DE LA ACELA\u0218I AUTOR<\/a><\/h4>\n<div id=\"tdi_3\" class=\"td_block_inner\">\n<div class=\"td-related-row\">\n<div class=\"td-related-span4\">\n<div class=\"td_module_related_posts td-animation-stack td_mod_related_posts\">\n<div class=\"td-module-image\">\n<div class=\"td-module-thumb\"><a href=\"https:\/\/orasul-timisoara.ro\/local-35867\/\" rel=\"bookmark\" class=\"td-image-wrap \" title=\"Concert comemorativ: \u201eNoi nu murim\u201d, omagiu Eroilor-Martiri. Intrarea gratuit\u0103\"><img loading=\"lazy\" decoding=\"async\" class=\"entry-thumb\" src=\"https:\/\/orasul-timisoara.ro\/wp-content\/uploads\/2025\/12\/599711924_1401223095171194_3090317433337327708_n-436x300.jpg\" alt title=\"Concert comemorativ: \u201eNoi nu murim\u201d, omagiu Eroilor-Martiri. Intrarea gratuit\u0103\" width=\"218\" height=\"150\"><\/a><\/div>\n<\/div>\n<div class=\"item-details\">\n<h3 class=\"entry-title td-module-title\"><a href=\"https:\/\/orasul-timisoara.ro\/local-35867\/\" rel=\"bookmark\" title=\"Concert comemorativ: \u201eNoi nu murim\u201d, omagiu Eroilor-Martiri. Intrarea gratuit\u0103\">Concert comemorativ: \u201eNoi nu murim\u201d, omagiu Eroilor-Martiri. Intrarea gratuit\u0103<\/a><\/h3>\n<\/div>\n<\/div>\n<\/div>\n<div class=\"td-related-span4\">\n<div class=\"td_module_related_posts td-animation-stack td_mod_related_posts\">\n<div class=\"td-module-image\">\n<div class=\"td-module-thumb\"><a href=\"https:\/\/orasul-timisoara.ro\/local-35082\/\" rel=\"bookmark\" class=\"td-image-wrap \" title=\"Expozi\u021bia \u201ePerspective\u201d de la Casa de Cultur\u0103 Timi\u0219oara redeschide dialogul dintre genera\u021bii despre 1989\"><img loading=\"lazy\" decoding=\"async\" class=\"entry-thumb\" src=\"https:\/\/orasul-timisoara.ro\/wp-content\/uploads\/2025\/11\/Afis-landscape-436x300.jpg\" alt title=\"Expozi\u021bia \u201ePerspective\u201d de la Casa de Cultur\u0103 Timi\u0219oara redeschide dialogul dintre genera\u021bii despre 1989\" width=\"218\" height=\"150\"><\/a><\/div>\n<\/div>\n<div class=\"item-details\">\n<h3 class=\"entry-title td-module-title\"><a href=\"https:\/\/orasul-timisoara.ro\/local-35082\/\" rel=\"bookmark\" title=\"Expozi\u021bia \u201ePerspective\u201d de la Casa de Cultur\u0103 Timi\u0219oara redeschide dialogul dintre genera\u021bii despre 1989\">Expozi\u021bia \u201ePerspective\u201d de la Casa de Cultur\u0103 Timi\u0219oara redeschide dialogul dintre genera\u021bii despre 1989<\/a><\/h3>\n<\/div>\n<\/div>\n<\/div>\n<div class=\"td-related-span4\">\n<div class=\"td_module_related_posts td-animation-stack td_mod_related_posts\">\n<div class=\"td-module-image\">\n<div class=\"td-module-thumb\"><a href=\"https:\/\/orasul-timisoara.ro\/local-34471\/\" rel=\"bookmark\" class=\"td-image-wrap \" title=\"T\u00e2rgul de Cr\u0103ciun Timi\u0219oara 2025 lanseaz\u0103 un parteneriat pentru restaurante \u0219i cafenele locale\"><img loading=\"lazy\" decoding=\"async\" class=\"entry-thumb\" src=\"https:\/\/orasul-timisoara.ro\/wp-content\/uploads\/2025\/09\/tm-targ-craciun-436x300.jpg\" alt title=\"T\u00e2rgul de Cr\u0103ciun Timi\u0219oara 2025 lanseaz\u0103 un parteneriat pentru restaurante \u0219i cafenele locale\" width=\"218\" height=\"150\"><\/a><\/div>\n<\/div>\n<div class=\"item-details\">\n<h3 class=\"entry-title td-module-title\"><a href=\"https:\/\/orasul-timisoara.ro\/local-34471\/\" rel=\"bookmark\" title=\"T\u00e2rgul de Cr\u0103ciun Timi\u0219oara 2025 lanseaz\u0103 un parteneriat pentru restaurante \u0219i cafenele locale\">T\u00e2rgul de Cr\u0103ciun Timi\u0219oara 2025 lanseaz\u0103 un parteneriat pentru restaurante \u0219i cafenele locale<\/a><\/h3>\n<\/div>\n<\/div>\n<\/div>\n<\/div>\n<\/div>\n<\/div>\n<div class=\"comments\" id=\"comments\">\n<div id=\"respond\" class=\"comment-respond\">\n<h3 id=\"reply-title\" class=\"comment-reply-title\">L\u0102SA\u021aI UN MESAJ<\/h3>\n<div class=\"comment-form-input-wrap td-form-comment\">\n<div class=\"td-warning-comment\">V\u0103 rug\u0103m s\u0103 introduce\u021bi comentariul dvs.!<\/div>\n<\/div>\n<div class=\"comment-form-input-wrap td-form-author\">\n<div class=\"td-warning-author\">Introduce\u021bi aici numele dvs.<\/div>\n<\/div>\n<div class=\"comment-form-input-wrap td-form-email\">\n<div class=\"td-warning-email-error\">A\u021bi introdus o adres\u0103 de e-mail incorect\u0103!<\/div>\n<div class=\"td-warning-email\">V\u0103 rug\u0103m s\u0103 introduce\u021bi adresa dvs. de e-mail aici<\/div>\n<\/div>\n<\/div>\n<p class=\"akismet_comment_form_privacy_notice\">Acest site folose\u0219te Akismet pentru a reduce spamul. <a href=\"https:\/\/akismet.com\/privacy\/\" target=\"_blank\" rel=\"nofollow noopener\">Afl\u0103 cum sunt procesate datele comentariilor tale<\/a>.<\/p>\n<\/div>\n<\/div>\n<\/div>\n<div class=\"td-pb-span4 td-main-sidebar\" role=\"complementary\">\n<div class=\"td-ss-main-sidebar\">\n<aside id=\"block-4\" class=\"td_block_template_8 widget block-4 widget_block widget_media_image\">\n<figure class=\"wp-block-image size-full\"><img loading=\"lazy\" decoding=\"async\" width=\"336\" height=\"280\" src=\"https:\/\/orasul-timisoara.ro\/wp-content\/uploads\/2024\/11\/ReTIM-Abonamentul-Verde-Google-Ads-336x280px.gif\" alt class=\"wp-image-29257\"><\/figure>\n<\/aside>\n<div class=\"td_block_wrap td_block_social_counter td_block_widget tdi_6 td-social-style5 td-social-boxed td-pb-border-top td_block_template_8\">\n<div class=\"td-block-title-wrap\">\n<h4 class=\"td-block-title\"><span>Urm\u0103re\u0219te-ne pe Social Media<\/span><\/h4>\n<\/div>\n<div class=\"td-social-list\">\n<div class=\"td_social_type td-pb-margin-side td_social_facebook\">\n<div class=\"td-social-box\"><span class=\"td_social_info td_social_info_counter\">344,595<\/span><span class=\"td_social_info td_social_info_name\">Fani<\/span><span class=\"td_social_button\"><a href=\"https:\/\/www.facebook.com\/247timisoara\" target=\"_blank\" rel=\"nofollow\">\u00cemi place<\/a><\/span><\/div>\n<\/div>\n<div class=\"td_social_type td-pb-margin-side td_social_instagram\">\n<div class=\"td-social-box\"><span class=\"td_social_info td_social_info_counter\">4,416<\/span><span class=\"td_social_info td_social_info_name\">Cititori<\/span><span class=\"td_social_button\"><a href=\"https:\/\/instagram.com\/orasultimisoararo\/\" target=\"_blank\" rel=\"nofollow\">Conecta\u021bi-v\u0103<\/a><\/span><\/div>\n<\/div>\n<div class=\"td_social_type td-pb-margin-side td_social_rss\">\n<div class=\"td-social-box\"><span class=\"td_social_info td_social_info_counter\">12,506<\/span><span class=\"td_social_info td_social_info_name\">Cititori<\/span><span class=\"td_social_button\"><a href=\"https:\/\/orasul-timisoara.ro\/feed\/\" target=\"_blank\" rel=\"nofollow\">Conecta\u021bi-v\u0103<\/a><\/span><\/div>\n<\/div>\n<div class=\"td_social_type td-pb-margin-side td_social_tiktok\">\n<div class=\"td-social-box\"><span class=\"td_social_info td_social_info_counter\">1,500<\/span><span class=\"td_social_info td_social_info_name\">Cititori<\/span><span class=\"td_social_button\"><a href=\"https:\/\/www.tiktok.com\/@orasultimisoara\" target=\"_blank\" rel=\"nofollow\">Conecta\u021bi-v\u0103<\/a><\/span><\/div>\n<\/div>\n<div class=\"td_social_type td-pb-margin-side td_social_twitter\">\n<div class=\"td-social-box\"><span class=\"td_social_info td_social_info_counter\">1,595<\/span><span class=\"td_social_info td_social_info_name\">Cititori<\/span><span class=\"td_social_button\"><a href=\"https:\/\/twitter.com\/orasultm\" target=\"_blank\" rel=\"nofollow\">Conecta\u021bi-v\u0103<\/a><\/span><\/div>\n<\/div>\n<div class=\"td_social_type td-pb-margin-side td_social_youtube\">\n<div class=\"td-social-box\"><span class=\"td_social_info td_social_info_counter\">3,506<\/span><span class=\"td_social_info td_social_info_name\">Abona\u021bi<\/span><span class=\"td_social_button\"><a href=\"https:\/\/www.youtube.com\/channel\/UCQNsQvs2XCSIm1Z-AHRturw?sub_confirmation=1\" target=\"_blank\" rel=\"nofollow\">Abona\u021bi-v\u0103<\/a><\/span><\/div>\n<\/div>\n<\/div>\n<\/div>\n<aside id=\"text-7\" class=\"td_block_template_8 widget text-7 widget_text\">\n<h4 class=\"td-block-title\"><span>C\u0103ut\u0103ri populare pe OTM<\/span><\/h4>\n<div class=\"textwidget\"><a href=\"https:\/\/orasul-timisoara.ro\/?s=timisoara\"><span>Timisoara<\/span><\/a><a href=\"https:\/\/orasul-timisoara.ro\/?s=calin+dobra\"><span>Calin Dobra<\/span><\/a><a href=\"https:\/\/orasul-timisoara.ro\/?s=primaria+timisoara\"><span>Primaria Timisoara<\/span><\/a><a href=\"https:\/\/orasul-timisoara.ro\/?s=dominic+fritz\"><span>Dominic Fritz<\/span><\/a><a href=\"https:\/\/orasul-timisoara.ro\/?s=nicolae+robu\"><span>Nicolae Robu<\/span><\/a><a href=\"https:\/\/orasul-timisoara.ro\/?s=consiliul+local+timisoara\">Consiliul Local Timisoara<\/a><a href=\"https:\/\/orasul-timisoara.ro\/?s=consiliul+judetean+timis\"><span>Consiliul Judetean Timis<\/span><\/a><a href=\"https:\/\/orasul-timisoara.ro\/?s=cjt\"><span>CJT<\/span><\/a><a href=\"https:\/\/orasul-timisoara.ro\/?s=Alfred+Simonis\"><span>Alfred Simonis<\/span><\/a><a href=\"https:\/\/orasul-timisoara.ro\/?s=PNL\"><span>PNL<\/span><\/a><a href=\"https:\/\/orasul-timisoara.ro\/?s=coronavirus\"><span>coronavirus<\/span><\/a><a href=\"https:\/\/orasul-timisoara.ro\/?s=teatru+timisoara\">teatru Timisoara<\/a><a href=\"https:\/\/orasul-timisoara.ro\/?s=restaurante\"><span>restaurante Timisoara<\/span><\/a><a href=\"https:\/\/orasul-timisoara.ro\/?s=diskoteka\"><span>Diskoteka<\/span><\/a><a href=\"https:\/\/orasul-timisoara.ro\/?s=iulius+town\"><span>Iulius Town<\/span><\/a><a href=\"https:\/\/orasul-timisoara.ro\/?s=iulius+mall\"><span>Iulius Mall<\/span><\/a><a href=\"https:\/\/orasul-timisoara.ro\/?s=stpt\"><span>STPT<\/span><\/a><a href=\"https:\/\/orasul-timisoara.ro\/?s=alin+nica\"><span>Alin Nica<\/span><\/a><a href=\"https:\/\/orasul-timisoara.ro\/?s=psd\"><span>PSD<\/span><\/a><a href=\"https:\/\/orasul-timisoara.ro\/?s=aeroport\"><span>Aeroportul International Timisoara<\/span><\/a><a href=\"https:\/\/orasul-timisoara.ro\/?s=babes\"><span>Spitalul Victor Babes Timisoara<\/span><\/a><a href=\"https:\/\/orasul-timisoara.ro\/?s=poli\"><span>Poli Timi\u0219oara<\/span><\/a><a href=\"https:\/\/orasul-timisoara.ro\/?s=carantina\"><span>carantina<\/span><\/a><a href=\"https:\/\/orasul-timisoara.ro\/?s=aquatim\"><span>Aquatim<\/span><\/a><a href=\"https:\/\/orasul-timisoara.ro\/local-category\/stiri-timisoara\/\"><span>Stiri Timisoara<\/span><\/a><a href=\"https:\/\/orasul-timisoara.ro\/local-category\/investitii-in-timisoara\/\"><span>Investi\u021bii in Timi\u0219oara<\/span><\/a><a href=\"https:\/\/orasul-timisoara.ro\/local-9463\/\"><span>shaorma<\/span><\/a><a href=\"https:\/\/orasul-timisoara.ro\/?s=trafic\"><span>trafic rutier<\/span><\/a><a href=\"https:\/\/orasul-timisoara.ro\/?s=politia\"><span>politia locala timisoara<\/span><\/a><a href=\"https:\/\/orasul-timisoara.ro\/?s=roxana\"><span>Roxana Iliescu<\/span><\/a><a href=\"https:\/\/orasul-timisoara.ro\/?s=colterm\"><span>Colterm<\/span><\/a><a href=\"https:\/\/orasul-timisoara.ro\/?s=latcau\"><span>Ruben La\u021bc\u0103u<\/span><\/a><a href=\"https:\/\/orasul-timisoara.ro\/?s=timis\"><span>\u0218tiri din Timi\u0219<\/span><\/a><a href=\"https:\/\/orasul-timisoara.ro\/?s=spital\"><span>Spitale din Timi\u0219oara<\/span><\/a><a href=\"https:\/\/orasul-timisoara.ro\/?s=tabara\"><span>Cosmin Tab\u0103r\u0103<\/span><\/a><\/div>\n<\/aside>\n<aside id=\"rss-2\" class=\"td_block_template_8 widget rss-2 widget_rss\">\n<h4 class=\"td-block-title\"><span><a class=\"rsswidget rss-widget-feed\" href=\"https:\/\/fashionfridays.ro\/feed\"><img decoding=\"async\" class=\"rss-widget-icon\" width=\"14\" height=\"14\" src=\"https:\/\/orasul-timisoara.ro\/wp-includes\/images\/rss.png\" alt=\"RSS\" loading=\"lazy\"><\/a><a class=\"rsswidget rss-widget-title\" href=\"https:\/\/fashionfridays.ro\/\">Fashion Fridays<\/a><\/span><\/h4>\n<ul>\n<li><a class=\"rsswidget\" href=\"https:\/\/fashionfridays.ro\/crocs-lanseaza-crocband-gum-clog-confort-iconic-cu-influente-retro-sport-pentru-primavara\/\">Crocs lanseaz\u0103 Crocband Gum Clog: confort iconic cu influen\u021be retro-sport pentru prim\u0103var\u0103<\/a>\n<div class=\"rssSummary\">Martie marcheaz\u0103 acel moment al anului \u00een care stilul \u00eencepe s\u0103 se relaxeze. Zilele devin mai lungi, ritmul ora\u0219ului se schimb\u0103, iar garderoba face tranzi\u021bia c\u0103tre piese care pun confortul pe primul loc, f\u0103r\u0103 s\u0103 renun\u021be la atitudine. Este sezonul \u00een care autenticitatea devine declara\u021bie de stil, iar alegerile vestimentare reflect\u0103 mai mult ca oric\u00e2nd [\u2026]<\/div>\n<\/li>\n<\/ul>\n<\/aside>\n<aside id=\"rss-4\" class=\"td_block_template_8 widget rss-4 widget_rss\">\n<h4 class=\"td-block-title\"><span><a class=\"rsswidget rss-widget-feed\" href=\"https:\/\/emasini.ro\/feed\"><img decoding=\"async\" class=\"rss-widget-icon\" width=\"14\" height=\"14\" src=\"https:\/\/orasul-timisoara.ro\/wp-includes\/images\/rss.png\" alt=\"RSS\" loading=\"lazy\"><\/a><a class=\"rsswidget rss-widget-title\" href=\"https:\/\/emasini.ro\/\">eMasini<\/a><\/span><\/h4>\n<ul>\n<li><a class=\"rsswidget\" href=\"https:\/\/emasini.ro\/traficul-rutier-sub-analiza-recensamant-national-pentru-modernizarea-infrastructurii\/\">Traficul rutier, sub analiz\u0103: recens\u0103m\u00e2nt na\u021bional pentru modernizarea infrastructurii<\/a>\n<div class=\"rssSummary\">Compania Na\u021bional\u0103 de Administrare a Infrastructurii Rutiere, prin Centrul de Studii Tehnice Rutiere \u0219i Informatic\u0103, preg\u0103te\u0219te una dintre cele mai importante ac\u021biuni de colectare de date din domeniul transporturilor: Recens\u0103m\u00e2ntul General de Circula\u021bie Rutier\u0103. Demersul are un rol strategic \u00een fundamentarea deciziilor privind dezvoltarea \u0219i modernizarea infrastructurii rutiere din Rom\u00e2nia. Ac\u021biunea este coordonat\u0103 de CNAIR, [\u2026]<\/div>\n<\/li>\n<\/ul>\n<\/aside>\n<\/div>\n<\/div>\n<\/div>\n<\/div>\n<\/article>\n<div class=\"td-post-content tagdiv-type\">\n<p>Vara cultural\u0103 prinde contur la Parcul Rozelor, unde Prim\u0103ria Municipiului Timi\u0219oara, prin Casa de Cultur\u0103 a Municipiului Timi\u0219oara, lanseaz\u0103 prima edi\u021bie a unei stagiuni estivale dedicate artei \u00een aer liber. Evenimentul se va desf\u0103\u0219ura \u00een perioada 18\u201321 iunie 2026 \u0219i propune conceptul \u201e4 zile, 4 arte \u0219i un ora\u0219\u201d, reunind teatru, muzic\u0103 clasic\u0103, film \u0219i pop interna\u021bional.<\/p>\n<p>Programul \u00eencepe joi, 18 iunie, cu spectacolul de teatru \u201ePe o p\u00e2nz\u0103 de p\u0103ianjen\u201d, semnat de Alexandru Popa, \u00eentr-o distribu\u021bie de marc\u0103: Medeea Marinescu, Vlad Zamfirescu, Mirela Opri\u0219or, Andi Vasluianu \u0219i Diana Roman. Regia este semnat\u0103 de Vlad Zamfirescu, iar scenografia de M\u0103d\u0103lina Marinescu.<\/p>\n<p>Vineri, 19 iunie, scena din Parcul Rozelor va g\u0103zdui un concert vocal-simfonic de excep\u021bie, \u201eThe Blessed Voices\u201d, cu trei soprane de renume interna\u021bional: Elena Mo\u0219uc, Montserrat Mart\u00ed Caball\u00e9 \u0219i Laura Bretan. Acestea vor fi acompaniate de orchestr\u0103 sub bagheta dirijorului Tiberiu Drago\u0219 Oprea.<\/p>\n<p>S\u00e2mb\u0103t\u0103, 20 iunie, publicul este invitat la o sear\u0103 de film \u00een aer liber, cu proiec\u021bia produc\u021biei Whiplash, regizat\u0103 de Damien Chazelle. Filmul, recomandat persoanelor peste 16 ani, spune povestea unui t\u00e2n\u0103r muzician ambi\u021bios \u0219i a rela\u021biei sale intense cu mentorul s\u0103u.<\/p>\n<p>Stagiunea se \u00eencheie duminic\u0103, 21 iunie, cu un concert sus\u021binut de celebra trup\u0103 Alphaville, cunoscut\u0103 pentru hituri precum \u201eForever Young\u201d \u0219i \u201eBig in Japan\u201d, un moment a\u0219teptat s\u0103 aduc\u0103 \u00eempreun\u0103 mai multe genera\u021bii de spectatori.<\/p>\n<p>Accesul la spectacolele din 18, 19 \u0219i 21 iunie se face pe baz\u0103 de bilet sau abonament, disponibile online \u0219i la sediul Casei de Cultur\u0103. Pre\u021burile variaz\u0103 \u00eentre 200 \u0219i 500 de lei pentru bilete individuale, \u00een func\u021bie de categorie, iar abonamentele pentru toate cele trei seri pornesc de la 600 de lei. Intrarea la proiec\u021bia de film din 20 iunie este liber\u0103, \u00een limita locurilor disponibile.<\/p>\n<p>Evenimentele \u00eencep la ora 20:30, iar accesul publicului este permis \u00eentre 19:30 \u0219i 20:15.<\/p>\n<p>Prin aceast\u0103 ini\u021biativ\u0103, autorit\u0103\u021bile locale \u00ee\u0219i propun s\u0103 transforme Parcul Rozelor \u00eentr-un punct central al vie\u021bii culturale estivale din Timi\u0219oara, oferind un program divers \u0219i accesibil publicului larg.<\/p>\n<\/div>\n<p>[analyse_source url=&#8221;https:\/\/orasul-timisoara.ro\/local-38488\/&#8221;]<\/p>\n","protected":false},"excerpt":{"rendered":"<p>[analyse_image type=&#8221;featured&#8221; src=&#8221;https:\/\/orasul-timisoara.ro\/wp-content\/uploads\/2026\/04\/Afis-1.jpg&#8221;] Evenimente in TimisoaraStagiune estival\u0103 \u00een Parcul Rozelor: teatru, oper\u0103, film \u0219i Alphaville la Timi\u0219oara Evenimente in Timisoara \u0218tiri Locale Stagiune estival\u0103 \u00een Parcul Rozelor: teatru, oper\u0103, film \u0219i Alphaville la Timi\u0219oara De c\u0103tre redactia &#8211; 28\/04\/2026 Facebook Twitter WhatsApp Linkedin ReddIt Email Imprimare Vara cultural\u0103 prinde contur la Parcul Rozelor, unde Prim\u0103ria [&hellip;]<\/p>\n","protected":false},"author":1,"featured_media":0,"comment_status":"open","ping_status":"","sticky":false,"template":"","format":"standard","meta":{"footnotes":""},"categories":[89],"tags":[226,189],"class_list":["post-1907901","post","type-post","status-publish","format-standard","hentry","category-romania","tag-crawlmanager","tag-orasul-timisoara-ro"],"_links":{"self":[{"href":"https:\/\/analyse.optim.biz\/index.php?rest_route=\/wp\/v2\/posts\/1907901","targetHints":{"allow":["GET"]}}],"collection":[{"href":"https:\/\/analyse.optim.biz\/index.php?rest_route=\/wp\/v2\/posts"}],"about":[{"href":"https:\/\/analyse.optim.biz\/index.php?rest_route=\/wp\/v2\/types\/post"}],"author":[{"embeddable":true,"href":"https:\/\/analyse.optim.biz\/index.php?rest_route=\/wp\/v2\/users\/1"}],"replies":[{"embeddable":true,"href":"https:\/\/analyse.optim.biz\/index.php?rest_route=%2Fwp%2Fv2%2Fcomments&post=1907901"}],"version-history":[{"count":0,"href":"https:\/\/analyse.optim.biz\/index.php?rest_route=\/wp\/v2\/posts\/1907901\/revisions"}],"wp:attachment":[{"href":"https:\/\/analyse.optim.biz\/index.php?rest_route=%2Fwp%2Fv2%2Fmedia&parent=1907901"}],"wp:term":[{"taxonomy":"category","embeddable":true,"href":"https:\/\/analyse.optim.biz\/index.php?rest_route=%2Fwp%2Fv2%2Fcategories&post=1907901"},{"taxonomy":"post_tag","embeddable":true,"href":"https:\/\/analyse.optim.biz\/index.php?rest_route=%2Fwp%2Fv2%2Ftags&post=1907901"}],"curies":[{"name":"wp","href":"https:\/\/api.w.org\/{rel}","templated":true}]}}