{"id":1907894,"date":"2026-04-27T13:18:36","date_gmt":"2026-04-27T10:18:36","guid":{"rendered":"https:\/\/analyse.optim.biz\/?p=1907894"},"modified":"2026-04-27T13:18:36","modified_gmt":"2026-04-27T10:18:36","slug":"incendiu-violent-la-o-hala-si-un-adapost-de-animale-in-mitocu-dragomirnei-o-femeie-cu-arsuri-grave-transportata-la-spital","status":"publish","type":"post","link":"https:\/\/analyse.optim.biz\/?p=1907894","title":{"rendered":"Incendiu violent la o hal\u0103 \u0219i un ad\u0103post de animale \u00een Mitocu Dragomirnei. O femeie, cu arsuri grave, transportat\u0103 la spital"},"content":{"rendered":"<p>[analyse_image type=&#8221;featured&#8221; src=&#8221;https:\/\/www.newsbucovina.ro\/wp-content\/uploads\/2026\/04\/WhatsApp-Image-2026-04-27-at-16.22.09.jpeghttps:\/\/cdn.newsbucovina.ro\/wp-content\/uploads\/2026\/04\/WhatsApp-Image-2026-04-27-at-16.22.09.jpeg&#8221;]<\/p>\n<div class=\"td-post-content tagdiv-type\">\n<div class=\"td-a-rec td-a-rec-id-content_top  tdi_3 td_block_template_1\"><strong>Intr\u0103 acum \u0219i \u00een grupul de <\/p>\n<div class=\"wp-block-button\"><a class=\"wp-block-button__link wp-element-button\" href=\"https:\/\/t.me\/+TH8wcfnp8fw5NWI0\">Telegram News Bucovina<\/a><\/div>\n<p><\/strong><\/div>\n<p>Un incendiu de propor\u021bii s-a produs luni, 27 aprilie 2026, \u00een localitatea Mitocu Dragomirnei, afect\u00e2nd o hal\u0103 \u0219i un ad\u0103post de animale.<\/p>\n<p>Potrivit sublocotenent Radu Gabriel din cadrul ISU Suceava, la fa\u021ba locului au intervenit de urgen\u021b\u0103 pompierii militari din cadrul Deta\u0219amentului Suceava \u0219i cei ai Serviciului Voluntar pentru Situa\u021bii de Urgen\u021b\u0103 Mitocu Dragomirnei, cu patru autospeciale de stingere \u0219i o ambulan\u021b\u0103 SMURD B2.<\/p>\n<p>La sosirea echipajelor, incendiul se manifesta generalizat la hala respectiv\u0103 \u0219i la ad\u0103postul de animale, exist\u00e2nd pericol de propagare la alte construc\u021bii \u00eenvecinate.<\/p>\n<p>Echipajele de interven\u021bie au ac\u021bionat rapid pentru limitarea fl\u0103c\u0103rilor. Incendiul a fost localizat, iar pompierii lucreaz\u0103 \u00een continuare pentru lichidarea complet\u0103 a focului \u0219i \u00eendep\u0103rtarea efectelor.<\/p>\n<p>O femeie \u00een v\u00e2rst\u0103 de 36 de ani a suferit arsuri grave, pe aproximativ 35-40% din suprafa\u021ba corpului. Aceasta a fost transportat\u0103 de urgen\u021b\u0103 la spital de c\u0103tre echipajul SMURD pentru \u00eengrijiri medicale de specialitate.<\/p>\n<p>Cauza producerii incendiului \u0219i valoarea pagubelor urmeaz\u0103 s\u0103 fie stabilite de speciali\u0219ti.<\/p>\n<figure class=\"wp-block-embed is-type-video is-provider-youtube wp-block-embed-youtube wp-embed-aspect-9-16 wp-has-aspect-ratio\">\n<div class=\"wp-block-embed__wrapper\">\n<div class=\"youtube-embed\" data-video_id><iframe loading=\"lazy\" title=\"Cam t\u00e2rziu s\u0103 mai poat\u0103 face ceva pompierii \u2026 jale la Mitocu Dragomirnei!!!  #incendiu #suceava\" width=\"563\" height=\"1000\" src=\"https:\/\/www.youtube.com\/embed\/kXGY8v5b_Ok?feature=oembed&amp;enablejsapi=1\" frameborder allow=\"accelerometer; autoplay; clipboard-write; encrypted-media; gyroscope; picture-in-picture; web-share\" referrerpolicy=\"strict-origin-when-cross-origin\" allowfullscreen><\/iframe><\/div>\n<\/div>\n<\/figure>\n<div class=\"td-a-rec td-a-rec-id-content_bottom  tdi_4 td_block_template_1\"><strong>Intr\u0103 acum \u0219i \u00een grupul de <\/p>\n<div class=\"wp-block-button\"><a class=\"wp-block-button__link wp-element-button\" href=\"https:\/\/t.me\/+TH8wcfnp8fw5NWI0\">Telegram News Bucovina<\/a><\/div>\n<p><\/strong><\/div>\n<\/div>\n<div class=\"td-post-content tagdiv-type\">\n<div class=\"td-a-rec td-a-rec-id-content_top  tdi_3 td_block_template_1\"><strong>Intr\u0103 acum \u0219i \u00een grupul de <\/p>\n<div class=\"wp-block-button\"><a class=\"wp-block-button__link wp-element-button\" href=\"https:\/\/t.me\/+TH8wcfnp8fw5NWI0\">Telegram News Bucovina<\/a><\/div>\n<p><\/strong><\/div>\n<p>Un incendiu de propor\u021bii s-a produs luni, 27 aprilie 2026, \u00een localitatea Mitocu Dragomirnei, afect\u00e2nd o hal\u0103 \u0219i un ad\u0103post de animale.<\/p>\n<p>Potrivit sublocotenent Radu Gabriel din cadrul ISU Suceava, la fa\u021ba locului au intervenit de urgen\u021b\u0103 pompierii militari din cadrul Deta\u0219amentului Suceava \u0219i cei ai Serviciului Voluntar pentru Situa\u021bii de Urgen\u021b\u0103 Mitocu Dragomirnei, cu patru autospeciale de stingere \u0219i o ambulan\u021b\u0103 SMURD B2.<\/p>\n<p>La sosirea echipajelor, incendiul se manifesta generalizat la hala respectiv\u0103 \u0219i la ad\u0103postul de animale, exist\u00e2nd pericol de propagare la alte construc\u021bii \u00eenvecinate.<\/p>\n<p>Echipajele de interven\u021bie au ac\u021bionat rapid pentru limitarea fl\u0103c\u0103rilor. Incendiul a fost localizat, iar pompierii lucreaz\u0103 \u00een continuare pentru lichidarea complet\u0103 a focului \u0219i \u00eendep\u0103rtarea efectelor.<\/p>\n<p>O femeie \u00een v\u00e2rst\u0103 de 36 de ani a suferit arsuri grave, pe aproximativ 35-40% din suprafa\u021ba corpului. Aceasta a fost transportat\u0103 de urgen\u021b\u0103 la spital de c\u0103tre echipajul SMURD pentru \u00eengrijiri medicale de specialitate.<\/p>\n<p>Cauza producerii incendiului \u0219i valoarea pagubelor urmeaz\u0103 s\u0103 fie stabilite de speciali\u0219ti.<\/p>\n<figure class=\"wp-block-embed is-type-video is-provider-youtube wp-block-embed-youtube wp-embed-aspect-9-16 wp-has-aspect-ratio\">\n<div class=\"wp-block-embed__wrapper\">\n<div class=\"youtube-embed\" data-video_id><iframe loading=\"lazy\" title=\"Cam t\u00e2rziu s\u0103 mai poat\u0103 face ceva pompierii \u2026 jale la Mitocu Dragomirnei!!!  #incendiu #suceava\" width=\"563\" height=\"1000\" src=\"https:\/\/www.youtube.com\/embed\/kXGY8v5b_Ok?feature=oembed&amp;enablejsapi=1\" frameborder allow=\"accelerometer; autoplay; clipboard-write; encrypted-media; gyroscope; picture-in-picture; web-share\" referrerpolicy=\"strict-origin-when-cross-origin\" allowfullscreen><\/iframe><\/div>\n<\/div>\n<\/figure>\n<div class=\"td-a-rec td-a-rec-id-content_bottom  tdi_4 td_block_template_1\"><strong>Intr\u0103 acum \u0219i \u00een grupul de <\/p>\n<div class=\"wp-block-button\"><a class=\"wp-block-button__link wp-element-button\" href=\"https:\/\/t.me\/+TH8wcfnp8fw5NWI0\">Telegram News Bucovina<\/a><\/div>\n<p><\/strong><\/div>\n<\/div>\n<p>[analyse_source url=&#8221;https:\/\/www.newsbucovina.ro\/actualitate\/437188\/incendiu-violent-la-o-hala-si-un-adapost-de-animale-in-mitocu-dragomirnei-o-femeie-cu-arsuri-grave-transportata-la-spital&#8221;]<\/p>\n","protected":false},"excerpt":{"rendered":"<p>[analyse_image type=&#8221;featured&#8221; src=&#8221;https:\/\/www.newsbucovina.ro\/wp-content\/uploads\/2026\/04\/WhatsApp-Image-2026-04-27-at-16.22.09.jpeghttps:\/\/cdn.newsbucovina.ro\/wp-content\/uploads\/2026\/04\/WhatsApp-Image-2026-04-27-at-16.22.09.jpeg&#8221;] Intr\u0103 acum \u0219i \u00een grupul de Telegram News Bucovina Un incendiu de propor\u021bii s-a produs luni, 27 aprilie 2026, \u00een localitatea Mitocu Dragomirnei, afect\u00e2nd o hal\u0103 \u0219i un ad\u0103post de animale. Potrivit sublocotenent Radu Gabriel din cadrul ISU Suceava, la fa\u021ba locului au intervenit de urgen\u021b\u0103 pompierii militari din cadrul Deta\u0219amentului Suceava [&hellip;]<\/p>\n","protected":false},"author":1,"featured_media":0,"comment_status":"open","ping_status":"","sticky":false,"template":"","format":"standard","meta":{"footnotes":""},"categories":[89],"tags":[226,165],"class_list":["post-1907894","post","type-post","status-publish","format-standard","hentry","category-romania","tag-crawlmanager","tag-newsbucovina-ro"],"_links":{"self":[{"href":"https:\/\/analyse.optim.biz\/index.php?rest_route=\/wp\/v2\/posts\/1907894","targetHints":{"allow":["GET"]}}],"collection":[{"href":"https:\/\/analyse.optim.biz\/index.php?rest_route=\/wp\/v2\/posts"}],"about":[{"href":"https:\/\/analyse.optim.biz\/index.php?rest_route=\/wp\/v2\/types\/post"}],"author":[{"embeddable":true,"href":"https:\/\/analyse.optim.biz\/index.php?rest_route=\/wp\/v2\/users\/1"}],"replies":[{"embeddable":true,"href":"https:\/\/analyse.optim.biz\/index.php?rest_route=%2Fwp%2Fv2%2Fcomments&post=1907894"}],"version-history":[{"count":0,"href":"https:\/\/analyse.optim.biz\/index.php?rest_route=\/wp\/v2\/posts\/1907894\/revisions"}],"wp:attachment":[{"href":"https:\/\/analyse.optim.biz\/index.php?rest_route=%2Fwp%2Fv2%2Fmedia&parent=1907894"}],"wp:term":[{"taxonomy":"category","embeddable":true,"href":"https:\/\/analyse.optim.biz\/index.php?rest_route=%2Fwp%2Fv2%2Fcategories&post=1907894"},{"taxonomy":"post_tag","embeddable":true,"href":"https:\/\/analyse.optim.biz\/index.php?rest_route=%2Fwp%2Fv2%2Ftags&post=1907894"}],"curies":[{"name":"wp","href":"https:\/\/api.w.org\/{rel}","templated":true}]}}