{"id":1907893,"date":"2026-04-27T10:24:10","date_gmt":"2026-04-27T07:24:10","guid":{"rendered":"https:\/\/analyse.optim.biz\/?p=1907893"},"modified":"2026-04-27T10:24:10","modified_gmt":"2026-04-27T07:24:10","slug":"prefectul-traian-andronachi-proba-practica-pentru-permis-se-va-organiza-si-la-campulung-moldovenesc-si-radauti-incepand-din-luna-mai","status":"publish","type":"post","link":"https:\/\/analyse.optim.biz\/?p=1907893","title":{"rendered":"Prefectul Traian Andronachi: Proba practic\u0103 pentru permis se va organiza \u0219i la C\u00e2mpulung Moldovenesc \u0219i R\u0103d\u0103u\u021bi \u00eencep\u00e2nd din luna mai"},"content":{"rendered":"<p>[analyse_image type=&#8221;featured&#8221; src=&#8221;https:\/\/www.newsbucovina.ro\/wp-content\/uploads\/2026\/04\/andronachi.jpghttps:\/\/cdn.newsbucovina.ro\/wp-content\/uploads\/2026\/04\/andronachi.jpg&#8221;]<\/p>\n<div class=\"td-post-content tagdiv-type\">\n<div class=\"td-a-rec td-a-rec-id-content_top  tdi_3 td_block_template_1\"><strong>Intr\u0103 acum \u0219i \u00een grupul de <\/p>\n<div class=\"wp-block-button\"><a class=\"wp-block-button__link wp-element-button\" href=\"https:\/\/t.me\/+TH8wcfnp8fw5NWI0\">Telegram News Bucovina<\/a><\/div>\n<p><\/strong><\/div>\n<p>Institu\u021bia Prefectului \u2013 Jude\u021bul Suceava, \u00een colaborare cu Serviciul Public Comunitar Regim Permise de Conducere \u0219i \u00cenmatriculare a Vehiculelor Suceava, anun\u021b\u0103 m\u0103suri concrete pentru reducerea timpilor de a\u0219teptare la proba practic\u0103 pentru ob\u021binerea permisului de conducere.<\/p>\n<figure class=\"wp-block-image size-large\"><a href=\"https:\/\/cdn.newsbucovina.ro\/wp-content\/uploads\/2026\/04\/andronachi.jpg\"><img loading=\"lazy\" decoding=\"async\" width=\"1024\" height=\"576\" src=\"https:\/\/cdn.newsbucovina.ro\/wp-content\/uploads\/2026\/04\/andronachi-1024x576.jpg\" alt class=\"wp-image-437169\"><\/a><\/figure>\n<p>\u00cencep\u00e2nd cu luna mai 2026, vor fi deta\u0219a\u021bi <strong>9 examinatori<\/strong> din jude\u021bele Bihor, Bac\u0103u \u0219i Gorj, pentru a cre\u0219te capacitatea de examinare \u0219i a diminua perioada actual\u0103 de programare, care ajunge la aproximativ <strong>3 luni<\/strong>.<\/p>\n<p>De asemenea, pentru descongestionarea activit\u0103\u021bii din municipiul Suceava \u0219i \u00eembun\u0103t\u0103\u021birea accesibilit\u0103\u021bii la nivel jude\u021bean, proba practic\u0103 pentru categoria B va fi organizat\u0103 \u0219i \u00een municipiile <strong>C\u00e2mpulung Moldovenesc<\/strong> \u0219i <strong>R\u0103d\u0103u\u021bi<\/strong>.<\/p>\n<p><strong>Calendarul probei practice \u2013 categoria B:<\/strong><\/p>\n<p><strong>Luna MAI 2026<\/strong><\/p>\n<ul class=\"wp-block-list\">\n<li>21 mai \u2013 municipiul R\u0103d\u0103u\u021bi<\/li>\n<li>27 mai \u2013 municipiul C\u00e2mpulung Moldovenesc<\/li>\n<\/ul>\n<p><strong>Luna IUNIE 2026<\/strong><\/p>\n<ul class=\"wp-block-list\">\n<li>24 iunie \u2013 municipiul C\u00e2mpulung Moldovenesc<\/li>\n<li>25 iunie \u2013 municipiul R\u0103d\u0103u\u021bi<\/li>\n<\/ul>\n<p><strong>Luna IULIE 2026<\/strong><\/p>\n<ul class=\"wp-block-list\">\n<li>29 iulie \u2013 municipiul C\u00e2mpulung Moldovenesc<\/li>\n<li>30 iulie \u2013 municipiul R\u0103d\u0103u\u021bi<\/li>\n<\/ul>\n<p>\u00cen toate celelalte zile, examinarea pentru toate categoriile se va desf\u0103\u0219ura exclusiv \u00een municipiul Suceava.<\/p>\n<p>La finalul lunii iulie 2026 va fi realizat\u0103 o analiz\u0103 privind situa\u021bia operativ\u0103, urm\u00e2nd a se decide oportunitatea extinderii organiz\u0103rii examenului \u0219i \u00een municipiul F\u0103lticeni.<\/p>\n<p><strong>Loca\u021biile de desf\u0103\u0219urare a probei practice:<\/strong><\/p>\n<ul class=\"wp-block-list\">\n<li><strong>Suceava<\/strong> \u2013 parcarea centrului comercial Selgros<\/li>\n<li><strong>C\u00e2mpulung Moldovenesc<\/strong> \u2013 parcarea fostului bazar<\/li>\n<li><strong>R\u0103d\u0103u\u021bi<\/strong> \u2013 parcarea bazarului auto, str. 1 Mai nr. 107<\/li>\n<li><strong>F\u0103lticeni<\/strong> \u2013 parcarea Casa Cristea (dac\u0103 se va extinde)<\/li>\n<\/ul>\n<p>\u201eM\u0103surile adoptate au ca scop cre\u0219terea capacit\u0103\u021bii de examinare, reducerea timpilor de a\u0219teptare \u0219i \u00eembun\u0103t\u0103\u021birea accesului la serviciile publice pentru cet\u0103\u021benii jude\u021bului\u201d, a transmis Prefectul Traian Andronachi.<\/p>\n<p>\u00cen anul 2025, la nivelul jude\u021bului Suceava au fost examinate <strong>25.366 de persoane<\/strong> la proba teoretic\u0103 (din care 12.340 admise) \u0219i <strong>19.615 candida\u021bi<\/strong> la proba practic\u0103 (din care 8.944 admi\u0219i). \u00cen prezent, func\u021bioneaz\u0103 <strong>127 de \u0219coli de conduc\u0103tori auto autorizate<\/strong>.<\/p>\n<p>Programarea se poate realiza la ghi\u0219eele serviciului, direct la sta\u021biile de examinare sau prin intermediul \u0219colilor de conduc\u0103tori auto, prin aplica\u021biile informatice dedicate.<\/p>\n<p>Aceste m\u0103suri vin ca r\u0103spuns la num\u0103rul ridicat de solicit\u0103ri \u0219i urm\u0103resc fluidizarea activit\u0103\u021bii de examinare \u00een \u00eentregul jude\u021b.<\/p>\n<figure class=\"wp-block-embed is-type-video is-provider-youtube wp-block-embed-youtube wp-embed-aspect-16-9 wp-has-aspect-ratio\">\n<div class=\"wp-block-embed__wrapper\">\n<div class=\"youtube-embed\" data-video_id=\"kVlZBegLWgA\"><iframe loading=\"lazy\" title=\"Dac\u0103 te TRECE...te \u00eeneci!! Bucovina instagramabil\u0103 e doar \u00een mintea lor! E JALE pe European!!\" width=\"696\" height=\"392\" src=\"https:\/\/www.youtube.com\/embed\/kVlZBegLWgA?feature=oembed&amp;enablejsapi=1\" frameborder allow=\"accelerometer; autoplay; clipboard-write; encrypted-media; gyroscope; picture-in-picture; web-share\" referrerpolicy=\"strict-origin-when-cross-origin\" allowfullscreen><\/iframe><\/div>\n<\/div>\n<\/figure>\n<div class=\"td-a-rec td-a-rec-id-content_bottom  tdi_4 td_block_template_1\"><strong>Intr\u0103 acum \u0219i \u00een grupul de <\/p>\n<div class=\"wp-block-button\"><a class=\"wp-block-button__link wp-element-button\" href=\"https:\/\/t.me\/+TH8wcfnp8fw5NWI0\">Telegram News Bucovina<\/a><\/div>\n<p><\/strong><\/div>\n<\/div>\n<div class=\"td-post-content tagdiv-type\">\n<div class=\"td-a-rec td-a-rec-id-content_top  tdi_3 td_block_template_1\"><strong>Intr\u0103 acum \u0219i \u00een grupul de <\/p>\n<div class=\"wp-block-button\"><a class=\"wp-block-button__link wp-element-button\" href=\"https:\/\/t.me\/+TH8wcfnp8fw5NWI0\">Telegram News Bucovina<\/a><\/div>\n<p><\/strong><\/div>\n<p>Institu\u021bia Prefectului \u2013 Jude\u021bul Suceava, \u00een colaborare cu Serviciul Public Comunitar Regim Permise de Conducere \u0219i \u00cenmatriculare a Vehiculelor Suceava, anun\u021b\u0103 m\u0103suri concrete pentru reducerea timpilor de a\u0219teptare la proba practic\u0103 pentru ob\u021binerea permisului de conducere.<\/p>\n<figure class=\"wp-block-image size-large\"><a href=\"https:\/\/cdn.newsbucovina.ro\/wp-content\/uploads\/2026\/04\/andronachi.jpg\"><img loading=\"lazy\" decoding=\"async\" width=\"1024\" height=\"576\" src=\"https:\/\/cdn.newsbucovina.ro\/wp-content\/uploads\/2026\/04\/andronachi-1024x576.jpg\" alt class=\"wp-image-437169\"><\/a><\/figure>\n<p>\u00cencep\u00e2nd cu luna mai 2026, vor fi deta\u0219a\u021bi <strong>9 examinatori<\/strong> din jude\u021bele Bihor, Bac\u0103u \u0219i Gorj, pentru a cre\u0219te capacitatea de examinare \u0219i a diminua perioada actual\u0103 de programare, care ajunge la aproximativ <strong>3 luni<\/strong>.<\/p>\n<p>De asemenea, pentru descongestionarea activit\u0103\u021bii din municipiul Suceava \u0219i \u00eembun\u0103t\u0103\u021birea accesibilit\u0103\u021bii la nivel jude\u021bean, proba practic\u0103 pentru categoria B va fi organizat\u0103 \u0219i \u00een municipiile <strong>C\u00e2mpulung Moldovenesc<\/strong> \u0219i <strong>R\u0103d\u0103u\u021bi<\/strong>.<\/p>\n<p><strong>Calendarul probei practice \u2013 categoria B:<\/strong><\/p>\n<p><strong>Luna MAI 2026<\/strong><\/p>\n<ul class=\"wp-block-list\">\n<li>21 mai \u2013 municipiul R\u0103d\u0103u\u021bi<\/li>\n<li>27 mai \u2013 municipiul C\u00e2mpulung Moldovenesc<\/li>\n<\/ul>\n<p><strong>Luna IUNIE 2026<\/strong><\/p>\n<ul class=\"wp-block-list\">\n<li>24 iunie \u2013 municipiul C\u00e2mpulung Moldovenesc<\/li>\n<li>25 iunie \u2013 municipiul R\u0103d\u0103u\u021bi<\/li>\n<\/ul>\n<p><strong>Luna IULIE 2026<\/strong><\/p>\n<ul class=\"wp-block-list\">\n<li>29 iulie \u2013 municipiul C\u00e2mpulung Moldovenesc<\/li>\n<li>30 iulie \u2013 municipiul R\u0103d\u0103u\u021bi<\/li>\n<\/ul>\n<p>\u00cen toate celelalte zile, examinarea pentru toate categoriile se va desf\u0103\u0219ura exclusiv \u00een municipiul Suceava.<\/p>\n<p>La finalul lunii iulie 2026 va fi realizat\u0103 o analiz\u0103 privind situa\u021bia operativ\u0103, urm\u00e2nd a se decide oportunitatea extinderii organiz\u0103rii examenului \u0219i \u00een municipiul F\u0103lticeni.<\/p>\n<p><strong>Loca\u021biile de desf\u0103\u0219urare a probei practice:<\/strong><\/p>\n<ul class=\"wp-block-list\">\n<li><strong>Suceava<\/strong> \u2013 parcarea centrului comercial Selgros<\/li>\n<li><strong>C\u00e2mpulung Moldovenesc<\/strong> \u2013 parcarea fostului bazar<\/li>\n<li><strong>R\u0103d\u0103u\u021bi<\/strong> \u2013 parcarea bazarului auto, str. 1 Mai nr. 107<\/li>\n<li><strong>F\u0103lticeni<\/strong> \u2013 parcarea Casa Cristea (dac\u0103 se va extinde)<\/li>\n<\/ul>\n<p>\u201eM\u0103surile adoptate au ca scop cre\u0219terea capacit\u0103\u021bii de examinare, reducerea timpilor de a\u0219teptare \u0219i \u00eembun\u0103t\u0103\u021birea accesului la serviciile publice pentru cet\u0103\u021benii jude\u021bului\u201d, a transmis Prefectul Traian Andronachi.<\/p>\n<p>\u00cen anul 2025, la nivelul jude\u021bului Suceava au fost examinate <strong>25.366 de persoane<\/strong> la proba teoretic\u0103 (din care 12.340 admise) \u0219i <strong>19.615 candida\u021bi<\/strong> la proba practic\u0103 (din care 8.944 admi\u0219i). \u00cen prezent, func\u021bioneaz\u0103 <strong>127 de \u0219coli de conduc\u0103tori auto autorizate<\/strong>.<\/p>\n<p>Programarea se poate realiza la ghi\u0219eele serviciului, direct la sta\u021biile de examinare sau prin intermediul \u0219colilor de conduc\u0103tori auto, prin aplica\u021biile informatice dedicate.<\/p>\n<p>Aceste m\u0103suri vin ca r\u0103spuns la num\u0103rul ridicat de solicit\u0103ri \u0219i urm\u0103resc fluidizarea activit\u0103\u021bii de examinare \u00een \u00eentregul jude\u021b.<\/p>\n<figure class=\"wp-block-embed is-type-video is-provider-youtube wp-block-embed-youtube wp-embed-aspect-16-9 wp-has-aspect-ratio\">\n<div class=\"wp-block-embed__wrapper\">\n<div class=\"youtube-embed\" data-video_id=\"kVlZBegLWgA\"><iframe loading=\"lazy\" title=\"Dac\u0103 te TRECE...te \u00eeneci!! Bucovina instagramabil\u0103 e doar \u00een mintea lor! E JALE pe European!!\" width=\"696\" height=\"392\" src=\"https:\/\/www.youtube.com\/embed\/kVlZBegLWgA?feature=oembed&amp;enablejsapi=1\" frameborder allow=\"accelerometer; autoplay; clipboard-write; encrypted-media; gyroscope; picture-in-picture; web-share\" referrerpolicy=\"strict-origin-when-cross-origin\" allowfullscreen><\/iframe><\/div>\n<\/div>\n<\/figure>\n<div class=\"td-a-rec td-a-rec-id-content_bottom  tdi_4 td_block_template_1\"><strong>Intr\u0103 acum \u0219i \u00een grupul de <\/p>\n<div class=\"wp-block-button\"><a class=\"wp-block-button__link wp-element-button\" href=\"https:\/\/t.me\/+TH8wcfnp8fw5NWI0\">Telegram News Bucovina<\/a><\/div>\n<p><\/strong><\/div>\n<\/div>\n<p>[analyse_source url=&#8221;https:\/\/www.newsbucovina.ro\/actualitate\/437168\/prefectul-traian-andronachi-proba-practica-pentru-permis-se-va-organiza-si-la-campulung-moldovenesc-si-radauti-incepand-din-luna-mai&#8221;]<\/p>\n","protected":false},"excerpt":{"rendered":"<p>[analyse_image type=&#8221;featured&#8221; src=&#8221;https:\/\/www.newsbucovina.ro\/wp-content\/uploads\/2026\/04\/andronachi.jpghttps:\/\/cdn.newsbucovina.ro\/wp-content\/uploads\/2026\/04\/andronachi.jpg&#8221;] Intr\u0103 acum \u0219i \u00een grupul de Telegram News Bucovina Institu\u021bia Prefectului \u2013 Jude\u021bul Suceava, \u00een colaborare cu Serviciul Public Comunitar Regim Permise de Conducere \u0219i \u00cenmatriculare a Vehiculelor Suceava, anun\u021b\u0103 m\u0103suri concrete pentru reducerea timpilor de a\u0219teptare la proba practic\u0103 pentru ob\u021binerea permisului de conducere. \u00cencep\u00e2nd cu luna mai 2026, vor fi [&hellip;]<\/p>\n","protected":false},"author":1,"featured_media":0,"comment_status":"open","ping_status":"","sticky":false,"template":"","format":"standard","meta":{"footnotes":""},"categories":[89],"tags":[226,165],"class_list":["post-1907893","post","type-post","status-publish","format-standard","hentry","category-romania","tag-crawlmanager","tag-newsbucovina-ro"],"_links":{"self":[{"href":"https:\/\/analyse.optim.biz\/index.php?rest_route=\/wp\/v2\/posts\/1907893","targetHints":{"allow":["GET"]}}],"collection":[{"href":"https:\/\/analyse.optim.biz\/index.php?rest_route=\/wp\/v2\/posts"}],"about":[{"href":"https:\/\/analyse.optim.biz\/index.php?rest_route=\/wp\/v2\/types\/post"}],"author":[{"embeddable":true,"href":"https:\/\/analyse.optim.biz\/index.php?rest_route=\/wp\/v2\/users\/1"}],"replies":[{"embeddable":true,"href":"https:\/\/analyse.optim.biz\/index.php?rest_route=%2Fwp%2Fv2%2Fcomments&post=1907893"}],"version-history":[{"count":0,"href":"https:\/\/analyse.optim.biz\/index.php?rest_route=\/wp\/v2\/posts\/1907893\/revisions"}],"wp:attachment":[{"href":"https:\/\/analyse.optim.biz\/index.php?rest_route=%2Fwp%2Fv2%2Fmedia&parent=1907893"}],"wp:term":[{"taxonomy":"category","embeddable":true,"href":"https:\/\/analyse.optim.biz\/index.php?rest_route=%2Fwp%2Fv2%2Fcategories&post=1907893"},{"taxonomy":"post_tag","embeddable":true,"href":"https:\/\/analyse.optim.biz\/index.php?rest_route=%2Fwp%2Fv2%2Ftags&post=1907893"}],"curies":[{"name":"wp","href":"https:\/\/api.w.org\/{rel}","templated":true}]}}