{"id":1907891,"date":"2026-04-27T09:27:37","date_gmt":"2026-04-27T06:27:37","guid":{"rendered":"https:\/\/analyse.optim.biz\/?p=1907891"},"modified":"2026-04-27T09:27:37","modified_gmt":"2026-04-27T06:27:37","slug":"prefectul-traian-andronachi-explica-situatia-autoturismului-pe-care-il-foloseste-in-privat-este-un-bun-detinut-de-familie-achizitionat-prin-leasing","status":"publish","type":"post","link":"https:\/\/analyse.optim.biz\/?p=1907891","title":{"rendered":"Prefectul Traian Andronachi explic\u0103 situa\u021bia autoturismului pe care \u00eel folose\u0219te \u00een privat: \u201eEste un bun de\u021binut de familie, achizi\u021bionat prin leasing\u201d"},"content":{"rendered":"<p>[analyse_image type=&#8221;featured&#8221; src=&#8221;https:\/\/www.newsbucovina.ro\/wp-content\/uploads\/2025\/07\/andronachi.jpghttps:\/\/cdn.newsbucovina.ro\/wp-content\/uploads\/2025\/07\/andronachi.jpg&#8221;]<\/p>\n<div class=\"td-post-content tagdiv-type\">\n<div class=\"td-a-rec td-a-rec-id-content_top  tdi_3 td_block_template_1\"><strong>Intr\u0103 acum \u0219i \u00een grupul de <\/p>\n<div class=\"wp-block-button\"><a class=\"wp-block-button__link wp-element-button\" href=\"https:\/\/t.me\/+TH8wcfnp8fw5NWI0\">Telegram News Bucovina<\/a><\/div>\n<p><\/strong><\/div>\n<p>Prefectul jude\u021bului Suceava, Traian Andronachi, a oferit public explica\u021bii detaliate privind autoturismul pe care \u00eel folose\u0219te \u00een afara programului de serviciu, dup\u0103 ce au ap\u0103rut \u00eentreb\u0103ri legate de acesta \u00een spa\u021biul public.<\/p>\n<figure class=\"wp-block-image size-large\"><a href=\"https:\/\/cdn.newsbucovina.ro\/wp-content\/uploads\/2025\/07\/andronachi.jpg\"><img loading=\"lazy\" decoding=\"async\" width=\"1024\" height=\"573\" src=\"https:\/\/cdn.newsbucovina.ro\/wp-content\/uploads\/2025\/07\/andronachi-1024x573.jpg\" alt class=\"wp-image-416142\"><\/a><\/figure>\n<p>\u00centr-un comunicat, prefectul confirm\u0103 c\u0103 folose\u0219te un autoturism de\u021binut de familie, cu num\u0103rul de \u00eenmatriculare <strong>SV 01 TAN<\/strong>, \u00een timpul liber, preciz\u00e2nd c\u0103 acesta nu are nicio leg\u0103tur\u0103 cu func\u021bia public\u0103 \u0219i nu genereaz\u0103 costuri pentru Institu\u021bia Prefectului.<\/p>\n<p><strong>Principalele preciz\u0103ri ale prefectului Traian Andronachi:<\/strong><\/p>\n<ul class=\"wp-block-list\">\n<li>Autoturismul este achizi\u021bionat \u00een leasing de societatea \u00een care fiul s\u0103u, \u00een v\u00e2rst\u0103 de 23 de ani, este asociat \u00een cote egale cu un prieten. Societatea exista cu mai mult de un an \u00eenainte ca el s\u0103 devin\u0103 prefect \u0219i desf\u0103\u0219oar\u0103 activitate economic\u0103 real\u0103, cu venituri fiscalizate.<\/li>\n<li>Ma\u0219ina a fost fabricat\u0103 \u00een 2023, are peste 100.000 km \u0219i a fost achizi\u021bionat\u0103 \u00een luna aprilie 2026. Valoarea net\u0103 este de aproximativ <strong>71.000 de euro<\/strong>, ratele \u0219i avansul fiind achitate exclusiv de societate.<\/li>\n<li>Num\u0103rul de \u00eenmatriculare SV 01 TAN a apar\u021binut anterior unui alt autoturism de\u021binut de familie, care a fost v\u00e2ndut \u00eentre timp.<\/li>\n<li>Autoturismul nu figureaz\u0103 \u00een patrimoniul personal al prefectului, nu implic\u0103 bani publici \u0219i nu are nicio leg\u0103tur\u0103 cu atribu\u021biile de serviciu.<\/li>\n<\/ul>\n<p>\u201eNu este un bun cump\u0103rat de mine \u00een timpul mandatului \u0219i nu este o schimbare ap\u0103rut\u0103 odat\u0103 cu func\u021bia public\u0103. \u00cenainte de a fi prefect, am avut o activitate profesional\u0103 privat\u0103, ca avocat, am folosit autoturisme din aceea\u0219i categorie \u0219i am respectat obliga\u021biile legale de declarare\u201d, a precizat Traian Andronachi.<\/p>\n<p>Prefectul subliniaz\u0103 c\u0103 societatea \u00een care fiul s\u0103u este asociat nu are contracte cu statul sau cu institu\u021bii publice \u0219i c\u0103 nu a acordat \u0219i nu va acorda vreun avantaj acestei firme \u00een exercitarea func\u021biei publice.<\/p>\n<p>\u201eM\u0103 m\u00e2ndresc cu copiii mei: fiul este absolvent de FABIZ, iar fiica mea cea mare este avocat. Discu\u021bia trebuie s\u0103 r\u0103m\u00e2n\u0103 la fapte: proprietate, bani publici, contracte cu statul. Ma\u0219inile pe care le conduc c\u00e2nd merg cu familia, \u00een via\u021ba privat\u0103 sau la sport, nu au nicio leg\u0103tur\u0103 cu func\u021bia public\u0103\u201d, a concluzionat Traian Andronachi.<\/p>\n<p>Declara\u021biile prefectului vin ca r\u0103spuns la \u00eentreb\u0103rile ap\u0103rute \u00een spa\u021biul public privind autoturismul pe care \u00eel folose\u0219te \u00een afara programului.<\/p>\n<figure class=\"wp-block-embed is-type-video is-provider-youtube wp-block-embed-youtube wp-embed-aspect-16-9 wp-has-aspect-ratio\">\n<div class=\"wp-block-embed__wrapper\">\n<div class=\"youtube-embed\" data-video_id=\"kVlZBegLWgA\"><iframe loading=\"lazy\" title=\"Dac\u0103 te TRECE...te \u00eeneci!! Bucovina instagramabil\u0103 e doar \u00een mintea lor! E JALE pe European!!\" width=\"696\" height=\"392\" src=\"https:\/\/www.youtube.com\/embed\/kVlZBegLWgA?feature=oembed&amp;enablejsapi=1\" frameborder allow=\"accelerometer; autoplay; clipboard-write; encrypted-media; gyroscope; picture-in-picture; web-share\" referrerpolicy=\"strict-origin-when-cross-origin\" allowfullscreen><\/iframe><\/div>\n<\/div>\n<\/figure>\n<div class=\"td-a-rec td-a-rec-id-content_bottom  tdi_4 td_block_template_1\"><strong>Intr\u0103 acum \u0219i \u00een grupul de <\/p>\n<div class=\"wp-block-button\"><a class=\"wp-block-button__link wp-element-button\" href=\"https:\/\/t.me\/+TH8wcfnp8fw5NWI0\">Telegram News Bucovina<\/a><\/div>\n<p><\/strong><\/div>\n<\/div>\n<div class=\"td-post-content tagdiv-type\">\n<div class=\"td-a-rec td-a-rec-id-content_top  tdi_3 td_block_template_1\"><strong>Intr\u0103 acum \u0219i \u00een grupul de <\/p>\n<div class=\"wp-block-button\"><a class=\"wp-block-button__link wp-element-button\" href=\"https:\/\/t.me\/+TH8wcfnp8fw5NWI0\">Telegram News Bucovina<\/a><\/div>\n<p><\/strong><\/div>\n<p>Prefectul jude\u021bului Suceava, Traian Andronachi, a oferit public explica\u021bii detaliate privind autoturismul pe care \u00eel folose\u0219te \u00een afara programului de serviciu, dup\u0103 ce au ap\u0103rut \u00eentreb\u0103ri legate de acesta \u00een spa\u021biul public.<\/p>\n<figure class=\"wp-block-image size-large\"><a href=\"https:\/\/cdn.newsbucovina.ro\/wp-content\/uploads\/2025\/07\/andronachi.jpg\"><img loading=\"lazy\" decoding=\"async\" width=\"1024\" height=\"573\" src=\"https:\/\/cdn.newsbucovina.ro\/wp-content\/uploads\/2025\/07\/andronachi-1024x573.jpg\" alt class=\"wp-image-416142\"><\/a><\/figure>\n<p>\u00centr-un comunicat, prefectul confirm\u0103 c\u0103 folose\u0219te un autoturism de\u021binut de familie, cu num\u0103rul de \u00eenmatriculare <strong>SV 01 TAN<\/strong>, \u00een timpul liber, preciz\u00e2nd c\u0103 acesta nu are nicio leg\u0103tur\u0103 cu func\u021bia public\u0103 \u0219i nu genereaz\u0103 costuri pentru Institu\u021bia Prefectului.<\/p>\n<p><strong>Principalele preciz\u0103ri ale prefectului Traian Andronachi:<\/strong><\/p>\n<ul class=\"wp-block-list\">\n<li>Autoturismul este achizi\u021bionat \u00een leasing de societatea \u00een care fiul s\u0103u, \u00een v\u00e2rst\u0103 de 23 de ani, este asociat \u00een cote egale cu un prieten. Societatea exista cu mai mult de un an \u00eenainte ca el s\u0103 devin\u0103 prefect \u0219i desf\u0103\u0219oar\u0103 activitate economic\u0103 real\u0103, cu venituri fiscalizate.<\/li>\n<li>Ma\u0219ina a fost fabricat\u0103 \u00een 2023, are peste 100.000 km \u0219i a fost achizi\u021bionat\u0103 \u00een luna aprilie 2026. Valoarea net\u0103 este de aproximativ <strong>71.000 de euro<\/strong>, ratele \u0219i avansul fiind achitate exclusiv de societate.<\/li>\n<li>Num\u0103rul de \u00eenmatriculare SV 01 TAN a apar\u021binut anterior unui alt autoturism de\u021binut de familie, care a fost v\u00e2ndut \u00eentre timp.<\/li>\n<li>Autoturismul nu figureaz\u0103 \u00een patrimoniul personal al prefectului, nu implic\u0103 bani publici \u0219i nu are nicio leg\u0103tur\u0103 cu atribu\u021biile de serviciu.<\/li>\n<\/ul>\n<p>\u201eNu este un bun cump\u0103rat de mine \u00een timpul mandatului \u0219i nu este o schimbare ap\u0103rut\u0103 odat\u0103 cu func\u021bia public\u0103. \u00cenainte de a fi prefect, am avut o activitate profesional\u0103 privat\u0103, ca avocat, am folosit autoturisme din aceea\u0219i categorie \u0219i am respectat obliga\u021biile legale de declarare\u201d, a precizat Traian Andronachi.<\/p>\n<p>Prefectul subliniaz\u0103 c\u0103 societatea \u00een care fiul s\u0103u este asociat nu are contracte cu statul sau cu institu\u021bii publice \u0219i c\u0103 nu a acordat \u0219i nu va acorda vreun avantaj acestei firme \u00een exercitarea func\u021biei publice.<\/p>\n<p>\u201eM\u0103 m\u00e2ndresc cu copiii mei: fiul este absolvent de FABIZ, iar fiica mea cea mare este avocat. Discu\u021bia trebuie s\u0103 r\u0103m\u00e2n\u0103 la fapte: proprietate, bani publici, contracte cu statul. Ma\u0219inile pe care le conduc c\u00e2nd merg cu familia, \u00een via\u021ba privat\u0103 sau la sport, nu au nicio leg\u0103tur\u0103 cu func\u021bia public\u0103\u201d, a concluzionat Traian Andronachi.<\/p>\n<p>Declara\u021biile prefectului vin ca r\u0103spuns la \u00eentreb\u0103rile ap\u0103rute \u00een spa\u021biul public privind autoturismul pe care \u00eel folose\u0219te \u00een afara programului.<\/p>\n<figure class=\"wp-block-embed is-type-video is-provider-youtube wp-block-embed-youtube wp-embed-aspect-16-9 wp-has-aspect-ratio\">\n<div class=\"wp-block-embed__wrapper\">\n<div class=\"youtube-embed\" data-video_id=\"kVlZBegLWgA\"><iframe loading=\"lazy\" title=\"Dac\u0103 te TRECE...te \u00eeneci!! Bucovina instagramabil\u0103 e doar \u00een mintea lor! E JALE pe European!!\" width=\"696\" height=\"392\" src=\"https:\/\/www.youtube.com\/embed\/kVlZBegLWgA?feature=oembed&amp;enablejsapi=1\" frameborder allow=\"accelerometer; autoplay; clipboard-write; encrypted-media; gyroscope; picture-in-picture; web-share\" referrerpolicy=\"strict-origin-when-cross-origin\" allowfullscreen><\/iframe><\/div>\n<\/div>\n<\/figure>\n<div class=\"td-a-rec td-a-rec-id-content_bottom  tdi_4 td_block_template_1\"><strong>Intr\u0103 acum \u0219i \u00een grupul de <\/p>\n<div class=\"wp-block-button\"><a class=\"wp-block-button__link wp-element-button\" href=\"https:\/\/t.me\/+TH8wcfnp8fw5NWI0\">Telegram News Bucovina<\/a><\/div>\n<p><\/strong><\/div>\n<\/div>\n<p>[analyse_source url=&#8221;https:\/\/www.newsbucovina.ro\/actualitate\/437158\/prefectul-traian-andronachi-explica-situatia-autoturismului-pe-care-il-foloseste-in-privat-este-un-bun-detinut-de-familie-achizitionat-prin-leasing&#8221;]<\/p>\n","protected":false},"excerpt":{"rendered":"<p>[analyse_image type=&#8221;featured&#8221; src=&#8221;https:\/\/www.newsbucovina.ro\/wp-content\/uploads\/2025\/07\/andronachi.jpghttps:\/\/cdn.newsbucovina.ro\/wp-content\/uploads\/2025\/07\/andronachi.jpg&#8221;] Intr\u0103 acum \u0219i \u00een grupul de Telegram News Bucovina Prefectul jude\u021bului Suceava, Traian Andronachi, a oferit public explica\u021bii detaliate privind autoturismul pe care \u00eel folose\u0219te \u00een afara programului de serviciu, dup\u0103 ce au ap\u0103rut \u00eentreb\u0103ri legate de acesta \u00een spa\u021biul public. \u00centr-un comunicat, prefectul confirm\u0103 c\u0103 folose\u0219te un autoturism de\u021binut de familie, [&hellip;]<\/p>\n","protected":false},"author":1,"featured_media":0,"comment_status":"open","ping_status":"","sticky":false,"template":"","format":"standard","meta":{"footnotes":""},"categories":[89],"tags":[226,165],"class_list":["post-1907891","post","type-post","status-publish","format-standard","hentry","category-romania","tag-crawlmanager","tag-newsbucovina-ro"],"_links":{"self":[{"href":"https:\/\/analyse.optim.biz\/index.php?rest_route=\/wp\/v2\/posts\/1907891","targetHints":{"allow":["GET"]}}],"collection":[{"href":"https:\/\/analyse.optim.biz\/index.php?rest_route=\/wp\/v2\/posts"}],"about":[{"href":"https:\/\/analyse.optim.biz\/index.php?rest_route=\/wp\/v2\/types\/post"}],"author":[{"embeddable":true,"href":"https:\/\/analyse.optim.biz\/index.php?rest_route=\/wp\/v2\/users\/1"}],"replies":[{"embeddable":true,"href":"https:\/\/analyse.optim.biz\/index.php?rest_route=%2Fwp%2Fv2%2Fcomments&post=1907891"}],"version-history":[{"count":0,"href":"https:\/\/analyse.optim.biz\/index.php?rest_route=\/wp\/v2\/posts\/1907891\/revisions"}],"wp:attachment":[{"href":"https:\/\/analyse.optim.biz\/index.php?rest_route=%2Fwp%2Fv2%2Fmedia&parent=1907891"}],"wp:term":[{"taxonomy":"category","embeddable":true,"href":"https:\/\/analyse.optim.biz\/index.php?rest_route=%2Fwp%2Fv2%2Fcategories&post=1907891"},{"taxonomy":"post_tag","embeddable":true,"href":"https:\/\/analyse.optim.biz\/index.php?rest_route=%2Fwp%2Fv2%2Ftags&post=1907891"}],"curies":[{"name":"wp","href":"https:\/\/api.w.org\/{rel}","templated":true}]}}