{"id":1907889,"date":"2026-04-27T08:35:43","date_gmt":"2026-04-27T05:35:43","guid":{"rendered":"https:\/\/analyse.optim.biz\/?p=1907889"},"modified":"2026-04-27T08:35:43","modified_gmt":"2026-04-27T05:35:43","slug":"primaria-suceava-anunta-ca-va-da-startul-campaniei-de-plantari-peste-21-000-de-flori-vor-infrumuseta-orasul","status":"publish","type":"post","link":"https:\/\/analyse.optim.biz\/?p=1907889","title":{"rendered":"Prim\u0103ria Suceava anun\u021b\u0103 c\u0103 va da startul campaniei de plant\u0103ri: peste 21.000 de flori vor \u00eenfrumuse\u021ba ora\u0219ul"},"content":{"rendered":"<p>[analyse_image type=&#8221;featured&#8221; src=&#8221;https:\/\/www.newsbucovina.ro\/wp-content\/uploads\/2026\/04\/679723091_1566890408770102_1783094949495558446_n.jpghttps:\/\/cdn.newsbucovina.ro\/wp-content\/uploads\/2026\/04\/679723091_1566890408770102_1783094949495558446_n.jpg&#8221;]<\/p>\n<div class=\"td-post-content tagdiv-type\">\n<div class=\"td-a-rec td-a-rec-id-content_top  tdi_3 td_block_template_1\"><strong>Intr\u0103 acum \u0219i \u00een grupul de <\/p>\n<div class=\"wp-block-button\"><a class=\"wp-block-button__link wp-element-button\" href=\"https:\/\/t.me\/+TH8wcfnp8fw5NWI0\">Telegram News Bucovina<\/a><\/div>\n<p><\/strong><\/div>\n<p>Dup\u0103 o perioad\u0103 marcat\u0103 de vreme capricioas\u0103 \u0219i temperaturi sc\u0103zute, Direc\u021bia Domeniului Public, prin Serviciul Spa\u021bii Verzi, \u00eencepe \u00een aceste zile amenajarea zonelor verzi, a aliniamentelor stradale \u0219i a scuarurilor din municipiu, anun\u021b\u0103 Prim\u0103ria Suceava.<\/p>\n<figure class=\"wp-block-image size-large\"><a href=\"https:\/\/cdn.newsbucovina.ro\/wp-content\/uploads\/2026\/04\/679723091_1566890408770102_1783094949495558446_n.jpg\"><img loading=\"lazy\" decoding=\"async\" width=\"1024\" height=\"576\" src=\"https:\/\/cdn.newsbucovina.ro\/wp-content\/uploads\/2026\/04\/679723091_1566890408770102_1783094949495558446_n-1024x576.jpg\" alt class=\"wp-image-437156\"><\/a><\/figure>\n<p>De\u0219i contractul de achizi\u021bie a fost semnat, autorit\u0103\u021bile locale au a\u0219teptat condi\u021biile climatice optime pentru a se asigura c\u0103 fiecare floare plantat\u0103 va avea cele mai bune \u0219anse de prindere \u0219i \u00eenflorire spectaculoas\u0103.<\/p>\n<p><strong>Planul de plant\u0103ri pentru prim\u0103vara anului 2026<\/strong> include un total de <strong>21.000 de flori<\/strong>, dup\u0103 cum urmeaz\u0103:<\/p>\n<ul class=\"wp-block-list\">\n<li><strong>8.000 de Petunii Vista<\/strong> (Bubblegum, Paradise, Strawberry \u0219i Snowcarpet);<\/li>\n<li><strong>7.000 de Tagete Erecta<\/strong> (Galben \u0219i Portocaliu);<\/li>\n<li><strong>5.000 de Petunii clasice<\/strong> (Violet, Alb, Rose);<\/li>\n<li><strong>3.000 de Begonii Semperflorens<\/strong> (Ro\u0219u, Roz, Alb);<\/li>\n<li><strong>2.000 de Sunpatiens<\/strong> (Compact Ro\u0219u \u0219i Alb);<\/li>\n<li><strong>2.000 de Begonii Viking<\/strong> (Ro\u0219u, Alb \u0219i Roz).<\/li>\n<\/ul>\n<p>\u201eNe cerem scuze pentru a\u0219teptarea cauzat\u0103 de temperaturile sc\u0103zute \u0219i v\u0103 mul\u021bumim pentru \u00een\u021belegere. \u00cen doar c\u00e2teva zile, Suceava se va schimba la fa\u021b\u0103 sub culorile noilor aranjamente florale!\u201d, au transmis reprezentan\u021bii Prim\u0103riei Municipiului Suceava.<\/p>\n<figure class=\"wp-block-embed is-type-video is-provider-youtube wp-block-embed-youtube wp-embed-aspect-16-9 wp-has-aspect-ratio\">\n<div class=\"wp-block-embed__wrapper\">\n<div class=\"youtube-embed\" data-video_id=\"kVlZBegLWgA\"><iframe loading=\"lazy\" title=\"Dac\u0103 te TRECE...te \u00eeneci!! Bucovina instagramabil\u0103 e doar \u00een mintea lor! E JALE pe European!!\" width=\"696\" height=\"392\" src=\"https:\/\/www.youtube.com\/embed\/kVlZBegLWgA?feature=oembed&amp;enablejsapi=1\" frameborder allow=\"accelerometer; autoplay; clipboard-write; encrypted-media; gyroscope; picture-in-picture; web-share\" referrerpolicy=\"strict-origin-when-cross-origin\" allowfullscreen><\/iframe><\/div>\n<\/div>\n<\/figure>\n<div class=\"td-a-rec td-a-rec-id-content_bottom  tdi_4 td_block_template_1\"><strong>Intr\u0103 acum \u0219i \u00een grupul de <\/p>\n<div class=\"wp-block-button\"><a class=\"wp-block-button__link wp-element-button\" href=\"https:\/\/t.me\/+TH8wcfnp8fw5NWI0\">Telegram News Bucovina<\/a><\/div>\n<p><\/strong><\/div>\n<\/div>\n<div class=\"td-post-content tagdiv-type\">\n<div class=\"td-a-rec td-a-rec-id-content_top  tdi_3 td_block_template_1\"><strong>Intr\u0103 acum \u0219i \u00een grupul de <\/p>\n<div class=\"wp-block-button\"><a class=\"wp-block-button__link wp-element-button\" href=\"https:\/\/t.me\/+TH8wcfnp8fw5NWI0\">Telegram News Bucovina<\/a><\/div>\n<p><\/strong><\/div>\n<p>Dup\u0103 o perioad\u0103 marcat\u0103 de vreme capricioas\u0103 \u0219i temperaturi sc\u0103zute, Direc\u021bia Domeniului Public, prin Serviciul Spa\u021bii Verzi, \u00eencepe \u00een aceste zile amenajarea zonelor verzi, a aliniamentelor stradale \u0219i a scuarurilor din municipiu, anun\u021b\u0103 Prim\u0103ria Suceava.<\/p>\n<figure class=\"wp-block-image size-large\"><a href=\"https:\/\/cdn.newsbucovina.ro\/wp-content\/uploads\/2026\/04\/679723091_1566890408770102_1783094949495558446_n.jpg\"><img loading=\"lazy\" decoding=\"async\" width=\"1024\" height=\"576\" src=\"https:\/\/cdn.newsbucovina.ro\/wp-content\/uploads\/2026\/04\/679723091_1566890408770102_1783094949495558446_n-1024x576.jpg\" alt class=\"wp-image-437156\"><\/a><\/figure>\n<p>De\u0219i contractul de achizi\u021bie a fost semnat, autorit\u0103\u021bile locale au a\u0219teptat condi\u021biile climatice optime pentru a se asigura c\u0103 fiecare floare plantat\u0103 va avea cele mai bune \u0219anse de prindere \u0219i \u00eenflorire spectaculoas\u0103.<\/p>\n<p><strong>Planul de plant\u0103ri pentru prim\u0103vara anului 2026<\/strong> include un total de <strong>21.000 de flori<\/strong>, dup\u0103 cum urmeaz\u0103:<\/p>\n<ul class=\"wp-block-list\">\n<li><strong>8.000 de Petunii Vista<\/strong> (Bubblegum, Paradise, Strawberry \u0219i Snowcarpet);<\/li>\n<li><strong>7.000 de Tagete Erecta<\/strong> (Galben \u0219i Portocaliu);<\/li>\n<li><strong>5.000 de Petunii clasice<\/strong> (Violet, Alb, Rose);<\/li>\n<li><strong>3.000 de Begonii Semperflorens<\/strong> (Ro\u0219u, Roz, Alb);<\/li>\n<li><strong>2.000 de Sunpatiens<\/strong> (Compact Ro\u0219u \u0219i Alb);<\/li>\n<li><strong>2.000 de Begonii Viking<\/strong> (Ro\u0219u, Alb \u0219i Roz).<\/li>\n<\/ul>\n<p>\u201eNe cerem scuze pentru a\u0219teptarea cauzat\u0103 de temperaturile sc\u0103zute \u0219i v\u0103 mul\u021bumim pentru \u00een\u021belegere. \u00cen doar c\u00e2teva zile, Suceava se va schimba la fa\u021b\u0103 sub culorile noilor aranjamente florale!\u201d, au transmis reprezentan\u021bii Prim\u0103riei Municipiului Suceava.<\/p>\n<figure class=\"wp-block-embed is-type-video is-provider-youtube wp-block-embed-youtube wp-embed-aspect-16-9 wp-has-aspect-ratio\">\n<div class=\"wp-block-embed__wrapper\">\n<div class=\"youtube-embed\" data-video_id=\"kVlZBegLWgA\"><iframe loading=\"lazy\" title=\"Dac\u0103 te TRECE...te \u00eeneci!! Bucovina instagramabil\u0103 e doar \u00een mintea lor! E JALE pe European!!\" width=\"696\" height=\"392\" src=\"https:\/\/www.youtube.com\/embed\/kVlZBegLWgA?feature=oembed&amp;enablejsapi=1\" frameborder allow=\"accelerometer; autoplay; clipboard-write; encrypted-media; gyroscope; picture-in-picture; web-share\" referrerpolicy=\"strict-origin-when-cross-origin\" allowfullscreen><\/iframe><\/div>\n<\/div>\n<\/figure>\n<div class=\"td-a-rec td-a-rec-id-content_bottom  tdi_4 td_block_template_1\"><strong>Intr\u0103 acum \u0219i \u00een grupul de <\/p>\n<div class=\"wp-block-button\"><a class=\"wp-block-button__link wp-element-button\" href=\"https:\/\/t.me\/+TH8wcfnp8fw5NWI0\">Telegram News Bucovina<\/a><\/div>\n<p><\/strong><\/div>\n<\/div>\n<p>[analyse_source url=&#8221;https:\/\/www.newsbucovina.ro\/actualitate\/437155\/primaria-suceava-anunta-ca-va-da-startul-campaniei-de-plantari-peste-21-000-de-flori-vor-infrumuseta-orasul&#8221;]<\/p>\n","protected":false},"excerpt":{"rendered":"<p>[analyse_image type=&#8221;featured&#8221; src=&#8221;https:\/\/www.newsbucovina.ro\/wp-content\/uploads\/2026\/04\/679723091_1566890408770102_1783094949495558446_n.jpghttps:\/\/cdn.newsbucovina.ro\/wp-content\/uploads\/2026\/04\/679723091_1566890408770102_1783094949495558446_n.jpg&#8221;] Intr\u0103 acum \u0219i \u00een grupul de Telegram News Bucovina Dup\u0103 o perioad\u0103 marcat\u0103 de vreme capricioas\u0103 \u0219i temperaturi sc\u0103zute, Direc\u021bia Domeniului Public, prin Serviciul Spa\u021bii Verzi, \u00eencepe \u00een aceste zile amenajarea zonelor verzi, a aliniamentelor stradale \u0219i a scuarurilor din municipiu, anun\u021b\u0103 Prim\u0103ria Suceava. De\u0219i contractul de achizi\u021bie a fost semnat, autorit\u0103\u021bile [&hellip;]<\/p>\n","protected":false},"author":1,"featured_media":0,"comment_status":"open","ping_status":"","sticky":false,"template":"","format":"standard","meta":{"footnotes":""},"categories":[89],"tags":[226,165],"class_list":["post-1907889","post","type-post","status-publish","format-standard","hentry","category-romania","tag-crawlmanager","tag-newsbucovina-ro"],"_links":{"self":[{"href":"https:\/\/analyse.optim.biz\/index.php?rest_route=\/wp\/v2\/posts\/1907889","targetHints":{"allow":["GET"]}}],"collection":[{"href":"https:\/\/analyse.optim.biz\/index.php?rest_route=\/wp\/v2\/posts"}],"about":[{"href":"https:\/\/analyse.optim.biz\/index.php?rest_route=\/wp\/v2\/types\/post"}],"author":[{"embeddable":true,"href":"https:\/\/analyse.optim.biz\/index.php?rest_route=\/wp\/v2\/users\/1"}],"replies":[{"embeddable":true,"href":"https:\/\/analyse.optim.biz\/index.php?rest_route=%2Fwp%2Fv2%2Fcomments&post=1907889"}],"version-history":[{"count":0,"href":"https:\/\/analyse.optim.biz\/index.php?rest_route=\/wp\/v2\/posts\/1907889\/revisions"}],"wp:attachment":[{"href":"https:\/\/analyse.optim.biz\/index.php?rest_route=%2Fwp%2Fv2%2Fmedia&parent=1907889"}],"wp:term":[{"taxonomy":"category","embeddable":true,"href":"https:\/\/analyse.optim.biz\/index.php?rest_route=%2Fwp%2Fv2%2Fcategories&post=1907889"},{"taxonomy":"post_tag","embeddable":true,"href":"https:\/\/analyse.optim.biz\/index.php?rest_route=%2Fwp%2Fv2%2Ftags&post=1907889"}],"curies":[{"name":"wp","href":"https:\/\/api.w.org\/{rel}","templated":true}]}}