{"id":1907888,"date":"2026-04-27T06:56:41","date_gmt":"2026-04-27T03:56:41","guid":{"rendered":"https:\/\/analyse.optim.biz\/?p=1907888"},"modified":"2026-04-27T06:56:41","modified_gmt":"2026-04-27T03:56:41","slug":"simpozionul-international-armonie-prin-joc-si-cant-port-si-cuvant-la-editia-a-xiv-a-o-celebrare-a-valorilor-pascale-si-a-identitatii-romanesti-la-liceul-tehnologic-stefan","status":"publish","type":"post","link":"https:\/\/analyse.optim.biz\/?p=1907888","title":{"rendered":"Simpozionul Interna\u021bional \u201eArmonie prin joc \u0219i c\u00e2nt, port \u0219i cuv\u00e2nt\u201d la Edi\u021bia a XIV-a: O celebrare a valorilor pascale \u0219i a identit\u0103\u021bii rom\u00e2ne\u0219ti la Liceul Tehnologic \u201e\u0218tefan cel Mare\u201d din Cajvana"},"content":{"rendered":"<p>[analyse_image type=&#8221;featured&#8221; src=&#8221;https:\/\/www.newsbucovina.ro\/wp-content\/uploads\/2026\/04\/WhatsApp-Image-2026-04-27-at-09.44.56.jpeghttps:\/\/cdn.newsbucovina.ro\/wp-content\/uploads\/2026\/04\/WhatsApp-Image-2026-04-27-at-09.44.56.jpeg&#8221;]<\/p>\n<div class=\"td-post-content tagdiv-type\">\n<div class=\"td-a-rec td-a-rec-id-content_top  tdi_3 td_block_template_1\"><strong>Intr\u0103 acum \u0219i \u00een grupul de <\/p>\n<div class=\"wp-block-button\"><a class=\"wp-block-button__link wp-element-button\" href=\"https:\/\/t.me\/+TH8wcfnp8fw5NWI0\">Telegram News Bucovina<\/a><\/div>\n<p><\/strong><\/div>\n<p>\u200b\u00a0\u00a0\u00a0\u00a0\u00a0\u00a0\u00a0\u00a0\u00a0\u00a0\u00a0\u00a0\u00a0\u00a0 S\u00e2mb\u0103t\u0103, 25 Aprilie 2026, Liceul Tehnologic \u201e\u0218tefan cel Mare\u201d Cajvana, \u00een parteneriat cu Gr\u0103dini\u021ba cu Program Normal \u201eStej\u0103relul\u201d, a g\u0103zduit cea de-a XIV-a edi\u021bie a Simpozionului Interna\u021bional \u201eArmonie prin joc \u0219i c\u00e2nt, port \u0219i cuv\u00e2nt\u201d. Evenimentul de anul acesta, desf\u0103\u0219urat sub tema generoas\u0103 \u201eMesajul pascal \u00een lumea contemporan\u0103 \u2013 re\u00eentoarcerea la valori\u201d, a transformat comunitatea local\u0103 \u00eentr-un pol al spiritualit\u0103\u021bii \u0219i culturii, reunind academicieni, oficialit\u0103\u021bi jude\u021bene, fe\u021be biserice\u0219ti \u0219i delega\u021bii interna\u021bionale.<\/p>\n<p>\u200b\u00a0\u00a0\u00a0\u00a0\u00a0\u00a0\u00a0\u00a0\u00a0\u00a0\u00a0\u00a0\u00a0\u00a0 \u00centr-o lume marcat\u0103 de schimb\u0103ri accelerate, simpozionul a propus o \u00eentoarcere spre esen\u021b\u0103. Lucr\u0103rile prezentate au subliniat faptul c\u0103 Pa\u0219tele transcende grani\u021bele unei simple s\u0103rb\u0103tori religioase, devenind un simbol universal al rena\u0219terii \u0219i al biruin\u021bei speran\u021bei. Dialogul academic \u0219i teologic a eviden\u021biat necesitatea solidarit\u0103\u021bii \u0219i a iubirii ca piloni fundamentali ai societ\u0103\u021bii contemporane.<\/p>\n<figure class=\"wp-block-gallery has-nested-images columns-default is-cropped wp-block-gallery-1 is-layout-flex wp-block-gallery-is-layout-flex\">\n<figure class=\"wp-block-image size-large\"><a href=\"https:\/\/cdn.newsbucovina.ro\/wp-content\/uploads\/2026\/04\/WhatsApp-Image-2026-04-27-at-09.44.54.jpeg\"><img loading=\"lazy\" decoding=\"async\" width=\"1024\" height=\"585\" data-id=\"437144\" src=\"https:\/\/cdn.newsbucovina.ro\/wp-content\/uploads\/2026\/04\/WhatsApp-Image-2026-04-27-at-09.44.54-1024x585.jpeg\" alt class=\"wp-image-437144\"><\/a><\/figure>\n<figure class=\"wp-block-image size-large\"><a href=\"https:\/\/cdn.newsbucovina.ro\/wp-content\/uploads\/2026\/04\/WhatsApp-Image-2026-04-27-at-09.44.56.jpeg\"><img loading=\"lazy\" decoding=\"async\" width=\"1024\" height=\"458\" data-id=\"437143\" src=\"https:\/\/cdn.newsbucovina.ro\/wp-content\/uploads\/2026\/04\/WhatsApp-Image-2026-04-27-at-09.44.56-1024x458.jpeg\" alt class=\"wp-image-437143\"><\/a><\/figure>\n<figure class=\"wp-block-image size-large\"><a href=\"https:\/\/cdn.newsbucovina.ro\/wp-content\/uploads\/2026\/04\/WhatsApp-Image-2026-04-27-at-09.44.561.jpeg\"><img loading=\"lazy\" decoding=\"async\" width=\"1024\" height=\"768\" data-id=\"437146\" src=\"https:\/\/cdn.newsbucovina.ro\/wp-content\/uploads\/2026\/04\/WhatsApp-Image-2026-04-27-at-09.44.561-1024x768.jpeg\" alt class=\"wp-image-437146\"><\/a><\/figure>\n<figure class=\"wp-block-image size-large\"><a href=\"https:\/\/cdn.newsbucovina.ro\/wp-content\/uploads\/2026\/04\/WhatsApp-Image-2026-04-27-at-09.44.562.jpeg\"><img decoding=\"async\" loading=\"lazy\" width=\"1024\" height=\"768\" data-id=\"437145\" src=\"https:\/\/cdn.newsbucovina.ro\/wp-content\/uploads\/2026\/04\/WhatsApp-Image-2026-04-27-at-09.44.562-1024x768.jpeg\" alt class=\"wp-image-437145\"><\/a><\/figure>\n<\/figure>\n<p>\u200b\u00a0\u00a0\u00a0\u00a0\u00a0\u00a0\u00a0\u00a0\u00a0\u00a0\u00a0\u00a0\u00a0\u00a0 Amploarea evenimentului a fost dublat\u0103 de prezen\u021ba unor invita\u021bi de seam\u0103, care au oferit greutate \u0219i recunoa\u0219tere demersului educativ de la Cajvana: reprezentan\u021bi ai administra\u021biei: dl. Nicolae Robu, Vicepre\u0219edinte al Consiliului Jude\u021bean Suceava, \u0219i dl. Gheorghe Tom\u0103scu, Primarul ora\u0219ului Cajvana. reprezentan\u021bi ai mediului academic \u0219i educa\u021bional: prof. univ. dr. Florin Pintescu (Decanul Facult\u0103\u021bii de Istorie \u0219i Geografie, USV), al\u0103turi de o delega\u021bie puternic\u0103 a Inspectoratului \u0218colar Jude\u021bean Suceava, reprezentat\u0103 de inspectorii generali adjunc\u021bi prof. Gabriel Matei \u0219i prof. dr. Petru Cr\u0103ciun, precum \u0219i de inspectorii Adriana Co\u021bovanu \u0219i Maria Todereanu.<\/p>\n<p>\u200b\u00a0\u00a0\u00a0\u00a0\u00a0\u00a0\u00a0\u00a0\u00a0\u00a0\u00a0\u00a0\u00a0\u00a0 Simpozionul a dep\u0103\u0219it grani\u021bele \u021b\u0103rii prin prezen\u021ba doamnelor director prof. Veronica Gorbatiuc (Liceul \u201ePan Halippa\u201d, Edine\u021b, Republica Moldova) \u0219i prof. Larisa Bruja (Liceul \u201eAlexandru Ilschi\u201d, Crasna, Ucraina), consolid\u00e2nd pun\u021bile culturale dintre comunit\u0103\u021bile rom\u00e2ne\u0219ti de pretutindeni.<\/p>\n<p>\u00a0\u00a0\u00a0\u00a0\u00a0\u00a0\u00a0\u00a0\u00a0\u00a0\u00a0\u00a0\u00a0\u00a0 Succesul acestei edi\u021bii a fost garantat de o colaborare str\u00e2ns\u0103 \u00eentre institu\u021bii de prestigiu. Organizatorii aduc mul\u021bumiri partenerilor care au sus\u021binut acest demers: Consiliul Jude\u021bean Suceava, Inspectoratul \u0218colar Jude\u021bean Suceava, Universitatea \u201e\u0218tefan cel Mare\u201d Suceava, Casa Corpului Didactic \u201eGeorge Tofan\u201d Suceava, Prim\u0103ria Ora\u0219ului Cajvana, Parohia \u201eSf. Mihail \u0219i Gavril\u201d Cajvana, Parohia \u201eNa\u0219terea Maicii Domnului\u201d Cajvana, Liceul Teoretic <a>\u201e<\/a>Pan Halippa\u201d Edine\u021b, Liceul \u201eAlexandru Ilschi\u201d Crasna.<\/p>\n<p>\u200b\u00a0\u00a0\u00a0\u00a0\u00a0\u00a0\u00a0\u00a0\u00a0\u00a0\u00a0\u00a0\u00a0\u00a0 Evenimentul a debutat \u00eentr-o atmosfer\u0103 de profund\u0103 spiritualitate cu o slujb\u0103 de Te Deum. Serviciul religios a fost oficiat de un sobor de preo\u021bi format din p\u0103rintele Davidoaia Iulian, p\u0103rintele Hopulele Bogdan \u0219i p\u0103rintele Radu Rezu\u0219, marc\u00e2nd astfel importan\u021ba credin\u021bei ca fundament al educa\u021biei.<\/p>\n<p>\u200b\u00a0\u00a0\u00a0\u00a0\u00a0\u00a0\u00a0\u00a0\u00a0\u00a0\u00a0\u00a0\u00a0\u00a0 Dup\u0103 momentul de rug\u0103ciune, conducerea lucr\u0103rilor simpozionului i-a fost \u00eencredin\u021bat\u0103 domnului prof. univ. dr. Florin Pintescu (Decanul Facult\u0103\u021bii de Istorie \u0219i Geografie, USV), care a preluat rolul de moderator, ghid\u00e2nd dialogul academic \u0219i teologic pe parcursul \u00eentregii zile.<\/p>\n<p>\u00a0\u00a0\u00a0\u00a0\u00a0\u00a0\u00a0\u00a0\u00a0\u00a0\u00a0\u00a0\u00a0\u00a0 Un punct central al simpozionului l-a reprezentat sesiunea de expuneri \u0219tiin\u021bifice, unde speciali\u0219ti din diverse domenii au abordat tematica pascal\u0103 din perspective teologice, literare, pedagogice \u0219i etnografice. Printre lucr\u0103rile remarcabile prezentate se num\u0103r\u0103: preot prof. Hopulele Bogdan (Parohia Na\u0219terea Maicii Domnului Cajvana): \u201eSemnifica\u021bia S\u0103rb\u0103torii Pa\u0219telui \u00een via\u021ba cre\u0219tinilor\u201d; prof. \u00eenv. pre\u0219c. Draghici M\u0103riu\u021ba (GPN \u201eStej\u0103relul\u201d Cajvana): \u201eValorificarea simbolurilor Pascale \u00een activit\u0103\u021bile cu pre\u0219colarii\u201d; prof. \u00eenv. primar Savu Adina (Liceul Tehnologic \u201e\u0218tefan cel Mare\u201d Cajvana): \u201eSimbolistica \u00cenvierii \u2013 Lumin\u0103, Bucurie \u0219i Rena\u0219tere\u201d; prof. P\u00ee\u021bu Anastasia (Liceul Tehnologic \u201e\u0218tefan cel Mare\u201d Cajvana): \u201eSemnifica\u021biile S\u0103rb\u0103torilor Pascale \u00een literatura rom\u00e2n\u0103\u201d; prof. \u00eenv. pre\u0219c. Iacoban Trandafira (GPN \u201eStej\u0103relul\u201d Cajvana): \u201ePa\u0219tele \u2013 \u00cenvierea Domnului Iisus Hristos\u201d; prof. \u00eenv. primar Robu Tatiana (Liceul Tehnologic \u201e\u0218tefan cel Mare\u201d Cajvana): \u201eCreativitate didactic\u0103 \u00een era pascal\u0103\u201d; prof. Coca Florentina Angela (Liceul Tehnologic \u201e\u0218tefan cel Mare\u201d Cajvana): \u201eArt\u0103 \u0219i tradi\u021bii pascale \u2013 cromatica \u0219i simbolistica oului \u00eencondeiat \u00een Bucovina\u201d; prof. Onoi Gheorghe Aurelian (Liceul Tehnologic \u201e\u0218tefan cel Mare\u201d Cajvana): \u201e\u00cenvierea Domnului: semnifica\u021bie, simbolistic\u0103 \u0219i tradi\u021bie \u00een spa\u021biul rom\u00e2nesc\u201d.<\/p>\n<p>\u200b\u00a0\u00a0\u00a0\u00a0\u00a0\u00a0\u00a0\u00a0\u00a0\u00a0\u00a0\u00a0\u00a0\u00a0 Un moment simbolic a fost marcat de prezen\u021ba domnului Nicolae Robu, Vicepre\u0219edintele Consiliului Jude\u021bean Suceava. Acesta nu a participat doar ca oficialitate, ci \u0219i ca un mentor al evenimentului, fiind coordonatorul a cel pu\u021bin zece edi\u021bii anterioare \u00een perioada \u00een care a de\u021binut func\u021bia de director coordonator al liceului din Cajvana. Acesta a transmis un mesaj de sus\u021binere ferm\u0103: \u201eAm tr\u0103it ast\u0103zi la Cajvana o emo\u021bie autentic\u0103. Consiliul Jude\u021bean r\u0103m\u00e2ne un sus\u021bin\u0103tor necondi\u021bionat al acestor ini\u021biative care ne reamintesc c\u0103 esen\u021ba noastr\u0103 st\u0103 \u00een lucrurile simple: tradi\u021bii, comunitate \u0219i credin\u021b\u0103. Felicit\u0103ri organizatorilor pentru c\u0103 reu\u0219esc, an de an, s\u0103 fac\u0103 din Cajvana o capital\u0103 a portului popular \u0219i a cuv\u00e2ntului rostit cu suflet.\u201d<\/p>\n<p>Programul a fost completat de momente artistice deosebite, preg\u0103tite de elevii \u0219i cadrele didactice din Cajvana \u0219i Crasna. De la pricesne care au vibrat \u00een sufletele asisten\u021bei, p\u00e2n\u0103 la recitaluri de poezie \u0219i prezent\u0103ri de port tradi\u021bional, scena a devenit o oglind\u0103 a bog\u0103\u021biei spirituale pascale. Integrate armonios \u00eentre comunic\u0103rile \u0219tiin\u021bifice, au adus pe scen\u0103 inocen\u021ba \u0219i talentul elevilor, sub atenta \u00eendrumare a cadrelor didactice: astfel, elevii claselor preg\u0103titoare C \u0219i G au deschis programul cu pricesnele \u201eHristos a \u00eenviat\u201d \u0219i \u201eEu m\u0103 rog la Domnul\u201d, sub \u00eendrumarea doamnelor profesor Gur\u0103u Irina \u0219i Tomu\u021b Cristina. Atmosfera a fost completat\u0103 de recitalul de poezie \u201eO, ce Pa\u0219ti mare \u0219i frumos!\u201d sus\u021binut de clasa I E, coordonat\u0103 de prof. Savu Adriana, \u0219i de vocea elevei Alessia Ciuhan (clasa preg\u0103titoare D), \u00eendrumat\u0103 de prof. B\u00eerg\u0103uana Anu\u021ba pentru priceasna \u201eSe aude clopotul b\u0103t\u00e2nd\u201d.<\/p>\n<p>Sensibilitatea a continuat cu solista Simona Moro\u0219an (clasa II B), coordonat\u0103 de prof. Rezu\u0219 Mihaela, \u0219i Magdalena Flutur (clasa II C), \u00eendrumat\u0103 de prof. Seserman Lidia-Loredana. Elevele Anastasia Chindri\u0219 \u0219i grupul clasei III B, sub coordonarea doamnelor profesor Boca Eudochia \u0219i Negru\u0219er Eudochia, au adus bucuria prim\u0103verii \u0219i a cur\u0103\u021beniei suflete\u0219ti prin piesele \u201eNumai cei cu g\u00e2nd curat\u201d \u0219i \u201ePrim\u0103var\u0103 dulce\u201d.<\/p>\n<p>Ultimul bloc artistic a fost marcat de profunzimea priceasnei \u201eDin morm\u00e2ntu-ntunecat\u201d, preg\u0103tit\u0103 de prof. M\u00e2rza Rahila cu clasa IV E. Momentul de grup \u201eEra odat\u0103 o tainic\u0103 gr\u0103din\u0103\u201d a reunit elevi coordona\u021bi de o echip\u0103 extins\u0103 de profesori: Domnar Casandra, Creang\u0103 Anastasia, P\u00ee\u021bu Floarea \u0219i Chindri\u0219 Trandafira. Finalul a apar\u021binut elevei Daria Rusu (clasa III C), coordonat\u0103 de prof. Negru\u0219er Eudochia, care a interpretat cu mare emo\u021bie priceasna \u201eVei veni Iisuse\u201d.<\/p>\n<p>Complementar dezbaterilor teoretice, holurile Liceului Tehnologic \u201e\u0218tefan cel Mare\u201d Cajvana au g\u0103zduit o expozi\u021bie impresionant\u0103, care a transformat spa\u021biul educa\u021bional \u00eentr-un veritabil muzeu al tradi\u021biilor vii. Expozi\u021bia a reprezentat o fuziune \u00eentre m\u0103iestria artizanilor consacra\u021bi \u0219i puritatea viziunii artistice a elevilor \u0219i pre\u0219colarilor.<\/p>\n<p>\u200b\u00a0\u00a0\u00a0\u00a0\u00a0\u00a0\u00a0\u00a0\u00a0\u00a0\u00a0\u00a0\u00a0\u00a0 Elementele centrale ale expozi\u021biei au inclus: arta \u00eencondeierii ou\u0103lor: vedeta expozi\u021biei a fost colec\u021bia de ou\u0103 \u00eencondeiate, realizate cu o precizie geometric\u0103 uluitoare. Vizitatorii au putut admira motivele arhaice specifice zonei, de la \u201ecalea r\u0103t\u0103cit\u0103\u201d la \u201esteaua\u201d sau \u201ecoarnele berbecului\u201d, lucrate cu cear\u0103 de albine \u00een culori vii. Deosebite au fost \u0219i ou\u0103le de dimensiuni mari, decorate mig\u0103los, care au devenit puncte de atrac\u021bie pentru fotografii.<\/p>\n<p>Pere\u021bii au fost tapeta\u021bi cu colaje, lucr\u0103ri de pictur\u0103 pe sticl\u0103 \u0219i desen, reprezent\u00e2nd scene biblice ale \u00cenvierii, realizate de elevi. Acestea au surprins prin tehnica aplicat\u0103 \u0219i prin modul \u00een care tinerii arti\u0219ti au reu\u0219it s\u0103 redea lumina pascal\u0103 prin culoare.<\/p>\n<p>\u00a0Expozi\u021bia a fost \u00eentregit\u0103 de co\u0219ule\u021be tradi\u021bionale \u00eempletite, decorate cu verdea\u021b\u0103, pui\u0219ori de pa\u0219te \u0219i flori de prim\u0103var\u0103, oferind o not\u0103 de prospe\u021bime \u0219i bucurie \u00eentregului decor.<\/p>\n<p>Au fost prezentate elemente de decor ce amintesc de zestrea bunicii, integr\u00e2nd \u0219tergare brodate manual \u0219i piese de port popular care au subliniat tema simpozionului: p\u0103strarea identit\u0103\u021bii prin \u201eport \u0219i cuv\u00e2nt\u201d.<\/p>\n<p>\u200b\u00a0\u00a0\u00a0\u00a0\u00a0\u00a0\u00a0\u00a0\u00a0\u00a0\u00a0\u00a0\u00a0\u00a0 Aceast\u0103 vitrin\u0103 a creativit\u0103\u021bii a demonstrat c\u0103 mesajul pascal este \u00een\u021beles \u0219i asumat de genera\u021biile tinere, care, sub \u00eendrumarea cadrelor didactice, reu\u0219esc s\u0103 duc\u0103 mai departe mo\u0219tenirea cultural\u0103 a Bucovinei.<\/p>\n<p>\u200b\u00a0\u00a0\u00a0\u00a0\u00a0\u00a0\u00a0\u00a0\u00a0\u00a0\u00a0\u00a0\u00a0\u00a0 Finalul simpozionului a fost g\u0103zduit \u00eentr-un cadru festiv, la Restaurantul \u201eLa Puiu\u201d, unde rigoarea academic\u0103 s-a \u00eempletit armonios cu ospitalitatea specific\u0103 zonei. Aceast\u0103 ultim\u0103 etap\u0103 a manifest\u0103rii a fost dedicat\u0103 celebr\u0103rii creativit\u0103\u021bii culinare \u0219i a muncii \u00een echip\u0103.<\/p>\n<p>Sub o denumire sugestiv\u0103, precum \u201eGustul Binecuv\u00e2ntat al Pa\u0219telui\u201d sau \u201eTradi\u021bii Gastronomice \u2013 Mo\u0219tenire \u0219i Identitate\u201d, cadrele didactice, organizate pe comisii, au preg\u0103tit o expozi\u021bie culinar\u0103 de excep\u021bie. Mesele au fost \u00eenc\u0103rcate cu preparate ce respect\u0103 re\u021betele str\u0103vechi ale Bucovinei: pasc\u0103 rumenit\u0103, cozonaci pufo\u0219i, preparate tradi\u021bionale din miel \u0219i dulciuri preg\u0103tite cu migal\u0103. Fiecare comisie a reu\u0219it s\u0103 transforme gastronomia \u00eentr-o form\u0103 de art\u0103, demonstr\u00e2nd c\u0103 valorile pascale se reg\u0103sesc \u0219i \u00een grija cu care a\u0219ez\u0103m bucatele pe mas\u0103.<\/p>\n<p>\u00centr-o atmosfer\u0103 plin\u0103 de emo\u021bie \u0219i respect, efortul depus de cadrele didactice \u00een organizarea impecabil\u0103 a celei de-a XIV-a edi\u021bii a simpozionului a fost r\u0103spl\u0103tit \u00een mod oficial. Domnul Nicolae Robu, Vicepre\u0219edintele Consiliului Jude\u021bean Suceava, a \u00eenm\u00e2nat diplomele de participare \u0219i excelen\u021b\u0103 tuturor cadrelor implicate.<\/p>\n<p>\u200b\u00a0\u00a0\u00a0\u00a0\u00a0\u00a0\u00a0\u00a0\u00a0\u00a0\u00a0\u00a0\u00a0\u00a0 Acest gest de recunoa\u0219tere a subliniat \u00eenc\u0103 o dat\u0103 leg\u0103tura str\u00e2ns\u0103 dintre autorit\u0103\u021bi \u0219i corpul profesoral, premiind profesionalismul, d\u0103ruirea \u0219i dragostea cu care ace\u0219ti dasc\u0103li men\u021bin vie flac\u0103ra tradi\u021biei la Cajvana.<\/p>\n<p>\u200b Cea de-a XIV-a edi\u021bie a simpozionului reafirm\u0103 statutul Liceului Tehnologic \u201e\u0218tefan cel Mare\u201d Cajvana de promotor al excelen\u021bei \u00een educa\u021bie \u0219i cultur\u0103. Evenimentul s-a \u00eencheiat \u00eentr-o not\u0103 de optimism, cu promisiunea continu\u0103rii acestui demers care demonstreaz\u0103 c\u0103, prin \u201ejoc \u0219i c\u00e2nt\u201d, \u201eport \u0219i cuv\u00e2nt\u201d, identitatea rom\u00e2neasc\u0103 r\u0103m\u00e2ne o for\u021b\u0103 vie \u0219i relevant\u0103 \u00een contextul european actual.<\/p>\n<p>\u200b\u00a0\u00a0\u00a0\u00a0\u00a0\u00a0\u00a0\u00a0\u00a0\u00a0\u00a0\u00a0\u00a0\u00a0 At\u00e2t directorul Liceului Tehnologic, prof. Iulian Ciotu, c\u00e2t \u0219i doamna director a G.P.N. Cajvana, prof. Ungurean Liliana, au mul\u021bumit partenerilor strategici (CJ Suceava, ISJ Suceava, USV, CCD Suceava, Prim\u0103ria Cajvana \u0219i Parohiile locale). Manifestarea a demonstrat c\u0103, prin efort comun, identitatea rom\u00e2neasc\u0103 r\u0103m\u00e2ne o for\u021b\u0103 vie \u0219i relevant\u0103 \u00een contextul european actual. Ace\u0219tia au subliniat rolul esen\u021bial al cadrelor didactice \u00een men\u021binerea vie a identit\u0103\u021bii na\u021bionale: \u201eAcest simpozion este mai mult dec\u00e2t un eveniment \u0219tiin\u021bific; este o m\u0103rturisire de credin\u021b\u0103 \u0219i un angajament pe care ni-l lu\u0103m fa\u021b\u0103 de viitorul copiilor no\u0219tri, educ\u00e2ndu-i \u00een spiritul valorilor care ne-au definit ca neam.\u201d<\/p>\n<p>( Prof.\u00eenv.primar SESERMAN LIDIA-LOREDANA, Responsabil\u0103 cu promovarea imaginii Liceului Tehnologic \u201d\u0218tefan cel Mare\u201d, Cajvana)<\/p>\n<figure class=\"wp-block-embed is-type-video is-provider-youtube wp-block-embed-youtube wp-embed-aspect-16-9 wp-has-aspect-ratio\">\n<div class=\"wp-block-embed__wrapper\">\n<div class=\"youtube-embed\" data-video_id=\"kVlZBegLWgA\"><iframe loading=\"lazy\" title=\"Dac\u0103 te TRECE...te \u00eeneci!! Bucovina instagramabil\u0103 e doar \u00een mintea lor! E JALE pe European!!\" width=\"696\" height=\"392\" src=\"https:\/\/www.youtube.com\/embed\/kVlZBegLWgA?feature=oembed&amp;enablejsapi=1\" frameborder allow=\"accelerometer; autoplay; clipboard-write; encrypted-media; gyroscope; picture-in-picture; web-share\" referrerpolicy=\"strict-origin-when-cross-origin\" allowfullscreen><\/iframe><\/div>\n<\/div>\n<\/figure>\n<div class=\"td-a-rec td-a-rec-id-content_bottom  tdi_4 td_block_template_1\"><strong>Intr\u0103 acum \u0219i \u00een grupul de <\/p>\n<div class=\"wp-block-button\"><a class=\"wp-block-button__link wp-element-button\" href=\"https:\/\/t.me\/+TH8wcfnp8fw5NWI0\">Telegram News Bucovina<\/a><\/div>\n<p><\/strong><\/div>\n<\/div>\n<div class=\"td-post-content tagdiv-type\">\n<div class=\"td-a-rec td-a-rec-id-content_top  tdi_3 td_block_template_1\"><strong>Intr\u0103 acum \u0219i \u00een grupul de <\/p>\n<div class=\"wp-block-button\"><a class=\"wp-block-button__link wp-element-button\" href=\"https:\/\/t.me\/+TH8wcfnp8fw5NWI0\">Telegram News Bucovina<\/a><\/div>\n<p><\/strong><\/div>\n<p>\u200b\u00a0\u00a0\u00a0\u00a0\u00a0\u00a0\u00a0\u00a0\u00a0\u00a0\u00a0\u00a0\u00a0\u00a0 S\u00e2mb\u0103t\u0103, 25 Aprilie 2026, Liceul Tehnologic \u201e\u0218tefan cel Mare\u201d Cajvana, \u00een parteneriat cu Gr\u0103dini\u021ba cu Program Normal \u201eStej\u0103relul\u201d, a g\u0103zduit cea de-a XIV-a edi\u021bie a Simpozionului Interna\u021bional \u201eArmonie prin joc \u0219i c\u00e2nt, port \u0219i cuv\u00e2nt\u201d. Evenimentul de anul acesta, desf\u0103\u0219urat sub tema generoas\u0103 \u201eMesajul pascal \u00een lumea contemporan\u0103 \u2013 re\u00eentoarcerea la valori\u201d, a transformat comunitatea local\u0103 \u00eentr-un pol al spiritualit\u0103\u021bii \u0219i culturii, reunind academicieni, oficialit\u0103\u021bi jude\u021bene, fe\u021be biserice\u0219ti \u0219i delega\u021bii interna\u021bionale.<\/p>\n<p>\u200b\u00a0\u00a0\u00a0\u00a0\u00a0\u00a0\u00a0\u00a0\u00a0\u00a0\u00a0\u00a0\u00a0\u00a0 \u00centr-o lume marcat\u0103 de schimb\u0103ri accelerate, simpozionul a propus o \u00eentoarcere spre esen\u021b\u0103. Lucr\u0103rile prezentate au subliniat faptul c\u0103 Pa\u0219tele transcende grani\u021bele unei simple s\u0103rb\u0103tori religioase, devenind un simbol universal al rena\u0219terii \u0219i al biruin\u021bei speran\u021bei. Dialogul academic \u0219i teologic a eviden\u021biat necesitatea solidarit\u0103\u021bii \u0219i a iubirii ca piloni fundamentali ai societ\u0103\u021bii contemporane.<\/p>\n<figure class=\"wp-block-gallery has-nested-images columns-default is-cropped wp-block-gallery-1 is-layout-flex wp-block-gallery-is-layout-flex\">\n<figure class=\"wp-block-image size-large\"><a href=\"https:\/\/cdn.newsbucovina.ro\/wp-content\/uploads\/2026\/04\/WhatsApp-Image-2026-04-27-at-09.44.54.jpeg\"><img loading=\"lazy\" decoding=\"async\" width=\"1024\" height=\"585\" data-id=\"437144\" src=\"https:\/\/cdn.newsbucovina.ro\/wp-content\/uploads\/2026\/04\/WhatsApp-Image-2026-04-27-at-09.44.54-1024x585.jpeg\" alt class=\"wp-image-437144\"><\/a><\/figure>\n<figure class=\"wp-block-image size-large\"><a href=\"https:\/\/cdn.newsbucovina.ro\/wp-content\/uploads\/2026\/04\/WhatsApp-Image-2026-04-27-at-09.44.56.jpeg\"><img loading=\"lazy\" decoding=\"async\" width=\"1024\" height=\"458\" data-id=\"437143\" src=\"https:\/\/cdn.newsbucovina.ro\/wp-content\/uploads\/2026\/04\/WhatsApp-Image-2026-04-27-at-09.44.56-1024x458.jpeg\" alt class=\"wp-image-437143\"><\/a><\/figure>\n<figure class=\"wp-block-image size-large\"><a href=\"https:\/\/cdn.newsbucovina.ro\/wp-content\/uploads\/2026\/04\/WhatsApp-Image-2026-04-27-at-09.44.561.jpeg\"><img loading=\"lazy\" decoding=\"async\" width=\"1024\" height=\"768\" data-id=\"437146\" src=\"https:\/\/cdn.newsbucovina.ro\/wp-content\/uploads\/2026\/04\/WhatsApp-Image-2026-04-27-at-09.44.561-1024x768.jpeg\" alt class=\"wp-image-437146\"><\/a><\/figure>\n<figure class=\"wp-block-image size-large\"><a href=\"https:\/\/cdn.newsbucovina.ro\/wp-content\/uploads\/2026\/04\/WhatsApp-Image-2026-04-27-at-09.44.562.jpeg\"><img decoding=\"async\" loading=\"lazy\" width=\"1024\" height=\"768\" data-id=\"437145\" src=\"https:\/\/cdn.newsbucovina.ro\/wp-content\/uploads\/2026\/04\/WhatsApp-Image-2026-04-27-at-09.44.562-1024x768.jpeg\" alt class=\"wp-image-437145\"><\/a><\/figure>\n<\/figure>\n<p>\u200b\u00a0\u00a0\u00a0\u00a0\u00a0\u00a0\u00a0\u00a0\u00a0\u00a0\u00a0\u00a0\u00a0\u00a0 Amploarea evenimentului a fost dublat\u0103 de prezen\u021ba unor invita\u021bi de seam\u0103, care au oferit greutate \u0219i recunoa\u0219tere demersului educativ de la Cajvana: reprezentan\u021bi ai administra\u021biei: dl. Nicolae Robu, Vicepre\u0219edinte al Consiliului Jude\u021bean Suceava, \u0219i dl. Gheorghe Tom\u0103scu, Primarul ora\u0219ului Cajvana. reprezentan\u021bi ai mediului academic \u0219i educa\u021bional: prof. univ. dr. Florin Pintescu (Decanul Facult\u0103\u021bii de Istorie \u0219i Geografie, USV), al\u0103turi de o delega\u021bie puternic\u0103 a Inspectoratului \u0218colar Jude\u021bean Suceava, reprezentat\u0103 de inspectorii generali adjunc\u021bi prof. Gabriel Matei \u0219i prof. dr. Petru Cr\u0103ciun, precum \u0219i de inspectorii Adriana Co\u021bovanu \u0219i Maria Todereanu.<\/p>\n<p>\u200b\u00a0\u00a0\u00a0\u00a0\u00a0\u00a0\u00a0\u00a0\u00a0\u00a0\u00a0\u00a0\u00a0\u00a0 Simpozionul a dep\u0103\u0219it grani\u021bele \u021b\u0103rii prin prezen\u021ba doamnelor director prof. Veronica Gorbatiuc (Liceul \u201ePan Halippa\u201d, Edine\u021b, Republica Moldova) \u0219i prof. Larisa Bruja (Liceul \u201eAlexandru Ilschi\u201d, Crasna, Ucraina), consolid\u00e2nd pun\u021bile culturale dintre comunit\u0103\u021bile rom\u00e2ne\u0219ti de pretutindeni.<\/p>\n<p>\u00a0\u00a0\u00a0\u00a0\u00a0\u00a0\u00a0\u00a0\u00a0\u00a0\u00a0\u00a0\u00a0\u00a0 Succesul acestei edi\u021bii a fost garantat de o colaborare str\u00e2ns\u0103 \u00eentre institu\u021bii de prestigiu. Organizatorii aduc mul\u021bumiri partenerilor care au sus\u021binut acest demers: Consiliul Jude\u021bean Suceava, Inspectoratul \u0218colar Jude\u021bean Suceava, Universitatea \u201e\u0218tefan cel Mare\u201d Suceava, Casa Corpului Didactic \u201eGeorge Tofan\u201d Suceava, Prim\u0103ria Ora\u0219ului Cajvana, Parohia \u201eSf. Mihail \u0219i Gavril\u201d Cajvana, Parohia \u201eNa\u0219terea Maicii Domnului\u201d Cajvana, Liceul Teoretic <a>\u201e<\/a>Pan Halippa\u201d Edine\u021b, Liceul \u201eAlexandru Ilschi\u201d Crasna.<\/p>\n<p>\u200b\u00a0\u00a0\u00a0\u00a0\u00a0\u00a0\u00a0\u00a0\u00a0\u00a0\u00a0\u00a0\u00a0\u00a0 Evenimentul a debutat \u00eentr-o atmosfer\u0103 de profund\u0103 spiritualitate cu o slujb\u0103 de Te Deum. Serviciul religios a fost oficiat de un sobor de preo\u021bi format din p\u0103rintele Davidoaia Iulian, p\u0103rintele Hopulele Bogdan \u0219i p\u0103rintele Radu Rezu\u0219, marc\u00e2nd astfel importan\u021ba credin\u021bei ca fundament al educa\u021biei.<\/p>\n<p>\u200b\u00a0\u00a0\u00a0\u00a0\u00a0\u00a0\u00a0\u00a0\u00a0\u00a0\u00a0\u00a0\u00a0\u00a0 Dup\u0103 momentul de rug\u0103ciune, conducerea lucr\u0103rilor simpozionului i-a fost \u00eencredin\u021bat\u0103 domnului prof. univ. dr. Florin Pintescu (Decanul Facult\u0103\u021bii de Istorie \u0219i Geografie, USV), care a preluat rolul de moderator, ghid\u00e2nd dialogul academic \u0219i teologic pe parcursul \u00eentregii zile.<\/p>\n<p>\u00a0\u00a0\u00a0\u00a0\u00a0\u00a0\u00a0\u00a0\u00a0\u00a0\u00a0\u00a0\u00a0\u00a0 Un punct central al simpozionului l-a reprezentat sesiunea de expuneri \u0219tiin\u021bifice, unde speciali\u0219ti din diverse domenii au abordat tematica pascal\u0103 din perspective teologice, literare, pedagogice \u0219i etnografice. Printre lucr\u0103rile remarcabile prezentate se num\u0103r\u0103: preot prof. Hopulele Bogdan (Parohia Na\u0219terea Maicii Domnului Cajvana): \u201eSemnifica\u021bia S\u0103rb\u0103torii Pa\u0219telui \u00een via\u021ba cre\u0219tinilor\u201d; prof. \u00eenv. pre\u0219c. Draghici M\u0103riu\u021ba (GPN \u201eStej\u0103relul\u201d Cajvana): \u201eValorificarea simbolurilor Pascale \u00een activit\u0103\u021bile cu pre\u0219colarii\u201d; prof. \u00eenv. primar Savu Adina (Liceul Tehnologic \u201e\u0218tefan cel Mare\u201d Cajvana): \u201eSimbolistica \u00cenvierii \u2013 Lumin\u0103, Bucurie \u0219i Rena\u0219tere\u201d; prof. P\u00ee\u021bu Anastasia (Liceul Tehnologic \u201e\u0218tefan cel Mare\u201d Cajvana): \u201eSemnifica\u021biile S\u0103rb\u0103torilor Pascale \u00een literatura rom\u00e2n\u0103\u201d; prof. \u00eenv. pre\u0219c. Iacoban Trandafira (GPN \u201eStej\u0103relul\u201d Cajvana): \u201ePa\u0219tele \u2013 \u00cenvierea Domnului Iisus Hristos\u201d; prof. \u00eenv. primar Robu Tatiana (Liceul Tehnologic \u201e\u0218tefan cel Mare\u201d Cajvana): \u201eCreativitate didactic\u0103 \u00een era pascal\u0103\u201d; prof. Coca Florentina Angela (Liceul Tehnologic \u201e\u0218tefan cel Mare\u201d Cajvana): \u201eArt\u0103 \u0219i tradi\u021bii pascale \u2013 cromatica \u0219i simbolistica oului \u00eencondeiat \u00een Bucovina\u201d; prof. Onoi Gheorghe Aurelian (Liceul Tehnologic \u201e\u0218tefan cel Mare\u201d Cajvana): \u201e\u00cenvierea Domnului: semnifica\u021bie, simbolistic\u0103 \u0219i tradi\u021bie \u00een spa\u021biul rom\u00e2nesc\u201d.<\/p>\n<p>\u200b\u00a0\u00a0\u00a0\u00a0\u00a0\u00a0\u00a0\u00a0\u00a0\u00a0\u00a0\u00a0\u00a0\u00a0 Un moment simbolic a fost marcat de prezen\u021ba domnului Nicolae Robu, Vicepre\u0219edintele Consiliului Jude\u021bean Suceava. Acesta nu a participat doar ca oficialitate, ci \u0219i ca un mentor al evenimentului, fiind coordonatorul a cel pu\u021bin zece edi\u021bii anterioare \u00een perioada \u00een care a de\u021binut func\u021bia de director coordonator al liceului din Cajvana. Acesta a transmis un mesaj de sus\u021binere ferm\u0103: \u201eAm tr\u0103it ast\u0103zi la Cajvana o emo\u021bie autentic\u0103. Consiliul Jude\u021bean r\u0103m\u00e2ne un sus\u021bin\u0103tor necondi\u021bionat al acestor ini\u021biative care ne reamintesc c\u0103 esen\u021ba noastr\u0103 st\u0103 \u00een lucrurile simple: tradi\u021bii, comunitate \u0219i credin\u021b\u0103. Felicit\u0103ri organizatorilor pentru c\u0103 reu\u0219esc, an de an, s\u0103 fac\u0103 din Cajvana o capital\u0103 a portului popular \u0219i a cuv\u00e2ntului rostit cu suflet.\u201d<\/p>\n<p>Programul a fost completat de momente artistice deosebite, preg\u0103tite de elevii \u0219i cadrele didactice din Cajvana \u0219i Crasna. De la pricesne care au vibrat \u00een sufletele asisten\u021bei, p\u00e2n\u0103 la recitaluri de poezie \u0219i prezent\u0103ri de port tradi\u021bional, scena a devenit o oglind\u0103 a bog\u0103\u021biei spirituale pascale. Integrate armonios \u00eentre comunic\u0103rile \u0219tiin\u021bifice, au adus pe scen\u0103 inocen\u021ba \u0219i talentul elevilor, sub atenta \u00eendrumare a cadrelor didactice: astfel, elevii claselor preg\u0103titoare C \u0219i G au deschis programul cu pricesnele \u201eHristos a \u00eenviat\u201d \u0219i \u201eEu m\u0103 rog la Domnul\u201d, sub \u00eendrumarea doamnelor profesor Gur\u0103u Irina \u0219i Tomu\u021b Cristina. Atmosfera a fost completat\u0103 de recitalul de poezie \u201eO, ce Pa\u0219ti mare \u0219i frumos!\u201d sus\u021binut de clasa I E, coordonat\u0103 de prof. Savu Adriana, \u0219i de vocea elevei Alessia Ciuhan (clasa preg\u0103titoare D), \u00eendrumat\u0103 de prof. B\u00eerg\u0103uana Anu\u021ba pentru priceasna \u201eSe aude clopotul b\u0103t\u00e2nd\u201d.<\/p>\n<p>Sensibilitatea a continuat cu solista Simona Moro\u0219an (clasa II B), coordonat\u0103 de prof. Rezu\u0219 Mihaela, \u0219i Magdalena Flutur (clasa II C), \u00eendrumat\u0103 de prof. Seserman Lidia-Loredana. Elevele Anastasia Chindri\u0219 \u0219i grupul clasei III B, sub coordonarea doamnelor profesor Boca Eudochia \u0219i Negru\u0219er Eudochia, au adus bucuria prim\u0103verii \u0219i a cur\u0103\u021beniei suflete\u0219ti prin piesele \u201eNumai cei cu g\u00e2nd curat\u201d \u0219i \u201ePrim\u0103var\u0103 dulce\u201d.<\/p>\n<p>Ultimul bloc artistic a fost marcat de profunzimea priceasnei \u201eDin morm\u00e2ntu-ntunecat\u201d, preg\u0103tit\u0103 de prof. M\u00e2rza Rahila cu clasa IV E. Momentul de grup \u201eEra odat\u0103 o tainic\u0103 gr\u0103din\u0103\u201d a reunit elevi coordona\u021bi de o echip\u0103 extins\u0103 de profesori: Domnar Casandra, Creang\u0103 Anastasia, P\u00ee\u021bu Floarea \u0219i Chindri\u0219 Trandafira. Finalul a apar\u021binut elevei Daria Rusu (clasa III C), coordonat\u0103 de prof. Negru\u0219er Eudochia, care a interpretat cu mare emo\u021bie priceasna \u201eVei veni Iisuse\u201d.<\/p>\n<p>Complementar dezbaterilor teoretice, holurile Liceului Tehnologic \u201e\u0218tefan cel Mare\u201d Cajvana au g\u0103zduit o expozi\u021bie impresionant\u0103, care a transformat spa\u021biul educa\u021bional \u00eentr-un veritabil muzeu al tradi\u021biilor vii. Expozi\u021bia a reprezentat o fuziune \u00eentre m\u0103iestria artizanilor consacra\u021bi \u0219i puritatea viziunii artistice a elevilor \u0219i pre\u0219colarilor.<\/p>\n<p>\u200b\u00a0\u00a0\u00a0\u00a0\u00a0\u00a0\u00a0\u00a0\u00a0\u00a0\u00a0\u00a0\u00a0\u00a0 Elementele centrale ale expozi\u021biei au inclus: arta \u00eencondeierii ou\u0103lor: vedeta expozi\u021biei a fost colec\u021bia de ou\u0103 \u00eencondeiate, realizate cu o precizie geometric\u0103 uluitoare. Vizitatorii au putut admira motivele arhaice specifice zonei, de la \u201ecalea r\u0103t\u0103cit\u0103\u201d la \u201esteaua\u201d sau \u201ecoarnele berbecului\u201d, lucrate cu cear\u0103 de albine \u00een culori vii. Deosebite au fost \u0219i ou\u0103le de dimensiuni mari, decorate mig\u0103los, care au devenit puncte de atrac\u021bie pentru fotografii.<\/p>\n<p>Pere\u021bii au fost tapeta\u021bi cu colaje, lucr\u0103ri de pictur\u0103 pe sticl\u0103 \u0219i desen, reprezent\u00e2nd scene biblice ale \u00cenvierii, realizate de elevi. Acestea au surprins prin tehnica aplicat\u0103 \u0219i prin modul \u00een care tinerii arti\u0219ti au reu\u0219it s\u0103 redea lumina pascal\u0103 prin culoare.<\/p>\n<p>\u00a0Expozi\u021bia a fost \u00eentregit\u0103 de co\u0219ule\u021be tradi\u021bionale \u00eempletite, decorate cu verdea\u021b\u0103, pui\u0219ori de pa\u0219te \u0219i flori de prim\u0103var\u0103, oferind o not\u0103 de prospe\u021bime \u0219i bucurie \u00eentregului decor.<\/p>\n<p>Au fost prezentate elemente de decor ce amintesc de zestrea bunicii, integr\u00e2nd \u0219tergare brodate manual \u0219i piese de port popular care au subliniat tema simpozionului: p\u0103strarea identit\u0103\u021bii prin \u201eport \u0219i cuv\u00e2nt\u201d.<\/p>\n<p>\u200b\u00a0\u00a0\u00a0\u00a0\u00a0\u00a0\u00a0\u00a0\u00a0\u00a0\u00a0\u00a0\u00a0\u00a0 Aceast\u0103 vitrin\u0103 a creativit\u0103\u021bii a demonstrat c\u0103 mesajul pascal este \u00een\u021beles \u0219i asumat de genera\u021biile tinere, care, sub \u00eendrumarea cadrelor didactice, reu\u0219esc s\u0103 duc\u0103 mai departe mo\u0219tenirea cultural\u0103 a Bucovinei.<\/p>\n<p>\u200b\u00a0\u00a0\u00a0\u00a0\u00a0\u00a0\u00a0\u00a0\u00a0\u00a0\u00a0\u00a0\u00a0\u00a0 Finalul simpozionului a fost g\u0103zduit \u00eentr-un cadru festiv, la Restaurantul \u201eLa Puiu\u201d, unde rigoarea academic\u0103 s-a \u00eempletit armonios cu ospitalitatea specific\u0103 zonei. Aceast\u0103 ultim\u0103 etap\u0103 a manifest\u0103rii a fost dedicat\u0103 celebr\u0103rii creativit\u0103\u021bii culinare \u0219i a muncii \u00een echip\u0103.<\/p>\n<p>Sub o denumire sugestiv\u0103, precum \u201eGustul Binecuv\u00e2ntat al Pa\u0219telui\u201d sau \u201eTradi\u021bii Gastronomice \u2013 Mo\u0219tenire \u0219i Identitate\u201d, cadrele didactice, organizate pe comisii, au preg\u0103tit o expozi\u021bie culinar\u0103 de excep\u021bie. Mesele au fost \u00eenc\u0103rcate cu preparate ce respect\u0103 re\u021betele str\u0103vechi ale Bucovinei: pasc\u0103 rumenit\u0103, cozonaci pufo\u0219i, preparate tradi\u021bionale din miel \u0219i dulciuri preg\u0103tite cu migal\u0103. Fiecare comisie a reu\u0219it s\u0103 transforme gastronomia \u00eentr-o form\u0103 de art\u0103, demonstr\u00e2nd c\u0103 valorile pascale se reg\u0103sesc \u0219i \u00een grija cu care a\u0219ez\u0103m bucatele pe mas\u0103.<\/p>\n<p>\u00centr-o atmosfer\u0103 plin\u0103 de emo\u021bie \u0219i respect, efortul depus de cadrele didactice \u00een organizarea impecabil\u0103 a celei de-a XIV-a edi\u021bii a simpozionului a fost r\u0103spl\u0103tit \u00een mod oficial. Domnul Nicolae Robu, Vicepre\u0219edintele Consiliului Jude\u021bean Suceava, a \u00eenm\u00e2nat diplomele de participare \u0219i excelen\u021b\u0103 tuturor cadrelor implicate.<\/p>\n<p>\u200b\u00a0\u00a0\u00a0\u00a0\u00a0\u00a0\u00a0\u00a0\u00a0\u00a0\u00a0\u00a0\u00a0\u00a0 Acest gest de recunoa\u0219tere a subliniat \u00eenc\u0103 o dat\u0103 leg\u0103tura str\u00e2ns\u0103 dintre autorit\u0103\u021bi \u0219i corpul profesoral, premiind profesionalismul, d\u0103ruirea \u0219i dragostea cu care ace\u0219ti dasc\u0103li men\u021bin vie flac\u0103ra tradi\u021biei la Cajvana.<\/p>\n<p>\u200b Cea de-a XIV-a edi\u021bie a simpozionului reafirm\u0103 statutul Liceului Tehnologic \u201e\u0218tefan cel Mare\u201d Cajvana de promotor al excelen\u021bei \u00een educa\u021bie \u0219i cultur\u0103. Evenimentul s-a \u00eencheiat \u00eentr-o not\u0103 de optimism, cu promisiunea continu\u0103rii acestui demers care demonstreaz\u0103 c\u0103, prin \u201ejoc \u0219i c\u00e2nt\u201d, \u201eport \u0219i cuv\u00e2nt\u201d, identitatea rom\u00e2neasc\u0103 r\u0103m\u00e2ne o for\u021b\u0103 vie \u0219i relevant\u0103 \u00een contextul european actual.<\/p>\n<p>\u200b\u00a0\u00a0\u00a0\u00a0\u00a0\u00a0\u00a0\u00a0\u00a0\u00a0\u00a0\u00a0\u00a0\u00a0 At\u00e2t directorul Liceului Tehnologic, prof. Iulian Ciotu, c\u00e2t \u0219i doamna director a G.P.N. Cajvana, prof. Ungurean Liliana, au mul\u021bumit partenerilor strategici (CJ Suceava, ISJ Suceava, USV, CCD Suceava, Prim\u0103ria Cajvana \u0219i Parohiile locale). Manifestarea a demonstrat c\u0103, prin efort comun, identitatea rom\u00e2neasc\u0103 r\u0103m\u00e2ne o for\u021b\u0103 vie \u0219i relevant\u0103 \u00een contextul european actual. Ace\u0219tia au subliniat rolul esen\u021bial al cadrelor didactice \u00een men\u021binerea vie a identit\u0103\u021bii na\u021bionale: \u201eAcest simpozion este mai mult dec\u00e2t un eveniment \u0219tiin\u021bific; este o m\u0103rturisire de credin\u021b\u0103 \u0219i un angajament pe care ni-l lu\u0103m fa\u021b\u0103 de viitorul copiilor no\u0219tri, educ\u00e2ndu-i \u00een spiritul valorilor care ne-au definit ca neam.\u201d<\/p>\n<p>( Prof.\u00eenv.primar SESERMAN LIDIA-LOREDANA, Responsabil\u0103 cu promovarea imaginii Liceului Tehnologic \u201d\u0218tefan cel Mare\u201d, Cajvana)<\/p>\n<figure class=\"wp-block-embed is-type-video is-provider-youtube wp-block-embed-youtube wp-embed-aspect-16-9 wp-has-aspect-ratio\">\n<div class=\"wp-block-embed__wrapper\">\n<div class=\"youtube-embed\" data-video_id=\"kVlZBegLWgA\"><iframe loading=\"lazy\" title=\"Dac\u0103 te TRECE...te \u00eeneci!! Bucovina instagramabil\u0103 e doar \u00een mintea lor! E JALE pe European!!\" width=\"696\" height=\"392\" src=\"https:\/\/www.youtube.com\/embed\/kVlZBegLWgA?feature=oembed&amp;enablejsapi=1\" frameborder allow=\"accelerometer; autoplay; clipboard-write; encrypted-media; gyroscope; picture-in-picture; web-share\" referrerpolicy=\"strict-origin-when-cross-origin\" allowfullscreen><\/iframe><\/div>\n<\/div>\n<\/figure>\n<div class=\"td-a-rec td-a-rec-id-content_bottom  tdi_4 td_block_template_1\"><strong>Intr\u0103 acum \u0219i \u00een grupul de <\/p>\n<div class=\"wp-block-button\"><a class=\"wp-block-button__link wp-element-button\" href=\"https:\/\/t.me\/+TH8wcfnp8fw5NWI0\">Telegram News Bucovina<\/a><\/div>\n<p><\/strong><\/div>\n<\/div>\n<p>[analyse_source url=&#8221;https:\/\/www.newsbucovina.ro\/actualitate\/437142\/simpozionul-international-armonie-prin-joc-si-cant-port-si-cuvant-la-editia-a-xiv-a-o-celebrare-a-valorilor-pascale-si-a-identitatii-romanesti-la-liceul-tehnologic-stefan&#8221;]<\/p>\n","protected":false},"excerpt":{"rendered":"<p>[analyse_image type=&#8221;featured&#8221; src=&#8221;https:\/\/www.newsbucovina.ro\/wp-content\/uploads\/2026\/04\/WhatsApp-Image-2026-04-27-at-09.44.56.jpeghttps:\/\/cdn.newsbucovina.ro\/wp-content\/uploads\/2026\/04\/WhatsApp-Image-2026-04-27-at-09.44.56.jpeg&#8221;] Intr\u0103 acum \u0219i \u00een grupul de Telegram News Bucovina \u200b\u00a0\u00a0\u00a0\u00a0\u00a0\u00a0\u00a0\u00a0\u00a0\u00a0\u00a0\u00a0\u00a0\u00a0 S\u00e2mb\u0103t\u0103, 25 Aprilie 2026, Liceul Tehnologic \u201e\u0218tefan cel Mare\u201d Cajvana, \u00een parteneriat cu Gr\u0103dini\u021ba cu Program Normal \u201eStej\u0103relul\u201d, a g\u0103zduit cea de-a XIV-a edi\u021bie a Simpozionului Interna\u021bional \u201eArmonie prin joc \u0219i c\u00e2nt, port \u0219i cuv\u00e2nt\u201d. Evenimentul de anul acesta, desf\u0103\u0219urat sub tema [&hellip;]<\/p>\n","protected":false},"author":1,"featured_media":0,"comment_status":"open","ping_status":"","sticky":false,"template":"","format":"standard","meta":{"footnotes":""},"categories":[89],"tags":[226,165],"class_list":["post-1907888","post","type-post","status-publish","format-standard","hentry","category-romania","tag-crawlmanager","tag-newsbucovina-ro"],"_links":{"self":[{"href":"https:\/\/analyse.optim.biz\/index.php?rest_route=\/wp\/v2\/posts\/1907888","targetHints":{"allow":["GET"]}}],"collection":[{"href":"https:\/\/analyse.optim.biz\/index.php?rest_route=\/wp\/v2\/posts"}],"about":[{"href":"https:\/\/analyse.optim.biz\/index.php?rest_route=\/wp\/v2\/types\/post"}],"author":[{"embeddable":true,"href":"https:\/\/analyse.optim.biz\/index.php?rest_route=\/wp\/v2\/users\/1"}],"replies":[{"embeddable":true,"href":"https:\/\/analyse.optim.biz\/index.php?rest_route=%2Fwp%2Fv2%2Fcomments&post=1907888"}],"version-history":[{"count":0,"href":"https:\/\/analyse.optim.biz\/index.php?rest_route=\/wp\/v2\/posts\/1907888\/revisions"}],"wp:attachment":[{"href":"https:\/\/analyse.optim.biz\/index.php?rest_route=%2Fwp%2Fv2%2Fmedia&parent=1907888"}],"wp:term":[{"taxonomy":"category","embeddable":true,"href":"https:\/\/analyse.optim.biz\/index.php?rest_route=%2Fwp%2Fv2%2Fcategories&post=1907888"},{"taxonomy":"post_tag","embeddable":true,"href":"https:\/\/analyse.optim.biz\/index.php?rest_route=%2Fwp%2Fv2%2Ftags&post=1907888"}],"curies":[{"name":"wp","href":"https:\/\/api.w.org\/{rel}","templated":true}]}}