{"id":1907887,"date":"2026-04-27T06:35:24","date_gmt":"2026-04-27T03:35:24","guid":{"rendered":"https:\/\/analyse.optim.biz\/?p=1907887"},"modified":"2026-04-27T06:35:24","modified_gmt":"2026-04-27T03:35:24","slug":"eleva-de-la-colegiul-national-stefan-cel-mare-suceava-premiul-iii-la-olimpiada-nationala-lectura-ca-abilitate-de-viata","status":"publish","type":"post","link":"https:\/\/analyse.optim.biz\/?p=1907887","title":{"rendered":"Elev\u0103 de la Colegiul Na\u021bional \u201e\u0218tefan cel Mare\u201d Suceava, Premiul III la Olimpiada Na\u021bional\u0103 \u201eLectura ca abilitate de via\u021b\u0103\u201d"},"content":{"rendered":"<p>[analyse_image type=&#8221;featured&#8221; src=&#8221;https:\/\/www.newsbucovina.ro\/wp-content\/uploads\/2026\/04\/Lectura-ca-abilitate_2.jpg-1.jpeghttps:\/\/cdn.newsbucovina.ro\/wp-content\/uploads\/2026\/04\/Lectura-ca-abilitate_2.jpg-1.jpeg&#8221;]<\/p>\n<div class=\"td-post-content tagdiv-type\">\n<div class=\"td-a-rec td-a-rec-id-content_top  tdi_3 td_block_template_1\"><strong>Intr\u0103 acum \u0219i \u00een grupul de <\/p>\n<div class=\"wp-block-button\"><a class=\"wp-block-button__link wp-element-button\" href=\"https:\/\/t.me\/+TH8wcfnp8fw5NWI0\">Telegram News Bucovina<\/a><\/div>\n<p><\/strong><\/div>\n<p>Jude\u021bul Suceava a ob\u021binut un rezultat important la etapa na\u021bional\u0103 a Olimpiadei \u201eLectura ca abilitate de via\u021b\u0103\u201d, desf\u0103\u0219urat\u0103 la Foc\u0219ani, jude\u021bul Vrancea, \u00een perioada 23-26 aprilie 2026.<\/p>\n<figure class=\"wp-block-image size-large\"><a href=\"https:\/\/cdn.newsbucovina.ro\/wp-content\/uploads\/2026\/04\/Lectura-ca-abilitate_2.jpg.jpeg\"><img loading=\"lazy\" decoding=\"async\" width=\"1024\" height=\"954\" src=\"https:\/\/cdn.newsbucovina.ro\/wp-content\/uploads\/2026\/04\/Lectura-ca-abilitate_2.jpg-1024x954.jpeg\" alt class=\"wp-image-437139\"><\/a><\/figure>\n<p><strong>Gr\u0103mad\u0103 Mara-Ioana<\/strong>, elev\u0103 la Colegiul Na\u021bional \u201e\u0218tefan cel Mare\u201d Suceava, \u00eendrumat\u0103 de prof. <strong>Iulia Murariu<\/strong>, a reu\u0219it s\u0103 urce pe podium, ob\u021bin\u00e2nd <strong>Premiul al III-lea<\/strong>.<\/p>\n<p>La competi\u021bie a mai reprezentat jude\u021bul Suceava:<\/p>\n<ul class=\"wp-block-list\">\n<li><strong>Zaharia Ema<\/strong>, elev\u0103 la Colegiul Na\u021bional \u201ePetru Rare\u0219\u201d Suceava, \u00eendrumat\u0103 de prof. <strong>Elena Boteanu<\/strong>.<\/li>\n<\/ul>\n<p>Cele dou\u0103 eleve au fost \u00eenso\u021bite de prof. <strong>Ionela B\u00eendiul<\/strong> de la Colegiul Tehnic \u201eRegele Ferdinand I\u201d R\u0103d\u0103u\u021bi.<\/p>\n<p>Etapa jude\u021bean\u0103 a olimpiadei a fost coordonat\u0103 de inspectorii \u0219colari pentru limba \u0219i literatura rom\u00e2n\u0103, prof. <strong>Gabriela Cazac<\/strong> \u0219i <strong>Ilie-Cristian Gorcea<\/strong>.<\/p>\n<p>Competi\u021bia na\u021bional\u0103 \u201eLectura ca abilitate de via\u021b\u0103\u201d promoveaz\u0103 lectura ca instrument esen\u021bial de dezvoltare personal\u0103, stimul\u00e2nd g\u00e2ndirea critic\u0103, creativitatea \u0219i capacitatea de analiz\u0103 a textului literar. La aceast\u0103 edi\u021bie au participat elevi din 38 de jude\u021be, \u00eentr-o atmosfer\u0103 de \u00eenv\u0103\u021bare \u0219i valorizare a experien\u021belor de lectur\u0103.<\/p>\n<p>\u201eDiferen\u021bele dintre candida\u021bi au \u00eensemnat nuan\u021be\u201d, au precizat organizatorii, subliniind nivelul ridicat al competi\u021biei.<\/p>\n<figure class=\"wp-block-embed is-type-video is-provider-youtube wp-block-embed-youtube wp-embed-aspect-16-9 wp-has-aspect-ratio\">\n<div class=\"wp-block-embed__wrapper\">\n<div class=\"youtube-embed\" data-video_id=\"kVlZBegLWgA\"><iframe loading=\"lazy\" title=\"Dac\u0103 te TRECE...te \u00eeneci!! Bucovina instagramabil\u0103 e doar \u00een mintea lor! E JALE pe European!!\" width=\"696\" height=\"392\" src=\"https:\/\/www.youtube.com\/embed\/kVlZBegLWgA?feature=oembed&amp;enablejsapi=1\" frameborder allow=\"accelerometer; autoplay; clipboard-write; encrypted-media; gyroscope; picture-in-picture; web-share\" referrerpolicy=\"strict-origin-when-cross-origin\" allowfullscreen><\/iframe><\/div>\n<\/div>\n<\/figure>\n<div class=\"td-a-rec td-a-rec-id-content_bottom  tdi_4 td_block_template_1\"><strong>Intr\u0103 acum \u0219i \u00een grupul de <\/p>\n<div class=\"wp-block-button\"><a class=\"wp-block-button__link wp-element-button\" href=\"https:\/\/t.me\/+TH8wcfnp8fw5NWI0\">Telegram News Bucovina<\/a><\/div>\n<p><\/strong><\/div>\n<\/div>\n<div class=\"td-post-content tagdiv-type\">\n<div class=\"td-a-rec td-a-rec-id-content_top  tdi_3 td_block_template_1\"><strong>Intr\u0103 acum \u0219i \u00een grupul de <\/p>\n<div class=\"wp-block-button\"><a class=\"wp-block-button__link wp-element-button\" href=\"https:\/\/t.me\/+TH8wcfnp8fw5NWI0\">Telegram News Bucovina<\/a><\/div>\n<p><\/strong><\/div>\n<p>Jude\u021bul Suceava a ob\u021binut un rezultat important la etapa na\u021bional\u0103 a Olimpiadei \u201eLectura ca abilitate de via\u021b\u0103\u201d, desf\u0103\u0219urat\u0103 la Foc\u0219ani, jude\u021bul Vrancea, \u00een perioada 23-26 aprilie 2026.<\/p>\n<figure class=\"wp-block-image size-large\"><a href=\"https:\/\/cdn.newsbucovina.ro\/wp-content\/uploads\/2026\/04\/Lectura-ca-abilitate_2.jpg.jpeg\"><img loading=\"lazy\" decoding=\"async\" width=\"1024\" height=\"954\" src=\"https:\/\/cdn.newsbucovina.ro\/wp-content\/uploads\/2026\/04\/Lectura-ca-abilitate_2.jpg-1024x954.jpeg\" alt class=\"wp-image-437139\"><\/a><\/figure>\n<p><strong>Gr\u0103mad\u0103 Mara-Ioana<\/strong>, elev\u0103 la Colegiul Na\u021bional \u201e\u0218tefan cel Mare\u201d Suceava, \u00eendrumat\u0103 de prof. <strong>Iulia Murariu<\/strong>, a reu\u0219it s\u0103 urce pe podium, ob\u021bin\u00e2nd <strong>Premiul al III-lea<\/strong>.<\/p>\n<p>La competi\u021bie a mai reprezentat jude\u021bul Suceava:<\/p>\n<ul class=\"wp-block-list\">\n<li><strong>Zaharia Ema<\/strong>, elev\u0103 la Colegiul Na\u021bional \u201ePetru Rare\u0219\u201d Suceava, \u00eendrumat\u0103 de prof. <strong>Elena Boteanu<\/strong>.<\/li>\n<\/ul>\n<p>Cele dou\u0103 eleve au fost \u00eenso\u021bite de prof. <strong>Ionela B\u00eendiul<\/strong> de la Colegiul Tehnic \u201eRegele Ferdinand I\u201d R\u0103d\u0103u\u021bi.<\/p>\n<p>Etapa jude\u021bean\u0103 a olimpiadei a fost coordonat\u0103 de inspectorii \u0219colari pentru limba \u0219i literatura rom\u00e2n\u0103, prof. <strong>Gabriela Cazac<\/strong> \u0219i <strong>Ilie-Cristian Gorcea<\/strong>.<\/p>\n<p>Competi\u021bia na\u021bional\u0103 \u201eLectura ca abilitate de via\u021b\u0103\u201d promoveaz\u0103 lectura ca instrument esen\u021bial de dezvoltare personal\u0103, stimul\u00e2nd g\u00e2ndirea critic\u0103, creativitatea \u0219i capacitatea de analiz\u0103 a textului literar. La aceast\u0103 edi\u021bie au participat elevi din 38 de jude\u021be, \u00eentr-o atmosfer\u0103 de \u00eenv\u0103\u021bare \u0219i valorizare a experien\u021belor de lectur\u0103.<\/p>\n<p>\u201eDiferen\u021bele dintre candida\u021bi au \u00eensemnat nuan\u021be\u201d, au precizat organizatorii, subliniind nivelul ridicat al competi\u021biei.<\/p>\n<figure class=\"wp-block-embed is-type-video is-provider-youtube wp-block-embed-youtube wp-embed-aspect-16-9 wp-has-aspect-ratio\">\n<div class=\"wp-block-embed__wrapper\">\n<div class=\"youtube-embed\" data-video_id=\"kVlZBegLWgA\"><iframe loading=\"lazy\" title=\"Dac\u0103 te TRECE...te \u00eeneci!! Bucovina instagramabil\u0103 e doar \u00een mintea lor! E JALE pe European!!\" width=\"696\" height=\"392\" src=\"https:\/\/www.youtube.com\/embed\/kVlZBegLWgA?feature=oembed&amp;enablejsapi=1\" frameborder allow=\"accelerometer; autoplay; clipboard-write; encrypted-media; gyroscope; picture-in-picture; web-share\" referrerpolicy=\"strict-origin-when-cross-origin\" allowfullscreen><\/iframe><\/div>\n<\/div>\n<\/figure>\n<div class=\"td-a-rec td-a-rec-id-content_bottom  tdi_4 td_block_template_1\"><strong>Intr\u0103 acum \u0219i \u00een grupul de <\/p>\n<div class=\"wp-block-button\"><a class=\"wp-block-button__link wp-element-button\" href=\"https:\/\/t.me\/+TH8wcfnp8fw5NWI0\">Telegram News Bucovina<\/a><\/div>\n<p><\/strong><\/div>\n<\/div>\n<p>[analyse_source url=&#8221;https:\/\/www.newsbucovina.ro\/actualitate\/437138\/eleva-de-la-colegiul-national-stefan-cel-mare-suceava-premiul-iii-la-olimpiada-nationala-lectura-ca-abilitate-de-viata&#8221;]<\/p>\n","protected":false},"excerpt":{"rendered":"<p>[analyse_image type=&#8221;featured&#8221; src=&#8221;https:\/\/www.newsbucovina.ro\/wp-content\/uploads\/2026\/04\/Lectura-ca-abilitate_2.jpg-1.jpeghttps:\/\/cdn.newsbucovina.ro\/wp-content\/uploads\/2026\/04\/Lectura-ca-abilitate_2.jpg-1.jpeg&#8221;] Intr\u0103 acum \u0219i \u00een grupul de Telegram News Bucovina Jude\u021bul Suceava a ob\u021binut un rezultat important la etapa na\u021bional\u0103 a Olimpiadei \u201eLectura ca abilitate de via\u021b\u0103\u201d, desf\u0103\u0219urat\u0103 la Foc\u0219ani, jude\u021bul Vrancea, \u00een perioada 23-26 aprilie 2026. Gr\u0103mad\u0103 Mara-Ioana, elev\u0103 la Colegiul Na\u021bional \u201e\u0218tefan cel Mare\u201d Suceava, \u00eendrumat\u0103 de prof. Iulia Murariu, a [&hellip;]<\/p>\n","protected":false},"author":1,"featured_media":0,"comment_status":"open","ping_status":"","sticky":false,"template":"","format":"standard","meta":{"footnotes":""},"categories":[89],"tags":[226,165],"class_list":["post-1907887","post","type-post","status-publish","format-standard","hentry","category-romania","tag-crawlmanager","tag-newsbucovina-ro"],"_links":{"self":[{"href":"https:\/\/analyse.optim.biz\/index.php?rest_route=\/wp\/v2\/posts\/1907887","targetHints":{"allow":["GET"]}}],"collection":[{"href":"https:\/\/analyse.optim.biz\/index.php?rest_route=\/wp\/v2\/posts"}],"about":[{"href":"https:\/\/analyse.optim.biz\/index.php?rest_route=\/wp\/v2\/types\/post"}],"author":[{"embeddable":true,"href":"https:\/\/analyse.optim.biz\/index.php?rest_route=\/wp\/v2\/users\/1"}],"replies":[{"embeddable":true,"href":"https:\/\/analyse.optim.biz\/index.php?rest_route=%2Fwp%2Fv2%2Fcomments&post=1907887"}],"version-history":[{"count":0,"href":"https:\/\/analyse.optim.biz\/index.php?rest_route=\/wp\/v2\/posts\/1907887\/revisions"}],"wp:attachment":[{"href":"https:\/\/analyse.optim.biz\/index.php?rest_route=%2Fwp%2Fv2%2Fmedia&parent=1907887"}],"wp:term":[{"taxonomy":"category","embeddable":true,"href":"https:\/\/analyse.optim.biz\/index.php?rest_route=%2Fwp%2Fv2%2Fcategories&post=1907887"},{"taxonomy":"post_tag","embeddable":true,"href":"https:\/\/analyse.optim.biz\/index.php?rest_route=%2Fwp%2Fv2%2Ftags&post=1907887"}],"curies":[{"name":"wp","href":"https:\/\/api.w.org\/{rel}","templated":true}]}}