{"id":1907886,"date":"2026-04-27T06:20:21","date_gmt":"2026-04-27T03:20:21","guid":{"rendered":"https:\/\/analyse.optim.biz\/?p=1907886"},"modified":"2026-04-27T06:20:21","modified_gmt":"2026-04-27T03:20:21","slug":"echipajul-colegiul-national-dragos-voda-campulung-moldovenesc-castigator-al-etapei-judetene-made-for-europe-2026","status":"publish","type":"post","link":"https:\/\/analyse.optim.biz\/?p=1907886","title":{"rendered":"Echipajul Colegiul Na\u021bional \u201eDrago\u0219 Vod\u0103\u201d C\u00e2mpulung Moldovenesc, c\u00e2\u0219tig\u0103tor al etapei jude\u021bene \u201eMade for Europe\u201d 2026"},"content":{"rendered":"<p>[analyse_image type=&#8221;featured&#8221; src=&#8221;https:\/\/www.newsbucovina.ro\/wp-content\/uploads\/2026\/04\/WhatsApp-Image-2026-04-27-at-08.56.05.jpeghttps:\/\/cdn.newsbucovina.ro\/wp-content\/uploads\/2026\/04\/WhatsApp-Image-2026-04-27-at-08.56.05.jpeg&#8221;]<\/p>\n<div class=\"td-post-content tagdiv-type\">\n<div class=\"td-a-rec td-a-rec-id-content_top  tdi_3 td_block_template_1\"><strong>Intr\u0103 acum \u0219i \u00een grupul de <\/p>\n<div class=\"wp-block-button\"><a class=\"wp-block-button__link wp-element-button\" href=\"https:\/\/t.me\/+TH8wcfnp8fw5NWI0\">Telegram News Bucovina<\/a><\/div>\n<p><\/strong><\/div>\n<p>Etapa jude\u021bean\u0103 a Concursului na\u021bional \u201eMade for Europe\u201d, edi\u021bia a XVIII-a, organizat\u0103 de Inspectoratul \u0218colar Jude\u021bean Suceava, a recompensat creativitatea \u0219i implicarea elevilor suceveni care au participat la proiecte europene.<\/p>\n<p>Competi\u021bia, dedicat\u0103 valorific\u0103rii produselor finale realizate de elevi \u00een cadrul proiectelor Erasmus+, eTwinning, Junior Achievement \u0219i altor ini\u021biative europene, a reunit 7 lucr\u0103ri evaluate pentru inova\u021bie, impact educa\u021bional \u0219i posibilitatea de integrare \u00een activitatea \u0219colar\u0103.<\/p>\n<figure class=\"wp-block-gallery has-nested-images columns-default is-cropped wp-block-gallery-1 is-layout-flex wp-block-gallery-is-layout-flex\">\n<figure class=\"wp-block-image size-large\"><a href=\"https:\/\/cdn.newsbucovina.ro\/wp-content\/uploads\/2026\/04\/WhatsApp-Image-2026-04-27-at-08.56.05.jpeg\"><img loading=\"lazy\" decoding=\"async\" width=\"1024\" height=\"445\" data-id=\"437133\" src=\"https:\/\/cdn.newsbucovina.ro\/wp-content\/uploads\/2026\/04\/WhatsApp-Image-2026-04-27-at-08.56.05-1024x445.jpeg\" alt class=\"wp-image-437133\"><\/a><\/figure>\n<figure class=\"wp-block-image size-large\"><a href=\"https:\/\/cdn.newsbucovina.ro\/wp-content\/uploads\/2026\/04\/WhatsApp-Image-2026-04-27-at-08.56.17.jpeg\"><img loading=\"lazy\" decoding=\"async\" width=\"1024\" height=\"566\" data-id=\"437134\" src=\"https:\/\/cdn.newsbucovina.ro\/wp-content\/uploads\/2026\/04\/WhatsApp-Image-2026-04-27-at-08.56.17-1024x566.jpeg\" alt class=\"wp-image-437134\"><\/a><\/figure>\n<figure class=\"wp-block-image size-large\"><a href=\"https:\/\/cdn.newsbucovina.ro\/wp-content\/uploads\/2026\/04\/WhatsApp-Image-2026-04-27-at-08.56.111.jpeg\"><img loading=\"lazy\" decoding=\"async\" width=\"1024\" height=\"298\" data-id=\"437132\" src=\"https:\/\/cdn.newsbucovina.ro\/wp-content\/uploads\/2026\/04\/WhatsApp-Image-2026-04-27-at-08.56.111-1024x298.jpeg\" alt class=\"wp-image-437132\"><\/a><\/figure>\n<\/figure>\n<p><strong>C\u00e2\u0219tig\u0103torii etapei jude\u021bene:<\/strong><\/p>\n<ul class=\"wp-block-list\">\n<li><strong>Premiul I<\/strong> \u2013 Echipajul Colegiului Na\u021bional \u201eDrago\u0219 Vod\u0103\u201d C\u00e2mpulung Moldovenesc, format din elevii <strong>Buculei Nicolae Claudiu<\/strong> \u0219i <strong>Bos\u00eenceanu Iustin<\/strong> (clasa a XI-a), cu aplica\u021bia mobil\u0103 <strong>\u201eAktivan\u201d<\/strong>, realizat\u0103 \u00een cadrul proiectului Erasmus+ KA220 \u201eGreen STEM \u2013 Green Science Teaching Materials for Digital Learning\u201d. Coordonator proiect: prof. <strong>Cojocari Moro\u015fan Alexandru<\/strong>.<\/li>\n<li><strong>Premiul II<\/strong> \u2013 Elevele <strong>T\u0103taru Gabriela<\/strong> \u0219i <strong>T\u0103taru Roxana<\/strong> (clasa a XII-a), Colegiul Economic \u201eDimitrie Cantemir\u201d Suceava, pentru \u201eGhid de bune practici \u2013 Viitor verde \u2013 cet\u0103\u021beni activi \u2013 Inova\u021bie \u0219i competen\u021be pentru dezvoltare durabil\u0103\u201d, realizat \u00een cadrul proiectului Erasmus+ KA120-Acreditare. Coordonator: prof. <strong>Sfichi Florentina<\/strong>.<\/li>\n<li><strong>Premiul III<\/strong> (ex aequo):\n<ul class=\"wp-block-list\">\n<li>Elevele <strong>Pitaru Denisa Gabriela<\/strong> \u0219i <strong>Vornicu Ilinca<\/strong> (clasa a VII-a), Liceul Teoretic \u201eIorgu V\u00eernav Liteanu\u201d Liteni, pentru e-book-ul realizat \u00een cadrul proiectului eTwinning \u201eBeyond Stereotypes \u2013 Empowering Kids Through Fairtales\u201d. Coordonator: prof. <strong>Marleneanu Cerasela<\/strong>.<\/li>\n<li>Eleva <strong>Rusu Alexandra Bianca<\/strong> (clasa a XI-a), Colegiul Economic \u201eDimitrie Cantemir\u201d Suceava, pentru pagina web realizat\u0103 \u00een cadrul proiectului Erasmus+ KA121-VET \u201eQualification to European Standards\u201d. Coordonator: prof. <strong>Hagiu Lumini\u021ba<\/strong>.<\/li>\n<\/ul>\n<\/li>\n<\/ul>\n<p>Etapa jude\u021bean\u0103 a fost coordonat\u0103 de inspectorul \u0219colar pentru proiecte educa\u021bionale, prof. <strong>Lidia Acostoaie<\/strong>.<\/p>\n<p>\u201eCalitatea \u0219i diversitatea produselor prezentate au demonstrat preocuparea elevilor \u0219i a cadrelor didactice pentru dezvoltarea competen\u021belor cheie \u0219i consolidarea dimensiunii europene \u00een educa\u021bie\u201d, au transmis organizatorii.<\/p>\n<p>Echipele premiate vor reprezenta jude\u021bul Suceava la etapa na\u021bional\u0103 a concursului, care se va desf\u0103\u0219ura la Deva, jude\u021bul Hunedoara, \u00een perioada <strong>13-17 mai 2026<\/strong>.<\/p>\n<figure class=\"wp-block-embed is-type-video is-provider-youtube wp-block-embed-youtube wp-embed-aspect-16-9 wp-has-aspect-ratio\">\n<div class=\"wp-block-embed__wrapper\">\n<div class=\"youtube-embed\" data-video_id=\"kVlZBegLWgA\"><iframe loading=\"lazy\" title=\"Dac\u0103 te TRECE...te \u00eeneci!! Bucovina instagramabil\u0103 e doar \u00een mintea lor! E JALE pe European!!\" width=\"696\" height=\"392\" src=\"https:\/\/www.youtube.com\/embed\/kVlZBegLWgA?feature=oembed&amp;enablejsapi=1\" frameborder allow=\"accelerometer; autoplay; clipboard-write; encrypted-media; gyroscope; picture-in-picture; web-share\" referrerpolicy=\"strict-origin-when-cross-origin\" allowfullscreen><\/iframe><\/div>\n<\/div>\n<\/figure>\n<div class=\"td-a-rec td-a-rec-id-content_bottom  tdi_4 td_block_template_1\"><strong>Intr\u0103 acum \u0219i \u00een grupul de <\/p>\n<div class=\"wp-block-button\"><a class=\"wp-block-button__link wp-element-button\" href=\"https:\/\/t.me\/+TH8wcfnp8fw5NWI0\">Telegram News Bucovina<\/a><\/div>\n<p><\/strong><\/div>\n<\/div>\n<div class=\"td-post-content tagdiv-type\">\n<div class=\"td-a-rec td-a-rec-id-content_top  tdi_3 td_block_template_1\"><strong>Intr\u0103 acum \u0219i \u00een grupul de <\/p>\n<div class=\"wp-block-button\"><a class=\"wp-block-button__link wp-element-button\" href=\"https:\/\/t.me\/+TH8wcfnp8fw5NWI0\">Telegram News Bucovina<\/a><\/div>\n<p><\/strong><\/div>\n<p>Etapa jude\u021bean\u0103 a Concursului na\u021bional \u201eMade for Europe\u201d, edi\u021bia a XVIII-a, organizat\u0103 de Inspectoratul \u0218colar Jude\u021bean Suceava, a recompensat creativitatea \u0219i implicarea elevilor suceveni care au participat la proiecte europene.<\/p>\n<p>Competi\u021bia, dedicat\u0103 valorific\u0103rii produselor finale realizate de elevi \u00een cadrul proiectelor Erasmus+, eTwinning, Junior Achievement \u0219i altor ini\u021biative europene, a reunit 7 lucr\u0103ri evaluate pentru inova\u021bie, impact educa\u021bional \u0219i posibilitatea de integrare \u00een activitatea \u0219colar\u0103.<\/p>\n<figure class=\"wp-block-gallery has-nested-images columns-default is-cropped wp-block-gallery-1 is-layout-flex wp-block-gallery-is-layout-flex\">\n<figure class=\"wp-block-image size-large\"><a href=\"https:\/\/cdn.newsbucovina.ro\/wp-content\/uploads\/2026\/04\/WhatsApp-Image-2026-04-27-at-08.56.05.jpeg\"><img loading=\"lazy\" decoding=\"async\" width=\"1024\" height=\"445\" data-id=\"437133\" src=\"https:\/\/cdn.newsbucovina.ro\/wp-content\/uploads\/2026\/04\/WhatsApp-Image-2026-04-27-at-08.56.05-1024x445.jpeg\" alt class=\"wp-image-437133\"><\/a><\/figure>\n<figure class=\"wp-block-image size-large\"><a href=\"https:\/\/cdn.newsbucovina.ro\/wp-content\/uploads\/2026\/04\/WhatsApp-Image-2026-04-27-at-08.56.17.jpeg\"><img loading=\"lazy\" decoding=\"async\" width=\"1024\" height=\"566\" data-id=\"437134\" src=\"https:\/\/cdn.newsbucovina.ro\/wp-content\/uploads\/2026\/04\/WhatsApp-Image-2026-04-27-at-08.56.17-1024x566.jpeg\" alt class=\"wp-image-437134\"><\/a><\/figure>\n<figure class=\"wp-block-image size-large\"><a href=\"https:\/\/cdn.newsbucovina.ro\/wp-content\/uploads\/2026\/04\/WhatsApp-Image-2026-04-27-at-08.56.111.jpeg\"><img loading=\"lazy\" decoding=\"async\" width=\"1024\" height=\"298\" data-id=\"437132\" src=\"https:\/\/cdn.newsbucovina.ro\/wp-content\/uploads\/2026\/04\/WhatsApp-Image-2026-04-27-at-08.56.111-1024x298.jpeg\" alt class=\"wp-image-437132\"><\/a><\/figure>\n<\/figure>\n<p><strong>C\u00e2\u0219tig\u0103torii etapei jude\u021bene:<\/strong><\/p>\n<ul class=\"wp-block-list\">\n<li><strong>Premiul I<\/strong> \u2013 Echipajul Colegiului Na\u021bional \u201eDrago\u0219 Vod\u0103\u201d C\u00e2mpulung Moldovenesc, format din elevii <strong>Buculei Nicolae Claudiu<\/strong> \u0219i <strong>Bos\u00eenceanu Iustin<\/strong> (clasa a XI-a), cu aplica\u021bia mobil\u0103 <strong>\u201eAktivan\u201d<\/strong>, realizat\u0103 \u00een cadrul proiectului Erasmus+ KA220 \u201eGreen STEM \u2013 Green Science Teaching Materials for Digital Learning\u201d. Coordonator proiect: prof. <strong>Cojocari Moro\u015fan Alexandru<\/strong>.<\/li>\n<li><strong>Premiul II<\/strong> \u2013 Elevele <strong>T\u0103taru Gabriela<\/strong> \u0219i <strong>T\u0103taru Roxana<\/strong> (clasa a XII-a), Colegiul Economic \u201eDimitrie Cantemir\u201d Suceava, pentru \u201eGhid de bune practici \u2013 Viitor verde \u2013 cet\u0103\u021beni activi \u2013 Inova\u021bie \u0219i competen\u021be pentru dezvoltare durabil\u0103\u201d, realizat \u00een cadrul proiectului Erasmus+ KA120-Acreditare. Coordonator: prof. <strong>Sfichi Florentina<\/strong>.<\/li>\n<li><strong>Premiul III<\/strong> (ex aequo):\n<ul class=\"wp-block-list\">\n<li>Elevele <strong>Pitaru Denisa Gabriela<\/strong> \u0219i <strong>Vornicu Ilinca<\/strong> (clasa a VII-a), Liceul Teoretic \u201eIorgu V\u00eernav Liteanu\u201d Liteni, pentru e-book-ul realizat \u00een cadrul proiectului eTwinning \u201eBeyond Stereotypes \u2013 Empowering Kids Through Fairtales\u201d. Coordonator: prof. <strong>Marleneanu Cerasela<\/strong>.<\/li>\n<li>Eleva <strong>Rusu Alexandra Bianca<\/strong> (clasa a XI-a), Colegiul Economic \u201eDimitrie Cantemir\u201d Suceava, pentru pagina web realizat\u0103 \u00een cadrul proiectului Erasmus+ KA121-VET \u201eQualification to European Standards\u201d. Coordonator: prof. <strong>Hagiu Lumini\u021ba<\/strong>.<\/li>\n<\/ul>\n<\/li>\n<\/ul>\n<p>Etapa jude\u021bean\u0103 a fost coordonat\u0103 de inspectorul \u0219colar pentru proiecte educa\u021bionale, prof. <strong>Lidia Acostoaie<\/strong>.<\/p>\n<p>\u201eCalitatea \u0219i diversitatea produselor prezentate au demonstrat preocuparea elevilor \u0219i a cadrelor didactice pentru dezvoltarea competen\u021belor cheie \u0219i consolidarea dimensiunii europene \u00een educa\u021bie\u201d, au transmis organizatorii.<\/p>\n<p>Echipele premiate vor reprezenta jude\u021bul Suceava la etapa na\u021bional\u0103 a concursului, care se va desf\u0103\u0219ura la Deva, jude\u021bul Hunedoara, \u00een perioada <strong>13-17 mai 2026<\/strong>.<\/p>\n<figure class=\"wp-block-embed is-type-video is-provider-youtube wp-block-embed-youtube wp-embed-aspect-16-9 wp-has-aspect-ratio\">\n<div class=\"wp-block-embed__wrapper\">\n<div class=\"youtube-embed\" data-video_id=\"kVlZBegLWgA\"><iframe loading=\"lazy\" title=\"Dac\u0103 te TRECE...te \u00eeneci!! Bucovina instagramabil\u0103 e doar \u00een mintea lor! E JALE pe European!!\" width=\"696\" height=\"392\" src=\"https:\/\/www.youtube.com\/embed\/kVlZBegLWgA?feature=oembed&amp;enablejsapi=1\" frameborder allow=\"accelerometer; autoplay; clipboard-write; encrypted-media; gyroscope; picture-in-picture; web-share\" referrerpolicy=\"strict-origin-when-cross-origin\" allowfullscreen><\/iframe><\/div>\n<\/div>\n<\/figure>\n<div class=\"td-a-rec td-a-rec-id-content_bottom  tdi_4 td_block_template_1\"><strong>Intr\u0103 acum \u0219i \u00een grupul de <\/p>\n<div class=\"wp-block-button\"><a class=\"wp-block-button__link wp-element-button\" href=\"https:\/\/t.me\/+TH8wcfnp8fw5NWI0\">Telegram News Bucovina<\/a><\/div>\n<p><\/strong><\/div>\n<\/div>\n<p>[analyse_source url=&#8221;https:\/\/www.newsbucovina.ro\/actualitate\/437131\/echipajul-colegiul-national-dragos-voda-campulung-moldovenesc-castigator-al-etapei-judetene-made-for-europe-2026&#8243;]<\/p>\n","protected":false},"excerpt":{"rendered":"<p>[analyse_image type=&#8221;featured&#8221; src=&#8221;https:\/\/www.newsbucovina.ro\/wp-content\/uploads\/2026\/04\/WhatsApp-Image-2026-04-27-at-08.56.05.jpeghttps:\/\/cdn.newsbucovina.ro\/wp-content\/uploads\/2026\/04\/WhatsApp-Image-2026-04-27-at-08.56.05.jpeg&#8221;] Intr\u0103 acum \u0219i \u00een grupul de Telegram News Bucovina Etapa jude\u021bean\u0103 a Concursului na\u021bional \u201eMade for Europe\u201d, edi\u021bia a XVIII-a, organizat\u0103 de Inspectoratul \u0218colar Jude\u021bean Suceava, a recompensat creativitatea \u0219i implicarea elevilor suceveni care au participat la proiecte europene. Competi\u021bia, dedicat\u0103 valorific\u0103rii produselor finale realizate de elevi \u00een cadrul proiectelor Erasmus+, eTwinning, [&hellip;]<\/p>\n","protected":false},"author":1,"featured_media":0,"comment_status":"open","ping_status":"","sticky":false,"template":"","format":"standard","meta":{"footnotes":""},"categories":[89],"tags":[226,165],"class_list":["post-1907886","post","type-post","status-publish","format-standard","hentry","category-romania","tag-crawlmanager","tag-newsbucovina-ro"],"_links":{"self":[{"href":"https:\/\/analyse.optim.biz\/index.php?rest_route=\/wp\/v2\/posts\/1907886","targetHints":{"allow":["GET"]}}],"collection":[{"href":"https:\/\/analyse.optim.biz\/index.php?rest_route=\/wp\/v2\/posts"}],"about":[{"href":"https:\/\/analyse.optim.biz\/index.php?rest_route=\/wp\/v2\/types\/post"}],"author":[{"embeddable":true,"href":"https:\/\/analyse.optim.biz\/index.php?rest_route=\/wp\/v2\/users\/1"}],"replies":[{"embeddable":true,"href":"https:\/\/analyse.optim.biz\/index.php?rest_route=%2Fwp%2Fv2%2Fcomments&post=1907886"}],"version-history":[{"count":0,"href":"https:\/\/analyse.optim.biz\/index.php?rest_route=\/wp\/v2\/posts\/1907886\/revisions"}],"wp:attachment":[{"href":"https:\/\/analyse.optim.biz\/index.php?rest_route=%2Fwp%2Fv2%2Fmedia&parent=1907886"}],"wp:term":[{"taxonomy":"category","embeddable":true,"href":"https:\/\/analyse.optim.biz\/index.php?rest_route=%2Fwp%2Fv2%2Fcategories&post=1907886"},{"taxonomy":"post_tag","embeddable":true,"href":"https:\/\/analyse.optim.biz\/index.php?rest_route=%2Fwp%2Fv2%2Ftags&post=1907886"}],"curies":[{"name":"wp","href":"https:\/\/api.w.org\/{rel}","templated":true}]}}