{"id":1907885,"date":"2026-04-27T06:10:12","date_gmt":"2026-04-27T03:10:12","guid":{"rendered":"https:\/\/analyse.optim.biz\/?p=1907885"},"modified":"2026-04-27T06:10:12","modified_gmt":"2026-04-27T03:10:12","slug":"aproape-200-de-perchezitii-in-tara-prin-operatiunea-jupiterpolitia-romana-si-parchetul-general-actioneaza-pentru-protejarea-drepturilor-de-proprietate-intelectuala","status":"publish","type":"post","link":"https:\/\/analyse.optim.biz\/?p=1907885","title":{"rendered":"Aproape 200 de perchezi\u021bii \u00een \u021bar\u0103 prin Opera\u021biunea Jupiter:Poli\u021bia Rom\u00e2n\u0103 \u0219i Parchetul General ac\u021bioneaz\u0103 pentru protejarea drepturilor de proprietate intelectual\u0103"},"content":{"rendered":"<p>[analyse_image type=&#8221;featured&#8221; src=&#8221;https:\/\/www.newsbucovina.ro\/wp-content\/uploads\/2026\/04\/Screenshot-12.pnghttps:\/\/cdn.newsbucovina.ro\/wp-content\/uploads\/2026\/04\/Screenshot-12.png&#8221;]<\/p>\n<div class=\"td-post-content tagdiv-type\">\n<div class=\"td-a-rec td-a-rec-id-content_top  tdi_3 td_block_template_1\"><strong>Intr\u0103 acum \u0219i \u00een grupul de <\/p>\n<div class=\"wp-block-button\"><a class=\"wp-block-button__link wp-element-button\" href=\"https:\/\/t.me\/+TH8wcfnp8fw5NWI0\">Telegram News Bucovina<\/a><\/div>\n<p><\/strong><\/div>\n<p>Sub coordonarea Parchetului de pe l\u00e2ng\u0103 \u00cenalta Curte de Casa\u021bie \u0219i Justi\u021bie \u0219i a Inspectoratului General al Poli\u021biei Rom\u00e2ne, poli\u021bi\u0219tii specializa\u021bi \u00een investigarea criminalit\u0103\u021bii economice desf\u0103\u0219oar\u0103 ast\u0103zi, <strong>27 aprilie 2026<\/strong>, ac\u021biuni ample la nivel na\u021bional pentru combaterea infrac\u021biunilor la regimul drepturilor de proprietate intelectual\u0103.<\/p>\n<figure class=\"wp-block-image size-large\"><a href=\"https:\/\/cdn.newsbucovina.ro\/wp-content\/uploads\/2026\/04\/Screenshot-12.png\"><img loading=\"lazy\" decoding=\"async\" width=\"1024\" height=\"562\" src=\"https:\/\/cdn.newsbucovina.ro\/wp-content\/uploads\/2026\/04\/Screenshot-12-1024x562.png\" alt class=\"wp-image-437129\"><\/a><\/figure>\n<p>Ac\u021biunile au loc \u00een contextul Zilei Interna\u021bionale a Propriet\u0103\u021bii Intelectuale, celebrat\u0103 anual la 26 aprilie, \u0219i vizeaz\u0103 protejarea mediului de afaceri, a titularilor de drepturi \u0219i a consumatorilor de pe pia\u021ba rom\u00e2neasc\u0103.<\/p>\n<p>\u00cen cadrul Opera\u021biunii \u201eJupiter\u201d, poli\u021bi\u0219tii efectueaz\u0103 cercet\u0103ri \u00een <strong>76 de dosare penale<\/strong>, pun\u00e2nd \u00een aplicare <strong>185 de mandate de perchezi\u021bie domiciliar\u0103<\/strong> \u0219i <strong>25 de mandate de aducere<\/strong>. Totodat\u0103, se instituie m\u0103suri de sechestru asigur\u0103tor \u0219i se indisponibilizeaz\u0103 bunuri pentru recuperarea prejudiciilor \u0219i tragerea la r\u0103spundere penal\u0103 a persoanelor implicate.<\/p>\n<p>Activit\u0103\u021bile vizeaz\u0103 \u00een principal infrac\u021biunile prev\u0103zute de Legea nr. 84\/1998 privind m\u0103rcile \u0219i indica\u021biile geografice \u0219i de Legea nr. 8\/1996 privind drepturile de autor \u0219i drepturile conexe, precum \u0219i orice alte fapte penale din domeniul propriet\u0103\u021bii intelectuale.<\/p>\n<p>\u00cen paralel, la nivelul a <strong>17 unit\u0103\u021bi teritoriale de poli\u021bie<\/strong>, se desf\u0103\u0219oar\u0103 ac\u021biuni de verificare \u0219i constatare \u00een flagrant delict a eventualelor infrac\u021biuni din acest domeniu.<\/p>\n<p>Protec\u021bia drepturilor de proprietate intelectual\u0103 reprezint\u0103 un obiectiv strategic asumat de autorit\u0103\u021bile rom\u00e2ne, \u00een conformitate cu Hot\u0103r\u00e2rea Guvernului nr. 1.272\/2023 privind aprobarea Strategiei na\u021bionale \u00een domeniul propriet\u0103\u021bii intelectuale 2024-2028 \u0219i a Planului de Ac\u021biune corespunz\u0103tor. Opera\u021biunea \u201eJupiter\u201d urm\u0103re\u0219te intensificarea ac\u021biunilor coordonate pentru prevenirea \u0219i combaterea infrac\u021bionalit\u0103\u021bii grave \u0219i organizate \u00een acest domeniu.<\/p>\n<p>Parchetul de pe l\u00e2ng\u0103 \u00cenalta Curte de Casa\u021bie \u0219i Justi\u021bie \u0219i Inspectoratul General al Poli\u021biei Rom\u00e2ne reafirm\u0103 angajamentul ferm de a ac\u021biona constant pentru asigurarea unui climat economic corect, protejarea drepturilor legale ale titularilor \u0219i combaterea practicilor neconcuren\u021biale.<\/p>\n<p>Detalii suplimentare privind evolu\u021bia Opera\u021biunii \u201eJupiter\u201d vor fi comunicate public pe m\u0103sur\u0103 ce ac\u021biunile se deruleaz\u0103.<\/p>\n<p>[Video: <a href=\"https:\/\/youtu.be\/SFBX2J1e2sA\" target=\"_blank\" rel=\"noreferrer noopener\">https:\/\/youtu.be\/SFBX2J1e2sA<\/a>]<\/p>\n<figure class=\"wp-block-embed is-type-video is-provider-youtube wp-block-embed-youtube wp-embed-aspect-16-9 wp-has-aspect-ratio\">\n<div class=\"wp-block-embed__wrapper\">\n<div class=\"youtube-embed\" data-video_id=\"kVlZBegLWgA\"><iframe loading=\"lazy\" title=\"Dac\u0103 te TRECE...te \u00eeneci!! Bucovina instagramabil\u0103 e doar \u00een mintea lor! E JALE pe European!!\" width=\"696\" height=\"392\" src=\"https:\/\/www.youtube.com\/embed\/kVlZBegLWgA?feature=oembed&amp;enablejsapi=1\" frameborder allow=\"accelerometer; autoplay; clipboard-write; encrypted-media; gyroscope; picture-in-picture; web-share\" referrerpolicy=\"strict-origin-when-cross-origin\" allowfullscreen><\/iframe><\/div>\n<\/div>\n<\/figure>\n<div class=\"td-a-rec td-a-rec-id-content_bottom  tdi_4 td_block_template_1\"><strong>Intr\u0103 acum \u0219i \u00een grupul de <\/p>\n<div class=\"wp-block-button\"><a class=\"wp-block-button__link wp-element-button\" href=\"https:\/\/t.me\/+TH8wcfnp8fw5NWI0\">Telegram News Bucovina<\/a><\/div>\n<p><\/strong><\/div>\n<\/div>\n<div class=\"td-post-content tagdiv-type\">\n<div class=\"td-a-rec td-a-rec-id-content_top  tdi_3 td_block_template_1\"><strong>Intr\u0103 acum \u0219i \u00een grupul de <\/p>\n<div class=\"wp-block-button\"><a class=\"wp-block-button__link wp-element-button\" href=\"https:\/\/t.me\/+TH8wcfnp8fw5NWI0\">Telegram News Bucovina<\/a><\/div>\n<p><\/strong><\/div>\n<p>Sub coordonarea Parchetului de pe l\u00e2ng\u0103 \u00cenalta Curte de Casa\u021bie \u0219i Justi\u021bie \u0219i a Inspectoratului General al Poli\u021biei Rom\u00e2ne, poli\u021bi\u0219tii specializa\u021bi \u00een investigarea criminalit\u0103\u021bii economice desf\u0103\u0219oar\u0103 ast\u0103zi, <strong>27 aprilie 2026<\/strong>, ac\u021biuni ample la nivel na\u021bional pentru combaterea infrac\u021biunilor la regimul drepturilor de proprietate intelectual\u0103.<\/p>\n<figure class=\"wp-block-image size-large\"><a href=\"https:\/\/cdn.newsbucovina.ro\/wp-content\/uploads\/2026\/04\/Screenshot-12.png\"><img loading=\"lazy\" decoding=\"async\" width=\"1024\" height=\"562\" src=\"https:\/\/cdn.newsbucovina.ro\/wp-content\/uploads\/2026\/04\/Screenshot-12-1024x562.png\" alt class=\"wp-image-437129\"><\/a><\/figure>\n<p>Ac\u021biunile au loc \u00een contextul Zilei Interna\u021bionale a Propriet\u0103\u021bii Intelectuale, celebrat\u0103 anual la 26 aprilie, \u0219i vizeaz\u0103 protejarea mediului de afaceri, a titularilor de drepturi \u0219i a consumatorilor de pe pia\u021ba rom\u00e2neasc\u0103.<\/p>\n<p>\u00cen cadrul Opera\u021biunii \u201eJupiter\u201d, poli\u021bi\u0219tii efectueaz\u0103 cercet\u0103ri \u00een <strong>76 de dosare penale<\/strong>, pun\u00e2nd \u00een aplicare <strong>185 de mandate de perchezi\u021bie domiciliar\u0103<\/strong> \u0219i <strong>25 de mandate de aducere<\/strong>. Totodat\u0103, se instituie m\u0103suri de sechestru asigur\u0103tor \u0219i se indisponibilizeaz\u0103 bunuri pentru recuperarea prejudiciilor \u0219i tragerea la r\u0103spundere penal\u0103 a persoanelor implicate.<\/p>\n<p>Activit\u0103\u021bile vizeaz\u0103 \u00een principal infrac\u021biunile prev\u0103zute de Legea nr. 84\/1998 privind m\u0103rcile \u0219i indica\u021biile geografice \u0219i de Legea nr. 8\/1996 privind drepturile de autor \u0219i drepturile conexe, precum \u0219i orice alte fapte penale din domeniul propriet\u0103\u021bii intelectuale.<\/p>\n<p>\u00cen paralel, la nivelul a <strong>17 unit\u0103\u021bi teritoriale de poli\u021bie<\/strong>, se desf\u0103\u0219oar\u0103 ac\u021biuni de verificare \u0219i constatare \u00een flagrant delict a eventualelor infrac\u021biuni din acest domeniu.<\/p>\n<p>Protec\u021bia drepturilor de proprietate intelectual\u0103 reprezint\u0103 un obiectiv strategic asumat de autorit\u0103\u021bile rom\u00e2ne, \u00een conformitate cu Hot\u0103r\u00e2rea Guvernului nr. 1.272\/2023 privind aprobarea Strategiei na\u021bionale \u00een domeniul propriet\u0103\u021bii intelectuale 2024-2028 \u0219i a Planului de Ac\u021biune corespunz\u0103tor. Opera\u021biunea \u201eJupiter\u201d urm\u0103re\u0219te intensificarea ac\u021biunilor coordonate pentru prevenirea \u0219i combaterea infrac\u021bionalit\u0103\u021bii grave \u0219i organizate \u00een acest domeniu.<\/p>\n<p>Parchetul de pe l\u00e2ng\u0103 \u00cenalta Curte de Casa\u021bie \u0219i Justi\u021bie \u0219i Inspectoratul General al Poli\u021biei Rom\u00e2ne reafirm\u0103 angajamentul ferm de a ac\u021biona constant pentru asigurarea unui climat economic corect, protejarea drepturilor legale ale titularilor \u0219i combaterea practicilor neconcuren\u021biale.<\/p>\n<p>Detalii suplimentare privind evolu\u021bia Opera\u021biunii \u201eJupiter\u201d vor fi comunicate public pe m\u0103sur\u0103 ce ac\u021biunile se deruleaz\u0103.<\/p>\n<p>[Video: <a href=\"https:\/\/youtu.be\/SFBX2J1e2sA\" target=\"_blank\" rel=\"noreferrer noopener\">https:\/\/youtu.be\/SFBX2J1e2sA<\/a>]<\/p>\n<figure class=\"wp-block-embed is-type-video is-provider-youtube wp-block-embed-youtube wp-embed-aspect-16-9 wp-has-aspect-ratio\">\n<div class=\"wp-block-embed__wrapper\">\n<div class=\"youtube-embed\" data-video_id=\"kVlZBegLWgA\"><iframe loading=\"lazy\" title=\"Dac\u0103 te TRECE...te \u00eeneci!! Bucovina instagramabil\u0103 e doar \u00een mintea lor! E JALE pe European!!\" width=\"696\" height=\"392\" src=\"https:\/\/www.youtube.com\/embed\/kVlZBegLWgA?feature=oembed&amp;enablejsapi=1\" frameborder allow=\"accelerometer; autoplay; clipboard-write; encrypted-media; gyroscope; picture-in-picture; web-share\" referrerpolicy=\"strict-origin-when-cross-origin\" allowfullscreen><\/iframe><\/div>\n<\/div>\n<\/figure>\n<div class=\"td-a-rec td-a-rec-id-content_bottom  tdi_4 td_block_template_1\"><strong>Intr\u0103 acum \u0219i \u00een grupul de <\/p>\n<div class=\"wp-block-button\"><a class=\"wp-block-button__link wp-element-button\" href=\"https:\/\/t.me\/+TH8wcfnp8fw5NWI0\">Telegram News Bucovina<\/a><\/div>\n<p><\/strong><\/div>\n<\/div>\n<p>[analyse_source url=&#8221;https:\/\/www.newsbucovina.ro\/actualitate\/437128\/aproape-200-de-perchezitii-in-tara-prin-operatiunea-jupiterpolitia-romana-si-parchetul-general-actioneaza-pentru-protejarea-drepturilor-de-proprietate-intelectuala&#8221;]<\/p>\n","protected":false},"excerpt":{"rendered":"<p>[analyse_image type=&#8221;featured&#8221; src=&#8221;https:\/\/www.newsbucovina.ro\/wp-content\/uploads\/2026\/04\/Screenshot-12.pnghttps:\/\/cdn.newsbucovina.ro\/wp-content\/uploads\/2026\/04\/Screenshot-12.png&#8221;] Intr\u0103 acum \u0219i \u00een grupul de Telegram News Bucovina Sub coordonarea Parchetului de pe l\u00e2ng\u0103 \u00cenalta Curte de Casa\u021bie \u0219i Justi\u021bie \u0219i a Inspectoratului General al Poli\u021biei Rom\u00e2ne, poli\u021bi\u0219tii specializa\u021bi \u00een investigarea criminalit\u0103\u021bii economice desf\u0103\u0219oar\u0103 ast\u0103zi, 27 aprilie 2026, ac\u021biuni ample la nivel na\u021bional pentru combaterea infrac\u021biunilor la regimul drepturilor de proprietate [&hellip;]<\/p>\n","protected":false},"author":1,"featured_media":0,"comment_status":"open","ping_status":"","sticky":false,"template":"","format":"standard","meta":{"footnotes":""},"categories":[89],"tags":[226,165],"class_list":["post-1907885","post","type-post","status-publish","format-standard","hentry","category-romania","tag-crawlmanager","tag-newsbucovina-ro"],"_links":{"self":[{"href":"https:\/\/analyse.optim.biz\/index.php?rest_route=\/wp\/v2\/posts\/1907885","targetHints":{"allow":["GET"]}}],"collection":[{"href":"https:\/\/analyse.optim.biz\/index.php?rest_route=\/wp\/v2\/posts"}],"about":[{"href":"https:\/\/analyse.optim.biz\/index.php?rest_route=\/wp\/v2\/types\/post"}],"author":[{"embeddable":true,"href":"https:\/\/analyse.optim.biz\/index.php?rest_route=\/wp\/v2\/users\/1"}],"replies":[{"embeddable":true,"href":"https:\/\/analyse.optim.biz\/index.php?rest_route=%2Fwp%2Fv2%2Fcomments&post=1907885"}],"version-history":[{"count":0,"href":"https:\/\/analyse.optim.biz\/index.php?rest_route=\/wp\/v2\/posts\/1907885\/revisions"}],"wp:attachment":[{"href":"https:\/\/analyse.optim.biz\/index.php?rest_route=%2Fwp%2Fv2%2Fmedia&parent=1907885"}],"wp:term":[{"taxonomy":"category","embeddable":true,"href":"https:\/\/analyse.optim.biz\/index.php?rest_route=%2Fwp%2Fv2%2Fcategories&post=1907885"},{"taxonomy":"post_tag","embeddable":true,"href":"https:\/\/analyse.optim.biz\/index.php?rest_route=%2Fwp%2Fv2%2Ftags&post=1907885"}],"curies":[{"name":"wp","href":"https:\/\/api.w.org\/{rel}","templated":true}]}}