{"id":1907494,"date":"2026-04-28T16:09:02","date_gmt":"2026-04-28T13:09:02","guid":{"rendered":"https:\/\/analyse.optim.biz\/?p=1907494"},"modified":"2026-04-28T16:09:02","modified_gmt":"2026-04-28T13:09:02","slug":"animawings-extinde-zborurile-din-timisoara-noi-rute-catre-copenhaga-si-rotterdam","status":"publish","type":"post","link":"https:\/\/analyse.optim.biz\/?p=1907494","title":{"rendered":"AnimaWings extinde zborurile din Timi\u0219oara: noi rute c\u0103tre Copenhaga \u0219i Rotterdam"},"content":{"rendered":"<p>[analyse_image type=&#8221;featured&#8221; src=&#8221;https:\/\/orasul-timisoara.ro\/wp-content\/uploads\/2026\/04\/AnimaWings-YR-BUN-2.jpg&#8221;]<\/p>\n<article id=\"post-38482\" class=\"td-post-template-7 post-38482 post type-post status-publish format-standard has-post-thumbnail category-featured category-stiri-timisoara category-stiri-nationale-si-internationale category-turism tag-aeroport-timisoara-2 tag-aeroportul-international-timisoara tag-airbus-a220 tag-animawings tag-aviatie-romania tag-copenhaga tag-rotterdam tag-rute-noi tag-transport-aerian tag-zboruri-timisoara-2 td-container-wrap\">\n<div class=\"td-full-screen-header-image-wrap\">\n<div class=\"td-container td-post-header\">\n<div class=\"td-crumb-container\">\n<div class=\"entry-crumbs\"><span><a title=\"Vede\u021bi toate articolele \u00een \u0218tiri Locale\" class=\"entry-crumb\" href=\"https:\/\/orasul-timisoara.ro\/local-category\/stiri-timisoara\/\">\u0218tiri Locale<\/a><\/span><span class=\"td-bred-no-url-last\">AnimaWings extinde zborurile din Timi\u0219oara: noi rute c\u0103tre Copenhaga \u0219i Rotterdam<\/span><\/div>\n<\/div>\n<div class=\"td-post-header-holder\">\n<div class=\"td-parallax-header\">\n<header class=\"td-post-title\">\n<ul class=\"td-category\">\n<li class=\"entry-category\"><a href=\"https:\/\/orasul-timisoara.ro\/local-category\/stiri-timisoara\/\">\u0218tiri Locale<\/a><\/li>\n<li class=\"entry-category\"><a href=\"https:\/\/orasul-timisoara.ro\/local-category\/stiri-nationale-si-internationale\/\">\u0218tiri na\u021bionale \u0219i interna\u021bionale<\/a><\/li>\n<li class=\"entry-category\"><a href=\"https:\/\/orasul-timisoara.ro\/local-category\/turism\/\">Turism<\/a><\/li>\n<\/ul>\n<h1 class=\"entry-title\">AnimaWings extinde zborurile din Timi\u0219oara: noi rute c\u0103tre Copenhaga \u0219i Rotterdam<\/h1>\n<div class=\"td-module-meta-info\">\n<div class=\"td-post-author-name\">\n<div class=\"td-author-by\">De c\u0103tre<\/div>\n<p><a href=\"https:\/\/orasul-timisoara.ro\/author\/timisoara\/\">redactia<\/a><\/p>\n<div class=\"td-author-line\"> &#8211; <\/div>\n<\/div>\n<p><span class=\"td-post-date\"><time class=\"entry-date updated td-module-date\" datetime=\"2026-04-28T19:09:02+03:00\">28\/04\/2026<\/time><\/span><\/div>\n<\/header>\n<\/div>\n<\/div>\n<\/div>\n<div id=\"td-full-screen-header-image\" class=\"td-image-gradient-style7\"><img decoding=\"async\" class=\"td-backstretch\" src=\"https:\/\/orasul-timisoara.ro\/wp-content\/uploads\/2026\/04\/AnimaWings-YR-BUN-2.jpg\"><\/div>\n<\/div>\n<div class=\"td-container\">\n<div class=\"td-pb-row\">\n<div class=\"td-pb-span8 td-main-content\" role=\"main\">\n<div class=\"td-ss-main-content\">\n<div class=\"td-post-sharing-top\">\n<div class=\"td-post-sharing-classic\"><iframe title=\"topFacebookLike\" frameborder src=\"https:\/\/www.facebook.com\/plugins\/like.php?href=https:\/\/orasul-timisoara.ro\/local-38482\/&amp;layout=button_count&amp;show_faces=false&amp;width=105&amp;action=like&amp;colorscheme=light&amp;height=21\"><\/iframe><\/div>\n<div id=\"td_social_sharing_article_top\" class=\"td-post-sharing td-ps-bg td-ps-notext td-post-sharing-style1 \">\n<div class=\"td-post-sharing-visible\"><a class=\"td-social-sharing-button td-social-sharing-button-js td-social-network td-social-facebook\" href=\"https:\/\/www.facebook.com\/sharer.php?u=https%3A%2F%2Forasul-timisoara.ro%2Flocal-38482%2F\" title=\"Facebook\"><\/p>\n<div class=\"td-social-but-text\">Facebook<\/div>\n<p><\/a><a class=\"td-social-sharing-button td-social-sharing-button-js td-social-network td-social-twitter\" href=\"https:\/\/twitter.com\/intent\/tweet?text=AnimaWings+extinde+zborurile+din+Timi%C8%99oara%3A+noi+rute+c%C4%83tre+Copenhaga+%C8%99i+Rotterdam&amp;url=https%3A%2F%2Forasul-timisoara.ro%2Flocal-38482%2F&amp;via=orasultm\" title=\"Twitter\"><\/p>\n<div class=\"td-social-but-text\">Twitter<\/div>\n<p><\/a><a class=\"td-social-sharing-button td-social-sharing-button-js td-social-network td-social-whatsapp\" href=\"https:\/\/api.whatsapp.com\/send?text=AnimaWings+extinde+zborurile+din+Timi%C8%99oara%3A+noi+rute+c%C4%83tre+Copenhaga+%C8%99i+Rotterdam%20%0A%0A%20https:\/\/orasul-timisoara.ro\/local-38482\/\" title=\"WhatsApp\"><\/p>\n<div class=\"td-social-but-text\">WhatsApp<\/div>\n<p><\/a><a class=\"td-social-sharing-button td-social-sharing-button-js td-social-network td-social-linkedin\" href=\"https:\/\/www.linkedin.com\/shareArticle?mini=true&amp;url=https:\/\/orasul-timisoara.ro\/local-38482\/&amp;title=AnimaWings+extinde+zborurile+din+Timi%C8%99oara%3A+noi+rute+c%C4%83tre+Copenhaga+%C8%99i+Rotterdam\" title=\"Linkedin\"><\/p>\n<div class=\"td-social-but-text\">Linkedin<\/div>\n<p><\/a><a class=\"td-social-sharing-button td-social-sharing-button-js td-social-network td-social-reddit\" href=\"https:\/\/reddit.com\/submit?url=https:\/\/orasul-timisoara.ro\/local-38482\/&amp;title=AnimaWings+extinde+zborurile+din+Timi%C8%99oara%3A+noi+rute+c%C4%83tre+Copenhaga+%C8%99i+Rotterdam\" title=\"ReddIt\"><\/p>\n<div class=\"td-social-but-text\">ReddIt<\/div>\n<p><\/a><a class=\"td-social-sharing-button td-social-sharing-button-js td-social-network td-social-mail\" href=\"mailto:?subject=AnimaWings%20extinde%20zborurile%20din%20Timi%C8%99oara:%20noi%20rute%20c%C4%83tre%20Copenhaga%20%C8%99i%20Rotterdam&amp;body=https:\/\/orasul-timisoara.ro\/local-38482\/\" title=\"Email\"><\/p>\n<div class=\"td-social-but-text\">Email<\/div>\n<p><\/a><a class=\"td-social-sharing-button td-social-sharing-button-js td-social-network td-social-print\" href=\"https:\/\/orasul-timisoara.ro\/local-38482\/\" title=\"Imprimare\"><\/p>\n<div class=\"td-social-but-text\">Imprimare<\/div>\n<p><\/a><\/div>\n<\/div>\n<\/div>\n<div class=\"td-post-content tagdiv-type\">\n<p>Compania aerian\u0103 AnimaWings \u00ee\u0219i accelereaz\u0103 planurile de dezvoltare, ajung\u00e2nd la o flot\u0103 de \u0219apte aeronave dup\u0103 introducerea unui nou avion Airbus A220-300. \u00cen paralel, operatorul anun\u021b\u0103 extinderea re\u021belei de rute regulate, inclusiv noi conexiuni directe din Timi\u0219oara, Bucure\u0219ti \u0219i Cluj-Napoca.<\/p>\n<p>Extinderea vine \u00een contextul cre\u0219terii cererii pentru zboruri directe din aeroporturile regionale. Timi\u0219oara func\u021bioneaz\u0103 deja ca baz\u0103 opera\u021bional\u0103 pentru companie, cu dou\u0103 aeronave \u0219i echipaje locale, \u00een timp ce Cluj-Napoca este \u00een curs de dezvoltare ca viitoare baz\u0103 strategic\u0103.<\/p>\n<h2 class=\"wp-block-heading\">Noi rute din Timi\u0219oara<\/h2>\n<p>Opera\u021biunile din vestul \u021b\u0103rii sunt consolidate prin introducerea a dou\u0103 noi destina\u021bii externe:<\/p>\n<ul class=\"wp-block-list\">\n<li>Timi\u0219oara \u2013 Copenhaga, \u00eencep\u00e2nd cu 15 iulie, cu dou\u0103 frecven\u021be s\u0103pt\u0103m\u00e2nale (luni \u0219i miercuri)<\/li>\n<li>Timi\u0219oara \u2013 Rotterdam, din 19 iulie, tot cu dou\u0103 zboruri pe s\u0103pt\u0103m\u00e2n\u0103 (miercuri \u0219i duminic\u0103)<\/li>\n<\/ul>\n<p>Aceste rute vizeaz\u0103 at\u00e2t traficul de business, c\u00e2t \u0219i segmentul diaspora, oferind conexiuni directe c\u0103tre ora\u0219e importante din Europa de Nord \u0219i de Vest.<\/p>\n<p>Pe toate zborurile, pasagerii beneficiaz\u0103 de servicii full-service, care includ selec\u021bia gratuit\u0103 a locului, bagaj de cabin\u0103 de 8 kg \u0219i un obiect personal de 4 kg.<\/p>\n<figure class=\"wp-block-image size-full\"><img loading=\"lazy\" decoding=\"async\" width=\"1920\" height=\"1080\" src=\"https:\/\/orasul-timisoara.ro\/wp-content\/uploads\/2026\/04\/681545037_1490741182506215_8555563035476167996_n.jpg\" alt class=\"wp-image-38486\"><\/figure>\n<h2 class=\"wp-block-heading\">Flot\u0103 modern\u0103 \u0219i eficient\u0103<\/h2>\n<p>Introducerea noii aeronave Airbus A220-300, \u00eenmatriculat\u0103 YR-BUN, consolideaz\u0103 pozi\u021bia companiei ca operator cu una dintre cele mai tinere flote din avia\u021bia rom\u00e2neasc\u0103, cu o medie de v\u00e2rst\u0103 de aproximativ cinci ani. \u00cen prezent, flota AnimaWings include cinci aeronave A220-300 \u0219i dou\u0103 Airbus A320.<\/p>\n<p>Modelul A220-300 este optimizat pentru rute scurte \u0219i medii \u0219i are o capacitate de 148 de locuri, configurate 3+2, \u00een clasele Economy \u0219i Premium Economy. Primele 12 r\u00e2nduri ofer\u0103 60 de locuri premium, cu spa\u021biu suplimentar pentru picioare \u0219i confort sporit.<\/p>\n<p>Cabina este proiectat\u0103 pentru o experien\u021b\u0103 modern\u0103: scaune mai late, spa\u021biu generos \u00eentre r\u00e2nduri, ferestre panoramice, iluminare ambiental\u0103 LED \u0219i compartimente de bagaje supradimensionate. Fiecare loc este echipat cu port USB, iar nivelul redus de zgomot contribuie la un confort superior pe zboruri de p\u00e2n\u0103 la 4\u20135 ore.<\/p>\n<p>Din punct de vedere opera\u021bional, aeronava ofer\u0103 o eficien\u021b\u0103 crescut\u0103, cu un consum de combustibil redus cu p\u00e2n\u0103 la 25% comparativ cu genera\u021biile anterioare, sus\u021bin\u00e2nd obiectivele de sustenabilitate ale companiei.<\/p>\n<p><strong>Planuri de expansiune<\/strong><\/p>\n<p>Parte a Memento Group, al\u0103turi de Christian Tour, AnimaWings a fost lansat\u0103 \u00een 2020 \u0219i opereaz\u0103 at\u00e2t curse regulate, c\u00e2t \u0219i charter. Compania \u00ee\u0219i propune o extindere accelerat\u0103 a flotei, urm\u00e2nd s\u0103 mai adauge o aeronav\u0103 \u00een cursul acestui an \u0219i \u00eenc\u0103 patru \u00een 2027.<\/p>\n<p>Planul pe termen mediu vizeaz\u0103 atingerea unui total de 18 aeronave p\u00e2n\u0103 la finalul anului 2027, ceea ce ar consolida pozi\u021bia operatorului pe pia\u021ba regional\u0103 \u0219i ar permite lansarea de noi rute interna\u021bionale.<\/p>\n<\/div>\n<footer>\n<div class=\"td-post-source-tags\">\n<ul class=\"td-tags td-post-small-box clearfix\">\n<li><span>ETICHETE<\/span><\/li>\n<li><a href=\"https:\/\/orasul-timisoara.ro\/local-tag\/aeroport-timisoara-2\/\">aeroport timi\u0219oara<\/a><\/li>\n<li><a href=\"https:\/\/orasul-timisoara.ro\/local-tag\/aeroportul-international-timisoara\/\">aeroportul international timisoara<\/a><\/li>\n<li><a href=\"https:\/\/orasul-timisoara.ro\/local-tag\/airbus-a220\/\">Airbus A220<\/a><\/li>\n<li><a href=\"https:\/\/orasul-timisoara.ro\/local-tag\/animawings\/\">AnimaWings<\/a><\/li>\n<li><a href=\"https:\/\/orasul-timisoara.ro\/local-tag\/aviatie-romania\/\">avia\u021bie Rom\u00e2nia<\/a><\/li>\n<li><a href=\"https:\/\/orasul-timisoara.ro\/local-tag\/copenhaga\/\">Copenhaga<\/a><\/li>\n<li><a href=\"https:\/\/orasul-timisoara.ro\/local-tag\/rotterdam\/\">Rotterdam<\/a><\/li>\n<li><a href=\"https:\/\/orasul-timisoara.ro\/local-tag\/rute-noi\/\">rute noi<\/a><\/li>\n<li><a href=\"https:\/\/orasul-timisoara.ro\/local-tag\/transport-aerian\/\">transport aerian<\/a><\/li>\n<li><a href=\"https:\/\/orasul-timisoara.ro\/local-tag\/zboruri-timisoara-2\/\">zboruri Timi\u0219oara<\/a><\/li>\n<\/ul>\n<\/div>\n<div class=\"td-post-sharing-bottom\">\n<div class=\"td-post-sharing-classic\"><iframe title=\"bottomFacebookLike\" frameborder src=\"https:\/\/www.facebook.com\/plugins\/like.php?href=https:\/\/orasul-timisoara.ro\/local-38482\/&amp;layout=button_count&amp;show_faces=false&amp;width=105&amp;action=like&amp;colorscheme=light&amp;height=21\"><\/iframe><\/div>\n<div id=\"td_social_sharing_article_bottom\" class=\"td-post-sharing td-ps-bg td-ps-notext td-post-sharing-style1 \">\n<div class=\"td-post-sharing-visible\"><a class=\"td-social-sharing-button td-social-sharing-button-js td-social-network td-social-facebook\" href=\"https:\/\/www.facebook.com\/sharer.php?u=https%3A%2F%2Forasul-timisoara.ro%2Flocal-38482%2F\" title=\"Facebook\"><\/p>\n<div class=\"td-social-but-text\">Facebook<\/div>\n<p><\/a><a class=\"td-social-sharing-button td-social-sharing-button-js td-social-network td-social-twitter\" href=\"https:\/\/twitter.com\/intent\/tweet?text=AnimaWings+extinde+zborurile+din+Timi%C8%99oara%3A+noi+rute+c%C4%83tre+Copenhaga+%C8%99i+Rotterdam&amp;url=https%3A%2F%2Forasul-timisoara.ro%2Flocal-38482%2F&amp;via=orasultm\" title=\"Twitter\"><\/p>\n<div class=\"td-social-but-text\">Twitter<\/div>\n<p><\/a><a class=\"td-social-sharing-button td-social-sharing-button-js td-social-network td-social-whatsapp\" href=\"https:\/\/api.whatsapp.com\/send?text=AnimaWings+extinde+zborurile+din+Timi%C8%99oara%3A+noi+rute+c%C4%83tre+Copenhaga+%C8%99i+Rotterdam%20%0A%0A%20https:\/\/orasul-timisoara.ro\/local-38482\/\" title=\"WhatsApp\"><\/p>\n<div class=\"td-social-but-text\">WhatsApp<\/div>\n<p><\/a><a class=\"td-social-sharing-button td-social-sharing-button-js td-social-network td-social-linkedin\" href=\"https:\/\/www.linkedin.com\/shareArticle?mini=true&amp;url=https:\/\/orasul-timisoara.ro\/local-38482\/&amp;title=AnimaWings+extinde+zborurile+din+Timi%C8%99oara%3A+noi+rute+c%C4%83tre+Copenhaga+%C8%99i+Rotterdam\" title=\"Linkedin\"><\/p>\n<div class=\"td-social-but-text\">Linkedin<\/div>\n<p><\/a><a class=\"td-social-sharing-button td-social-sharing-button-js td-social-network td-social-reddit\" href=\"https:\/\/reddit.com\/submit?url=https:\/\/orasul-timisoara.ro\/local-38482\/&amp;title=AnimaWings+extinde+zborurile+din+Timi%C8%99oara%3A+noi+rute+c%C4%83tre+Copenhaga+%C8%99i+Rotterdam\" title=\"ReddIt\"><\/p>\n<div class=\"td-social-but-text\">ReddIt<\/div>\n<p><\/a><a class=\"td-social-sharing-button td-social-sharing-button-js td-social-network td-social-mail\" href=\"mailto:?subject=AnimaWings%20extinde%20zborurile%20din%20Timi%C8%99oara:%20noi%20rute%20c%C4%83tre%20Copenhaga%20%C8%99i%20Rotterdam&amp;body=https:\/\/orasul-timisoara.ro\/local-38482\/\" title=\"Email\"><\/p>\n<div class=\"td-social-but-text\">Email<\/div>\n<p><\/a><a class=\"td-social-sharing-button td-social-sharing-button-js td-social-network td-social-print\" href=\"https:\/\/orasul-timisoara.ro\/local-38482\/\" title=\"Imprimare\"><\/p>\n<div class=\"td-social-but-text\">Imprimare<\/div>\n<p><\/a><\/div>\n<\/div>\n<\/div>\n<div class=\"td-block-row td-post-next-prev\">\n<div class=\"td-block-span6 td-post-prev-post\">\n<div class=\"td-post-next-prev-content\"><span>Articolul precedent<\/span><a href=\"https:\/\/orasul-timisoara.ro\/local-38480\/\">\u00centreruperi de ap\u0103 \u00een P\u0103dureni \u0219i Satchinez: lucr\u0103ri programate anun\u021bate de Aquatim<\/a><\/div>\n<\/div>\n<div class=\"td-block-span6 td-post-next-post\">\n<div class=\"td-post-next-prev-content\"><span>Articolul urm\u0103tor<\/span><a href=\"https:\/\/orasul-timisoara.ro\/local-38488\/\">Stagiune estival\u0103 \u00een Parcul Rozelor: teatru, oper\u0103, film \u0219i Alphaville la Timi\u0219oara<\/a><\/div>\n<\/div>\n<\/div>\n<div class=\"td-author-name vcard author\"><span class=\"fn\"><a href=\"https:\/\/orasul-timisoara.ro\/author\/timisoara\/\">redactia<\/a><\/span><\/div>\n<p><span class=\"td-page-meta\"><\/span><span class=\"td-page-meta\"><span class=\"td-page-meta\"><\/span><\/span><span class=\"td-page-meta\"><\/span><\/footer>\n<div class=\"td_block_wrap td_block_related_posts tdi_3 td_with_ajax_pagination td-pb-border-top td_block_template_8\" data-td-block-uid=\"tdi_3\">\n<h4 class=\"td-related-title td-block-title\"><a id=\"tdi_4\" class=\"td-related-left td-cur-simple-item\" data-td_filter_value data-td_block_id=\"tdi_3\" href=\"https:\/\/orasul-timisoara.ro\/local-38482\/\">ARTICOLE SIMILARE<\/a><a id=\"tdi_5\" class=\"td-related-right\" data-td_filter_value=\"td_related_more_from_author\" data-td_block_id=\"tdi_3\" href=\"https:\/\/orasul-timisoara.ro\/local-38482\/\">DE LA ACELA\u0218I AUTOR<\/a><\/h4>\n<div id=\"tdi_3\" class=\"td_block_inner\">\n<div class=\"td-related-row\">\n<div class=\"td-related-span4\">\n<div class=\"td_module_related_posts td-animation-stack td_mod_related_posts\">\n<div class=\"td-module-image\">\n<div class=\"td-module-thumb\"><a href=\"https:\/\/orasul-timisoara.ro\/local-37171\/\" rel=\"bookmark\" class=\"td-image-wrap \" title=\"AnimaWings introduce meniu gratuit pe toate zborurile interne din Rom\u00e2nia\"><img loading=\"lazy\" decoding=\"async\" class=\"entry-thumb\" src=\"https:\/\/orasul-timisoara.ro\/wp-content\/uploads\/2026\/02\/animawings-436x300.jpg\" alt title=\"AnimaWings introduce meniu gratuit pe toate zborurile interne din Rom\u00e2nia\" width=\"218\" height=\"150\"><\/a><\/div>\n<\/div>\n<div class=\"item-details\">\n<h3 class=\"entry-title td-module-title\"><a href=\"https:\/\/orasul-timisoara.ro\/local-37171\/\" rel=\"bookmark\" title=\"AnimaWings introduce meniu gratuit pe toate zborurile interne din Rom\u00e2nia\">AnimaWings introduce meniu gratuit pe toate zborurile interne din Rom\u00e2nia<\/a><\/h3>\n<\/div>\n<\/div>\n<\/div>\n<div class=\"td-related-span4\">\n<div class=\"td_module_related_posts td-animation-stack td_mod_related_posts\">\n<div class=\"td-module-image\">\n<div class=\"td-module-thumb\"><a href=\"https:\/\/orasul-timisoara.ro\/local-36846\/\" rel=\"bookmark\" class=\"td-image-wrap \" title=\"Promo\u021bie limitat\u0103 la Aeroportul Timi\u0219oara: vacan\u021be de prim\u0103var\u0103 cu 50% reducere\"><img loading=\"lazy\" decoding=\"async\" class=\"entry-thumb\" src=\"https:\/\/orasul-timisoara.ro\/wp-content\/uploads\/2026\/02\/animawings-reducere-dubai-436x300.jpg\" alt title=\"Promo\u021bie limitat\u0103 la Aeroportul Timi\u0219oara: vacan\u021be de prim\u0103var\u0103 cu 50% reducere\" width=\"218\" height=\"150\"><\/a><\/div>\n<\/div>\n<div class=\"item-details\">\n<h3 class=\"entry-title td-module-title\"><a href=\"https:\/\/orasul-timisoara.ro\/local-36846\/\" rel=\"bookmark\" title=\"Promo\u021bie limitat\u0103 la Aeroportul Timi\u0219oara: vacan\u021be de prim\u0103var\u0103 cu 50% reducere\">Promo\u021bie limitat\u0103 la Aeroportul Timi\u0219oara: vacan\u021be de prim\u0103var\u0103 cu 50% reducere<\/a><\/h3>\n<\/div>\n<\/div>\n<\/div>\n<div class=\"td-related-span4\">\n<div class=\"td_module_related_posts td-animation-stack td_mod_related_posts\">\n<div class=\"td-module-image\">\n<div class=\"td-module-thumb\"><a href=\"https:\/\/orasul-timisoara.ro\/local-36729\/\" rel=\"bookmark\" class=\"td-image-wrap \" title=\"Timi\u0219oara, evaluat\u0103 de lideri interna\u021bionali ai turismului de afaceri\"><img loading=\"lazy\" decoding=\"async\" class=\"entry-thumb\" src=\"https:\/\/orasul-timisoara.ro\/wp-content\/uploads\/2022\/08\/Bastionul-Theresia-Timisoara-8.jpg\" alt title=\"Timi\u0219oara, evaluat\u0103 de lideri interna\u021bionali ai turismului de afaceri\" width=\"218\" height=\"150\"><\/a><\/div>\n<\/div>\n<div class=\"item-details\">\n<h3 class=\"entry-title td-module-title\"><a href=\"https:\/\/orasul-timisoara.ro\/local-36729\/\" rel=\"bookmark\" title=\"Timi\u0219oara, evaluat\u0103 de lideri interna\u021bionali ai turismului de afaceri\">Timi\u0219oara, evaluat\u0103 de lideri interna\u021bionali ai turismului de afaceri<\/a><\/h3>\n<\/div>\n<\/div>\n<\/div>\n<\/div>\n<\/div>\n<\/div>\n<div class=\"comments\" id=\"comments\">\n<div id=\"respond\" class=\"comment-respond\">\n<h3 id=\"reply-title\" class=\"comment-reply-title\">L\u0102SA\u021aI UN MESAJ<\/h3>\n<div class=\"comment-form-input-wrap td-form-comment\">\n<div class=\"td-warning-comment\">V\u0103 rug\u0103m s\u0103 introduce\u021bi comentariul dvs.!<\/div>\n<\/div>\n<div class=\"comment-form-input-wrap td-form-author\">\n<div class=\"td-warning-author\">Introduce\u021bi aici numele dvs.<\/div>\n<\/div>\n<div class=\"comment-form-input-wrap td-form-email\">\n<div class=\"td-warning-email-error\">A\u021bi introdus o adres\u0103 de e-mail incorect\u0103!<\/div>\n<div class=\"td-warning-email\">V\u0103 rug\u0103m s\u0103 introduce\u021bi adresa dvs. de e-mail aici<\/div>\n<\/div>\n<\/div>\n<p class=\"akismet_comment_form_privacy_notice\">Acest site folose\u0219te Akismet pentru a reduce spamul. <a href=\"https:\/\/akismet.com\/privacy\/\" target=\"_blank\" rel=\"nofollow noopener\">Afl\u0103 cum sunt procesate datele comentariilor tale<\/a>.<\/p>\n<\/div>\n<\/div>\n<\/div>\n<div class=\"td-pb-span4 td-main-sidebar\" role=\"complementary\">\n<div class=\"td-ss-main-sidebar\">\n<aside id=\"block-4\" class=\"td_block_template_8 widget block-4 widget_block widget_media_image\">\n<figure class=\"wp-block-image size-full\"><img loading=\"lazy\" decoding=\"async\" width=\"336\" height=\"280\" src=\"https:\/\/orasul-timisoara.ro\/wp-content\/uploads\/2024\/11\/ReTIM-Abonamentul-Verde-Google-Ads-336x280px.gif\" alt class=\"wp-image-29257\"><\/figure>\n<\/aside>\n<div class=\"td_block_wrap td_block_social_counter td_block_widget tdi_6 td-social-style5 td-social-boxed td-pb-border-top td_block_template_8\">\n<div class=\"td-block-title-wrap\">\n<h4 class=\"td-block-title\"><span>Urm\u0103re\u0219te-ne pe Social Media<\/span><\/h4>\n<\/div>\n<div class=\"td-social-list\">\n<div class=\"td_social_type td-pb-margin-side td_social_facebook\">\n<div class=\"td-social-box\"><span class=\"td_social_info td_social_info_counter\">344,595<\/span><span class=\"td_social_info td_social_info_name\">Fani<\/span><span class=\"td_social_button\"><a href=\"https:\/\/www.facebook.com\/247timisoara\" target=\"_blank\" rel=\"nofollow\">\u00cemi place<\/a><\/span><\/div>\n<\/div>\n<div class=\"td_social_type td-pb-margin-side td_social_instagram\">\n<div class=\"td-social-box\"><span class=\"td_social_info td_social_info_counter\">4,416<\/span><span class=\"td_social_info td_social_info_name\">Cititori<\/span><span class=\"td_social_button\"><a href=\"https:\/\/instagram.com\/orasultimisoararo\/\" target=\"_blank\" rel=\"nofollow\">Conecta\u021bi-v\u0103<\/a><\/span><\/div>\n<\/div>\n<div class=\"td_social_type td-pb-margin-side td_social_rss\">\n<div class=\"td-social-box\"><span class=\"td_social_info td_social_info_counter\">12,506<\/span><span class=\"td_social_info td_social_info_name\">Cititori<\/span><span class=\"td_social_button\"><a href=\"https:\/\/orasul-timisoara.ro\/feed\/\" target=\"_blank\" rel=\"nofollow\">Conecta\u021bi-v\u0103<\/a><\/span><\/div>\n<\/div>\n<div class=\"td_social_type td-pb-margin-side td_social_tiktok\">\n<div class=\"td-social-box\"><span class=\"td_social_info td_social_info_counter\">1,500<\/span><span class=\"td_social_info td_social_info_name\">Cititori<\/span><span class=\"td_social_button\"><a href=\"https:\/\/www.tiktok.com\/@orasultimisoara\" target=\"_blank\" rel=\"nofollow\">Conecta\u021bi-v\u0103<\/a><\/span><\/div>\n<\/div>\n<div class=\"td_social_type td-pb-margin-side td_social_twitter\">\n<div class=\"td-social-box\"><span class=\"td_social_info td_social_info_counter\">1,595<\/span><span class=\"td_social_info td_social_info_name\">Cititori<\/span><span class=\"td_social_button\"><a href=\"https:\/\/twitter.com\/orasultm\" target=\"_blank\" rel=\"nofollow\">Conecta\u021bi-v\u0103<\/a><\/span><\/div>\n<\/div>\n<div class=\"td_social_type td-pb-margin-side td_social_youtube\">\n<div class=\"td-social-box\"><span class=\"td_social_info td_social_info_counter\">3,506<\/span><span class=\"td_social_info td_social_info_name\">Abona\u021bi<\/span><span class=\"td_social_button\"><a href=\"https:\/\/www.youtube.com\/channel\/UCQNsQvs2XCSIm1Z-AHRturw?sub_confirmation=1\" target=\"_blank\" rel=\"nofollow\">Abona\u021bi-v\u0103<\/a><\/span><\/div>\n<\/div>\n<\/div>\n<\/div>\n<aside id=\"text-7\" class=\"td_block_template_8 widget text-7 widget_text\">\n<h4 class=\"td-block-title\"><span>C\u0103ut\u0103ri populare pe OTM<\/span><\/h4>\n<div class=\"textwidget\"><a href=\"https:\/\/orasul-timisoara.ro\/?s=timisoara\"><span>Timisoara<\/span><\/a><a href=\"https:\/\/orasul-timisoara.ro\/?s=calin+dobra\"><span>Calin Dobra<\/span><\/a><a href=\"https:\/\/orasul-timisoara.ro\/?s=primaria+timisoara\"><span>Primaria Timisoara<\/span><\/a><a href=\"https:\/\/orasul-timisoara.ro\/?s=dominic+fritz\"><span>Dominic Fritz<\/span><\/a><a href=\"https:\/\/orasul-timisoara.ro\/?s=nicolae+robu\"><span>Nicolae Robu<\/span><\/a><a href=\"https:\/\/orasul-timisoara.ro\/?s=consiliul+local+timisoara\">Consiliul Local Timisoara<\/a><a href=\"https:\/\/orasul-timisoara.ro\/?s=consiliul+judetean+timis\"><span>Consiliul Judetean Timis<\/span><\/a><a href=\"https:\/\/orasul-timisoara.ro\/?s=cjt\"><span>CJT<\/span><\/a><a href=\"https:\/\/orasul-timisoara.ro\/?s=Alfred+Simonis\"><span>Alfred Simonis<\/span><\/a><a href=\"https:\/\/orasul-timisoara.ro\/?s=PNL\"><span>PNL<\/span><\/a><a href=\"https:\/\/orasul-timisoara.ro\/?s=coronavirus\"><span>coronavirus<\/span><\/a><a href=\"https:\/\/orasul-timisoara.ro\/?s=teatru+timisoara\">teatru Timisoara<\/a><a href=\"https:\/\/orasul-timisoara.ro\/?s=restaurante\"><span>restaurante Timisoara<\/span><\/a><a href=\"https:\/\/orasul-timisoara.ro\/?s=diskoteka\"><span>Diskoteka<\/span><\/a><a href=\"https:\/\/orasul-timisoara.ro\/?s=iulius+town\"><span>Iulius Town<\/span><\/a><a href=\"https:\/\/orasul-timisoara.ro\/?s=iulius+mall\"><span>Iulius Mall<\/span><\/a><a href=\"https:\/\/orasul-timisoara.ro\/?s=stpt\"><span>STPT<\/span><\/a><a href=\"https:\/\/orasul-timisoara.ro\/?s=alin+nica\"><span>Alin Nica<\/span><\/a><a href=\"https:\/\/orasul-timisoara.ro\/?s=psd\"><span>PSD<\/span><\/a><a href=\"https:\/\/orasul-timisoara.ro\/?s=aeroport\"><span>Aeroportul International Timisoara<\/span><\/a><a href=\"https:\/\/orasul-timisoara.ro\/?s=babes\"><span>Spitalul Victor Babes Timisoara<\/span><\/a><a href=\"https:\/\/orasul-timisoara.ro\/?s=poli\"><span>Poli Timi\u0219oara<\/span><\/a><a href=\"https:\/\/orasul-timisoara.ro\/?s=carantina\"><span>carantina<\/span><\/a><a href=\"https:\/\/orasul-timisoara.ro\/?s=aquatim\"><span>Aquatim<\/span><\/a><a href=\"https:\/\/orasul-timisoara.ro\/local-category\/stiri-timisoara\/\"><span>Stiri Timisoara<\/span><\/a><a href=\"https:\/\/orasul-timisoara.ro\/local-category\/investitii-in-timisoara\/\"><span>Investi\u021bii in Timi\u0219oara<\/span><\/a><a href=\"https:\/\/orasul-timisoara.ro\/local-9463\/\"><span>shaorma<\/span><\/a><a href=\"https:\/\/orasul-timisoara.ro\/?s=trafic\"><span>trafic rutier<\/span><\/a><a href=\"https:\/\/orasul-timisoara.ro\/?s=politia\"><span>politia locala timisoara<\/span><\/a><a href=\"https:\/\/orasul-timisoara.ro\/?s=roxana\"><span>Roxana Iliescu<\/span><\/a><a href=\"https:\/\/orasul-timisoara.ro\/?s=colterm\"><span>Colterm<\/span><\/a><a href=\"https:\/\/orasul-timisoara.ro\/?s=latcau\"><span>Ruben La\u021bc\u0103u<\/span><\/a><a href=\"https:\/\/orasul-timisoara.ro\/?s=timis\"><span>\u0218tiri din Timi\u0219<\/span><\/a><a href=\"https:\/\/orasul-timisoara.ro\/?s=spital\"><span>Spitale din Timi\u0219oara<\/span><\/a><a href=\"https:\/\/orasul-timisoara.ro\/?s=tabara\"><span>Cosmin Tab\u0103r\u0103<\/span><\/a><\/div>\n<\/aside>\n<aside id=\"rss-2\" class=\"td_block_template_8 widget rss-2 widget_rss\">\n<h4 class=\"td-block-title\"><span><a class=\"rsswidget rss-widget-feed\" href=\"https:\/\/fashionfridays.ro\/feed\"><img decoding=\"async\" class=\"rss-widget-icon\" width=\"14\" height=\"14\" src=\"https:\/\/orasul-timisoara.ro\/wp-includes\/images\/rss.png\" alt=\"RSS\" loading=\"lazy\"><\/a><a class=\"rsswidget rss-widget-title\" href=\"https:\/\/fashionfridays.ro\/\">Fashion Fridays<\/a><\/span><\/h4>\n<ul>\n<li><a class=\"rsswidget\" href=\"https:\/\/fashionfridays.ro\/crocs-lanseaza-crocband-gum-clog-confort-iconic-cu-influente-retro-sport-pentru-primavara\/\">Crocs lanseaz\u0103 Crocband Gum Clog: confort iconic cu influen\u021be retro-sport pentru prim\u0103var\u0103<\/a>\n<div class=\"rssSummary\">Martie marcheaz\u0103 acel moment al anului \u00een care stilul \u00eencepe s\u0103 se relaxeze. Zilele devin mai lungi, ritmul ora\u0219ului se schimb\u0103, iar garderoba face tranzi\u021bia c\u0103tre piese care pun confortul pe primul loc, f\u0103r\u0103 s\u0103 renun\u021be la atitudine. Este sezonul \u00een care autenticitatea devine declara\u021bie de stil, iar alegerile vestimentare reflect\u0103 mai mult ca oric\u00e2nd [\u2026]<\/div>\n<\/li>\n<\/ul>\n<\/aside>\n<aside id=\"rss-4\" class=\"td_block_template_8 widget rss-4 widget_rss\">\n<h4 class=\"td-block-title\"><span><a class=\"rsswidget rss-widget-feed\" href=\"https:\/\/emasini.ro\/feed\"><img decoding=\"async\" class=\"rss-widget-icon\" width=\"14\" height=\"14\" src=\"https:\/\/orasul-timisoara.ro\/wp-includes\/images\/rss.png\" alt=\"RSS\" loading=\"lazy\"><\/a><a class=\"rsswidget rss-widget-title\" href=\"https:\/\/emasini.ro\/\">eMasini<\/a><\/span><\/h4>\n<ul>\n<li><a class=\"rsswidget\" href=\"https:\/\/emasini.ro\/traficul-rutier-sub-analiza-recensamant-national-pentru-modernizarea-infrastructurii\/\">Traficul rutier, sub analiz\u0103: recens\u0103m\u00e2nt na\u021bional pentru modernizarea infrastructurii<\/a>\n<div class=\"rssSummary\">Compania Na\u021bional\u0103 de Administrare a Infrastructurii Rutiere, prin Centrul de Studii Tehnice Rutiere \u0219i Informatic\u0103, preg\u0103te\u0219te una dintre cele mai importante ac\u021biuni de colectare de date din domeniul transporturilor: Recens\u0103m\u00e2ntul General de Circula\u021bie Rutier\u0103. Demersul are un rol strategic \u00een fundamentarea deciziilor privind dezvoltarea \u0219i modernizarea infrastructurii rutiere din Rom\u00e2nia. Ac\u021biunea este coordonat\u0103 de CNAIR, [\u2026]<\/div>\n<\/li>\n<\/ul>\n<\/aside>\n<\/div>\n<\/div>\n<\/div>\n<\/div>\n<\/article>\n<div class=\"td-post-content tagdiv-type\">\n<p>Compania aerian\u0103 AnimaWings \u00ee\u0219i accelereaz\u0103 planurile de dezvoltare, ajung\u00e2nd la o flot\u0103 de \u0219apte aeronave dup\u0103 introducerea unui nou avion Airbus A220-300. \u00cen paralel, operatorul anun\u021b\u0103 extinderea re\u021belei de rute regulate, inclusiv noi conexiuni directe din Timi\u0219oara, Bucure\u0219ti \u0219i Cluj-Napoca.<\/p>\n<p>Extinderea vine \u00een contextul cre\u0219terii cererii pentru zboruri directe din aeroporturile regionale. Timi\u0219oara func\u021bioneaz\u0103 deja ca baz\u0103 opera\u021bional\u0103 pentru companie, cu dou\u0103 aeronave \u0219i echipaje locale, \u00een timp ce Cluj-Napoca este \u00een curs de dezvoltare ca viitoare baz\u0103 strategic\u0103.<\/p>\n<h2 class=\"wp-block-heading\">Noi rute din Timi\u0219oara<\/h2>\n<p>Opera\u021biunile din vestul \u021b\u0103rii sunt consolidate prin introducerea a dou\u0103 noi destina\u021bii externe:<\/p>\n<ul class=\"wp-block-list\">\n<li>Timi\u0219oara \u2013 Copenhaga, \u00eencep\u00e2nd cu 15 iulie, cu dou\u0103 frecven\u021be s\u0103pt\u0103m\u00e2nale (luni \u0219i miercuri)<\/li>\n<li>Timi\u0219oara \u2013 Rotterdam, din 19 iulie, tot cu dou\u0103 zboruri pe s\u0103pt\u0103m\u00e2n\u0103 (miercuri \u0219i duminic\u0103)<\/li>\n<\/ul>\n<p>Aceste rute vizeaz\u0103 at\u00e2t traficul de business, c\u00e2t \u0219i segmentul diaspora, oferind conexiuni directe c\u0103tre ora\u0219e importante din Europa de Nord \u0219i de Vest.<\/p>\n<p>Pe toate zborurile, pasagerii beneficiaz\u0103 de servicii full-service, care includ selec\u021bia gratuit\u0103 a locului, bagaj de cabin\u0103 de 8 kg \u0219i un obiect personal de 4 kg.<\/p>\n<figure class=\"wp-block-image size-full\"><img loading=\"lazy\" decoding=\"async\" width=\"1920\" height=\"1080\" src=\"https:\/\/orasul-timisoara.ro\/wp-content\/uploads\/2026\/04\/681545037_1490741182506215_8555563035476167996_n.jpg\" alt class=\"wp-image-38486\"><\/figure>\n<h2 class=\"wp-block-heading\">Flot\u0103 modern\u0103 \u0219i eficient\u0103<\/h2>\n<p>Introducerea noii aeronave Airbus A220-300, \u00eenmatriculat\u0103 YR-BUN, consolideaz\u0103 pozi\u021bia companiei ca operator cu una dintre cele mai tinere flote din avia\u021bia rom\u00e2neasc\u0103, cu o medie de v\u00e2rst\u0103 de aproximativ cinci ani. \u00cen prezent, flota AnimaWings include cinci aeronave A220-300 \u0219i dou\u0103 Airbus A320.<\/p>\n<p>Modelul A220-300 este optimizat pentru rute scurte \u0219i medii \u0219i are o capacitate de 148 de locuri, configurate 3+2, \u00een clasele Economy \u0219i Premium Economy. Primele 12 r\u00e2nduri ofer\u0103 60 de locuri premium, cu spa\u021biu suplimentar pentru picioare \u0219i confort sporit.<\/p>\n<p>Cabina este proiectat\u0103 pentru o experien\u021b\u0103 modern\u0103: scaune mai late, spa\u021biu generos \u00eentre r\u00e2nduri, ferestre panoramice, iluminare ambiental\u0103 LED \u0219i compartimente de bagaje supradimensionate. Fiecare loc este echipat cu port USB, iar nivelul redus de zgomot contribuie la un confort superior pe zboruri de p\u00e2n\u0103 la 4\u20135 ore.<\/p>\n<p>Din punct de vedere opera\u021bional, aeronava ofer\u0103 o eficien\u021b\u0103 crescut\u0103, cu un consum de combustibil redus cu p\u00e2n\u0103 la 25% comparativ cu genera\u021biile anterioare, sus\u021bin\u00e2nd obiectivele de sustenabilitate ale companiei.<\/p>\n<p><strong>Planuri de expansiune<\/strong><\/p>\n<p>Parte a Memento Group, al\u0103turi de Christian Tour, AnimaWings a fost lansat\u0103 \u00een 2020 \u0219i opereaz\u0103 at\u00e2t curse regulate, c\u00e2t \u0219i charter. Compania \u00ee\u0219i propune o extindere accelerat\u0103 a flotei, urm\u00e2nd s\u0103 mai adauge o aeronav\u0103 \u00een cursul acestui an \u0219i \u00eenc\u0103 patru \u00een 2027.<\/p>\n<p>Planul pe termen mediu vizeaz\u0103 atingerea unui total de 18 aeronave p\u00e2n\u0103 la finalul anului 2027, ceea ce ar consolida pozi\u021bia operatorului pe pia\u021ba regional\u0103 \u0219i ar permite lansarea de noi rute interna\u021bionale.<\/p>\n<\/div>\n<p>[analyse_source url=&#8221;https:\/\/orasul-timisoara.ro\/local-38482\/&#8221;]<\/p>\n","protected":false},"excerpt":{"rendered":"<p>[analyse_image type=&#8221;featured&#8221; src=&#8221;https:\/\/orasul-timisoara.ro\/wp-content\/uploads\/2026\/04\/AnimaWings-YR-BUN-2.jpg&#8221;] \u0218tiri LocaleAnimaWings extinde zborurile din Timi\u0219oara: noi rute c\u0103tre Copenhaga \u0219i Rotterdam \u0218tiri Locale \u0218tiri na\u021bionale \u0219i interna\u021bionale Turism AnimaWings extinde zborurile din Timi\u0219oara: noi rute c\u0103tre Copenhaga \u0219i Rotterdam De c\u0103tre redactia &#8211; 28\/04\/2026 Facebook Twitter WhatsApp Linkedin ReddIt Email Imprimare Compania aerian\u0103 AnimaWings \u00ee\u0219i accelereaz\u0103 planurile de dezvoltare, ajung\u00e2nd la [&hellip;]<\/p>\n","protected":false},"author":1,"featured_media":0,"comment_status":"open","ping_status":"","sticky":false,"template":"","format":"standard","meta":{"footnotes":""},"categories":[89],"tags":[226,189],"class_list":["post-1907494","post","type-post","status-publish","format-standard","hentry","category-romania","tag-crawlmanager","tag-orasul-timisoara-ro"],"_links":{"self":[{"href":"https:\/\/analyse.optim.biz\/index.php?rest_route=\/wp\/v2\/posts\/1907494","targetHints":{"allow":["GET"]}}],"collection":[{"href":"https:\/\/analyse.optim.biz\/index.php?rest_route=\/wp\/v2\/posts"}],"about":[{"href":"https:\/\/analyse.optim.biz\/index.php?rest_route=\/wp\/v2\/types\/post"}],"author":[{"embeddable":true,"href":"https:\/\/analyse.optim.biz\/index.php?rest_route=\/wp\/v2\/users\/1"}],"replies":[{"embeddable":true,"href":"https:\/\/analyse.optim.biz\/index.php?rest_route=%2Fwp%2Fv2%2Fcomments&post=1907494"}],"version-history":[{"count":0,"href":"https:\/\/analyse.optim.biz\/index.php?rest_route=\/wp\/v2\/posts\/1907494\/revisions"}],"wp:attachment":[{"href":"https:\/\/analyse.optim.biz\/index.php?rest_route=%2Fwp%2Fv2%2Fmedia&parent=1907494"}],"wp:term":[{"taxonomy":"category","embeddable":true,"href":"https:\/\/analyse.optim.biz\/index.php?rest_route=%2Fwp%2Fv2%2Fcategories&post=1907494"},{"taxonomy":"post_tag","embeddable":true,"href":"https:\/\/analyse.optim.biz\/index.php?rest_route=%2Fwp%2Fv2%2Ftags&post=1907494"}],"curies":[{"name":"wp","href":"https:\/\/api.w.org\/{rel}","templated":true}]}}