{"id":1907473,"date":"2026-04-28T10:20:59","date_gmt":"2026-04-28T07:20:59","guid":{"rendered":"https:\/\/analyse.optim.biz\/?p=1907473"},"modified":"2026-04-28T10:20:59","modified_gmt":"2026-04-28T07:20:59","slug":"prefectul-traian-andronachi-si-a-anuntat-demisia-din-functie-functia-de-prefect-este-temporara-dar-responsabilitatea-fata-de-suceava-ramane","status":"publish","type":"post","link":"https:\/\/analyse.optim.biz\/?p=1907473","title":{"rendered":"Prefectul Traian Andronachi \u0219i-a anun\u021bat demisia din func\u021bie: \u201eFunc\u021bia de prefect este temporar\u0103, dar responsabilitatea fa\u021b\u0103 de Suceava r\u0103m\u00e2ne\u201d"},"content":{"rendered":"<p>[analyse_image type=&#8221;featured&#8221; src=&#8221;https:\/\/www.newsbucovina.ro\/wp-content\/uploads\/2026\/04\/andronachi.jpghttps:\/\/cdn.newsbucovina.ro\/wp-content\/uploads\/2026\/04\/andronachi.jpg&#8221;]<\/p>\n<div class=\"td-post-content tagdiv-type\">\n<div class=\"td-a-rec td-a-rec-id-content_top  tdi_3 td_block_template_1\"><strong>Intr\u0103 acum \u0219i \u00een grupul de <\/p>\n<div class=\"wp-block-button\"><a class=\"wp-block-button__link wp-element-button\" href=\"https:\/\/t.me\/+TH8wcfnp8fw5NWI0\">Telegram News Bucovina<\/a><\/div>\n<p><\/strong><\/div>\n<p>Prefectul jude\u021bului Suceava, Traian Andronachi, a anun\u021bat mar\u021bi, \u00een cursul zilei, c\u0103 \u00ee\u0219i \u00eenainteaz\u0103 demisia din func\u021bie c\u0103tre primul-ministru. Anun\u021bul a fost f\u0103cut public printr-un comunicat oficial, \u00een contextul tensiunilor politice na\u021bionale generate de mo\u021biunea de cenzur\u0103 ini\u021biat\u0103 de PSD \u0219i AUR \u00eempotriva Guvernului Ilie Bolojan.<\/p>\n<figure class=\"wp-block-image size-large\"><a href=\"https:\/\/cdn.newsbucovina.ro\/wp-content\/uploads\/2026\/04\/andronachi.jpg\"><img loading=\"lazy\" decoding=\"async\" width=\"1024\" height=\"576\" src=\"https:\/\/cdn.newsbucovina.ro\/wp-content\/uploads\/2026\/04\/andronachi-1024x576.jpg\" alt class=\"wp-image-437169\"><\/a><\/figure>\n<p>\u201eAm considerat c\u0103 este necesar ca transparent \u0219i responsabil s\u0103 anun\u021b ast\u0103zi c\u0103 \u00een cursul acestei zile \u00eemi voi \u00eenainta demisia din func\u021bia de prefect al jude\u021bului Suceava. Plec respect\u00e2nd o decizie asumat\u0103 a\u0219a cum am respectat func\u021bia pe care am exercitat-o\u201d, a declarat Traian Andronachi.<\/p>\n<p>Prefectul a subliniat c\u0103 demisia reprezint\u0103 \u201eun act de asumare \u0219i o dovad\u0103 de respect a tuturor declara\u021biilor pe care le-am dat \u0219i anterior\u201d. El a precizat c\u0103 func\u021bia de prefect este una temporar\u0103, dar responsabilitatea fa\u021b\u0103 de jude\u021b r\u0103m\u00e2ne constant\u0103: \u201eInstitu\u021bia trebuie s\u0103 func\u021bioneze normal indiferent de schimb\u0103rile politice sau administrative\u201d.<\/p>\n<p>Andronachi a mul\u021bumit colectivului Institu\u021biei Prefectului Jude\u021bului Suceava, \u201eoameni foarte bine preg\u0103ti\u021bi, care se confrunt\u0103 cu un volum de munc\u0103 foarte mare \u0219i care \u00ee\u0219i fac treaba destoinic\u201d. De asemenea, a adresat mul\u021bumiri colegilor din Colegiul Prefectural pentru colaborarea din ultimul mandat, marcat de \u201emomente, unele dintre ele foarte dificile\u201d, apreciind c\u0103 institu\u021biile \u0219i-au f\u0103cut treaba \u201eeficient \u0219i cu rezultate palpabile, clare \u0219i vizibile\u201d.<\/p>\n<p>Din punct de vedere personal, prefectul a anun\u021bat c\u0103 demisia va fi \u00eenaintat\u0103 oficial primului-ministru, urm\u00e2nd ca p\u00e2n\u0103 la finalizarea procedurilor legale s\u0103 \u00ee\u0219i \u00eendeplineasc\u0103 \u00een continuare obliga\u021biile de serviciu.<\/p>\n<p>\u201eDac\u0103 va fi nevoie, voi fi preg\u0103tit s\u0103 servesc din nou jude\u021bul Suceava cu onoare, seriozitate \u0219i respect fa\u021b\u0103 de lege. Dac\u0103 mi se va cere \u00eemi voi pune din nou preg\u0103tirea, experien\u021ba \u0219i profesionalismul \u00een slujba locuitorilor. Dac\u0103 mi se va cere, sunt preg\u0103tit\u201d, a concluzionat Traian Andronachi.<\/p>\n<p>Traian Andronachi a fost numit prefect al jude\u021bului Suceava pe 13 martie 2025 \u0219i a ocupat func\u021bia timp de peste 13 luni. Demisia sa survine pe fondul crizei politice na\u021bionale \u0219i al solicit\u0103rilor PSD privind demisiile prefec\u021bilor numi\u021bi de coali\u021bie.<\/p>\n<p>P\u00e2n\u0103 la numirea unui nou prefect, atribu\u021biile vor fi asigurate de subprefec\u021bi sau de unul dintre colegii din cadrul institu\u021biei, astfel \u00eenc\u00e2t activitatea Prefecturii s\u0103 continue f\u0103r\u0103 sincope.<\/p>\n<figure class=\"wp-block-embed is-type-video is-provider-youtube wp-block-embed-youtube wp-embed-aspect-16-9 wp-has-aspect-ratio\">\n<div class=\"wp-block-embed__wrapper\">\n<div class=\"youtube-embed\" data-video_id=\"kVlZBegLWgA\"><iframe loading=\"lazy\" title=\"De la Suceava la Dorna te \u00ceneci sub tone de pamper\u0219i \u0219i fecale!! E JALE pe European!!\" width=\"696\" height=\"392\" src=\"https:\/\/www.youtube.com\/embed\/kVlZBegLWgA?start=2&amp;feature=oembed\" frameborder allow=\"accelerometer; autoplay; clipboard-write; encrypted-media; gyroscope; picture-in-picture; web-share\" referrerpolicy=\"strict-origin-when-cross-origin\" allowfullscreen><\/iframe><\/div>\n<\/div>\n<\/figure>\n<div class=\"td-a-rec td-a-rec-id-content_bottom  tdi_4 td_block_template_1\"><strong>Intr\u0103 acum \u0219i \u00een grupul de <\/p>\n<div class=\"wp-block-button\"><a class=\"wp-block-button__link wp-element-button\" href=\"https:\/\/t.me\/+TH8wcfnp8fw5NWI0\">Telegram News Bucovina<\/a><\/div>\n<p><\/strong><\/div>\n<\/div>\n<div class=\"td-post-content tagdiv-type\">\n<div class=\"td-a-rec td-a-rec-id-content_top  tdi_3 td_block_template_1\"><strong>Intr\u0103 acum \u0219i \u00een grupul de <\/p>\n<div class=\"wp-block-button\"><a class=\"wp-block-button__link wp-element-button\" href=\"https:\/\/t.me\/+TH8wcfnp8fw5NWI0\">Telegram News Bucovina<\/a><\/div>\n<p><\/strong><\/div>\n<p>Prefectul jude\u021bului Suceava, Traian Andronachi, a anun\u021bat mar\u021bi, \u00een cursul zilei, c\u0103 \u00ee\u0219i \u00eenainteaz\u0103 demisia din func\u021bie c\u0103tre primul-ministru. Anun\u021bul a fost f\u0103cut public printr-un comunicat oficial, \u00een contextul tensiunilor politice na\u021bionale generate de mo\u021biunea de cenzur\u0103 ini\u021biat\u0103 de PSD \u0219i AUR \u00eempotriva Guvernului Ilie Bolojan.<\/p>\n<figure class=\"wp-block-image size-large\"><a href=\"https:\/\/cdn.newsbucovina.ro\/wp-content\/uploads\/2026\/04\/andronachi.jpg\"><img loading=\"lazy\" decoding=\"async\" width=\"1024\" height=\"576\" src=\"https:\/\/cdn.newsbucovina.ro\/wp-content\/uploads\/2026\/04\/andronachi-1024x576.jpg\" alt class=\"wp-image-437169\"><\/a><\/figure>\n<p>\u201eAm considerat c\u0103 este necesar ca transparent \u0219i responsabil s\u0103 anun\u021b ast\u0103zi c\u0103 \u00een cursul acestei zile \u00eemi voi \u00eenainta demisia din func\u021bia de prefect al jude\u021bului Suceava. Plec respect\u00e2nd o decizie asumat\u0103 a\u0219a cum am respectat func\u021bia pe care am exercitat-o\u201d, a declarat Traian Andronachi.<\/p>\n<p>Prefectul a subliniat c\u0103 demisia reprezint\u0103 \u201eun act de asumare \u0219i o dovad\u0103 de respect a tuturor declara\u021biilor pe care le-am dat \u0219i anterior\u201d. El a precizat c\u0103 func\u021bia de prefect este una temporar\u0103, dar responsabilitatea fa\u021b\u0103 de jude\u021b r\u0103m\u00e2ne constant\u0103: \u201eInstitu\u021bia trebuie s\u0103 func\u021bioneze normal indiferent de schimb\u0103rile politice sau administrative\u201d.<\/p>\n<p>Andronachi a mul\u021bumit colectivului Institu\u021biei Prefectului Jude\u021bului Suceava, \u201eoameni foarte bine preg\u0103ti\u021bi, care se confrunt\u0103 cu un volum de munc\u0103 foarte mare \u0219i care \u00ee\u0219i fac treaba destoinic\u201d. De asemenea, a adresat mul\u021bumiri colegilor din Colegiul Prefectural pentru colaborarea din ultimul mandat, marcat de \u201emomente, unele dintre ele foarte dificile\u201d, apreciind c\u0103 institu\u021biile \u0219i-au f\u0103cut treaba \u201eeficient \u0219i cu rezultate palpabile, clare \u0219i vizibile\u201d.<\/p>\n<p>Din punct de vedere personal, prefectul a anun\u021bat c\u0103 demisia va fi \u00eenaintat\u0103 oficial primului-ministru, urm\u00e2nd ca p\u00e2n\u0103 la finalizarea procedurilor legale s\u0103 \u00ee\u0219i \u00eendeplineasc\u0103 \u00een continuare obliga\u021biile de serviciu.<\/p>\n<p>\u201eDac\u0103 va fi nevoie, voi fi preg\u0103tit s\u0103 servesc din nou jude\u021bul Suceava cu onoare, seriozitate \u0219i respect fa\u021b\u0103 de lege. Dac\u0103 mi se va cere \u00eemi voi pune din nou preg\u0103tirea, experien\u021ba \u0219i profesionalismul \u00een slujba locuitorilor. Dac\u0103 mi se va cere, sunt preg\u0103tit\u201d, a concluzionat Traian Andronachi.<\/p>\n<p>Traian Andronachi a fost numit prefect al jude\u021bului Suceava pe 13 martie 2025 \u0219i a ocupat func\u021bia timp de peste 13 luni. Demisia sa survine pe fondul crizei politice na\u021bionale \u0219i al solicit\u0103rilor PSD privind demisiile prefec\u021bilor numi\u021bi de coali\u021bie.<\/p>\n<p>P\u00e2n\u0103 la numirea unui nou prefect, atribu\u021biile vor fi asigurate de subprefec\u021bi sau de unul dintre colegii din cadrul institu\u021biei, astfel \u00eenc\u00e2t activitatea Prefecturii s\u0103 continue f\u0103r\u0103 sincope.<\/p>\n<figure class=\"wp-block-embed is-type-video is-provider-youtube wp-block-embed-youtube wp-embed-aspect-16-9 wp-has-aspect-ratio\">\n<div class=\"wp-block-embed__wrapper\">\n<div class=\"youtube-embed\" data-video_id=\"kVlZBegLWgA\"><iframe loading=\"lazy\" title=\"De la Suceava la Dorna te \u00ceneci sub tone de pamper\u0219i \u0219i fecale!! E JALE pe European!!\" width=\"696\" height=\"392\" src=\"https:\/\/www.youtube.com\/embed\/kVlZBegLWgA?start=2&amp;feature=oembed\" frameborder allow=\"accelerometer; autoplay; clipboard-write; encrypted-media; gyroscope; picture-in-picture; web-share\" referrerpolicy=\"strict-origin-when-cross-origin\" allowfullscreen><\/iframe><\/div>\n<\/div>\n<\/figure>\n<div class=\"td-a-rec td-a-rec-id-content_bottom  tdi_4 td_block_template_1\"><strong>Intr\u0103 acum \u0219i \u00een grupul de <\/p>\n<div class=\"wp-block-button\"><a class=\"wp-block-button__link wp-element-button\" href=\"https:\/\/t.me\/+TH8wcfnp8fw5NWI0\">Telegram News Bucovina<\/a><\/div>\n<p><\/strong><\/div>\n<\/div>\n<p>[analyse_source url=&#8221;https:\/\/www.newsbucovina.ro\/featured\/437259\/prefectul-traian-andronachi-si-a-anuntat-demisia-din-functie-functia-de-prefect-este-temporara-dar-responsabilitatea-fata-de-suceava-ramane&#8221;]<\/p>\n","protected":false},"excerpt":{"rendered":"<p>[analyse_image type=&#8221;featured&#8221; src=&#8221;https:\/\/www.newsbucovina.ro\/wp-content\/uploads\/2026\/04\/andronachi.jpghttps:\/\/cdn.newsbucovina.ro\/wp-content\/uploads\/2026\/04\/andronachi.jpg&#8221;] Intr\u0103 acum \u0219i \u00een grupul de Telegram News Bucovina Prefectul jude\u021bului Suceava, Traian Andronachi, a anun\u021bat mar\u021bi, \u00een cursul zilei, c\u0103 \u00ee\u0219i \u00eenainteaz\u0103 demisia din func\u021bie c\u0103tre primul-ministru. Anun\u021bul a fost f\u0103cut public printr-un comunicat oficial, \u00een contextul tensiunilor politice na\u021bionale generate de mo\u021biunea de cenzur\u0103 ini\u021biat\u0103 de PSD \u0219i AUR \u00eempotriva [&hellip;]<\/p>\n","protected":false},"author":1,"featured_media":0,"comment_status":"open","ping_status":"","sticky":false,"template":"","format":"standard","meta":{"footnotes":""},"categories":[89],"tags":[226,165],"class_list":["post-1907473","post","type-post","status-publish","format-standard","hentry","category-romania","tag-crawlmanager","tag-newsbucovina-ro"],"_links":{"self":[{"href":"https:\/\/analyse.optim.biz\/index.php?rest_route=\/wp\/v2\/posts\/1907473","targetHints":{"allow":["GET"]}}],"collection":[{"href":"https:\/\/analyse.optim.biz\/index.php?rest_route=\/wp\/v2\/posts"}],"about":[{"href":"https:\/\/analyse.optim.biz\/index.php?rest_route=\/wp\/v2\/types\/post"}],"author":[{"embeddable":true,"href":"https:\/\/analyse.optim.biz\/index.php?rest_route=\/wp\/v2\/users\/1"}],"replies":[{"embeddable":true,"href":"https:\/\/analyse.optim.biz\/index.php?rest_route=%2Fwp%2Fv2%2Fcomments&post=1907473"}],"version-history":[{"count":0,"href":"https:\/\/analyse.optim.biz\/index.php?rest_route=\/wp\/v2\/posts\/1907473\/revisions"}],"wp:attachment":[{"href":"https:\/\/analyse.optim.biz\/index.php?rest_route=%2Fwp%2Fv2%2Fmedia&parent=1907473"}],"wp:term":[{"taxonomy":"category","embeddable":true,"href":"https:\/\/analyse.optim.biz\/index.php?rest_route=%2Fwp%2Fv2%2Fcategories&post=1907473"},{"taxonomy":"post_tag","embeddable":true,"href":"https:\/\/analyse.optim.biz\/index.php?rest_route=%2Fwp%2Fv2%2Ftags&post=1907473"}],"curies":[{"name":"wp","href":"https:\/\/api.w.org\/{rel}","templated":true}]}}