{"id":1907471,"date":"2026-04-28T07:45:12","date_gmt":"2026-04-28T04:45:12","guid":{"rendered":"https:\/\/analyse.optim.biz\/?p=1907471"},"modified":"2026-04-28T07:45:12","modified_gmt":"2026-04-28T04:45:12","slug":"arhiepiscopia-sucevei-si-radautilor-reia-tema-fondului-religionar-ortodox-roman-din-bucovina-si-organizeaza-un-colocviu-de-la-240-de-ani-de-la-infiintarea-acestei-structuri","status":"publish","type":"post","link":"https:\/\/analyse.optim.biz\/?p=1907471","title":{"rendered":"Arhiepiscopia Sucevei \u0219i R\u0103d\u0103u\u021bilor reia tema Fondului Religionar Ortodox Rom\u00e2n din Bucovina \u0219i organizeaz\u0103 un colocviu de la 240 de ani de la \u00eenfiin\u021barea acestei structuri"},"content":{"rendered":"<p>[analyse_image type=&#8221;featured&#8221; src=&#8221;https:\/\/www.newsbucovina.ro\/wp-content\/uploads\/2026\/01\/calinic.pnghttps:\/\/cdn.newsbucovina.ro\/wp-content\/uploads\/2026\/01\/calinic.png&#8221;]<\/p>\n<div class=\"td-post-content tagdiv-type\">\n<div class=\"td-a-rec td-a-rec-id-content_top  tdi_3 td_block_template_1\"><strong>Intr\u0103 acum \u0219i \u00een grupul de <\/p>\n<div class=\"wp-block-button\"><a class=\"wp-block-button__link wp-element-button\" href=\"https:\/\/t.me\/+TH8wcfnp8fw5NWI0\">Telegram News Bucovina<\/a><\/div>\n<p><\/strong><\/div>\n<p>Arhiepiscopia Sucevei \u0219i R\u0103d\u0103u\u021bilor, \u00een colaborare cu Institutul de Istorie \u201eGeorge Bari\u021biu\u201d al Academiei Rom\u00e2ne \u2013 Filiala Cluj-Napoca, organizeaz\u0103 miercuri, <strong>29 aprilie 2026<\/strong>, \u00eencep\u00e2nd cu ora <strong>17:00<\/strong>, la Centrul cultural, educa\u021bional \u0219i social \u201eDosoftei Mitropolitul\u201d, un colocviu istoric de excep\u021bie.<\/p>\n<figure class=\"wp-block-image size-large\"><a href=\"https:\/\/cdn.newsbucovina.ro\/wp-content\/uploads\/2026\/01\/calinic.png\"><img loading=\"lazy\" decoding=\"async\" width=\"1024\" height=\"543\" src=\"https:\/\/cdn.newsbucovina.ro\/wp-content\/uploads\/2026\/01\/calinic-1024x543.png\" alt class=\"wp-image-431109\"><\/a><\/figure>\n<p>Evenimentul, desf\u0103\u0219urat cu binecuv\u00e2ntarea \u00cenaltpreasfin\u021bitului P\u0103rinte <strong>Calinic<\/strong>, Arhiepiscop al Sucevei \u0219i R\u0103d\u0103u\u021bilor, este dedicat uneia dintre cele mai importante institu\u021bii din istoria Bucovinei \u0219i poart\u0103 titlul: <strong>\u201eFondul religionar ortodox rom\u00e2n din Bucovina. 240 de ani de la \u00eenfiin\u021bare: genez\u0103, evolu\u021bie \u0219i rol istoric \u00een via\u021ba Bisericii \u0219i a Cet\u0103\u021bii\u201d<\/strong>.<\/p>\n<p>Colocviul \u00ee\u0219i propune s\u0103 aduc\u0103 \u00een aten\u021bia publicului larg rolul fundamental pe care l-a jucat Fondul Religionar Ortodox Rom\u00e2n \u00een sus\u021binerea vie\u021bii biserice\u0219ti, dezvoltarea \u00eenv\u0103\u021b\u0103m\u00e2ntului teologic \u0219i consolidarea identit\u0103\u021bii confesionale \u0219i culturale a Bucovinei de-a lungul a peste dou\u0103 secole.<\/p>\n<p><strong>Invitat special:<\/strong> PC Diac. <strong>Mircea-Gheorghe Abrudan<\/strong>, cercet\u0103tor \u0219tiin\u021bific la Institutul de Istorie \u201eGeorge Bari\u021biu\u201d al Academiei Rom\u00e2ne, va sus\u021bine o conferin\u021b\u0103 documentat\u0103 privind geneza \u0219i evolu\u021bia acestei institu\u021bii.<\/p>\n<p>\u00cen cadrul evenimentului va avea loc \u0219i <strong>lansarea volumului \u201eFondul Bisericesc din Bucovina (1783\u20131949)\u201d<\/strong>, semnat de Pr. <strong>Sorin-Toader Clipa<\/strong>, o lucrare ce ofer\u0103 o perspectiv\u0103 ampl\u0103 asupra cadrului juridic, administrativ \u0219i istoric al Fondului.<\/p>\n<p>\u201eAdres\u0103m tuturor celor interesa\u021bi de istoria Bisericii, de cultura teologic\u0103 \u0219i de valorile care au modelat identitatea spiritual\u0103 a Bucovinei invita\u021bia de a participa la lucr\u0103rile acestui eveniment, ca form\u0103 de comuniune cu genera\u021biile anterioare\u201d, a transmis Pr. <strong>Ciprian Blaga<\/strong>, consilier eparhial \u00een cadrul Sectorului Cultural al Arhiepiscopiei Sucevei \u0219i R\u0103d\u0103u\u021bilor.<\/p>\n<p>Reamintim c\u0103 din luna septembrie 2020, potrivit deciziei Adun\u0103rii Eparhiale, Fondul Bisericesc Bisericesc al Bucovinei a devenit parte component\u0103 a Arhiepiscopiei Sucevei \u015fi R\u0103d\u0103u\u0163ilor din cadrul Bisericii Ortodoxe Rom\u00e2ne, cu statutul juridic de unitate de cult, iar pre\u0219edintele FBOB este IPS Calinic.<\/p>\n<p>Fondul Bisericesc Ortodox Rom\u00e2n al Bucovinei revendic\u0103 o suprafa\u021b\u0103 de 166.813 hectare de p\u0103duri, dar \u00een urma mai multor procese acestea au r\u0103mas \u00een administrarea statului.<\/p>\n<p>IPS Calinic spunea \u00een decembrie 2020 c\u0103-\u0219i propune c\u00e2\u0219tigarea propriet\u0103\u021bilor ce au apar\u021binut Fondului Bisericesc al Bucovinei.<\/p>\n<p>\u201eC\u00e2t despre \u00eenfiin\u0163area unor alte protopopiate, nu exclud aceast\u0103 posibilitate, \u00eens\u0103 nu acum, ci dup\u0103 c\u00e2\u015ftigarea Fondului Bisericesc\u201d, sus\u021binea ierarhul.<\/p>\n<figure class=\"wp-block-embed is-type-video is-provider-youtube wp-block-embed-youtube wp-embed-aspect-16-9 wp-has-aspect-ratio\">\n<div class=\"wp-block-embed__wrapper\">\n<div class=\"youtube-embed\" data-video_id=\"kVlZBegLWgA\"><iframe loading=\"lazy\" title=\"De la Suceava la Dorna te \u00ceneci sub tone de pamper\u0219i \u0219i fecale!! E JALE pe European!!\" width=\"696\" height=\"392\" src=\"https:\/\/www.youtube.com\/embed\/kVlZBegLWgA?start=2&amp;feature=oembed\" frameborder allow=\"accelerometer; autoplay; clipboard-write; encrypted-media; gyroscope; picture-in-picture; web-share\" referrerpolicy=\"strict-origin-when-cross-origin\" allowfullscreen><\/iframe><\/div>\n<\/div>\n<\/figure>\n<div class=\"td-a-rec td-a-rec-id-content_bottom  tdi_4 td_block_template_1\"><strong>Intr\u0103 acum \u0219i \u00een grupul de <\/p>\n<div class=\"wp-block-button\"><a class=\"wp-block-button__link wp-element-button\" href=\"https:\/\/t.me\/+TH8wcfnp8fw5NWI0\">Telegram News Bucovina<\/a><\/div>\n<p><\/strong><\/div>\n<\/div>\n<div class=\"td-post-content tagdiv-type\">\n<div class=\"td-a-rec td-a-rec-id-content_top  tdi_3 td_block_template_1\"><strong>Intr\u0103 acum \u0219i \u00een grupul de <\/p>\n<div class=\"wp-block-button\"><a class=\"wp-block-button__link wp-element-button\" href=\"https:\/\/t.me\/+TH8wcfnp8fw5NWI0\">Telegram News Bucovina<\/a><\/div>\n<p><\/strong><\/div>\n<p>Arhiepiscopia Sucevei \u0219i R\u0103d\u0103u\u021bilor, \u00een colaborare cu Institutul de Istorie \u201eGeorge Bari\u021biu\u201d al Academiei Rom\u00e2ne \u2013 Filiala Cluj-Napoca, organizeaz\u0103 miercuri, <strong>29 aprilie 2026<\/strong>, \u00eencep\u00e2nd cu ora <strong>17:00<\/strong>, la Centrul cultural, educa\u021bional \u0219i social \u201eDosoftei Mitropolitul\u201d, un colocviu istoric de excep\u021bie.<\/p>\n<figure class=\"wp-block-image size-large\"><a href=\"https:\/\/cdn.newsbucovina.ro\/wp-content\/uploads\/2026\/01\/calinic.png\"><img loading=\"lazy\" decoding=\"async\" width=\"1024\" height=\"543\" src=\"https:\/\/cdn.newsbucovina.ro\/wp-content\/uploads\/2026\/01\/calinic-1024x543.png\" alt class=\"wp-image-431109\"><\/a><\/figure>\n<p>Evenimentul, desf\u0103\u0219urat cu binecuv\u00e2ntarea \u00cenaltpreasfin\u021bitului P\u0103rinte <strong>Calinic<\/strong>, Arhiepiscop al Sucevei \u0219i R\u0103d\u0103u\u021bilor, este dedicat uneia dintre cele mai importante institu\u021bii din istoria Bucovinei \u0219i poart\u0103 titlul: <strong>\u201eFondul religionar ortodox rom\u00e2n din Bucovina. 240 de ani de la \u00eenfiin\u021bare: genez\u0103, evolu\u021bie \u0219i rol istoric \u00een via\u021ba Bisericii \u0219i a Cet\u0103\u021bii\u201d<\/strong>.<\/p>\n<p>Colocviul \u00ee\u0219i propune s\u0103 aduc\u0103 \u00een aten\u021bia publicului larg rolul fundamental pe care l-a jucat Fondul Religionar Ortodox Rom\u00e2n \u00een sus\u021binerea vie\u021bii biserice\u0219ti, dezvoltarea \u00eenv\u0103\u021b\u0103m\u00e2ntului teologic \u0219i consolidarea identit\u0103\u021bii confesionale \u0219i culturale a Bucovinei de-a lungul a peste dou\u0103 secole.<\/p>\n<p><strong>Invitat special:<\/strong> PC Diac. <strong>Mircea-Gheorghe Abrudan<\/strong>, cercet\u0103tor \u0219tiin\u021bific la Institutul de Istorie \u201eGeorge Bari\u021biu\u201d al Academiei Rom\u00e2ne, va sus\u021bine o conferin\u021b\u0103 documentat\u0103 privind geneza \u0219i evolu\u021bia acestei institu\u021bii.<\/p>\n<p>\u00cen cadrul evenimentului va avea loc \u0219i <strong>lansarea volumului \u201eFondul Bisericesc din Bucovina (1783\u20131949)\u201d<\/strong>, semnat de Pr. <strong>Sorin-Toader Clipa<\/strong>, o lucrare ce ofer\u0103 o perspectiv\u0103 ampl\u0103 asupra cadrului juridic, administrativ \u0219i istoric al Fondului.<\/p>\n<p>\u201eAdres\u0103m tuturor celor interesa\u021bi de istoria Bisericii, de cultura teologic\u0103 \u0219i de valorile care au modelat identitatea spiritual\u0103 a Bucovinei invita\u021bia de a participa la lucr\u0103rile acestui eveniment, ca form\u0103 de comuniune cu genera\u021biile anterioare\u201d, a transmis Pr. <strong>Ciprian Blaga<\/strong>, consilier eparhial \u00een cadrul Sectorului Cultural al Arhiepiscopiei Sucevei \u0219i R\u0103d\u0103u\u021bilor.<\/p>\n<p>Reamintim c\u0103 din luna septembrie 2020, potrivit deciziei Adun\u0103rii Eparhiale, Fondul Bisericesc Bisericesc al Bucovinei a devenit parte component\u0103 a Arhiepiscopiei Sucevei \u015fi R\u0103d\u0103u\u0163ilor din cadrul Bisericii Ortodoxe Rom\u00e2ne, cu statutul juridic de unitate de cult, iar pre\u0219edintele FBOB este IPS Calinic.<\/p>\n<p>Fondul Bisericesc Ortodox Rom\u00e2n al Bucovinei revendic\u0103 o suprafa\u021b\u0103 de 166.813 hectare de p\u0103duri, dar \u00een urma mai multor procese acestea au r\u0103mas \u00een administrarea statului.<\/p>\n<p>IPS Calinic spunea \u00een decembrie 2020 c\u0103-\u0219i propune c\u00e2\u0219tigarea propriet\u0103\u021bilor ce au apar\u021binut Fondului Bisericesc al Bucovinei.<\/p>\n<p>\u201eC\u00e2t despre \u00eenfiin\u0163area unor alte protopopiate, nu exclud aceast\u0103 posibilitate, \u00eens\u0103 nu acum, ci dup\u0103 c\u00e2\u015ftigarea Fondului Bisericesc\u201d, sus\u021binea ierarhul.<\/p>\n<figure class=\"wp-block-embed is-type-video is-provider-youtube wp-block-embed-youtube wp-embed-aspect-16-9 wp-has-aspect-ratio\">\n<div class=\"wp-block-embed__wrapper\">\n<div class=\"youtube-embed\" data-video_id=\"kVlZBegLWgA\"><iframe loading=\"lazy\" title=\"De la Suceava la Dorna te \u00ceneci sub tone de pamper\u0219i \u0219i fecale!! E JALE pe European!!\" width=\"696\" height=\"392\" src=\"https:\/\/www.youtube.com\/embed\/kVlZBegLWgA?start=2&amp;feature=oembed\" frameborder allow=\"accelerometer; autoplay; clipboard-write; encrypted-media; gyroscope; picture-in-picture; web-share\" referrerpolicy=\"strict-origin-when-cross-origin\" allowfullscreen><\/iframe><\/div>\n<\/div>\n<\/figure>\n<div class=\"td-a-rec td-a-rec-id-content_bottom  tdi_4 td_block_template_1\"><strong>Intr\u0103 acum \u0219i \u00een grupul de <\/p>\n<div class=\"wp-block-button\"><a class=\"wp-block-button__link wp-element-button\" href=\"https:\/\/t.me\/+TH8wcfnp8fw5NWI0\">Telegram News Bucovina<\/a><\/div>\n<p><\/strong><\/div>\n<\/div>\n<p>[analyse_source url=&#8221;https:\/\/www.newsbucovina.ro\/actualitate\/437233\/arhiepiscopia-sucevei-si-radautilor-reia-tema-fondului-religionar-ortodox-roman-din-bucovina-si-organizeaza-un-colocviu-de-la-240-de-ani-de-la-infiintarea-acestei-structuri&#8221;]<\/p>\n","protected":false},"excerpt":{"rendered":"<p>[analyse_image type=&#8221;featured&#8221; src=&#8221;https:\/\/www.newsbucovina.ro\/wp-content\/uploads\/2026\/01\/calinic.pnghttps:\/\/cdn.newsbucovina.ro\/wp-content\/uploads\/2026\/01\/calinic.png&#8221;] Intr\u0103 acum \u0219i \u00een grupul de Telegram News Bucovina Arhiepiscopia Sucevei \u0219i R\u0103d\u0103u\u021bilor, \u00een colaborare cu Institutul de Istorie \u201eGeorge Bari\u021biu\u201d al Academiei Rom\u00e2ne \u2013 Filiala Cluj-Napoca, organizeaz\u0103 miercuri, 29 aprilie 2026, \u00eencep\u00e2nd cu ora 17:00, la Centrul cultural, educa\u021bional \u0219i social \u201eDosoftei Mitropolitul\u201d, un colocviu istoric de excep\u021bie. Evenimentul, desf\u0103\u0219urat cu [&hellip;]<\/p>\n","protected":false},"author":1,"featured_media":0,"comment_status":"open","ping_status":"","sticky":false,"template":"","format":"standard","meta":{"footnotes":""},"categories":[89],"tags":[226,165],"class_list":["post-1907471","post","type-post","status-publish","format-standard","hentry","category-romania","tag-crawlmanager","tag-newsbucovina-ro"],"_links":{"self":[{"href":"https:\/\/analyse.optim.biz\/index.php?rest_route=\/wp\/v2\/posts\/1907471","targetHints":{"allow":["GET"]}}],"collection":[{"href":"https:\/\/analyse.optim.biz\/index.php?rest_route=\/wp\/v2\/posts"}],"about":[{"href":"https:\/\/analyse.optim.biz\/index.php?rest_route=\/wp\/v2\/types\/post"}],"author":[{"embeddable":true,"href":"https:\/\/analyse.optim.biz\/index.php?rest_route=\/wp\/v2\/users\/1"}],"replies":[{"embeddable":true,"href":"https:\/\/analyse.optim.biz\/index.php?rest_route=%2Fwp%2Fv2%2Fcomments&post=1907471"}],"version-history":[{"count":0,"href":"https:\/\/analyse.optim.biz\/index.php?rest_route=\/wp\/v2\/posts\/1907471\/revisions"}],"wp:attachment":[{"href":"https:\/\/analyse.optim.biz\/index.php?rest_route=%2Fwp%2Fv2%2Fmedia&parent=1907471"}],"wp:term":[{"taxonomy":"category","embeddable":true,"href":"https:\/\/analyse.optim.biz\/index.php?rest_route=%2Fwp%2Fv2%2Fcategories&post=1907471"},{"taxonomy":"post_tag","embeddable":true,"href":"https:\/\/analyse.optim.biz\/index.php?rest_route=%2Fwp%2Fv2%2Ftags&post=1907471"}],"curies":[{"name":"wp","href":"https:\/\/api.w.org\/{rel}","templated":true}]}}