{"id":1907469,"date":"2026-04-27T12:43:25","date_gmt":"2026-04-27T09:43:25","guid":{"rendered":"https:\/\/analyse.optim.biz\/?p=1907469"},"modified":"2026-04-27T12:43:25","modified_gmt":"2026-04-27T09:43:25","slug":"gheorghe-soldan-au-inceput-lucrarile-de-asfaltare-pe-noul-drum-de-legatura-spre-aeroportul-stefan-cel-mare-suceava","status":"publish","type":"post","link":"https:\/\/analyse.optim.biz\/?p=1907469","title":{"rendered":"Gheorghe \u0218oldan: Au \u00eenceput lucr\u0103rile de asfaltare pe noul drum de leg\u0103tur\u0103 spre Aeroportul \u201e\u0218tefan cel Mare\u201d Suceava"},"content":{"rendered":"<p>[analyse_image type=&#8221;featured&#8221; src=&#8221;https:\/\/www.newsbucovina.ro\/wp-content\/uploads\/2026\/04\/WhatsApp-Image-2026-04-27-at-15.34.45.jpeghttps:\/\/cdn.newsbucovina.ro\/wp-content\/uploads\/2026\/04\/WhatsApp-Image-2026-04-27-at-15.34.45.jpeg&#8221;]<\/p>\n<div class=\"td-post-content tagdiv-type\">\n<div class=\"td-a-rec td-a-rec-id-content_top  tdi_3 td_block_template_1\"><strong>Intr\u0103 acum \u0219i \u00een grupul de <\/p>\n<div class=\"wp-block-button\"><a class=\"wp-block-button__link wp-element-button\" href=\"https:\/\/t.me\/+TH8wcfnp8fw5NWI0\">Telegram News Bucovina<\/a><\/div>\n<p><\/strong><\/div>\n<p>Lucr\u0103rile de modernizare a noului drum de leg\u0103tur\u0103 spre Aeroportul \u201e\u0218tefan cel Mare\u201d Suceava au intrat \u00eentr-o nou\u0103 etap\u0103 important\u0103. \u00cen aceste zile a \u00eenceput turnarea primului strat de asfalt, din cele trei prev\u0103zute \u00een proiect.<\/p>\n<figure class=\"wp-block-gallery has-nested-images columns-default is-cropped wp-block-gallery-1 is-layout-flex wp-block-gallery-is-layout-flex\">\n<figure class=\"wp-block-image size-large\"><a href=\"https:\/\/cdn.newsbucovina.ro\/wp-content\/uploads\/2026\/04\/WhatsApp-Image-2026-04-27-at-15.34.43.jpeg\"><img loading=\"lazy\" decoding=\"async\" width=\"1024\" height=\"576\" data-id=\"437176\" src=\"https:\/\/cdn.newsbucovina.ro\/wp-content\/uploads\/2026\/04\/WhatsApp-Image-2026-04-27-at-15.34.43-1024x576.jpeg\" alt class=\"wp-image-437176\"><\/a><\/figure>\n<figure class=\"wp-block-image size-large\"><a href=\"https:\/\/cdn.newsbucovina.ro\/wp-content\/uploads\/2026\/04\/WhatsApp-Image-2026-04-27-at-15.34.45.jpeg\"><img loading=\"lazy\" decoding=\"async\" width=\"1024\" height=\"576\" data-id=\"437177\" src=\"https:\/\/cdn.newsbucovina.ro\/wp-content\/uploads\/2026\/04\/WhatsApp-Image-2026-04-27-at-15.34.45-1024x576.jpeg\" alt class=\"wp-image-437177\"><\/a><\/figure>\n<\/figure>\n<p>Pre\u0219edintele Consiliului Jude\u021bean Suceava, Gheorghe \u0218oldan, a anun\u021bat c\u0103 structura de baz\u0103 \u0219i pode\u021bele peste drumurile laterale sunt deja finalizate, iar \u00een ultimele s\u0103pt\u0103m\u00e2ni s-a lucrat intens la platforma sensului giratoriu din zona aeroportului.<\/p>\n<p>\u201eNoul drum de leg\u0103tur\u0103 spre aeroportul de la Salcea prinde contur. Termenul contractual de finalizare este martie 2027, \u00eens\u0103 exist\u0103 \u0219anse reale ca lucr\u0103rile s\u0103 fie terminate \u00eenc\u0103 din acest an\u201d, a declarat pre\u0219edintele Gheorghe \u0218oldan.<\/p>\n<p>Noul drum va avea o lungime de aproape <strong>5 kilometri<\/strong> \u0219i reprezint\u0103 o investi\u021bie de <strong>23,77 milioane de lei<\/strong> (cu TVA), finan\u021bat\u0103 integral din bugetul Consiliului Jude\u021bean Suceava.<\/p>\n<p>Acesta va asigura o leg\u0103tur\u0103 direct\u0103 \u00eentre DJ 208T (zona Burdujeni \u2013 strada Plevnei), Aeroportul \u201e\u0218tefan cel Mare\u201d, Autostrada A7 (Pa\u0219cani \u2013 Suceava), DJ 290A, parcarea aeroportului \u0219i Centrul Economic Bucovina, constituind o rut\u0103 alternativ\u0103 de acces spre aeroport, complementar\u0103 traseului actual din DN 29 (E58) prin DJ 290A.<\/p>\n<p>Proiectul va fluidiza semnificativ traficul \u00een zon\u0103 \u0219i va contribui la cre\u0219terea accesibilit\u0103\u021bii \u0219i atractivit\u0103\u021bii Aeroportului \u201e\u0218tefan cel Mare\u201d Suceava, sus\u021bin\u00e2nd dezvoltarea economic\u0103 a \u00eentregului jude\u021b.<\/p>\n<figure class=\"wp-block-embed is-type-video is-provider-youtube wp-block-embed-youtube wp-embed-aspect-16-9 wp-has-aspect-ratio\">\n<div class=\"wp-block-embed__wrapper\">\n<div class=\"youtube-embed\" data-video_id=\"kVlZBegLWgA\"><iframe loading=\"lazy\" title=\"Dac\u0103 te TRECE...te \u00eeneci!! Bucovina instagramabil\u0103 e doar \u00een mintea lor! E JALE pe European!!\" width=\"696\" height=\"392\" src=\"https:\/\/www.youtube.com\/embed\/kVlZBegLWgA?feature=oembed&amp;enablejsapi=1\" frameborder allow=\"accelerometer; autoplay; clipboard-write; encrypted-media; gyroscope; picture-in-picture; web-share\" referrerpolicy=\"strict-origin-when-cross-origin\" allowfullscreen><\/iframe><\/div>\n<\/div>\n<\/figure>\n<div class=\"td-a-rec td-a-rec-id-content_bottom  tdi_4 td_block_template_1\"><strong>Intr\u0103 acum \u0219i \u00een grupul de <\/p>\n<div class=\"wp-block-button\"><a class=\"wp-block-button__link wp-element-button\" href=\"https:\/\/t.me\/+TH8wcfnp8fw5NWI0\">Telegram News Bucovina<\/a><\/div>\n<p><\/strong><\/div>\n<\/div>\n<div class=\"td-post-content tagdiv-type\">\n<div class=\"td-a-rec td-a-rec-id-content_top  tdi_3 td_block_template_1\"><strong>Intr\u0103 acum \u0219i \u00een grupul de <\/p>\n<div class=\"wp-block-button\"><a class=\"wp-block-button__link wp-element-button\" href=\"https:\/\/t.me\/+TH8wcfnp8fw5NWI0\">Telegram News Bucovina<\/a><\/div>\n<p><\/strong><\/div>\n<p>Lucr\u0103rile de modernizare a noului drum de leg\u0103tur\u0103 spre Aeroportul \u201e\u0218tefan cel Mare\u201d Suceava au intrat \u00eentr-o nou\u0103 etap\u0103 important\u0103. \u00cen aceste zile a \u00eenceput turnarea primului strat de asfalt, din cele trei prev\u0103zute \u00een proiect.<\/p>\n<figure class=\"wp-block-gallery has-nested-images columns-default is-cropped wp-block-gallery-1 is-layout-flex wp-block-gallery-is-layout-flex\">\n<figure class=\"wp-block-image size-large\"><a href=\"https:\/\/cdn.newsbucovina.ro\/wp-content\/uploads\/2026\/04\/WhatsApp-Image-2026-04-27-at-15.34.43.jpeg\"><img loading=\"lazy\" decoding=\"async\" width=\"1024\" height=\"576\" data-id=\"437176\" src=\"https:\/\/cdn.newsbucovina.ro\/wp-content\/uploads\/2026\/04\/WhatsApp-Image-2026-04-27-at-15.34.43-1024x576.jpeg\" alt class=\"wp-image-437176\"><\/a><\/figure>\n<figure class=\"wp-block-image size-large\"><a href=\"https:\/\/cdn.newsbucovina.ro\/wp-content\/uploads\/2026\/04\/WhatsApp-Image-2026-04-27-at-15.34.45.jpeg\"><img loading=\"lazy\" decoding=\"async\" width=\"1024\" height=\"576\" data-id=\"437177\" src=\"https:\/\/cdn.newsbucovina.ro\/wp-content\/uploads\/2026\/04\/WhatsApp-Image-2026-04-27-at-15.34.45-1024x576.jpeg\" alt class=\"wp-image-437177\"><\/a><\/figure>\n<\/figure>\n<p>Pre\u0219edintele Consiliului Jude\u021bean Suceava, Gheorghe \u0218oldan, a anun\u021bat c\u0103 structura de baz\u0103 \u0219i pode\u021bele peste drumurile laterale sunt deja finalizate, iar \u00een ultimele s\u0103pt\u0103m\u00e2ni s-a lucrat intens la platforma sensului giratoriu din zona aeroportului.<\/p>\n<p>\u201eNoul drum de leg\u0103tur\u0103 spre aeroportul de la Salcea prinde contur. Termenul contractual de finalizare este martie 2027, \u00eens\u0103 exist\u0103 \u0219anse reale ca lucr\u0103rile s\u0103 fie terminate \u00eenc\u0103 din acest an\u201d, a declarat pre\u0219edintele Gheorghe \u0218oldan.<\/p>\n<p>Noul drum va avea o lungime de aproape <strong>5 kilometri<\/strong> \u0219i reprezint\u0103 o investi\u021bie de <strong>23,77 milioane de lei<\/strong> (cu TVA), finan\u021bat\u0103 integral din bugetul Consiliului Jude\u021bean Suceava.<\/p>\n<p>Acesta va asigura o leg\u0103tur\u0103 direct\u0103 \u00eentre DJ 208T (zona Burdujeni \u2013 strada Plevnei), Aeroportul \u201e\u0218tefan cel Mare\u201d, Autostrada A7 (Pa\u0219cani \u2013 Suceava), DJ 290A, parcarea aeroportului \u0219i Centrul Economic Bucovina, constituind o rut\u0103 alternativ\u0103 de acces spre aeroport, complementar\u0103 traseului actual din DN 29 (E58) prin DJ 290A.<\/p>\n<p>Proiectul va fluidiza semnificativ traficul \u00een zon\u0103 \u0219i va contribui la cre\u0219terea accesibilit\u0103\u021bii \u0219i atractivit\u0103\u021bii Aeroportului \u201e\u0218tefan cel Mare\u201d Suceava, sus\u021bin\u00e2nd dezvoltarea economic\u0103 a \u00eentregului jude\u021b.<\/p>\n<figure class=\"wp-block-embed is-type-video is-provider-youtube wp-block-embed-youtube wp-embed-aspect-16-9 wp-has-aspect-ratio\">\n<div class=\"wp-block-embed__wrapper\">\n<div class=\"youtube-embed\" data-video_id=\"kVlZBegLWgA\"><iframe loading=\"lazy\" title=\"Dac\u0103 te TRECE...te \u00eeneci!! Bucovina instagramabil\u0103 e doar \u00een mintea lor! E JALE pe European!!\" width=\"696\" height=\"392\" src=\"https:\/\/www.youtube.com\/embed\/kVlZBegLWgA?feature=oembed&amp;enablejsapi=1\" frameborder allow=\"accelerometer; autoplay; clipboard-write; encrypted-media; gyroscope; picture-in-picture; web-share\" referrerpolicy=\"strict-origin-when-cross-origin\" allowfullscreen><\/iframe><\/div>\n<\/div>\n<\/figure>\n<div class=\"td-a-rec td-a-rec-id-content_bottom  tdi_4 td_block_template_1\"><strong>Intr\u0103 acum \u0219i \u00een grupul de <\/p>\n<div class=\"wp-block-button\"><a class=\"wp-block-button__link wp-element-button\" href=\"https:\/\/t.me\/+TH8wcfnp8fw5NWI0\">Telegram News Bucovina<\/a><\/div>\n<p><\/strong><\/div>\n<\/div>\n<p>[analyse_source url=&#8221;https:\/\/www.newsbucovina.ro\/actualitate\/437175\/gheorghe-soldan-au-inceput-lucrarile-de-asfaltare-pe-noul-drum-de-legatura-spre-aeroportul-stefan-cel-mare-suceava&#8221;]<\/p>\n","protected":false},"excerpt":{"rendered":"<p>[analyse_image type=&#8221;featured&#8221; src=&#8221;https:\/\/www.newsbucovina.ro\/wp-content\/uploads\/2026\/04\/WhatsApp-Image-2026-04-27-at-15.34.45.jpeghttps:\/\/cdn.newsbucovina.ro\/wp-content\/uploads\/2026\/04\/WhatsApp-Image-2026-04-27-at-15.34.45.jpeg&#8221;] Intr\u0103 acum \u0219i \u00een grupul de Telegram News Bucovina Lucr\u0103rile de modernizare a noului drum de leg\u0103tur\u0103 spre Aeroportul \u201e\u0218tefan cel Mare\u201d Suceava au intrat \u00eentr-o nou\u0103 etap\u0103 important\u0103. \u00cen aceste zile a \u00eenceput turnarea primului strat de asfalt, din cele trei prev\u0103zute \u00een proiect. Pre\u0219edintele Consiliului Jude\u021bean Suceava, Gheorghe \u0218oldan, a [&hellip;]<\/p>\n","protected":false},"author":1,"featured_media":0,"comment_status":"open","ping_status":"","sticky":false,"template":"","format":"standard","meta":{"footnotes":""},"categories":[89],"tags":[226,165],"class_list":["post-1907469","post","type-post","status-publish","format-standard","hentry","category-romania","tag-crawlmanager","tag-newsbucovina-ro"],"_links":{"self":[{"href":"https:\/\/analyse.optim.biz\/index.php?rest_route=\/wp\/v2\/posts\/1907469","targetHints":{"allow":["GET"]}}],"collection":[{"href":"https:\/\/analyse.optim.biz\/index.php?rest_route=\/wp\/v2\/posts"}],"about":[{"href":"https:\/\/analyse.optim.biz\/index.php?rest_route=\/wp\/v2\/types\/post"}],"author":[{"embeddable":true,"href":"https:\/\/analyse.optim.biz\/index.php?rest_route=\/wp\/v2\/users\/1"}],"replies":[{"embeddable":true,"href":"https:\/\/analyse.optim.biz\/index.php?rest_route=%2Fwp%2Fv2%2Fcomments&post=1907469"}],"version-history":[{"count":0,"href":"https:\/\/analyse.optim.biz\/index.php?rest_route=\/wp\/v2\/posts\/1907469\/revisions"}],"wp:attachment":[{"href":"https:\/\/analyse.optim.biz\/index.php?rest_route=%2Fwp%2Fv2%2Fmedia&parent=1907469"}],"wp:term":[{"taxonomy":"category","embeddable":true,"href":"https:\/\/analyse.optim.biz\/index.php?rest_route=%2Fwp%2Fv2%2Fcategories&post=1907469"},{"taxonomy":"post_tag","embeddable":true,"href":"https:\/\/analyse.optim.biz\/index.php?rest_route=%2Fwp%2Fv2%2Ftags&post=1907469"}],"curies":[{"name":"wp","href":"https:\/\/api.w.org\/{rel}","templated":true}]}}