{"id":1907467,"date":"2026-04-28T13:38:42","date_gmt":"2026-04-28T10:38:42","guid":{"rendered":"https:\/\/analyse.optim.biz\/?p=1907467"},"modified":"2026-04-28T13:38:42","modified_gmt":"2026-04-28T10:38:42","slug":"perchezitii-domiciliare-la-suceava-intr-o-cauza-complexa-de-santaj-noua-acte-materiale-cercetate","status":"publish","type":"post","link":"https:\/\/analyse.optim.biz\/?p=1907467","title":{"rendered":"Perchezi\u021bii domiciliare la Suceava \u00eentr-o cauz\u0103 complex\u0103 de \u0219antaj: nou\u0103 acte materiale cercetate"},"content":{"rendered":"<p>[analyse_image type=&#8221;featured&#8221; src=&#8221;https:\/\/www.newsbucovina.ro\/wp-content\/uploads\/2026\/04\/WhatsApp-Image-2026-04-28-at-16.32.16.jpeghttps:\/\/cdn.newsbucovina.ro\/wp-content\/uploads\/2026\/04\/WhatsApp-Image-2026-04-28-at-16.32.16.jpeg&#8221;]<\/p>\n<div class=\"td-post-content tagdiv-type\">\n<div class=\"td-a-rec td-a-rec-id-content_top  tdi_3 td_block_template_1\"><strong>Intr\u0103 acum \u0219i \u00een grupul de <\/p>\n<div class=\"wp-block-button\"><a class=\"wp-block-button__link wp-element-button\" href=\"https:\/\/t.me\/+TH8wcfnp8fw5NWI0\">Telegram News Bucovina<\/a><\/div>\n<p><\/strong><\/div>\n<p>Poli\u021bi\u0219tii Brig\u0103zii de Combatere a Criminalit\u0103\u021bii Organizate Suceava \u2013 Serviciul de Combatere a Finan\u021b\u0103rii Terorismului \u0219i Sp\u0103l\u0103rii Banilor au efectuat, mar\u021bi, <strong>28 aprilie 2026<\/strong>, trei perchezi\u021bii domiciliare \u00een municipiul Suceava \u0219i comuna Bilca, \u00een vederea complet\u0103rii probatoriului \u00eentr-un dosar penal complex viz\u00e2nd s\u0103v\u00e2r\u0219irea de infrac\u021biuni de \u0219antaj.<\/p>\n<figure class=\"wp-block-image size-large\"><a href=\"https:\/\/cdn.newsbucovina.ro\/wp-content\/uploads\/2026\/04\/WhatsApp-Image-2026-04-28-at-16.32.16-1.jpeg\"><img loading=\"lazy\" decoding=\"async\" width=\"1024\" height=\"727\" src=\"https:\/\/cdn.newsbucovina.ro\/wp-content\/uploads\/2026\/04\/WhatsApp-Image-2026-04-28-at-16.32.16-1-1024x727.jpeg\" alt class=\"wp-image-437286\"><\/a><\/figure>\n<p>Ac\u021biunile au fost desf\u0103\u0219urate sub coordonarea procurorilor din cadrul Parchetului de pe l\u00e2ng\u0103 Curtea de Apel Suceava \u0219i vizeaz\u0103 doi b\u0103rba\u021bi: unul de 45 de ani, din municipiul Suceava, \u0219i altul de 43 de ani, din comuna Bilca.<\/p>\n<p>Din cercet\u0103rile efectuate p\u00e2n\u0103 \u00een prezent a reie\u0219it c\u0103, \u00een perioada iunie \u2013 octombrie 2025, cei doi ar fi s\u0103v\u00e2r\u0219it, \u00een mod repetat \u0219i \u00een baza aceleia\u0219i rezolu\u021bii infrac\u021bionale, <strong>nou\u0103 acte materiale de \u0219antaj<\/strong>, p\u0103r\u021bi v\u0103t\u0103mate fiind at\u00e2t persoane fizice, c\u00e2t \u0219i persoane juridice.<\/p>\n<p>B\u0103rbatul de 45 de ani s-ar fi erijat \u00een calitate de activist pentru protec\u021bia mediului, \u00een special \u00een domeniul exploat\u0103rii agregatelor minerale. Sub acest pretext, ar fi amenin\u021bat victimele cu darea \u00een vileag a unor presupuse fapte compromi\u021b\u0103toare sau cu difuzarea de imagini pe re\u021bele de socializare, scopul fiind ob\u021binerea de foloase patrimoniale injuste (sume de bani sau prest\u0103ri de servicii). Cel de-al doilea b\u0103rbat ar fi avut rol de complice.<\/p>\n<p>\u00cen urma perchezi\u021biilor domiciliare au fost ridicate mai multe bunuri cu valoare probatorie \u00een cauz\u0103. Cele dou\u0103 persoane au fost conduse la audieri \u00een baza unor mandate de aducere.<\/p>\n<p>Cercet\u0103rile continu\u0103 sub aspectul s\u0103v\u00e2r\u0219irii infrac\u021biunilor de <strong>\u0219antaj \u00een form\u0103 continuat\u0103<\/strong> \u0219i <strong>complicitate la \u0219antaj<\/strong>.<\/p>\n<p>Poli\u021bi\u0219tii fac precizarea c\u0103, pe parcursul \u00eentregului proces penal, persoanele vizate beneficiaz\u0103 de prezum\u021bia de nevinov\u0103\u021bie.<\/p>\n<figure class=\"wp-block-embed is-type-video is-provider-youtube wp-block-embed-youtube wp-embed-aspect-16-9 wp-has-aspect-ratio\">\n<div class=\"wp-block-embed__wrapper\">\n<div class=\"youtube-embed\" data-video_id=\"kVlZBegLWgA\"><iframe loading=\"lazy\" title=\"De la Suceava la Dorna te \u00ceneci sub tone de pamper\u0219i \u0219i fecale!! E JALE pe European!!\" width=\"696\" height=\"392\" src=\"https:\/\/www.youtube.com\/embed\/kVlZBegLWgA?start=2&amp;feature=oembed\" frameborder allow=\"accelerometer; autoplay; clipboard-write; encrypted-media; gyroscope; picture-in-picture; web-share\" referrerpolicy=\"strict-origin-when-cross-origin\" allowfullscreen><\/iframe><\/div>\n<\/div>\n<\/figure>\n<div class=\"td-a-rec td-a-rec-id-content_bottom  tdi_4 td_block_template_1\"><strong>Intr\u0103 acum \u0219i \u00een grupul de <\/p>\n<div class=\"wp-block-button\"><a class=\"wp-block-button__link wp-element-button\" href=\"https:\/\/t.me\/+TH8wcfnp8fw5NWI0\">Telegram News Bucovina<\/a><\/div>\n<p><\/strong><\/div>\n<\/div>\n<div class=\"td-post-content tagdiv-type\">\n<div class=\"td-a-rec td-a-rec-id-content_top  tdi_3 td_block_template_1\"><strong>Intr\u0103 acum \u0219i \u00een grupul de <\/p>\n<div class=\"wp-block-button\"><a class=\"wp-block-button__link wp-element-button\" href=\"https:\/\/t.me\/+TH8wcfnp8fw5NWI0\">Telegram News Bucovina<\/a><\/div>\n<p><\/strong><\/div>\n<p>Poli\u021bi\u0219tii Brig\u0103zii de Combatere a Criminalit\u0103\u021bii Organizate Suceava \u2013 Serviciul de Combatere a Finan\u021b\u0103rii Terorismului \u0219i Sp\u0103l\u0103rii Banilor au efectuat, mar\u021bi, <strong>28 aprilie 2026<\/strong>, trei perchezi\u021bii domiciliare \u00een municipiul Suceava \u0219i comuna Bilca, \u00een vederea complet\u0103rii probatoriului \u00eentr-un dosar penal complex viz\u00e2nd s\u0103v\u00e2r\u0219irea de infrac\u021biuni de \u0219antaj.<\/p>\n<figure class=\"wp-block-image size-large\"><a href=\"https:\/\/cdn.newsbucovina.ro\/wp-content\/uploads\/2026\/04\/WhatsApp-Image-2026-04-28-at-16.32.16-1.jpeg\"><img loading=\"lazy\" decoding=\"async\" width=\"1024\" height=\"727\" src=\"https:\/\/cdn.newsbucovina.ro\/wp-content\/uploads\/2026\/04\/WhatsApp-Image-2026-04-28-at-16.32.16-1-1024x727.jpeg\" alt class=\"wp-image-437286\"><\/a><\/figure>\n<p>Ac\u021biunile au fost desf\u0103\u0219urate sub coordonarea procurorilor din cadrul Parchetului de pe l\u00e2ng\u0103 Curtea de Apel Suceava \u0219i vizeaz\u0103 doi b\u0103rba\u021bi: unul de 45 de ani, din municipiul Suceava, \u0219i altul de 43 de ani, din comuna Bilca.<\/p>\n<p>Din cercet\u0103rile efectuate p\u00e2n\u0103 \u00een prezent a reie\u0219it c\u0103, \u00een perioada iunie \u2013 octombrie 2025, cei doi ar fi s\u0103v\u00e2r\u0219it, \u00een mod repetat \u0219i \u00een baza aceleia\u0219i rezolu\u021bii infrac\u021bionale, <strong>nou\u0103 acte materiale de \u0219antaj<\/strong>, p\u0103r\u021bi v\u0103t\u0103mate fiind at\u00e2t persoane fizice, c\u00e2t \u0219i persoane juridice.<\/p>\n<p>B\u0103rbatul de 45 de ani s-ar fi erijat \u00een calitate de activist pentru protec\u021bia mediului, \u00een special \u00een domeniul exploat\u0103rii agregatelor minerale. Sub acest pretext, ar fi amenin\u021bat victimele cu darea \u00een vileag a unor presupuse fapte compromi\u021b\u0103toare sau cu difuzarea de imagini pe re\u021bele de socializare, scopul fiind ob\u021binerea de foloase patrimoniale injuste (sume de bani sau prest\u0103ri de servicii). Cel de-al doilea b\u0103rbat ar fi avut rol de complice.<\/p>\n<p>\u00cen urma perchezi\u021biilor domiciliare au fost ridicate mai multe bunuri cu valoare probatorie \u00een cauz\u0103. Cele dou\u0103 persoane au fost conduse la audieri \u00een baza unor mandate de aducere.<\/p>\n<p>Cercet\u0103rile continu\u0103 sub aspectul s\u0103v\u00e2r\u0219irii infrac\u021biunilor de <strong>\u0219antaj \u00een form\u0103 continuat\u0103<\/strong> \u0219i <strong>complicitate la \u0219antaj<\/strong>.<\/p>\n<p>Poli\u021bi\u0219tii fac precizarea c\u0103, pe parcursul \u00eentregului proces penal, persoanele vizate beneficiaz\u0103 de prezum\u021bia de nevinov\u0103\u021bie.<\/p>\n<figure class=\"wp-block-embed is-type-video is-provider-youtube wp-block-embed-youtube wp-embed-aspect-16-9 wp-has-aspect-ratio\">\n<div class=\"wp-block-embed__wrapper\">\n<div class=\"youtube-embed\" data-video_id=\"kVlZBegLWgA\"><iframe loading=\"lazy\" title=\"De la Suceava la Dorna te \u00ceneci sub tone de pamper\u0219i \u0219i fecale!! E JALE pe European!!\" width=\"696\" height=\"392\" src=\"https:\/\/www.youtube.com\/embed\/kVlZBegLWgA?start=2&amp;feature=oembed\" frameborder allow=\"accelerometer; autoplay; clipboard-write; encrypted-media; gyroscope; picture-in-picture; web-share\" referrerpolicy=\"strict-origin-when-cross-origin\" allowfullscreen><\/iframe><\/div>\n<\/div>\n<\/figure>\n<div class=\"td-a-rec td-a-rec-id-content_bottom  tdi_4 td_block_template_1\"><strong>Intr\u0103 acum \u0219i \u00een grupul de <\/p>\n<div class=\"wp-block-button\"><a class=\"wp-block-button__link wp-element-button\" href=\"https:\/\/t.me\/+TH8wcfnp8fw5NWI0\">Telegram News Bucovina<\/a><\/div>\n<p><\/strong><\/div>\n<\/div>\n<p>[analyse_source url=&#8221;https:\/\/www.newsbucovina.ro\/actualitate\/437280\/perchezitii-domiciliare-la-suceava-intr-o-cauza-complexa-de-santaj-noua-acte-materiale-cercetate&#8221;]<\/p>\n","protected":false},"excerpt":{"rendered":"<p>[analyse_image type=&#8221;featured&#8221; src=&#8221;https:\/\/www.newsbucovina.ro\/wp-content\/uploads\/2026\/04\/WhatsApp-Image-2026-04-28-at-16.32.16.jpeghttps:\/\/cdn.newsbucovina.ro\/wp-content\/uploads\/2026\/04\/WhatsApp-Image-2026-04-28-at-16.32.16.jpeg&#8221;] Intr\u0103 acum \u0219i \u00een grupul de Telegram News Bucovina Poli\u021bi\u0219tii Brig\u0103zii de Combatere a Criminalit\u0103\u021bii Organizate Suceava \u2013 Serviciul de Combatere a Finan\u021b\u0103rii Terorismului \u0219i Sp\u0103l\u0103rii Banilor au efectuat, mar\u021bi, 28 aprilie 2026, trei perchezi\u021bii domiciliare \u00een municipiul Suceava \u0219i comuna Bilca, \u00een vederea complet\u0103rii probatoriului \u00eentr-un dosar penal complex viz\u00e2nd s\u0103v\u00e2r\u0219irea [&hellip;]<\/p>\n","protected":false},"author":1,"featured_media":0,"comment_status":"open","ping_status":"","sticky":false,"template":"","format":"standard","meta":{"footnotes":""},"categories":[89],"tags":[226,165],"class_list":["post-1907467","post","type-post","status-publish","format-standard","hentry","category-romania","tag-crawlmanager","tag-newsbucovina-ro"],"_links":{"self":[{"href":"https:\/\/analyse.optim.biz\/index.php?rest_route=\/wp\/v2\/posts\/1907467","targetHints":{"allow":["GET"]}}],"collection":[{"href":"https:\/\/analyse.optim.biz\/index.php?rest_route=\/wp\/v2\/posts"}],"about":[{"href":"https:\/\/analyse.optim.biz\/index.php?rest_route=\/wp\/v2\/types\/post"}],"author":[{"embeddable":true,"href":"https:\/\/analyse.optim.biz\/index.php?rest_route=\/wp\/v2\/users\/1"}],"replies":[{"embeddable":true,"href":"https:\/\/analyse.optim.biz\/index.php?rest_route=%2Fwp%2Fv2%2Fcomments&post=1907467"}],"version-history":[{"count":0,"href":"https:\/\/analyse.optim.biz\/index.php?rest_route=\/wp\/v2\/posts\/1907467\/revisions"}],"wp:attachment":[{"href":"https:\/\/analyse.optim.biz\/index.php?rest_route=%2Fwp%2Fv2%2Fmedia&parent=1907467"}],"wp:term":[{"taxonomy":"category","embeddable":true,"href":"https:\/\/analyse.optim.biz\/index.php?rest_route=%2Fwp%2Fv2%2Fcategories&post=1907467"},{"taxonomy":"post_tag","embeddable":true,"href":"https:\/\/analyse.optim.biz\/index.php?rest_route=%2Fwp%2Fv2%2Ftags&post=1907467"}],"curies":[{"name":"wp","href":"https:\/\/api.w.org\/{rel}","templated":true}]}}