{"id":1907465,"date":"2026-04-28T11:33:58","date_gmt":"2026-04-28T08:33:58","guid":{"rendered":"https:\/\/analyse.optim.biz\/?p=1907465"},"modified":"2026-04-28T11:33:58","modified_gmt":"2026-04-28T08:33:58","slug":"garda-de-mediu-suceava-anunta-masuri-drastice-pentru-gestionarea-iresponsabila-al-ingrasamintelor-chimice","status":"publish","type":"post","link":"https:\/\/analyse.optim.biz\/?p=1907465","title":{"rendered":"Garda de Mediu Suceava anun\u021b\u0103 m\u0103suri drastice pentru gestionarea iresponsabil\u0103 al \u00eengr\u0103\u0219\u0103mintelor chimice"},"content":{"rendered":"<p>[analyse_image type=&#8221;featured&#8221; src=&#8221;https:\/\/www.newsbucovina.ro\/wp-content\/uploads\/2026\/04\/WhatsApp-Image-2026-04-28-at-13.54.16-2.jpeghttps:\/\/cdn.newsbucovina.ro\/wp-content\/uploads\/2026\/04\/WhatsApp-Image-2026-04-28-at-13.54.16-2.jpeg&#8221;]<\/p>\n<div class=\"td-post-content tagdiv-type\">\n<div class=\"td-a-rec td-a-rec-id-content_top  tdi_3 td_block_template_1\"><strong>Intr\u0103 acum \u0219i \u00een grupul de <\/p>\n<div class=\"wp-block-button\"><a class=\"wp-block-button__link wp-element-button\" href=\"https:\/\/t.me\/+TH8wcfnp8fw5NWI0\">Telegram News Bucovina<\/a><\/div>\n<p><\/strong><\/div>\n<p>Comisarii G\u0103rzii Na\u021bionale de Mediu \u2013 Comisariatul Jude\u021bean Suceava au luat m\u0103suri extreme \u00eempotriva unui cet\u0103\u021bean care a depozitat neconform cantit\u0103\u021bi mari de \u00eengr\u0103\u0219\u0103minte chimice. Din cauza riscului major de poluare a mediului \u0219i a nerespect\u0103rii regimului substan\u021belor periculoase, Garda de Mediu a \u00eenaintat o sesizare penal\u0103 c\u0103tre organele de cercetare penal\u0103.<\/p>\n<figure class=\"wp-block-image size-large\"><a href=\"https:\/\/cdn.newsbucovina.ro\/wp-content\/uploads\/2026\/04\/WhatsApp-Image-2026-04-28-at-13.54.16-2.jpeg\"><img loading=\"lazy\" decoding=\"async\" width=\"1024\" height=\"608\" src=\"https:\/\/cdn.newsbucovina.ro\/wp-content\/uploads\/2026\/04\/WhatsApp-Image-2026-04-28-at-13.54.16-2-1024x608.jpeg\" alt class=\"wp-image-437263\"><\/a><\/figure>\n<p>Ceea ce la prima vedere putea p\u0103rea o simpl\u0103 neglijen\u021b\u0103 gospod\u0103reasc\u0103 s-a transformat rapid \u00eentr-o infrac\u021biune. Depozitarea necorespunz\u0103toare a fertilizan\u021bilor chimici a creat un pericol real pentru sol, apele subterane \u0219i s\u0103n\u0103tatea public\u0103 din zon\u0103.<\/p>\n<p><strong>De ce s-a ajuns la dosar penal?<\/strong><\/p>\n<ul class=\"wp-block-list\">\n<li><strong>Poluarea apei<\/strong> \u2013 Ploile spal\u0103 substan\u021bele chimice direct \u00een sol \u0219i \u00een p\u00e2nza freatic\u0103, infest\u00e2nd f\u00e2nt\u00e2nile din apropiere \u0219i afect\u00e2nd sursele de ap\u0103 potabil\u0103.<\/li>\n<li><strong>Riscuri chimice<\/strong> \u2013 Depozitarea neprotejat\u01ce poate provoca reac\u021bii periculoase sau degradarea substan\u021bei active, cu efecte imprevizibile asupra mediului.<\/li>\n<li><strong>\u00cenc\u0103lcarea legii<\/strong> \u2013 Legisla\u021bia este clar\u0103: orice depozit de \u00eengr\u0103\u0219\u0103minte trebuie s\u0103 fie protejat de intemperii, amenajat pe suprafe\u021be impermeabile \u0219i securizat corespunz\u0103tor.<\/li>\n<\/ul>\n<p>Pe l\u00e2ng\u0103 sesizarea penal\u0103, cet\u0103\u021beanul a fost sanc\u021bionat contraven\u021bional cu amend\u0103 \u00een valoare de <strong>15.000 lei<\/strong> pentru depozitarea neconform\u0103 a de\u0219eurilor identificate la fa\u021ba locului. Perimetrul era transformat \u00eentr-un adev\u0103rat depozit improvizat, unde \u00eengr\u0103\u0219\u0103mintele erau amestecate cu alte de\u0219euri care ar fi trebuit colectate \u0219i transportate c\u0103tre centre autorizate, nu abandonate direct pe sol.<\/p>\n<p>Sanc\u021biunile cumulate \u2013 penal\u0103 \u0219i financiar\u0103 \u2013 reflect\u0103 gravitatea dezinteresului fa\u021b\u0103 de mediu \u0219i fa\u021b\u0103 de vecini.<\/p>\n<p>\u201eAcest caz serve\u0219te drept un avertisment dur: protejarea mediului nu este negociabil\u0103. Legea pedepse\u0219te sever orice ac\u021biune care ne pune \u00een pericol resursele de ap\u0103 \u0219i s\u0103n\u0103tatea public\u0103\u201d, au transmis comisarii G\u0103rzii de Mediu Suceava.<\/p>\n<p>Autorit\u0103\u021bile locale \u0219i jude\u021bene atrag aten\u021bia tuturor agricultorilor \u0219i persoanelor fizice c\u0103 depozitarea corect\u0103 a substan\u021belor chimice \u0219i a de\u0219eurilor este o obliga\u021bie legal\u0103, nu o op\u021biune. \u00cenc\u0103lc\u0103rile vor fi sanc\u021bionate f\u0103r\u0103 excep\u021bie.<\/p>\n<figure class=\"wp-block-embed is-type-video is-provider-youtube wp-block-embed-youtube wp-embed-aspect-16-9 wp-has-aspect-ratio\">\n<div class=\"wp-block-embed__wrapper\">\n<div class=\"youtube-embed\" data-video_id=\"kVlZBegLWgA\"><iframe loading=\"lazy\" title=\"De la Suceava la Dorna te \u00ceneci sub tone de pamper\u0219i \u0219i fecale!! E JALE pe European!!\" width=\"696\" height=\"392\" src=\"https:\/\/www.youtube.com\/embed\/kVlZBegLWgA?start=2&amp;feature=oembed\" frameborder allow=\"accelerometer; autoplay; clipboard-write; encrypted-media; gyroscope; picture-in-picture; web-share\" referrerpolicy=\"strict-origin-when-cross-origin\" allowfullscreen><\/iframe><\/div>\n<\/div>\n<\/figure>\n<div class=\"td-a-rec td-a-rec-id-content_bottom  tdi_4 td_block_template_1\"><strong>Intr\u0103 acum \u0219i \u00een grupul de <\/p>\n<div class=\"wp-block-button\"><a class=\"wp-block-button__link wp-element-button\" href=\"https:\/\/t.me\/+TH8wcfnp8fw5NWI0\">Telegram News Bucovina<\/a><\/div>\n<p><\/strong><\/div>\n<\/div>\n<div class=\"td-post-content tagdiv-type\">\n<div class=\"td-a-rec td-a-rec-id-content_top  tdi_3 td_block_template_1\"><strong>Intr\u0103 acum \u0219i \u00een grupul de <\/p>\n<div class=\"wp-block-button\"><a class=\"wp-block-button__link wp-element-button\" href=\"https:\/\/t.me\/+TH8wcfnp8fw5NWI0\">Telegram News Bucovina<\/a><\/div>\n<p><\/strong><\/div>\n<p>Comisarii G\u0103rzii Na\u021bionale de Mediu \u2013 Comisariatul Jude\u021bean Suceava au luat m\u0103suri extreme \u00eempotriva unui cet\u0103\u021bean care a depozitat neconform cantit\u0103\u021bi mari de \u00eengr\u0103\u0219\u0103minte chimice. Din cauza riscului major de poluare a mediului \u0219i a nerespect\u0103rii regimului substan\u021belor periculoase, Garda de Mediu a \u00eenaintat o sesizare penal\u0103 c\u0103tre organele de cercetare penal\u0103.<\/p>\n<figure class=\"wp-block-image size-large\"><a href=\"https:\/\/cdn.newsbucovina.ro\/wp-content\/uploads\/2026\/04\/WhatsApp-Image-2026-04-28-at-13.54.16-2.jpeg\"><img loading=\"lazy\" decoding=\"async\" width=\"1024\" height=\"608\" src=\"https:\/\/cdn.newsbucovina.ro\/wp-content\/uploads\/2026\/04\/WhatsApp-Image-2026-04-28-at-13.54.16-2-1024x608.jpeg\" alt class=\"wp-image-437263\"><\/a><\/figure>\n<p>Ceea ce la prima vedere putea p\u0103rea o simpl\u0103 neglijen\u021b\u0103 gospod\u0103reasc\u0103 s-a transformat rapid \u00eentr-o infrac\u021biune. Depozitarea necorespunz\u0103toare a fertilizan\u021bilor chimici a creat un pericol real pentru sol, apele subterane \u0219i s\u0103n\u0103tatea public\u0103 din zon\u0103.<\/p>\n<p><strong>De ce s-a ajuns la dosar penal?<\/strong><\/p>\n<ul class=\"wp-block-list\">\n<li><strong>Poluarea apei<\/strong> \u2013 Ploile spal\u0103 substan\u021bele chimice direct \u00een sol \u0219i \u00een p\u00e2nza freatic\u0103, infest\u00e2nd f\u00e2nt\u00e2nile din apropiere \u0219i afect\u00e2nd sursele de ap\u0103 potabil\u0103.<\/li>\n<li><strong>Riscuri chimice<\/strong> \u2013 Depozitarea neprotejat\u01ce poate provoca reac\u021bii periculoase sau degradarea substan\u021bei active, cu efecte imprevizibile asupra mediului.<\/li>\n<li><strong>\u00cenc\u0103lcarea legii<\/strong> \u2013 Legisla\u021bia este clar\u0103: orice depozit de \u00eengr\u0103\u0219\u0103minte trebuie s\u0103 fie protejat de intemperii, amenajat pe suprafe\u021be impermeabile \u0219i securizat corespunz\u0103tor.<\/li>\n<\/ul>\n<p>Pe l\u00e2ng\u0103 sesizarea penal\u0103, cet\u0103\u021beanul a fost sanc\u021bionat contraven\u021bional cu amend\u0103 \u00een valoare de <strong>15.000 lei<\/strong> pentru depozitarea neconform\u0103 a de\u0219eurilor identificate la fa\u021ba locului. Perimetrul era transformat \u00eentr-un adev\u0103rat depozit improvizat, unde \u00eengr\u0103\u0219\u0103mintele erau amestecate cu alte de\u0219euri care ar fi trebuit colectate \u0219i transportate c\u0103tre centre autorizate, nu abandonate direct pe sol.<\/p>\n<p>Sanc\u021biunile cumulate \u2013 penal\u0103 \u0219i financiar\u0103 \u2013 reflect\u0103 gravitatea dezinteresului fa\u021b\u0103 de mediu \u0219i fa\u021b\u0103 de vecini.<\/p>\n<p>\u201eAcest caz serve\u0219te drept un avertisment dur: protejarea mediului nu este negociabil\u0103. Legea pedepse\u0219te sever orice ac\u021biune care ne pune \u00een pericol resursele de ap\u0103 \u0219i s\u0103n\u0103tatea public\u0103\u201d, au transmis comisarii G\u0103rzii de Mediu Suceava.<\/p>\n<p>Autorit\u0103\u021bile locale \u0219i jude\u021bene atrag aten\u021bia tuturor agricultorilor \u0219i persoanelor fizice c\u0103 depozitarea corect\u0103 a substan\u021belor chimice \u0219i a de\u0219eurilor este o obliga\u021bie legal\u0103, nu o op\u021biune. \u00cenc\u0103lc\u0103rile vor fi sanc\u021bionate f\u0103r\u0103 excep\u021bie.<\/p>\n<figure class=\"wp-block-embed is-type-video is-provider-youtube wp-block-embed-youtube wp-embed-aspect-16-9 wp-has-aspect-ratio\">\n<div class=\"wp-block-embed__wrapper\">\n<div class=\"youtube-embed\" data-video_id=\"kVlZBegLWgA\"><iframe loading=\"lazy\" title=\"De la Suceava la Dorna te \u00ceneci sub tone de pamper\u0219i \u0219i fecale!! E JALE pe European!!\" width=\"696\" height=\"392\" src=\"https:\/\/www.youtube.com\/embed\/kVlZBegLWgA?start=2&amp;feature=oembed\" frameborder allow=\"accelerometer; autoplay; clipboard-write; encrypted-media; gyroscope; picture-in-picture; web-share\" referrerpolicy=\"strict-origin-when-cross-origin\" allowfullscreen><\/iframe><\/div>\n<\/div>\n<\/figure>\n<div class=\"td-a-rec td-a-rec-id-content_bottom  tdi_4 td_block_template_1\"><strong>Intr\u0103 acum \u0219i \u00een grupul de <\/p>\n<div class=\"wp-block-button\"><a class=\"wp-block-button__link wp-element-button\" href=\"https:\/\/t.me\/+TH8wcfnp8fw5NWI0\">Telegram News Bucovina<\/a><\/div>\n<p><\/strong><\/div>\n<\/div>\n<p>[analyse_source url=&#8221;https:\/\/www.newsbucovina.ro\/actualitate\/437262\/garda-de-mediu-suceava-anunta-masuri-drastice-pentru-gestionarea-iresponsabila-al-ingrasamintelor-chimice&#8221;]<\/p>\n","protected":false},"excerpt":{"rendered":"<p>[analyse_image type=&#8221;featured&#8221; src=&#8221;https:\/\/www.newsbucovina.ro\/wp-content\/uploads\/2026\/04\/WhatsApp-Image-2026-04-28-at-13.54.16-2.jpeghttps:\/\/cdn.newsbucovina.ro\/wp-content\/uploads\/2026\/04\/WhatsApp-Image-2026-04-28-at-13.54.16-2.jpeg&#8221;] Intr\u0103 acum \u0219i \u00een grupul de Telegram News Bucovina Comisarii G\u0103rzii Na\u021bionale de Mediu \u2013 Comisariatul Jude\u021bean Suceava au luat m\u0103suri extreme \u00eempotriva unui cet\u0103\u021bean care a depozitat neconform cantit\u0103\u021bi mari de \u00eengr\u0103\u0219\u0103minte chimice. Din cauza riscului major de poluare a mediului \u0219i a nerespect\u0103rii regimului substan\u021belor periculoase, Garda de Mediu a [&hellip;]<\/p>\n","protected":false},"author":1,"featured_media":0,"comment_status":"open","ping_status":"","sticky":false,"template":"","format":"standard","meta":{"footnotes":""},"categories":[89],"tags":[226,165],"class_list":["post-1907465","post","type-post","status-publish","format-standard","hentry","category-romania","tag-crawlmanager","tag-newsbucovina-ro"],"_links":{"self":[{"href":"https:\/\/analyse.optim.biz\/index.php?rest_route=\/wp\/v2\/posts\/1907465","targetHints":{"allow":["GET"]}}],"collection":[{"href":"https:\/\/analyse.optim.biz\/index.php?rest_route=\/wp\/v2\/posts"}],"about":[{"href":"https:\/\/analyse.optim.biz\/index.php?rest_route=\/wp\/v2\/types\/post"}],"author":[{"embeddable":true,"href":"https:\/\/analyse.optim.biz\/index.php?rest_route=\/wp\/v2\/users\/1"}],"replies":[{"embeddable":true,"href":"https:\/\/analyse.optim.biz\/index.php?rest_route=%2Fwp%2Fv2%2Fcomments&post=1907465"}],"version-history":[{"count":0,"href":"https:\/\/analyse.optim.biz\/index.php?rest_route=\/wp\/v2\/posts\/1907465\/revisions"}],"wp:attachment":[{"href":"https:\/\/analyse.optim.biz\/index.php?rest_route=%2Fwp%2Fv2%2Fmedia&parent=1907465"}],"wp:term":[{"taxonomy":"category","embeddable":true,"href":"https:\/\/analyse.optim.biz\/index.php?rest_route=%2Fwp%2Fv2%2Fcategories&post=1907465"},{"taxonomy":"post_tag","embeddable":true,"href":"https:\/\/analyse.optim.biz\/index.php?rest_route=%2Fwp%2Fv2%2Ftags&post=1907465"}],"curies":[{"name":"wp","href":"https:\/\/api.w.org\/{rel}","templated":true}]}}