{"id":1907463,"date":"2026-04-28T08:07:43","date_gmt":"2026-04-28T05:07:43","guid":{"rendered":"https:\/\/analyse.optim.biz\/?p=1907463"},"modified":"2026-04-28T08:07:43","modified_gmt":"2026-04-28T05:07:43","slug":"echipa-colegiului-national-militar-stefan-cel-mare-campulung-moldovenesc-castigatoare-a-semifinalei-maratonului-pentru-educatie-antreprenoriala-la-suceava","status":"publish","type":"post","link":"https:\/\/analyse.optim.biz\/?p=1907463","title":{"rendered":"Echipa Colegiului Na\u021bional Militar \u201e\u0218tefan cel Mare\u201d C\u00e2mpulung Moldovenesc, c\u00e2\u0219tig\u0103toare a semifinalei Maratonului pentru Educa\u021bie Antreprenorial\u0103 la Suceava"},"content":{"rendered":"<p>[analyse_image type=&#8221;featured&#8221; src=&#8221;https:\/\/www.newsbucovina.ro\/wp-content\/uploads\/2026\/04\/679098542_884280341317256_7438554939484900163_n.jpghttps:\/\/cdn.newsbucovina.ro\/wp-content\/uploads\/2026\/04\/679098542_884280341317256_7438554939484900163_n.jpg&#8221;]<\/p>\n<div class=\"td-post-content tagdiv-type\">\n<div class=\"td-a-rec td-a-rec-id-content_top  tdi_3 td_block_template_1\"><strong>Intr\u0103 acum \u0219i \u00een grupul de <\/p>\n<div class=\"wp-block-button\"><a class=\"wp-block-button__link wp-element-button\" href=\"https:\/\/t.me\/+TH8wcfnp8fw5NWI0\">Telegram News Bucovina<\/a><\/div>\n<p><\/strong><\/div>\n<p>Teatrul Municipal \u201eMatei Vi\u0219niec\u201d a g\u0103zduit s\u00e2mb\u0103t\u0103, 25 aprilie 2026, semifinala jude\u021bean\u0103 a celei de-a IV-a edi\u021bii a \u201eMaratonului pentru Educa\u021bie Antreprenorial\u0103\u201d, program ini\u021biat de Confedera\u021bia Na\u021bional\u0103 pentru Antreprenoriat Feminin (CONAF) \u0219i desf\u0103\u0219urat \u00een parteneriat cu Ministerul Educa\u021biei \u0219i Cercet\u0103rii, Universitatea de Vest din Timi\u0219oara, Asocia\u021bia Na\u021bional\u0103 a Antreprenorilor \u0219i cu Banca Na\u021bional\u0103 a Rom\u00e2niei ca partener strategic.<\/p>\n<figure class=\"wp-block-image size-large\"><a href=\"https:\/\/cdn.newsbucovina.ro\/wp-content\/uploads\/2026\/04\/679372097_884346111310679_9164158178972824579_n.jpg\"><img loading=\"lazy\" decoding=\"async\" width=\"1024\" height=\"683\" src=\"https:\/\/cdn.newsbucovina.ro\/wp-content\/uploads\/2026\/04\/679372097_884346111310679_9164158178972824579_n-1024x683.jpg\" alt class=\"wp-image-437241\"><\/a><\/figure>\n<p>Evenimentul, organizat de Ziua For\u021belor Terestre, a reunit 10 echipe formate din 44 de liceeni din jude\u021bul Suceava, care \u0219i-au prezentat ideile de afaceri \u00een fa\u021ba unui juriu profesionist \u0219i a unui public format din peste 250 de elevi.<\/p>\n<p><strong>Premiul I<\/strong> a fost c\u00e2\u0219tigat de echipa <strong>SYNAPTIFY &amp; SCANIFY<\/strong>, reprezent\u00e2nd <strong>Colegiul Na\u021bional Militar \u201e\u0218tefan cel Mare\u201d C\u00e2mpulung Moldovenesc<\/strong>. Proiectul propune o agen\u021bie digital\u0103 premium specializat\u0103 \u00een dezvoltarea de solu\u021bii moderne pentru optimizarea afacerilor online (website-uri, aplica\u021bii, automatiz\u0103ri \u0219i sisteme de recenzii). Echipa este format\u0103 din elevii <strong>Iustin Gavril-Mircescu, R\u0103zvan \u021a\u0103ran, \u0218tefania S\u00eerbu \u0219i Luca Sp\u00eenu<\/strong>, coordona\u021bi de profesoarele <strong>Iustina Horga<\/strong> \u0219i <strong>Daniela C\u00e2rloan\u021b\u0103<\/strong>. Performan\u021ba lor le ofer\u0103 oportunitatea de a reprezenta jude\u021bul Suceava \u00een finala na\u021bional\u0103 de la Bucure\u0219ti.<\/p>\n<figure class=\"wp-block-image size-large\"><a href=\"https:\/\/cdn.newsbucovina.ro\/wp-content\/uploads\/2026\/04\/679098542_884280341317256_7438554939484900163_n.jpg\"><img loading=\"lazy\" decoding=\"async\" width=\"1024\" height=\"683\" src=\"https:\/\/cdn.newsbucovina.ro\/wp-content\/uploads\/2026\/04\/679098542_884280341317256_7438554939484900163_n-1024x683.jpg\" alt class=\"wp-image-437242\"><\/a><\/figure>\n<p><strong>Locul al II-lea<\/strong> a revenit echipei <strong>Datini Bucovinene<\/strong> (Colegiul Na\u021bional \u201eMihai Eminescu\u201d Suceava), care propune dezvoltarea unei firme de turism cultural axat\u0103 pe pachete turistice personalizate ce pun \u00een valoare tradi\u021biile autentice din Bucovina.<\/p>\n<p><strong>Locul al III-lea<\/strong> a fost ocupat de echipa <strong>Epoxy Lab Furniture<\/strong> (tot de la Colegiul Na\u021bional \u201eMihai Eminescu\u201d), care realizeaz\u0103 mobilier premium personalizat din lemn masiv \u0219i r\u0103\u0219in\u0103 epoxidic\u0103.<\/p>\n<p>Cele trei echipe au fost recompensate cu premii \u00een bani: 3.000 lei pentru locul I, 2.000 lei pentru locul II \u0219i 1.000 lei pentru locul III.<\/p>\n<p>Evenimentul a fost deschis de discursurile pre\u0219edintei fondatoare CONAF, <strong>Cristina Chiriac<\/strong>, a pre\u0219edintei CONAF Suceava, <strong>Iulia M\u00eendru\u021b\u0103<\/strong>, a prefectului <strong>Traian Andronachi<\/strong>, a inspectorului \u0219colar general <strong>Ciprian Anton<\/strong> \u0219i a altor invita\u021bi de marc\u0103, printre care <strong>Virgil Ian\u021bu<\/strong>, c\u0103ruia i-a fost acordat titlul de Ambasador al Maratonului pentru Educa\u021bie Antreprenorial\u0103.<\/p>\n<p>\u201eMaratonul pentru Educa\u021bie Antreprenorial\u0103 este, \u00eenainte de toate, un act de responsabilitate. Este felul nostru de a spune c\u0103 ne pas\u0103 de tineri \u0219i de Rom\u00e2nia pe care o construim prin educa\u021bie, implicare \u0219i solidaritate\u201d, a declarat Cristina Chiriac.<\/p>\n<p>\u201eMaratonul este locul \u00een care ideile tinerilor prind voce, curaj \u0219i direc\u021bie\u201d, a subliniat Iulia M\u00eendru\u021b\u0103, pre\u0219edinta CONAF Sucursala Suceava.<\/p>\n<p>Prin acest program, \u00eencep\u00e2nd din octombrie 2025, peste 1.000 de liceeni suceveni au beneficiat de un proces educa\u021bional aplicat, ghida\u021bi de antreprenori voluntari, dezvolt\u00e2ndu-\u0219i competen\u021be practice esen\u021biale.<\/p>\n<p>Finala na\u021bional\u0103 a Maratonului pentru Educa\u021bie Antreprenorial\u0103 va avea loc la Bucure\u0219ti, reunind cele mai bune echipe din cele 30 de jude\u021be participante.<\/p>\n<figure class=\"wp-block-embed is-type-video is-provider-youtube wp-block-embed-youtube wp-embed-aspect-16-9 wp-has-aspect-ratio\">\n<div class=\"wp-block-embed__wrapper\">\n<div class=\"youtube-embed\" data-video_id=\"kVlZBegLWgA\"><iframe loading=\"lazy\" title=\"De la Suceava la Dorna te \u00ceneci sub tone de pamper\u0219i \u0219i fecale!! E JALE pe European!!\" width=\"696\" height=\"392\" src=\"https:\/\/www.youtube.com\/embed\/kVlZBegLWgA?start=2&amp;feature=oembed\" frameborder allow=\"accelerometer; autoplay; clipboard-write; encrypted-media; gyroscope; picture-in-picture; web-share\" referrerpolicy=\"strict-origin-when-cross-origin\" allowfullscreen><\/iframe><\/div>\n<\/div>\n<\/figure>\n<div class=\"td-a-rec td-a-rec-id-content_bottom  tdi_4 td_block_template_1\"><strong>Intr\u0103 acum \u0219i \u00een grupul de <\/p>\n<div class=\"wp-block-button\"><a class=\"wp-block-button__link wp-element-button\" href=\"https:\/\/t.me\/+TH8wcfnp8fw5NWI0\">Telegram News Bucovina<\/a><\/div>\n<p><\/strong><\/div>\n<\/div>\n<div class=\"td-post-content tagdiv-type\">\n<div class=\"td-a-rec td-a-rec-id-content_top  tdi_3 td_block_template_1\"><strong>Intr\u0103 acum \u0219i \u00een grupul de <\/p>\n<div class=\"wp-block-button\"><a class=\"wp-block-button__link wp-element-button\" href=\"https:\/\/t.me\/+TH8wcfnp8fw5NWI0\">Telegram News Bucovina<\/a><\/div>\n<p><\/strong><\/div>\n<p>Teatrul Municipal \u201eMatei Vi\u0219niec\u201d a g\u0103zduit s\u00e2mb\u0103t\u0103, 25 aprilie 2026, semifinala jude\u021bean\u0103 a celei de-a IV-a edi\u021bii a \u201eMaratonului pentru Educa\u021bie Antreprenorial\u0103\u201d, program ini\u021biat de Confedera\u021bia Na\u021bional\u0103 pentru Antreprenoriat Feminin (CONAF) \u0219i desf\u0103\u0219urat \u00een parteneriat cu Ministerul Educa\u021biei \u0219i Cercet\u0103rii, Universitatea de Vest din Timi\u0219oara, Asocia\u021bia Na\u021bional\u0103 a Antreprenorilor \u0219i cu Banca Na\u021bional\u0103 a Rom\u00e2niei ca partener strategic.<\/p>\n<figure class=\"wp-block-image size-large\"><a href=\"https:\/\/cdn.newsbucovina.ro\/wp-content\/uploads\/2026\/04\/679372097_884346111310679_9164158178972824579_n.jpg\"><img loading=\"lazy\" decoding=\"async\" width=\"1024\" height=\"683\" src=\"https:\/\/cdn.newsbucovina.ro\/wp-content\/uploads\/2026\/04\/679372097_884346111310679_9164158178972824579_n-1024x683.jpg\" alt class=\"wp-image-437241\"><\/a><\/figure>\n<p>Evenimentul, organizat de Ziua For\u021belor Terestre, a reunit 10 echipe formate din 44 de liceeni din jude\u021bul Suceava, care \u0219i-au prezentat ideile de afaceri \u00een fa\u021ba unui juriu profesionist \u0219i a unui public format din peste 250 de elevi.<\/p>\n<p><strong>Premiul I<\/strong> a fost c\u00e2\u0219tigat de echipa <strong>SYNAPTIFY &amp; SCANIFY<\/strong>, reprezent\u00e2nd <strong>Colegiul Na\u021bional Militar \u201e\u0218tefan cel Mare\u201d C\u00e2mpulung Moldovenesc<\/strong>. Proiectul propune o agen\u021bie digital\u0103 premium specializat\u0103 \u00een dezvoltarea de solu\u021bii moderne pentru optimizarea afacerilor online (website-uri, aplica\u021bii, automatiz\u0103ri \u0219i sisteme de recenzii). Echipa este format\u0103 din elevii <strong>Iustin Gavril-Mircescu, R\u0103zvan \u021a\u0103ran, \u0218tefania S\u00eerbu \u0219i Luca Sp\u00eenu<\/strong>, coordona\u021bi de profesoarele <strong>Iustina Horga<\/strong> \u0219i <strong>Daniela C\u00e2rloan\u021b\u0103<\/strong>. Performan\u021ba lor le ofer\u0103 oportunitatea de a reprezenta jude\u021bul Suceava \u00een finala na\u021bional\u0103 de la Bucure\u0219ti.<\/p>\n<figure class=\"wp-block-image size-large\"><a href=\"https:\/\/cdn.newsbucovina.ro\/wp-content\/uploads\/2026\/04\/679098542_884280341317256_7438554939484900163_n.jpg\"><img loading=\"lazy\" decoding=\"async\" width=\"1024\" height=\"683\" src=\"https:\/\/cdn.newsbucovina.ro\/wp-content\/uploads\/2026\/04\/679098542_884280341317256_7438554939484900163_n-1024x683.jpg\" alt class=\"wp-image-437242\"><\/a><\/figure>\n<p><strong>Locul al II-lea<\/strong> a revenit echipei <strong>Datini Bucovinene<\/strong> (Colegiul Na\u021bional \u201eMihai Eminescu\u201d Suceava), care propune dezvoltarea unei firme de turism cultural axat\u0103 pe pachete turistice personalizate ce pun \u00een valoare tradi\u021biile autentice din Bucovina.<\/p>\n<p><strong>Locul al III-lea<\/strong> a fost ocupat de echipa <strong>Epoxy Lab Furniture<\/strong> (tot de la Colegiul Na\u021bional \u201eMihai Eminescu\u201d), care realizeaz\u0103 mobilier premium personalizat din lemn masiv \u0219i r\u0103\u0219in\u0103 epoxidic\u0103.<\/p>\n<p>Cele trei echipe au fost recompensate cu premii \u00een bani: 3.000 lei pentru locul I, 2.000 lei pentru locul II \u0219i 1.000 lei pentru locul III.<\/p>\n<p>Evenimentul a fost deschis de discursurile pre\u0219edintei fondatoare CONAF, <strong>Cristina Chiriac<\/strong>, a pre\u0219edintei CONAF Suceava, <strong>Iulia M\u00eendru\u021b\u0103<\/strong>, a prefectului <strong>Traian Andronachi<\/strong>, a inspectorului \u0219colar general <strong>Ciprian Anton<\/strong> \u0219i a altor invita\u021bi de marc\u0103, printre care <strong>Virgil Ian\u021bu<\/strong>, c\u0103ruia i-a fost acordat titlul de Ambasador al Maratonului pentru Educa\u021bie Antreprenorial\u0103.<\/p>\n<p>\u201eMaratonul pentru Educa\u021bie Antreprenorial\u0103 este, \u00eenainte de toate, un act de responsabilitate. Este felul nostru de a spune c\u0103 ne pas\u0103 de tineri \u0219i de Rom\u00e2nia pe care o construim prin educa\u021bie, implicare \u0219i solidaritate\u201d, a declarat Cristina Chiriac.<\/p>\n<p>\u201eMaratonul este locul \u00een care ideile tinerilor prind voce, curaj \u0219i direc\u021bie\u201d, a subliniat Iulia M\u00eendru\u021b\u0103, pre\u0219edinta CONAF Sucursala Suceava.<\/p>\n<p>Prin acest program, \u00eencep\u00e2nd din octombrie 2025, peste 1.000 de liceeni suceveni au beneficiat de un proces educa\u021bional aplicat, ghida\u021bi de antreprenori voluntari, dezvolt\u00e2ndu-\u0219i competen\u021be practice esen\u021biale.<\/p>\n<p>Finala na\u021bional\u0103 a Maratonului pentru Educa\u021bie Antreprenorial\u0103 va avea loc la Bucure\u0219ti, reunind cele mai bune echipe din cele 30 de jude\u021be participante.<\/p>\n<figure class=\"wp-block-embed is-type-video is-provider-youtube wp-block-embed-youtube wp-embed-aspect-16-9 wp-has-aspect-ratio\">\n<div class=\"wp-block-embed__wrapper\">\n<div class=\"youtube-embed\" data-video_id=\"kVlZBegLWgA\"><iframe loading=\"lazy\" title=\"De la Suceava la Dorna te \u00ceneci sub tone de pamper\u0219i \u0219i fecale!! E JALE pe European!!\" width=\"696\" height=\"392\" src=\"https:\/\/www.youtube.com\/embed\/kVlZBegLWgA?start=2&amp;feature=oembed\" frameborder allow=\"accelerometer; autoplay; clipboard-write; encrypted-media; gyroscope; picture-in-picture; web-share\" referrerpolicy=\"strict-origin-when-cross-origin\" allowfullscreen><\/iframe><\/div>\n<\/div>\n<\/figure>\n<div class=\"td-a-rec td-a-rec-id-content_bottom  tdi_4 td_block_template_1\"><strong>Intr\u0103 acum \u0219i \u00een grupul de <\/p>\n<div class=\"wp-block-button\"><a class=\"wp-block-button__link wp-element-button\" href=\"https:\/\/t.me\/+TH8wcfnp8fw5NWI0\">Telegram News Bucovina<\/a><\/div>\n<p><\/strong><\/div>\n<\/div>\n<p>[analyse_source url=&#8221;https:\/\/www.newsbucovina.ro\/actualitate\/437240\/echipa-colegiului-national-militar-stefan-cel-mare-campulung-moldovenesc-castigatoare-a-semifinalei-maratonului-pentru-educatie-antreprenoriala-la-suceava&#8221;]<\/p>\n","protected":false},"excerpt":{"rendered":"<p>[analyse_image type=&#8221;featured&#8221; src=&#8221;https:\/\/www.newsbucovina.ro\/wp-content\/uploads\/2026\/04\/679098542_884280341317256_7438554939484900163_n.jpghttps:\/\/cdn.newsbucovina.ro\/wp-content\/uploads\/2026\/04\/679098542_884280341317256_7438554939484900163_n.jpg&#8221;] Intr\u0103 acum \u0219i \u00een grupul de Telegram News Bucovina Teatrul Municipal \u201eMatei Vi\u0219niec\u201d a g\u0103zduit s\u00e2mb\u0103t\u0103, 25 aprilie 2026, semifinala jude\u021bean\u0103 a celei de-a IV-a edi\u021bii a \u201eMaratonului pentru Educa\u021bie Antreprenorial\u0103\u201d, program ini\u021biat de Confedera\u021bia Na\u021bional\u0103 pentru Antreprenoriat Feminin (CONAF) \u0219i desf\u0103\u0219urat \u00een parteneriat cu Ministerul Educa\u021biei \u0219i Cercet\u0103rii, Universitatea de Vest [&hellip;]<\/p>\n","protected":false},"author":1,"featured_media":0,"comment_status":"open","ping_status":"","sticky":false,"template":"","format":"standard","meta":{"footnotes":""},"categories":[89],"tags":[226,165],"class_list":["post-1907463","post","type-post","status-publish","format-standard","hentry","category-romania","tag-crawlmanager","tag-newsbucovina-ro"],"_links":{"self":[{"href":"https:\/\/analyse.optim.biz\/index.php?rest_route=\/wp\/v2\/posts\/1907463","targetHints":{"allow":["GET"]}}],"collection":[{"href":"https:\/\/analyse.optim.biz\/index.php?rest_route=\/wp\/v2\/posts"}],"about":[{"href":"https:\/\/analyse.optim.biz\/index.php?rest_route=\/wp\/v2\/types\/post"}],"author":[{"embeddable":true,"href":"https:\/\/analyse.optim.biz\/index.php?rest_route=\/wp\/v2\/users\/1"}],"replies":[{"embeddable":true,"href":"https:\/\/analyse.optim.biz\/index.php?rest_route=%2Fwp%2Fv2%2Fcomments&post=1907463"}],"version-history":[{"count":0,"href":"https:\/\/analyse.optim.biz\/index.php?rest_route=\/wp\/v2\/posts\/1907463\/revisions"}],"wp:attachment":[{"href":"https:\/\/analyse.optim.biz\/index.php?rest_route=%2Fwp%2Fv2%2Fmedia&parent=1907463"}],"wp:term":[{"taxonomy":"category","embeddable":true,"href":"https:\/\/analyse.optim.biz\/index.php?rest_route=%2Fwp%2Fv2%2Fcategories&post=1907463"},{"taxonomy":"post_tag","embeddable":true,"href":"https:\/\/analyse.optim.biz\/index.php?rest_route=%2Fwp%2Fv2%2Ftags&post=1907463"}],"curies":[{"name":"wp","href":"https:\/\/api.w.org\/{rel}","templated":true}]}}