{"id":1907461,"date":"2026-04-28T04:42:48","date_gmt":"2026-04-28T01:42:48","guid":{"rendered":"https:\/\/analyse.optim.biz\/?p=1907461"},"modified":"2026-04-28T04:42:48","modified_gmt":"2026-04-28T01:42:48","slug":"accident-grav-pe-dn17-in-zona-rosu-vatra-dornei-trei-tineri-extrasi-din-fiarele-contorsionate","status":"publish","type":"post","link":"https:\/\/analyse.optim.biz\/?p=1907461","title":{"rendered":"Accident grav pe DN17 \u00een zona Ro\u0219u \u2013 Vatra Dornei: trei tineri, extra\u0219i din fiarele contorsionate"},"content":{"rendered":"<p>[analyse_image type=&#8221;featured&#8221; src=&#8221;https:\/\/www.newsbucovina.ro\/wp-content\/uploads\/2026\/04\/WhatsApp-Image-2026-04-28-at-07.32.281-1.jpeghttps:\/\/cdn.newsbucovina.ro\/wp-content\/uploads\/2026\/04\/WhatsApp-Image-2026-04-28-at-07.32.281-1.jpeg&#8221;]<\/p>\n<div class=\"td-post-content tagdiv-type\">\n<div class=\"td-a-rec td-a-rec-id-content_top  tdi_3 td_block_template_1\"><strong>Intr\u0103 acum \u0219i \u00een grupul de <\/p>\n<div class=\"wp-block-button\"><a class=\"wp-block-button__link wp-element-button\" href=\"https:\/\/t.me\/+TH8wcfnp8fw5NWI0\">Telegram News Bucovina<\/a><\/div>\n<p><\/strong><\/div>\n<p>Un accident rutier grav s-a produs mar\u021bi, <strong>28 aprilie 2026<\/strong>, \u00een jurul orei 03:54, pe DN17, \u00een zona Ro\u0219u din municipiul Vatra Dornei.<\/p>\n<figure class=\"wp-block-gallery has-nested-images columns-default is-cropped wp-block-gallery-1 is-layout-flex wp-block-gallery-is-layout-flex\">\n<figure class=\"wp-block-image size-large\"><a href=\"https:\/\/cdn.newsbucovina.ro\/wp-content\/uploads\/2026\/04\/WhatsApp-Image-2026-04-28-at-07.32.28.jpeg\"><img loading=\"lazy\" decoding=\"async\" width=\"768\" height=\"1024\" data-id=\"437220\" src=\"https:\/\/cdn.newsbucovina.ro\/wp-content\/uploads\/2026\/04\/WhatsApp-Image-2026-04-28-at-07.32.28-768x1024.jpeg\" alt class=\"wp-image-437220\"><\/a><\/figure>\n<figure class=\"wp-block-image size-large\"><a href=\"https:\/\/cdn.newsbucovina.ro\/wp-content\/uploads\/2026\/04\/WhatsApp-Image-2026-04-28-at-07.32.29.jpeg\"><img loading=\"lazy\" decoding=\"async\" width=\"768\" height=\"1024\" data-id=\"437219\" src=\"https:\/\/cdn.newsbucovina.ro\/wp-content\/uploads\/2026\/04\/WhatsApp-Image-2026-04-28-at-07.32.29-768x1024.jpeg\" alt class=\"wp-image-437219\"><\/a><\/figure>\n<figure class=\"wp-block-image size-large\"><a href=\"https:\/\/cdn.newsbucovina.ro\/wp-content\/uploads\/2026\/04\/WhatsApp-Image-2026-04-28-at-07.32.281.jpeg\"><img loading=\"lazy\" decoding=\"async\" width=\"768\" height=\"1024\" data-id=\"437221\" src=\"https:\/\/cdn.newsbucovina.ro\/wp-content\/uploads\/2026\/04\/WhatsApp-Image-2026-04-28-at-07.32.281-768x1024.jpeg\" alt class=\"wp-image-437221\"><\/a><\/figure>\n<figure class=\"wp-block-image size-large\"><a href=\"https:\/\/cdn.newsbucovina.ro\/wp-content\/uploads\/2026\/04\/WhatsApp-Image-2026-04-28-at-07.32.282.jpeg\"><img decoding=\"async\" loading=\"lazy\" width=\"768\" height=\"1024\" data-id=\"437222\" src=\"https:\/\/cdn.newsbucovina.ro\/wp-content\/uploads\/2026\/04\/WhatsApp-Image-2026-04-28-at-07.32.282-768x1024.jpeg\" alt class=\"wp-image-437222\"><\/a><\/figure>\n<\/figure>\n<p>Potrivit slt. Radu Gabriel din cadrul ISU Suceava, un autoturism a intrat \u00een coliziune cu un autotren \u00eenc\u0103rcat cu vat\u0103 mineral\u0103.<\/p>\n<p>\u00cen autoturism se aflau <strong>trei tineri<\/strong> cu v\u00e2rste cuprinse \u00eentre 19 \u0219i 24 de ani. Doi dintre ace\u0219tia au r\u0103mas \u00eencarcera\u021bi, iar unul era incon\u0219tient, dar cu func\u021bii vitale prezente.<\/p>\n<p>La fa\u021ba locului au intervenit de urgen\u021b\u0103 pompierii militari din cadrul Deta\u0219amentului Vatra Dornei \u0219i cei ai Punctului de Lucru Poiana Stampei, cu o autospecial\u0103 de stingere cu ap\u0103 \u0219i spum\u0103 dotat\u0103 cu modul pentru descarcerare \u0219i o ambulan\u021b\u0103 SMURD B2, sprijini\u021bi de dou\u0103 echipaje SAJ.<\/p>\n<p>Potrivit declara\u021biilor purt\u0103torului de cuv\u00e2nt al Serviciului de Ambulan\u021b\u0103 Jude\u021bean Suceava, dr. <strong>Dan Teodorovici<\/strong>, echipajele medicale ajunse la fa\u021ba locului au g\u0103sit trei victime. Dou\u0103 dintre ele erau stabile, policontuzionate \u0219i au fost transportate la Spitalul Municipal Vatra Dornei.<\/p>\n<p>A treia victim\u0103 \u2013 pasagerul din dreapta \u2013 era <strong>incarcerat\u0103, politraumatizat\u0103 \u0219i \u00een com\u0103<\/strong>. Aceasta a fost extras\u0103 de c\u0103tre echipajul de descarcerare \u0219i preluat\u0103 de un echipaj SMURD de tip B2, care a fost directionat s\u0103 se \u00eent\u00e2lneasc\u0103 cu un echipaj de Terapie Intensiv\u0103 Mobil\u0103 (tip C) venit de la Suceava, pentru acordarea de asisten\u021b\u0103 medical\u0103 suplimentar\u0103 pe traseu.<\/p>\n<figure class=\"wp-block-embed is-type-video is-provider-youtube wp-block-embed-youtube wp-embed-aspect-16-9 wp-has-aspect-ratio\">\n<div class=\"wp-block-embed__wrapper\">\n<div class=\"youtube-embed\" data-video_id=\"kVlZBegLWgA\"><iframe loading=\"lazy\" title=\"De la Suceava la Dorna te \u00ceneci sub tone de pamper\u0219i \u0219i fecale!! E JALE pe European!!\" width=\"696\" height=\"392\" src=\"https:\/\/www.youtube.com\/embed\/kVlZBegLWgA?start=2&amp;feature=oembed\" frameborder allow=\"accelerometer; autoplay; clipboard-write; encrypted-media; gyroscope; picture-in-picture; web-share\" referrerpolicy=\"strict-origin-when-cross-origin\" allowfullscreen><\/iframe><\/div>\n<\/div>\n<\/figure>\n<div class=\"td-a-rec td-a-rec-id-content_bottom  tdi_4 td_block_template_1\"><strong>Intr\u0103 acum \u0219i \u00een grupul de <\/p>\n<div class=\"wp-block-button\"><a class=\"wp-block-button__link wp-element-button\" href=\"https:\/\/t.me\/+TH8wcfnp8fw5NWI0\">Telegram News Bucovina<\/a><\/div>\n<p><\/strong><\/div>\n<\/div>\n<div class=\"td-post-content tagdiv-type\">\n<div class=\"td-a-rec td-a-rec-id-content_top  tdi_3 td_block_template_1\"><strong>Intr\u0103 acum \u0219i \u00een grupul de <\/p>\n<div class=\"wp-block-button\"><a class=\"wp-block-button__link wp-element-button\" href=\"https:\/\/t.me\/+TH8wcfnp8fw5NWI0\">Telegram News Bucovina<\/a><\/div>\n<p><\/strong><\/div>\n<p>Un accident rutier grav s-a produs mar\u021bi, <strong>28 aprilie 2026<\/strong>, \u00een jurul orei 03:54, pe DN17, \u00een zona Ro\u0219u din municipiul Vatra Dornei.<\/p>\n<figure class=\"wp-block-gallery has-nested-images columns-default is-cropped wp-block-gallery-1 is-layout-flex wp-block-gallery-is-layout-flex\">\n<figure class=\"wp-block-image size-large\"><a href=\"https:\/\/cdn.newsbucovina.ro\/wp-content\/uploads\/2026\/04\/WhatsApp-Image-2026-04-28-at-07.32.28.jpeg\"><img loading=\"lazy\" decoding=\"async\" width=\"768\" height=\"1024\" data-id=\"437220\" src=\"https:\/\/cdn.newsbucovina.ro\/wp-content\/uploads\/2026\/04\/WhatsApp-Image-2026-04-28-at-07.32.28-768x1024.jpeg\" alt class=\"wp-image-437220\"><\/a><\/figure>\n<figure class=\"wp-block-image size-large\"><a href=\"https:\/\/cdn.newsbucovina.ro\/wp-content\/uploads\/2026\/04\/WhatsApp-Image-2026-04-28-at-07.32.29.jpeg\"><img loading=\"lazy\" decoding=\"async\" width=\"768\" height=\"1024\" data-id=\"437219\" src=\"https:\/\/cdn.newsbucovina.ro\/wp-content\/uploads\/2026\/04\/WhatsApp-Image-2026-04-28-at-07.32.29-768x1024.jpeg\" alt class=\"wp-image-437219\"><\/a><\/figure>\n<figure class=\"wp-block-image size-large\"><a href=\"https:\/\/cdn.newsbucovina.ro\/wp-content\/uploads\/2026\/04\/WhatsApp-Image-2026-04-28-at-07.32.281.jpeg\"><img loading=\"lazy\" decoding=\"async\" width=\"768\" height=\"1024\" data-id=\"437221\" src=\"https:\/\/cdn.newsbucovina.ro\/wp-content\/uploads\/2026\/04\/WhatsApp-Image-2026-04-28-at-07.32.281-768x1024.jpeg\" alt class=\"wp-image-437221\"><\/a><\/figure>\n<figure class=\"wp-block-image size-large\"><a href=\"https:\/\/cdn.newsbucovina.ro\/wp-content\/uploads\/2026\/04\/WhatsApp-Image-2026-04-28-at-07.32.282.jpeg\"><img decoding=\"async\" loading=\"lazy\" width=\"768\" height=\"1024\" data-id=\"437222\" src=\"https:\/\/cdn.newsbucovina.ro\/wp-content\/uploads\/2026\/04\/WhatsApp-Image-2026-04-28-at-07.32.282-768x1024.jpeg\" alt class=\"wp-image-437222\"><\/a><\/figure>\n<\/figure>\n<p>Potrivit slt. Radu Gabriel din cadrul ISU Suceava, un autoturism a intrat \u00een coliziune cu un autotren \u00eenc\u0103rcat cu vat\u0103 mineral\u0103.<\/p>\n<p>\u00cen autoturism se aflau <strong>trei tineri<\/strong> cu v\u00e2rste cuprinse \u00eentre 19 \u0219i 24 de ani. Doi dintre ace\u0219tia au r\u0103mas \u00eencarcera\u021bi, iar unul era incon\u0219tient, dar cu func\u021bii vitale prezente.<\/p>\n<p>La fa\u021ba locului au intervenit de urgen\u021b\u0103 pompierii militari din cadrul Deta\u0219amentului Vatra Dornei \u0219i cei ai Punctului de Lucru Poiana Stampei, cu o autospecial\u0103 de stingere cu ap\u0103 \u0219i spum\u0103 dotat\u0103 cu modul pentru descarcerare \u0219i o ambulan\u021b\u0103 SMURD B2, sprijini\u021bi de dou\u0103 echipaje SAJ.<\/p>\n<p>Potrivit declara\u021biilor purt\u0103torului de cuv\u00e2nt al Serviciului de Ambulan\u021b\u0103 Jude\u021bean Suceava, dr. <strong>Dan Teodorovici<\/strong>, echipajele medicale ajunse la fa\u021ba locului au g\u0103sit trei victime. Dou\u0103 dintre ele erau stabile, policontuzionate \u0219i au fost transportate la Spitalul Municipal Vatra Dornei.<\/p>\n<p>A treia victim\u0103 \u2013 pasagerul din dreapta \u2013 era <strong>incarcerat\u0103, politraumatizat\u0103 \u0219i \u00een com\u0103<\/strong>. Aceasta a fost extras\u0103 de c\u0103tre echipajul de descarcerare \u0219i preluat\u0103 de un echipaj SMURD de tip B2, care a fost directionat s\u0103 se \u00eent\u00e2lneasc\u0103 cu un echipaj de Terapie Intensiv\u0103 Mobil\u0103 (tip C) venit de la Suceava, pentru acordarea de asisten\u021b\u0103 medical\u0103 suplimentar\u0103 pe traseu.<\/p>\n<figure class=\"wp-block-embed is-type-video is-provider-youtube wp-block-embed-youtube wp-embed-aspect-16-9 wp-has-aspect-ratio\">\n<div class=\"wp-block-embed__wrapper\">\n<div class=\"youtube-embed\" data-video_id=\"kVlZBegLWgA\"><iframe loading=\"lazy\" title=\"De la Suceava la Dorna te \u00ceneci sub tone de pamper\u0219i \u0219i fecale!! E JALE pe European!!\" width=\"696\" height=\"392\" src=\"https:\/\/www.youtube.com\/embed\/kVlZBegLWgA?start=2&amp;feature=oembed\" frameborder allow=\"accelerometer; autoplay; clipboard-write; encrypted-media; gyroscope; picture-in-picture; web-share\" referrerpolicy=\"strict-origin-when-cross-origin\" allowfullscreen><\/iframe><\/div>\n<\/div>\n<\/figure>\n<div class=\"td-a-rec td-a-rec-id-content_bottom  tdi_4 td_block_template_1\"><strong>Intr\u0103 acum \u0219i \u00een grupul de <\/p>\n<div class=\"wp-block-button\"><a class=\"wp-block-button__link wp-element-button\" href=\"https:\/\/t.me\/+TH8wcfnp8fw5NWI0\">Telegram News Bucovina<\/a><\/div>\n<p><\/strong><\/div>\n<\/div>\n<p>[analyse_source url=&#8221;https:\/\/www.newsbucovina.ro\/actualitate\/437218\/accident-grav-pe-dn17-in-zona-rosu-vatra-dornei-trei-tineri-extrasi-din-fiarele-contorsionate&#8221;]<\/p>\n","protected":false},"excerpt":{"rendered":"<p>[analyse_image type=&#8221;featured&#8221; src=&#8221;https:\/\/www.newsbucovina.ro\/wp-content\/uploads\/2026\/04\/WhatsApp-Image-2026-04-28-at-07.32.281-1.jpeghttps:\/\/cdn.newsbucovina.ro\/wp-content\/uploads\/2026\/04\/WhatsApp-Image-2026-04-28-at-07.32.281-1.jpeg&#8221;] Intr\u0103 acum \u0219i \u00een grupul de Telegram News Bucovina Un accident rutier grav s-a produs mar\u021bi, 28 aprilie 2026, \u00een jurul orei 03:54, pe DN17, \u00een zona Ro\u0219u din municipiul Vatra Dornei. Potrivit slt. Radu Gabriel din cadrul ISU Suceava, un autoturism a intrat \u00een coliziune cu un autotren \u00eenc\u0103rcat cu vat\u0103 [&hellip;]<\/p>\n","protected":false},"author":1,"featured_media":0,"comment_status":"open","ping_status":"","sticky":false,"template":"","format":"standard","meta":{"footnotes":""},"categories":[89],"tags":[226,165],"class_list":["post-1907461","post","type-post","status-publish","format-standard","hentry","category-romania","tag-crawlmanager","tag-newsbucovina-ro"],"_links":{"self":[{"href":"https:\/\/analyse.optim.biz\/index.php?rest_route=\/wp\/v2\/posts\/1907461","targetHints":{"allow":["GET"]}}],"collection":[{"href":"https:\/\/analyse.optim.biz\/index.php?rest_route=\/wp\/v2\/posts"}],"about":[{"href":"https:\/\/analyse.optim.biz\/index.php?rest_route=\/wp\/v2\/types\/post"}],"author":[{"embeddable":true,"href":"https:\/\/analyse.optim.biz\/index.php?rest_route=\/wp\/v2\/users\/1"}],"replies":[{"embeddable":true,"href":"https:\/\/analyse.optim.biz\/index.php?rest_route=%2Fwp%2Fv2%2Fcomments&post=1907461"}],"version-history":[{"count":0,"href":"https:\/\/analyse.optim.biz\/index.php?rest_route=\/wp\/v2\/posts\/1907461\/revisions"}],"wp:attachment":[{"href":"https:\/\/analyse.optim.biz\/index.php?rest_route=%2Fwp%2Fv2%2Fmedia&parent=1907461"}],"wp:term":[{"taxonomy":"category","embeddable":true,"href":"https:\/\/analyse.optim.biz\/index.php?rest_route=%2Fwp%2Fv2%2Fcategories&post=1907461"},{"taxonomy":"post_tag","embeddable":true,"href":"https:\/\/analyse.optim.biz\/index.php?rest_route=%2Fwp%2Fv2%2Ftags&post=1907461"}],"curies":[{"name":"wp","href":"https:\/\/api.w.org\/{rel}","templated":true}]}}