{"id":1907459,"date":"2026-04-28T07:53:10","date_gmt":"2026-04-28T04:53:10","guid":{"rendered":"https:\/\/analyse.optim.biz\/?p=1907459"},"modified":"2026-04-28T07:53:10","modified_gmt":"2026-04-28T04:53:10","slug":"un-minor-fara-permis-a-furat-o-masina-si-a-condus-cu-180-de-km-h","status":"publish","type":"post","link":"https:\/\/analyse.optim.biz\/?p=1907459","title":{"rendered":"Un minor f\u0103r\u0103 permis a furat o ma\u0219in\u0103 \u0219i a condus cu 180 de km\/h"},"content":{"rendered":"<p>[analyse_image type=&#8221;featured&#8221; src=&#8221;https:\/\/ziardesuceava.ro\/wp-content\/uploads\/2026\/04\/masina-chei-contact-furt.jpg&#8221;]<\/p>\n<div class=\"post-content clearfix\">\n<div class=\"blog-post-thumb\"><img loading=\"lazy\" decoding=\"async\" width=\"728\" height=\"408\" src=\"https:\/\/ziardesuceava.ro\/wp-content\/uploads\/2026\/04\/masina-chei-contact-furt.jpg\" class=\"attachment-inhype-blog-thumb size-inhype-blog-thumb wp-post-image\" alt><\/div>\n<div class=\"entry-content\">\n<div>\n<p data-start=\"0\" data-end=\"116\">Un adolescent de 17 ani din comuna Marginea este cercetat penal dup\u0103 ce a sustras un autoturism din curtea unei societ\u0103\u021bi comerciale unde efectua practic\u0103 \u0219i l-a condus f\u0103r\u0103 permis pe mai multe drumuri publice, provoc\u00e2nd avarii.<\/p>\n<p data-start=\"361\" data-end=\"655\">Incidentul a fost sesizat pe 25 aprilie 2026, \u00een jurul orei 14:00, de administratorul unei firme locale, care a reclamat dispari\u021bia unui autoturism din curtea societ\u0103\u021bii, \u00een intervalul 23 aprilie, ora 11:50 \u2013 24 aprilie, ora 12:20. Ma\u0219ina a fost ulterior readus\u0103, \u00eens\u0103 prezenta multiple avarii.<\/p>\n<p data-start=\"657\" data-end=\"986\">Din verific\u0103rile poli\u021bi\u0219tilor a reie\u0219it c\u0103 autorul faptei este un elev de clasa a X-a, aflat \u00een practic\u0103 la societatea respectiv\u0103. Profit\u00e2nd de faptul c\u0103 angaja\u021bii erau \u00een pauza de mas\u0103, iar cheia se afla \u00een interiorul autoturismului, acesta a plecat cu ma\u0219ina \u0219i a circulat pe mai multe drumuri din zon\u0103, inclusiv DN17A \u0219i DN2E.<\/p>\n<p data-start=\"988\" data-end=\"1322\">La un moment dat, minorul a pierdut controlul volanului \u0219i a intrat \u00een coliziune cu un parapet metalic. Ulterior, a \u00eencercat s\u0103 remedieze avariile, oprind autoturismul \u00een apropierea unei societ\u0103\u021bi de dezmembr\u0103ri auto, \u00eens\u0103 nu a reu\u0219it s\u0103 procure piesele necesare. A doua zi, a readus ma\u0219ina \u00een curtea firmei, f\u0103r\u0103 a anun\u021ba incidentul.<\/p>\n<p data-start=\"1324\" data-end=\"1520\">Angaja\u021bii au descoperit avariile \u0219i au constatat, \u00een urma verific\u0103rii kilometrajului, c\u0103 autoturismul fusese condus aproximativ 180 de kilometri. Prejudiciul a fost estimat la circa 1.000 de euro.<\/p>\n<p data-start=\"1522\" data-end=\"1662\">Totodat\u0103, \u00een urma verific\u0103rilor \u00een bazele de date, s-a stabilit c\u0103 minorul nu de\u021bine permis de conducere pentru nicio categorie de vehicule.<\/p>\n<p data-start=\"1664\" data-end=\"1937\">Pe numele acestuia a fost deschis dosar penal pentru \u201efurt \u00een scop de folosin\u021b\u0103\u201d \u0219i \u201econducerea unui vehicul f\u0103r\u0103 permis\u201d. Adolescentul a fost re\u021binut pentru 24 de ore \u0219i a recunoscut faptele, declar\u00e2nd c\u0103 regret\u0103 cele \u00eent\u00e2mplate \u0219i c\u0103 inten\u021bioneaz\u0103 s\u0103 acopere prejudiciul.<\/p>\n<p data-start=\"1939\" data-end=\"2049\" data-is-last-node data-is-only-node>Cercet\u0103rile sunt continuate de poli\u021bi\u0219ti pentru stabilirea tuturor \u00eemprejur\u0103rilor \u00een care s-au produs faptele.<\/p>\n<p>\u00a0<\/p>\n<\/div>\n<\/div>\n<div class=\"inhype-social-share-fixed sidebar-position-right\">\n<div class=\"post-social-wrapper\">\n<div class=\"post-social-title\"><span class=\"post-social-title-text\">Share<\/span><\/div>\n<\/div>\n<\/div>\n<\/div>\n<p>[analyse_source url=&#8221;https:\/\/ziardesuceava.ro\/un-minor-fara-permis-a-furat-o-masina-si-a-condus-cu-180-de-km-h\/&#8221;]<\/p>\n","protected":false},"excerpt":{"rendered":"<p>[analyse_image type=&#8221;featured&#8221; src=&#8221;https:\/\/ziardesuceava.ro\/wp-content\/uploads\/2026\/04\/masina-chei-contact-furt.jpg&#8221;] Un adolescent de 17 ani din comuna Marginea este cercetat penal dup\u0103 ce a sustras un autoturism din curtea unei societ\u0103\u021bi comerciale unde efectua practic\u0103 \u0219i l-a condus f\u0103r\u0103 permis pe mai multe drumuri publice, provoc\u00e2nd avarii. Incidentul a fost sesizat pe 25 aprilie 2026, \u00een jurul orei 14:00, de administratorul unei [&hellip;]<\/p>\n","protected":false},"author":1,"featured_media":0,"comment_status":"open","ping_status":"","sticky":false,"template":"","format":"standard","meta":{"footnotes":""},"categories":[89],"tags":[226,171],"class_list":["post-1907459","post","type-post","status-publish","format-standard","hentry","category-romania","tag-crawlmanager","tag-ziardesuceava-ro"],"_links":{"self":[{"href":"https:\/\/analyse.optim.biz\/index.php?rest_route=\/wp\/v2\/posts\/1907459","targetHints":{"allow":["GET"]}}],"collection":[{"href":"https:\/\/analyse.optim.biz\/index.php?rest_route=\/wp\/v2\/posts"}],"about":[{"href":"https:\/\/analyse.optim.biz\/index.php?rest_route=\/wp\/v2\/types\/post"}],"author":[{"embeddable":true,"href":"https:\/\/analyse.optim.biz\/index.php?rest_route=\/wp\/v2\/users\/1"}],"replies":[{"embeddable":true,"href":"https:\/\/analyse.optim.biz\/index.php?rest_route=%2Fwp%2Fv2%2Fcomments&post=1907459"}],"version-history":[{"count":0,"href":"https:\/\/analyse.optim.biz\/index.php?rest_route=\/wp\/v2\/posts\/1907459\/revisions"}],"wp:attachment":[{"href":"https:\/\/analyse.optim.biz\/index.php?rest_route=%2Fwp%2Fv2%2Fmedia&parent=1907459"}],"wp:term":[{"taxonomy":"category","embeddable":true,"href":"https:\/\/analyse.optim.biz\/index.php?rest_route=%2Fwp%2Fv2%2Fcategories&post=1907459"},{"taxonomy":"post_tag","embeddable":true,"href":"https:\/\/analyse.optim.biz\/index.php?rest_route=%2Fwp%2Fv2%2Ftags&post=1907459"}],"curies":[{"name":"wp","href":"https:\/\/api.w.org\/{rel}","templated":true}]}}