{"id":1907458,"date":"2026-04-27T20:51:32","date_gmt":"2026-04-27T17:51:32","guid":{"rendered":"https:\/\/analyse.optim.biz\/?p=1907458"},"modified":"2026-04-27T20:51:32","modified_gmt":"2026-04-27T17:51:32","slug":"operatiunea-jupiter-la-suceava-9-perchezitii-si-bunuri-contrafacute-in-valoare-de-aproape-2-milioane-de-lei-descoperite","status":"publish","type":"post","link":"https:\/\/analyse.optim.biz\/?p=1907458","title":{"rendered":"Opera\u021biunea Jupiter la Suceava: 9 perchezi\u021bii \u0219i bunuri contraf\u0103cute \u00een valoare de aproape 2 milioane de lei descoperite"},"content":{"rendered":"<p>[analyse_image type=&#8221;featured&#8221; src=&#8221;https:\/\/www.newsbucovina.ro\/wp-content\/uploads\/2026\/04\/WhatsApp-Image-2026-04-27-at-16.44.13-2.jpeghttps:\/\/cdn.newsbucovina.ro\/wp-content\/uploads\/2026\/04\/WhatsApp-Image-2026-04-27-at-16.44.13-2.jpeg&#8221;]<\/p>\n<div class=\"td-post-content tagdiv-type\">\n<div class=\"td-a-rec td-a-rec-id-content_top  tdi_3 td_block_template_1\"><strong>Intr\u0103 acum \u0219i \u00een grupul de <\/p>\n<div class=\"wp-block-button\"><a class=\"wp-block-button__link wp-element-button\" href=\"https:\/\/t.me\/+TH8wcfnp8fw5NWI0\">Telegram News Bucovina<\/a><\/div>\n<p><\/strong><\/div>\n<p>Poli\u021bi\u0219tii Serviciului de Investigare a Criminalit\u0103\u021bii Economice din cadrul Inspectoratului de Poli\u021bie Jude\u021bean Suceava, sub coordonarea procurorilor Parchetului de pe l\u00e2ng\u0103 Judec\u0103toria Suceava \u0219i Parchetului de pe l\u00e2ng\u0103 Judec\u0103toria Gura Humorului, au efectuat ast\u0103zi, <strong>27 aprilie 2026<\/strong>, nou\u0103 perchezi\u021bii domiciliare \u00een jude\u021bul Suceava, \u00een cadrul Opera\u021biunii Jupiter.<\/p>\n<p>Ac\u021biunile au vizat completarea probatoriului \u00een dou\u0103 dosare penale privind s\u0103v\u00e2r\u0219irea de infrac\u021biuni la regimul drepturilor de proprietate intelectual\u0103.<\/p>\n<figure class=\"wp-block-image size-large\"><a href=\"https:\/\/cdn.newsbucovina.ro\/wp-content\/uploads\/2026\/04\/WhatsApp-Image-2026-04-27-at-16.44.13-2.jpeg\"><img loading=\"lazy\" decoding=\"async\" width=\"1024\" height=\"458\" src=\"https:\/\/cdn.newsbucovina.ro\/wp-content\/uploads\/2026\/04\/WhatsApp-Image-2026-04-27-at-16.44.13-2-1024x458.jpeg\" alt class=\"wp-image-437216\"><\/a><\/figure>\n<p>Din cercet\u0103ri a reie\u0219it c\u0103 persoanele vizate ar fi derulat \u00een mod constant activit\u0103\u021bi de comercializare a unor bunuri susceptibile de a fi contraf\u0103cute.<\/p>\n<p>\u00cen urma perchezi\u021biilor domiciliare au fost descoperite \u0219i ridicate, \u00een vederea continu\u0103rii cercet\u0103rilor, urm\u0103toarele bunuri:<\/p>\n<ul class=\"wp-block-list\">\n<li><strong>10 tone de detergent pudr\u0103<\/strong>, ambalate \u00een saci a c\u00e2te 10 kg fiecare, \u00een valoare de <strong>1.600.000 lei<\/strong>;<\/li>\n<li><strong>528 de articole de \u00eembr\u0103c\u0103minte<\/strong>, \u00een valoare de <strong>279.365 lei<\/strong>;<\/li>\n<li><strong>512 juc\u0103rii contraf\u0103cute<\/strong>, \u00een valoare de <strong>20.418 lei<\/strong>.<\/li>\n<\/ul>\n<p><strong>Prejudiciul total cauzat bugetului consolidat al statului<\/strong> este estimat la <strong>1.899.783 lei<\/strong>.<\/p>\n<p>Aceste ac\u021biuni se \u00eenscriu \u00een eforturile coordonate la nivel na\u021bional de Parchetul de pe l\u00e2ng\u0103 \u00cenalta Curte de Casa\u021bie \u0219i Justi\u021bie \u0219i Inspectoratul General al Poli\u021biei Rom\u00e2ne pentru combaterea infrac\u021bionalit\u0103\u021bii \u00een domeniul propriet\u0103\u021bii intelectuale, cu ocazia Zilei Interna\u021bionale a Propriet\u0103\u021bii Intelectuale.<\/p>\n<p>Cercet\u0103rile continu\u0103 pentru stabilirea \u00eentregii activit\u0103\u021bi infrac\u021bionale \u0219i tragerea la r\u0103spundere penal\u0103 a tuturor persoanelor implicate.<\/p>\n<figure class=\"wp-block-embed is-type-video is-provider-youtube wp-block-embed-youtube wp-embed-aspect-16-9 wp-has-aspect-ratio\">\n<div class=\"wp-block-embed__wrapper\">\n<div class=\"youtube-embed\" data-video_id=\"kVlZBegLWgA\"><iframe loading=\"lazy\" title=\"De la Suceava la Dorna te \u00ceneci sub tone de pamper\u0219i \u0219i fecale!! E JALE pe European!!\" width=\"696\" height=\"392\" src=\"https:\/\/www.youtube.com\/embed\/kVlZBegLWgA?start=2&amp;feature=oembed\" frameborder allow=\"accelerometer; autoplay; clipboard-write; encrypted-media; gyroscope; picture-in-picture; web-share\" referrerpolicy=\"strict-origin-when-cross-origin\" allowfullscreen><\/iframe><\/div>\n<\/div>\n<\/figure>\n<div class=\"td-a-rec td-a-rec-id-content_bottom  tdi_4 td_block_template_1\"><strong>Intr\u0103 acum \u0219i \u00een grupul de <\/p>\n<div class=\"wp-block-button\"><a class=\"wp-block-button__link wp-element-button\" href=\"https:\/\/t.me\/+TH8wcfnp8fw5NWI0\">Telegram News Bucovina<\/a><\/div>\n<p><\/strong><\/div>\n<\/div>\n<div class=\"td-post-content tagdiv-type\">\n<div class=\"td-a-rec td-a-rec-id-content_top  tdi_3 td_block_template_1\"><strong>Intr\u0103 acum \u0219i \u00een grupul de <\/p>\n<div class=\"wp-block-button\"><a class=\"wp-block-button__link wp-element-button\" href=\"https:\/\/t.me\/+TH8wcfnp8fw5NWI0\">Telegram News Bucovina<\/a><\/div>\n<p><\/strong><\/div>\n<p>Poli\u021bi\u0219tii Serviciului de Investigare a Criminalit\u0103\u021bii Economice din cadrul Inspectoratului de Poli\u021bie Jude\u021bean Suceava, sub coordonarea procurorilor Parchetului de pe l\u00e2ng\u0103 Judec\u0103toria Suceava \u0219i Parchetului de pe l\u00e2ng\u0103 Judec\u0103toria Gura Humorului, au efectuat ast\u0103zi, <strong>27 aprilie 2026<\/strong>, nou\u0103 perchezi\u021bii domiciliare \u00een jude\u021bul Suceava, \u00een cadrul Opera\u021biunii Jupiter.<\/p>\n<p>Ac\u021biunile au vizat completarea probatoriului \u00een dou\u0103 dosare penale privind s\u0103v\u00e2r\u0219irea de infrac\u021biuni la regimul drepturilor de proprietate intelectual\u0103.<\/p>\n<figure class=\"wp-block-image size-large\"><a href=\"https:\/\/cdn.newsbucovina.ro\/wp-content\/uploads\/2026\/04\/WhatsApp-Image-2026-04-27-at-16.44.13-2.jpeg\"><img loading=\"lazy\" decoding=\"async\" width=\"1024\" height=\"458\" src=\"https:\/\/cdn.newsbucovina.ro\/wp-content\/uploads\/2026\/04\/WhatsApp-Image-2026-04-27-at-16.44.13-2-1024x458.jpeg\" alt class=\"wp-image-437216\"><\/a><\/figure>\n<p>Din cercet\u0103ri a reie\u0219it c\u0103 persoanele vizate ar fi derulat \u00een mod constant activit\u0103\u021bi de comercializare a unor bunuri susceptibile de a fi contraf\u0103cute.<\/p>\n<p>\u00cen urma perchezi\u021biilor domiciliare au fost descoperite \u0219i ridicate, \u00een vederea continu\u0103rii cercet\u0103rilor, urm\u0103toarele bunuri:<\/p>\n<ul class=\"wp-block-list\">\n<li><strong>10 tone de detergent pudr\u0103<\/strong>, ambalate \u00een saci a c\u00e2te 10 kg fiecare, \u00een valoare de <strong>1.600.000 lei<\/strong>;<\/li>\n<li><strong>528 de articole de \u00eembr\u0103c\u0103minte<\/strong>, \u00een valoare de <strong>279.365 lei<\/strong>;<\/li>\n<li><strong>512 juc\u0103rii contraf\u0103cute<\/strong>, \u00een valoare de <strong>20.418 lei<\/strong>.<\/li>\n<\/ul>\n<p><strong>Prejudiciul total cauzat bugetului consolidat al statului<\/strong> este estimat la <strong>1.899.783 lei<\/strong>.<\/p>\n<p>Aceste ac\u021biuni se \u00eenscriu \u00een eforturile coordonate la nivel na\u021bional de Parchetul de pe l\u00e2ng\u0103 \u00cenalta Curte de Casa\u021bie \u0219i Justi\u021bie \u0219i Inspectoratul General al Poli\u021biei Rom\u00e2ne pentru combaterea infrac\u021bionalit\u0103\u021bii \u00een domeniul propriet\u0103\u021bii intelectuale, cu ocazia Zilei Interna\u021bionale a Propriet\u0103\u021bii Intelectuale.<\/p>\n<p>Cercet\u0103rile continu\u0103 pentru stabilirea \u00eentregii activit\u0103\u021bi infrac\u021bionale \u0219i tragerea la r\u0103spundere penal\u0103 a tuturor persoanelor implicate.<\/p>\n<figure class=\"wp-block-embed is-type-video is-provider-youtube wp-block-embed-youtube wp-embed-aspect-16-9 wp-has-aspect-ratio\">\n<div class=\"wp-block-embed__wrapper\">\n<div class=\"youtube-embed\" data-video_id=\"kVlZBegLWgA\"><iframe loading=\"lazy\" title=\"De la Suceava la Dorna te \u00ceneci sub tone de pamper\u0219i \u0219i fecale!! E JALE pe European!!\" width=\"696\" height=\"392\" src=\"https:\/\/www.youtube.com\/embed\/kVlZBegLWgA?start=2&amp;feature=oembed\" frameborder allow=\"accelerometer; autoplay; clipboard-write; encrypted-media; gyroscope; picture-in-picture; web-share\" referrerpolicy=\"strict-origin-when-cross-origin\" allowfullscreen><\/iframe><\/div>\n<\/div>\n<\/figure>\n<div class=\"td-a-rec td-a-rec-id-content_bottom  tdi_4 td_block_template_1\"><strong>Intr\u0103 acum \u0219i \u00een grupul de <\/p>\n<div class=\"wp-block-button\"><a class=\"wp-block-button__link wp-element-button\" href=\"https:\/\/t.me\/+TH8wcfnp8fw5NWI0\">Telegram News Bucovina<\/a><\/div>\n<p><\/strong><\/div>\n<\/div>\n<p>[analyse_source url=&#8221;https:\/\/www.newsbucovina.ro\/actualitate\/437215\/operatiunea-jupiter-la-suceava-9-perchezitii-si-bunuri-contrafacute-in-valoare-de-aproape-2-milioane-de-lei-descoperite&#8221;]<\/p>\n","protected":false},"excerpt":{"rendered":"<p>[analyse_image type=&#8221;featured&#8221; src=&#8221;https:\/\/www.newsbucovina.ro\/wp-content\/uploads\/2026\/04\/WhatsApp-Image-2026-04-27-at-16.44.13-2.jpeghttps:\/\/cdn.newsbucovina.ro\/wp-content\/uploads\/2026\/04\/WhatsApp-Image-2026-04-27-at-16.44.13-2.jpeg&#8221;] Intr\u0103 acum \u0219i \u00een grupul de Telegram News Bucovina Poli\u021bi\u0219tii Serviciului de Investigare a Criminalit\u0103\u021bii Economice din cadrul Inspectoratului de Poli\u021bie Jude\u021bean Suceava, sub coordonarea procurorilor Parchetului de pe l\u00e2ng\u0103 Judec\u0103toria Suceava \u0219i Parchetului de pe l\u00e2ng\u0103 Judec\u0103toria Gura Humorului, au efectuat ast\u0103zi, 27 aprilie 2026, nou\u0103 perchezi\u021bii domiciliare \u00een jude\u021bul Suceava, [&hellip;]<\/p>\n","protected":false},"author":1,"featured_media":0,"comment_status":"open","ping_status":"","sticky":false,"template":"","format":"standard","meta":{"footnotes":""},"categories":[89],"tags":[226,165],"class_list":["post-1907458","post","type-post","status-publish","format-standard","hentry","category-romania","tag-crawlmanager","tag-newsbucovina-ro"],"_links":{"self":[{"href":"https:\/\/analyse.optim.biz\/index.php?rest_route=\/wp\/v2\/posts\/1907458","targetHints":{"allow":["GET"]}}],"collection":[{"href":"https:\/\/analyse.optim.biz\/index.php?rest_route=\/wp\/v2\/posts"}],"about":[{"href":"https:\/\/analyse.optim.biz\/index.php?rest_route=\/wp\/v2\/types\/post"}],"author":[{"embeddable":true,"href":"https:\/\/analyse.optim.biz\/index.php?rest_route=\/wp\/v2\/users\/1"}],"replies":[{"embeddable":true,"href":"https:\/\/analyse.optim.biz\/index.php?rest_route=%2Fwp%2Fv2%2Fcomments&post=1907458"}],"version-history":[{"count":0,"href":"https:\/\/analyse.optim.biz\/index.php?rest_route=\/wp\/v2\/posts\/1907458\/revisions"}],"wp:attachment":[{"href":"https:\/\/analyse.optim.biz\/index.php?rest_route=%2Fwp%2Fv2%2Fmedia&parent=1907458"}],"wp:term":[{"taxonomy":"category","embeddable":true,"href":"https:\/\/analyse.optim.biz\/index.php?rest_route=%2Fwp%2Fv2%2Fcategories&post=1907458"},{"taxonomy":"post_tag","embeddable":true,"href":"https:\/\/analyse.optim.biz\/index.php?rest_route=%2Fwp%2Fv2%2Ftags&post=1907458"}],"curies":[{"name":"wp","href":"https:\/\/api.w.org\/{rel}","templated":true}]}}