{"id":1907455,"date":"2026-04-27T19:13:29","date_gmt":"2026-04-27T16:13:29","guid":{"rendered":"https:\/\/analyse.optim.biz\/?p=1907455"},"modified":"2026-04-27T19:13:29","modified_gmt":"2026-04-27T16:13:29","slug":"incendiu-la-mitocu-dragomirnei-300-mp-magazie-distrusa-17-tone-de-cereale-arse-si-100-de-gaini-pierite","status":"publish","type":"post","link":"https:\/\/analyse.optim.biz\/?p=1907455","title":{"rendered":"Incendiu la Mitocu Dragomirnei: 300 mp magazie distrus\u0103, 17 tone de cereale arse \u0219i 100 de g\u0103ini pierite"},"content":{"rendered":"<p>[analyse_image type=&#8221;featured&#8221; src=&#8221;https:\/\/www.newsbucovina.ro\/wp-content\/uploads\/2026\/04\/IMG-20260427-WA0026.jpghttps:\/\/cdn.newsbucovina.ro\/wp-content\/uploads\/2026\/04\/IMG-20260427-WA0026.jpg&#8221;]<\/p>\n<div class=\"td-post-content tagdiv-type\">\n<div class=\"td-a-rec td-a-rec-id-content_top  tdi_3 td_block_template_1\"><strong>Intr\u0103 acum \u0219i \u00een grupul de <\/p>\n<div class=\"wp-block-button\"><a class=\"wp-block-button__link wp-element-button\" href=\"https:\/\/t.me\/+TH8wcfnp8fw5NWI0\">Telegram News Bucovina<\/a><\/div>\n<p><\/strong><\/div>\n<p>Un incendiu de propor\u021bii a izbucnit, luni dup\u0103 amiaza, la o magazie din localitatea Mitocu Dragomirnei. <\/p>\n<figure class=\"wp-block-image size-large\"><a href=\"https:\/\/cdn.newsbucovina.ro\/wp-content\/uploads\/2026\/04\/IMG-20260427-WA0026.jpg\"><img loading=\"lazy\" decoding=\"async\" width=\"1024\" height=\"575\" src=\"https:\/\/cdn.newsbucovina.ro\/wp-content\/uploads\/2026\/04\/IMG-20260427-WA0026-1024x575.jpg\" alt class=\"wp-image-437213\"><\/a><\/figure>\n<p>Potrivit sublocotenent Radu Gabriel din cadrul ISU Suceava la sosirea echipajelor de interven\u021bie, fl\u0103c\u0103rile se manifestau generalizat at\u00e2t la exteriorul, c\u00e2t \u0219i \u00een interiorul construc\u021biei, exist\u00e2nd un pericol iminent de propagare la casa de locuit aflat\u0103 \u00een imediata apropiere.<\/p>\n<p>Pompierii au reu\u0219it s\u0103 localizeze \u0219i s\u0103 sting\u0103 incendiul \u00een timp util, salv\u00e2nd astfel locuin\u021ba \u0219i \u00eempiedic\u00e2nd o pagub\u0103 \u0219i mai mare.<\/p>\n<p><strong>Bilan\u021bul material al incendiului:<\/strong><\/p>\n<ul class=\"wp-block-list\">\n<li>A ars \u00een \u00eentregime magazia pe o suprafa\u021b\u0103 de aproximativ <strong>300 mp<\/strong>;<\/li>\n<li>Au fost distruse circa <strong>17 tone de cereale<\/strong> (porumb, gr\u00e2u, orz \u0219i soia);<\/li>\n<li>Au ars materiale de construc\u021bii \u0219i alte bunuri depozitate \u00een interior;<\/li>\n<li>S-au degradat pere\u021bii magaziei, un utilaj (\u00eenc\u0103rc\u0103tor hidraulic) \u0219i acoperi\u0219ul unei sere din proximitate.<\/li>\n<\/ul>\n<p>Din nefericire, \u00een incendiu au pierit \u0219i <strong>100 de p\u0103s\u0103ri<\/strong> (g\u0103ini).<\/p>\n<p><strong>Cauza probabil\u0103<\/strong> a izbucnirii incendiului a fost de natur\u0103 electric\u0103 \u2013 un scurtcircuit.<\/p>\n<p>Interven\u021bia pompierilor a \u00eempiedicat propagarea fl\u0103c\u0103rilor la casa de locuit.<\/p>\n<div class=\"td-a-rec td-a-rec-id-content_bottom  tdi_4 td_block_template_1\"><strong>Intr\u0103 acum \u0219i \u00een grupul de <\/p>\n<div class=\"wp-block-button\"><a class=\"wp-block-button__link wp-element-button\" href=\"https:\/\/t.me\/+TH8wcfnp8fw5NWI0\">Telegram News Bucovina<\/a><\/div>\n<p><\/strong><\/div>\n<\/div>\n<div class=\"td-post-content tagdiv-type\">\n<div class=\"td-a-rec td-a-rec-id-content_top  tdi_3 td_block_template_1\"><strong>Intr\u0103 acum \u0219i \u00een grupul de <\/p>\n<div class=\"wp-block-button\"><a class=\"wp-block-button__link wp-element-button\" href=\"https:\/\/t.me\/+TH8wcfnp8fw5NWI0\">Telegram News Bucovina<\/a><\/div>\n<p><\/strong><\/div>\n<p>Un incendiu de propor\u021bii a izbucnit, luni dup\u0103 amiaza, la o magazie din localitatea Mitocu Dragomirnei. <\/p>\n<figure class=\"wp-block-image size-large\"><a href=\"https:\/\/cdn.newsbucovina.ro\/wp-content\/uploads\/2026\/04\/IMG-20260427-WA0026.jpg\"><img loading=\"lazy\" decoding=\"async\" width=\"1024\" height=\"575\" src=\"https:\/\/cdn.newsbucovina.ro\/wp-content\/uploads\/2026\/04\/IMG-20260427-WA0026-1024x575.jpg\" alt class=\"wp-image-437213\"><\/a><\/figure>\n<p>Potrivit sublocotenent Radu Gabriel din cadrul ISU Suceava la sosirea echipajelor de interven\u021bie, fl\u0103c\u0103rile se manifestau generalizat at\u00e2t la exteriorul, c\u00e2t \u0219i \u00een interiorul construc\u021biei, exist\u00e2nd un pericol iminent de propagare la casa de locuit aflat\u0103 \u00een imediata apropiere.<\/p>\n<p>Pompierii au reu\u0219it s\u0103 localizeze \u0219i s\u0103 sting\u0103 incendiul \u00een timp util, salv\u00e2nd astfel locuin\u021ba \u0219i \u00eempiedic\u00e2nd o pagub\u0103 \u0219i mai mare.<\/p>\n<p><strong>Bilan\u021bul material al incendiului:<\/strong><\/p>\n<ul class=\"wp-block-list\">\n<li>A ars \u00een \u00eentregime magazia pe o suprafa\u021b\u0103 de aproximativ <strong>300 mp<\/strong>;<\/li>\n<li>Au fost distruse circa <strong>17 tone de cereale<\/strong> (porumb, gr\u00e2u, orz \u0219i soia);<\/li>\n<li>Au ars materiale de construc\u021bii \u0219i alte bunuri depozitate \u00een interior;<\/li>\n<li>S-au degradat pere\u021bii magaziei, un utilaj (\u00eenc\u0103rc\u0103tor hidraulic) \u0219i acoperi\u0219ul unei sere din proximitate.<\/li>\n<\/ul>\n<p>Din nefericire, \u00een incendiu au pierit \u0219i <strong>100 de p\u0103s\u0103ri<\/strong> (g\u0103ini).<\/p>\n<p><strong>Cauza probabil\u0103<\/strong> a izbucnirii incendiului a fost de natur\u0103 electric\u0103 \u2013 un scurtcircuit.<\/p>\n<p>Interven\u021bia pompierilor a \u00eempiedicat propagarea fl\u0103c\u0103rilor la casa de locuit.<\/p>\n<div class=\"td-a-rec td-a-rec-id-content_bottom  tdi_4 td_block_template_1\"><strong>Intr\u0103 acum \u0219i \u00een grupul de <\/p>\n<div class=\"wp-block-button\"><a class=\"wp-block-button__link wp-element-button\" href=\"https:\/\/t.me\/+TH8wcfnp8fw5NWI0\">Telegram News Bucovina<\/a><\/div>\n<p><\/strong><\/div>\n<\/div>\n<p>[analyse_source url=&#8221;https:\/\/www.newsbucovina.ro\/actualitate\/437210\/incendiu-la-mitocu-dragomirnei-300-mp-magazie-distrusa-17-tone-de-cereale-arse-si-100-de-gaini-pierite&#8221;]<\/p>\n","protected":false},"excerpt":{"rendered":"<p>[analyse_image type=&#8221;featured&#8221; src=&#8221;https:\/\/www.newsbucovina.ro\/wp-content\/uploads\/2026\/04\/IMG-20260427-WA0026.jpghttps:\/\/cdn.newsbucovina.ro\/wp-content\/uploads\/2026\/04\/IMG-20260427-WA0026.jpg&#8221;] Intr\u0103 acum \u0219i \u00een grupul de Telegram News Bucovina Un incendiu de propor\u021bii a izbucnit, luni dup\u0103 amiaza, la o magazie din localitatea Mitocu Dragomirnei. Potrivit sublocotenent Radu Gabriel din cadrul ISU Suceava la sosirea echipajelor de interven\u021bie, fl\u0103c\u0103rile se manifestau generalizat at\u00e2t la exteriorul, c\u00e2t \u0219i \u00een interiorul construc\u021biei, exist\u00e2nd un [&hellip;]<\/p>\n","protected":false},"author":1,"featured_media":0,"comment_status":"open","ping_status":"","sticky":false,"template":"","format":"standard","meta":{"footnotes":""},"categories":[89],"tags":[226,165],"class_list":["post-1907455","post","type-post","status-publish","format-standard","hentry","category-romania","tag-crawlmanager","tag-newsbucovina-ro"],"_links":{"self":[{"href":"https:\/\/analyse.optim.biz\/index.php?rest_route=\/wp\/v2\/posts\/1907455","targetHints":{"allow":["GET"]}}],"collection":[{"href":"https:\/\/analyse.optim.biz\/index.php?rest_route=\/wp\/v2\/posts"}],"about":[{"href":"https:\/\/analyse.optim.biz\/index.php?rest_route=\/wp\/v2\/types\/post"}],"author":[{"embeddable":true,"href":"https:\/\/analyse.optim.biz\/index.php?rest_route=\/wp\/v2\/users\/1"}],"replies":[{"embeddable":true,"href":"https:\/\/analyse.optim.biz\/index.php?rest_route=%2Fwp%2Fv2%2Fcomments&post=1907455"}],"version-history":[{"count":0,"href":"https:\/\/analyse.optim.biz\/index.php?rest_route=\/wp\/v2\/posts\/1907455\/revisions"}],"wp:attachment":[{"href":"https:\/\/analyse.optim.biz\/index.php?rest_route=%2Fwp%2Fv2%2Fmedia&parent=1907455"}],"wp:term":[{"taxonomy":"category","embeddable":true,"href":"https:\/\/analyse.optim.biz\/index.php?rest_route=%2Fwp%2Fv2%2Fcategories&post=1907455"},{"taxonomy":"post_tag","embeddable":true,"href":"https:\/\/analyse.optim.biz\/index.php?rest_route=%2Fwp%2Fv2%2Ftags&post=1907455"}],"curies":[{"name":"wp","href":"https:\/\/api.w.org\/{rel}","templated":true}]}}