{"id":1907453,"date":"2026-04-28T07:51:45","date_gmt":"2026-04-28T04:51:45","guid":{"rendered":"https:\/\/analyse.optim.biz\/?p=1907453"},"modified":"2026-04-28T07:51:45","modified_gmt":"2026-04-28T04:51:45","slug":"un-copil-a-ajuns-la-spital-dupa-un-accident-cu-trotineta-electrica","status":"publish","type":"post","link":"https:\/\/analyse.optim.biz\/?p=1907453","title":{"rendered":"Un copil a ajuns la spital dup\u0103 un accident cu trotineta electric\u0103"},"content":{"rendered":"<p>[analyse_image type=&#8221;featured&#8221; src=&#8221;https:\/\/ziardesuceava.ro\/wp-content\/uploads\/2026\/04\/ce53ad07-ffec-4458-91c3-90e2f48118b9-1024&#215;497.jpeg&#8221;]<\/p>\n<div class=\"post-content clearfix\">\n<div class=\"blog-post-thumb\"><img loading=\"lazy\" decoding=\"async\" width=\"1140\" height=\"694\" src=\"https:\/\/ziardesuceava.ro\/wp-content\/uploads\/2026\/04\/ce53ad07-ffec-4458-91c3-90e2f48118b9-1140x694.jpeg\" class=\"attachment-inhype-blog-thumb size-inhype-blog-thumb wp-post-image\" alt><\/div>\n<div class=\"entry-content\">\n<p>\u00a0<\/p>\n<div data-td-block-uid=\"tdi_88\">\n<div class=\"tdb-block-inner td-fix-index\">\n<p data-start=\"121\" data-end=\"289\"><span>Un minor din localitatea Zvori\u0219tea a ajuns la spital la dou\u0103 zile dup\u0103 ce a fost implicat \u00eentr-un incident rutier produs \u00een timp ce se deplasa cu o trotinet\u0103 electric\u0103.<\/span><\/p>\n<p data-start=\"291\" data-end=\"545\"><span>Potrivit informa\u021biilor furnizate de <span class=\"hover:entity-accent entity-underline inline cursor-pointer align-baseline\"><span class=\"whitespace-normal\">Poli\u021bia Municipiului Suceava<\/span><\/span>, cazul a fost semnalat duminic\u0103, 26 aprilie 2026, \u00een jurul orei 16:00, dup\u0103 ce minorul s-a prezentat la UPU din cadrul <span class=\"hover:entity-accent entity-underline inline cursor-pointer align-baseline\"><span class=\"whitespace-normal\">Spitalul Jude\u021bean de Urgen\u021b\u0103 Suceava<\/span><\/span>, \u00eenso\u021bit de tat\u0103l s\u0103u.<\/span><\/p>\n<p data-start=\"547\" data-end=\"880\"><span>Din verific\u0103rile efectuate de poli\u021bi\u0219ti a reie\u0219it c\u0103 incidentul a avut loc pe 24 aprilie 2026, \u00eentre orele 16:00 \u0219i 16:30, pe un drum comunal neclasificat din <span class=\"hover:entity-accent entity-underline inline cursor-pointer align-baseline\"><span class=\"whitespace-normal\">Zvori\u0219tea<\/span><\/span>. Minorul, se deplasa cu o trotinet\u0103 electric\u0103 dinspre DN29A c\u0103tre unitatea medico-social\u0103 din localitate.<\/span><\/p>\n<p data-start=\"882\" data-end=\"1122\"><span>La un moment dat, un autoturism marca Volkswagen Passat, condus de un b\u0103rbat N.P, s-ar fi apropiat lateral de acesta. \u00cen urma manevrei, minorul a p\u0103r\u0103sit partea carosabil\u0103, s-a dezechilibrat \u0219i a c\u0103zut \u00eentr-un \u0219an\u021b.<\/span><\/p>\n<p data-start=\"1124\" data-end=\"1284\"><span>\u0218oferul ar fi oprit, a cobor\u00e2t din autoturism, s-a asigurat c\u0103 minorul nu este grav r\u0103nit \u0219i i-ar fi f\u0103cut o fotografie, dup\u0103 care a p\u0103r\u0103sit locul incidentului.<\/span><\/p>\n<p data-start=\"1286\" data-end=\"1503\"><span>Ini\u021bial, minorul a mers la domiciliu, \u00eens\u0103 dou\u0103 zile mai t\u00e2rziu, acuz\u00e2nd dureri la piciorul st\u00e2ng, s-a prezentat la spital. Medicii au stabilit diagnosticul de contuzie la gamb\u0103 st\u00e2ng\u0103, fiind \u00eencadrat ca \u201er\u0103nit u\u0219or\u201d.<\/span><\/p>\n<p data-start=\"1505\" data-end=\"1745\" data-is-last-node data-is-only-node><span>\u00cen cauz\u0103, poli\u021bi\u0219tii au deschis un dosar penal pentru s\u0103v\u00e2r\u0219irea infrac\u021biunilor de v\u0103t\u0103mare corporal\u0103 din culp\u0103 \u0219i p\u0103r\u0103sirea locului accidentului. Cercet\u0103rile continu\u0103 pentru stabilirea exact\u0103 a \u00eemprejur\u0103rilor \u00een care s-a produs incidentul.<\/span><\/p>\n<p>\u00a0<\/p>\n<\/div>\n<\/div>\n<\/div>\n<div class=\"inhype-social-share-fixed sidebar-position-right\">\n<div class=\"post-social-wrapper\">\n<div class=\"post-social-title\"><span class=\"post-social-title-text\">Share<\/span><\/div>\n<\/div>\n<\/div>\n<\/div>\n<p>[analyse_source url=&#8221;https:\/\/ziardesuceava.ro\/un-copil-a-ajuns-la-spital-dupa-un-accident-cu-trotineta-electrica\/&#8221;]<\/p>\n","protected":false},"excerpt":{"rendered":"<p>[analyse_image type=&#8221;featured&#8221; src=&#8221;https:\/\/ziardesuceava.ro\/wp-content\/uploads\/2026\/04\/ce53ad07-ffec-4458-91c3-90e2f48118b9-1024&#215;497.jpeg&#8221;] \u00a0 Un minor din localitatea Zvori\u0219tea a ajuns la spital la dou\u0103 zile dup\u0103 ce a fost implicat \u00eentr-un incident rutier produs \u00een timp ce se deplasa cu o trotinet\u0103 electric\u0103. Potrivit informa\u021biilor furnizate de Poli\u021bia Municipiului Suceava, cazul a fost semnalat duminic\u0103, 26 aprilie 2026, \u00een jurul orei 16:00, dup\u0103 ce [&hellip;]<\/p>\n","protected":false},"author":1,"featured_media":0,"comment_status":"open","ping_status":"","sticky":false,"template":"","format":"standard","meta":{"footnotes":""},"categories":[89],"tags":[226,171],"class_list":["post-1907453","post","type-post","status-publish","format-standard","hentry","category-romania","tag-crawlmanager","tag-ziardesuceava-ro"],"_links":{"self":[{"href":"https:\/\/analyse.optim.biz\/index.php?rest_route=\/wp\/v2\/posts\/1907453","targetHints":{"allow":["GET"]}}],"collection":[{"href":"https:\/\/analyse.optim.biz\/index.php?rest_route=\/wp\/v2\/posts"}],"about":[{"href":"https:\/\/analyse.optim.biz\/index.php?rest_route=\/wp\/v2\/types\/post"}],"author":[{"embeddable":true,"href":"https:\/\/analyse.optim.biz\/index.php?rest_route=\/wp\/v2\/users\/1"}],"replies":[{"embeddable":true,"href":"https:\/\/analyse.optim.biz\/index.php?rest_route=%2Fwp%2Fv2%2Fcomments&post=1907453"}],"version-history":[{"count":0,"href":"https:\/\/analyse.optim.biz\/index.php?rest_route=\/wp\/v2\/posts\/1907453\/revisions"}],"wp:attachment":[{"href":"https:\/\/analyse.optim.biz\/index.php?rest_route=%2Fwp%2Fv2%2Fmedia&parent=1907453"}],"wp:term":[{"taxonomy":"category","embeddable":true,"href":"https:\/\/analyse.optim.biz\/index.php?rest_route=%2Fwp%2Fv2%2Fcategories&post=1907453"},{"taxonomy":"post_tag","embeddable":true,"href":"https:\/\/analyse.optim.biz\/index.php?rest_route=%2Fwp%2Fv2%2Ftags&post=1907453"}],"curies":[{"name":"wp","href":"https:\/\/api.w.org\/{rel}","templated":true}]}}