{"id":1907449,"date":"2026-04-28T08:37:00","date_gmt":"2026-04-28T05:37:00","guid":{"rendered":"https:\/\/analyse.optim.biz\/?p=1907449"},"modified":"2026-04-28T08:37:00","modified_gmt":"2026-04-28T05:37:00","slug":"barbat-evacuat-din-casa-dupa-ce-si-a-batut-si-amenintat-sotia-la-paltinu","status":"publish","type":"post","link":"https:\/\/analyse.optim.biz\/?p=1907449","title":{"rendered":"B\u0103rbat evacuat din cas\u0103 dup\u0103 ce \u0219i-a b\u0103tut \u0219i amenin\u021bat so\u021bia, la Paltinu"},"content":{"rendered":"<p>[analyse_image type=&#8221;featured&#8221; src=&#8221;https:\/\/blogger.googleusercontent.com\/img\/b\/R29vZ2xl\/AVvXsEh5eXTGuXpML180MFGmAq9OTr1h1ptr19-yd6H84hHtOTek00G3ykfa7SewgIaHB2s1sOYOOEed1LSUhVDfjGdZqORC8yKnWaMzntLlEZoS3UM0QTAbKvSA7Mp8VTN3RherI4EoKKbavvyBeW1Ae020i0vbGVArP88OGmfFtGoX0quaSvBLEMdSpTgS\/w1600\/incatusat.jpg&#8221;]<\/p>\n<div class=\"post-body entry-content\" id=\"post-body\">\n<div class=\"separator\"><a href=\"https:\/\/blogger.googleusercontent.com\/img\/b\/R29vZ2xl\/AVvXsEh5eXTGuXpML180MFGmAq9OTr1h1ptr19-yd6H84hHtOTek00G3ykfa7SewgIaHB2s1sOYOOEed1LSUhVDfjGdZqORC8yKnWaMzntLlEZoS3UM0QTAbKvSA7Mp8VTN3RherI4EoKKbavvyBeW1Ae020i0vbGVArP88OGmfFtGoX0quaSvBLEMdSpTgS\/s600\/incatusat.jpg\"><img decoding=\"async\" alt=\"B\u0103rbat evacuat din cas\u0103 dup\u0103 ce \u0219i-a b\u0103tut \u0219i amenin\u021bat so\u021bia, la Paltinu\" border=\"0\" height=\"335\" loading=\"lazy\" src=\"https:\/\/blogger.googleusercontent.com\/img\/b\/R29vZ2xl\/AVvXsEh5eXTGuXpML180MFGmAq9OTr1h1ptr19-yd6H84hHtOTek00G3ykfa7SewgIaHB2s1sOYOOEed1LSUhVDfjGdZqORC8yKnWaMzntLlEZoS3UM0QTAbKvSA7Mp8VTN3RherI4EoKKbavvyBeW1Ae020i0vbGVArP88OGmfFtGoX0quaSvBLEMdSpTgS\/w640-h335-rw\/incatusat.jpg\" title=\"B\u0103rbat evacuat din cas\u0103 dup\u0103 ce \u0219i-a b\u0103tut \u0219i amenin\u021bat so\u021bia, la Paltinu\" width=\"640\"><\/a><\/div>\n<p>Un b\u0103rbat din satul Paltinu, comuna Vatra Moldovi\u021bei, a fost evacuat din locuin\u021ba familiei dup\u0103 ce \u0219i-a agresat so\u021bia pe fondul consumului de alcool. Poli\u021bi\u0219tii Sec\u021biei 14 Rural\u0103 Vama au emis un ordin de protec\u021bie provizoriu, stabilind c\u0103 via\u021ba femeii era pus\u0103 \u00een pericol.<\/p>\n<p>Incidentul a fost sesizat oficial la data de 27 aprilie 2026, de c\u0103tre victim\u0103, care a reclamat faptul c\u0103, \u00een urm\u0103 cu c\u00e2teva zile, so\u021bul s\u0103u a manifestat un comportament agresiv extrem. De\u0219i sesizarea a fost f\u0103cut\u0103 tardiv, gravitatea faptelor a determinat interven\u021bia imediat\u0103 a for\u021belor de ordine.<\/p>\n<h3>Agresiuni fizice \u0219i amenin\u021b\u0103ri cu acte de violen\u021b\u0103<\/h3>\n<p>Din audierile efectuate \u00een prezen\u021ba unui ap\u0103r\u0103tor din oficiu, a reie\u0219it c\u0103, \u00een data de 23 aprilie, b\u0103rbatul a exercitat acte de violen\u021b\u0103 asupra so\u021biei sale, str\u00e2ng\u00e2nd-o de g\u00e2t \u0219i lovind-o \u00een zona capului. \u00cencerc\u00e2nd s\u0103 se salveze, femeia a ie\u0219it \u00een curtea imobilului, fiind urm\u0103rit\u0103 de agresor care a \u00eencercat s\u0103 o loveasc\u0103 cu un obiect din lemn.<\/p>\n<p>Pe parcursul \u00eentregului conflict, victima a fost amenin\u021bat\u0103 \u00een repetate r\u00e2nduri, fiindu-i creat\u0103 o stare puternic\u0103 de temere. Fiul celor doi a confirmat ulterior poli\u021bi\u0219tilor c\u0103 \u00eentre p\u0103rin\u021bi au mai existat ne\u00een\u021belegeri \u0219i discu\u021bii \u00een contradictoriu \u00een trecut.<\/p>\n<h3>M\u0103suri dispuse: Evacuare \u0219i interdic\u021bie de apropiere<\/h3>\n<p>\u00cen urma evalu\u0103rii riscului, poli\u021bi\u0219tii au stabilit existen\u021ba unui risc iminent pentru siguran\u021ba victimei. Ca urmare, a fost emis un ordin de protec\u021bie provizoriu valabil p\u00e2n\u0103 la data de 2 mai 2026. M\u0103surile impuse includ:<\/p>\n<ul>\n<li><strong>Evacuarea imediat\u0103:<\/strong> Agresorul a fost obligat s\u0103 p\u0103r\u0103seasc\u0103 imobilul din satul Paltinu.<\/li>\n<li><strong>Distan\u021ba minim\u0103 de siguran\u021b\u0103:<\/strong> B\u0103rbatului i s-a interzis s\u0103 se apropie la mai pu\u021bin de 100 de metri de so\u021bia sa sau de locuin\u021ba indicat\u0103.<\/li>\n<li><strong>Monitorizare:<\/strong> De\u0219i poli\u021bi\u0219tii i-au prezentat op\u021biunea mont\u0103rii unui sistem de supraveghere electronic (br\u0103\u021bar\u0103), victima a refuzat acest demers.<\/li>\n<\/ul>\n<p>De asemenea, femeia, care nu prezenta urme vizibile de violen\u021b\u0103 la momentul pl\u00e2ngerii, a refuzat examinarea medico-legal\u0103.<\/p>\n<h3>Cercet\u0103ri sub aspectul s\u0103v\u00e2r\u0219irii mai multor infrac\u021biuni<\/h3>\n<p>Oamenii legii au deschis un dosar penal \u00een care se efectueaz\u0103 cercet\u0103ri sub aspectul s\u0103v\u00e2r\u0219irii infrac\u021biunilor de <strong>\u201eviolen\u021b\u0103 \u00een familie\u201d<\/strong> \u0219i <strong>\u201eamenin\u021bare\u201d<\/strong>, conform Codului Penal.<\/p>\n<p>Dosarul va fi instrumentat \u00een continuare de c\u0103tre lucr\u0103torii Postului de Poli\u021bie Vatra Moldovi\u021bei, sub supravegherea unit\u0103\u021bii de parchet competente, pentru a se stabili toate circumstan\u021bele producerii evenimentului \u0219i pentru dispunerea m\u0103surilor legale care se impun.<\/p>\n<\/div>\n<div class=\"post-body entry-content\" id=\"post-body\">\n<div class=\"separator\"><a href=\"https:\/\/blogger.googleusercontent.com\/img\/b\/R29vZ2xl\/AVvXsEh5eXTGuXpML180MFGmAq9OTr1h1ptr19-yd6H84hHtOTek00G3ykfa7SewgIaHB2s1sOYOOEed1LSUhVDfjGdZqORC8yKnWaMzntLlEZoS3UM0QTAbKvSA7Mp8VTN3RherI4EoKKbavvyBeW1Ae020i0vbGVArP88OGmfFtGoX0quaSvBLEMdSpTgS\/s600\/incatusat.jpg\"><img decoding=\"async\" alt=\"B\u0103rbat evacuat din cas\u0103 dup\u0103 ce \u0219i-a b\u0103tut \u0219i amenin\u021bat so\u021bia, la Paltinu\" border=\"0\" height=\"335\" loading=\"lazy\" src=\"https:\/\/blogger.googleusercontent.com\/img\/b\/R29vZ2xl\/AVvXsEh5eXTGuXpML180MFGmAq9OTr1h1ptr19-yd6H84hHtOTek00G3ykfa7SewgIaHB2s1sOYOOEed1LSUhVDfjGdZqORC8yKnWaMzntLlEZoS3UM0QTAbKvSA7Mp8VTN3RherI4EoKKbavvyBeW1Ae020i0vbGVArP88OGmfFtGoX0quaSvBLEMdSpTgS\/w640-h335-rw\/incatusat.jpg\" title=\"B\u0103rbat evacuat din cas\u0103 dup\u0103 ce \u0219i-a b\u0103tut \u0219i amenin\u021bat so\u021bia, la Paltinu\" width=\"640\"><\/a><\/div>\n<p>Un b\u0103rbat din satul Paltinu, comuna Vatra Moldovi\u021bei, a fost evacuat din locuin\u021ba familiei dup\u0103 ce \u0219i-a agresat so\u021bia pe fondul consumului de alcool. Poli\u021bi\u0219tii Sec\u021biei 14 Rural\u0103 Vama au emis un ordin de protec\u021bie provizoriu, stabilind c\u0103 via\u021ba femeii era pus\u0103 \u00een pericol.<\/p>\n<p>Incidentul a fost sesizat oficial la data de 27 aprilie 2026, de c\u0103tre victim\u0103, care a reclamat faptul c\u0103, \u00een urm\u0103 cu c\u00e2teva zile, so\u021bul s\u0103u a manifestat un comportament agresiv extrem. De\u0219i sesizarea a fost f\u0103cut\u0103 tardiv, gravitatea faptelor a determinat interven\u021bia imediat\u0103 a for\u021belor de ordine.<\/p>\n<h3>Agresiuni fizice \u0219i amenin\u021b\u0103ri cu acte de violen\u021b\u0103<\/h3>\n<p>Din audierile efectuate \u00een prezen\u021ba unui ap\u0103r\u0103tor din oficiu, a reie\u0219it c\u0103, \u00een data de 23 aprilie, b\u0103rbatul a exercitat acte de violen\u021b\u0103 asupra so\u021biei sale, str\u00e2ng\u00e2nd-o de g\u00e2t \u0219i lovind-o \u00een zona capului. \u00cencerc\u00e2nd s\u0103 se salveze, femeia a ie\u0219it \u00een curtea imobilului, fiind urm\u0103rit\u0103 de agresor care a \u00eencercat s\u0103 o loveasc\u0103 cu un obiect din lemn.<\/p>\n<p>Pe parcursul \u00eentregului conflict, victima a fost amenin\u021bat\u0103 \u00een repetate r\u00e2nduri, fiindu-i creat\u0103 o stare puternic\u0103 de temere. Fiul celor doi a confirmat ulterior poli\u021bi\u0219tilor c\u0103 \u00eentre p\u0103rin\u021bi au mai existat ne\u00een\u021belegeri \u0219i discu\u021bii \u00een contradictoriu \u00een trecut.<\/p>\n<h3>M\u0103suri dispuse: Evacuare \u0219i interdic\u021bie de apropiere<\/h3>\n<p>\u00cen urma evalu\u0103rii riscului, poli\u021bi\u0219tii au stabilit existen\u021ba unui risc iminent pentru siguran\u021ba victimei. Ca urmare, a fost emis un ordin de protec\u021bie provizoriu valabil p\u00e2n\u0103 la data de 2 mai 2026. M\u0103surile impuse includ:<\/p>\n<ul>\n<li><strong>Evacuarea imediat\u0103:<\/strong> Agresorul a fost obligat s\u0103 p\u0103r\u0103seasc\u0103 imobilul din satul Paltinu.<\/li>\n<li><strong>Distan\u021ba minim\u0103 de siguran\u021b\u0103:<\/strong> B\u0103rbatului i s-a interzis s\u0103 se apropie la mai pu\u021bin de 100 de metri de so\u021bia sa sau de locuin\u021ba indicat\u0103.<\/li>\n<li><strong>Monitorizare:<\/strong> De\u0219i poli\u021bi\u0219tii i-au prezentat op\u021biunea mont\u0103rii unui sistem de supraveghere electronic (br\u0103\u021bar\u0103), victima a refuzat acest demers.<\/li>\n<\/ul>\n<p>De asemenea, femeia, care nu prezenta urme vizibile de violen\u021b\u0103 la momentul pl\u00e2ngerii, a refuzat examinarea medico-legal\u0103.<\/p>\n<h3>Cercet\u0103ri sub aspectul s\u0103v\u00e2r\u0219irii mai multor infrac\u021biuni<\/h3>\n<p>Oamenii legii au deschis un dosar penal \u00een care se efectueaz\u0103 cercet\u0103ri sub aspectul s\u0103v\u00e2r\u0219irii infrac\u021biunilor de <strong>\u201eviolen\u021b\u0103 \u00een familie\u201d<\/strong> \u0219i <strong>\u201eamenin\u021bare\u201d<\/strong>, conform Codului Penal.<\/p>\n<p>Dosarul va fi instrumentat \u00een continuare de c\u0103tre lucr\u0103torii Postului de Poli\u021bie Vatra Moldovi\u021bei, sub supravegherea unit\u0103\u021bii de parchet competente, pentru a se stabili toate circumstan\u021bele producerii evenimentului \u0219i pentru dispunerea m\u0103surilor legale care se impun.<\/p>\n<\/div>\n<p>[analyse_source url=&#8221;https:\/\/www.stirisuceava.net\/2026\/04\/barbat-evacuat-din-casa-dupa-ce-si.html&#8221;]<\/p>\n","protected":false},"excerpt":{"rendered":"<p>[analyse_image type=&#8221;featured&#8221; src=&#8221;https:\/\/blogger.googleusercontent.com\/img\/b\/R29vZ2xl\/AVvXsEh5eXTGuXpML180MFGmAq9OTr1h1ptr19-yd6H84hHtOTek00G3ykfa7SewgIaHB2s1sOYOOEed1LSUhVDfjGdZqORC8yKnWaMzntLlEZoS3UM0QTAbKvSA7Mp8VTN3RherI4EoKKbavvyBeW1Ae020i0vbGVArP88OGmfFtGoX0quaSvBLEMdSpTgS\/w1600\/incatusat.jpg&#8221;] Un b\u0103rbat din satul Paltinu, comuna Vatra Moldovi\u021bei, a fost evacuat din locuin\u021ba familiei dup\u0103 ce \u0219i-a agresat so\u021bia pe fondul consumului de alcool. Poli\u021bi\u0219tii Sec\u021biei 14 Rural\u0103 Vama au emis un ordin de protec\u021bie provizoriu, stabilind c\u0103 via\u021ba femeii era pus\u0103 \u00een pericol. Incidentul a fost sesizat oficial la data de [&hellip;]<\/p>\n","protected":false},"author":1,"featured_media":0,"comment_status":"open","ping_status":"","sticky":false,"template":"","format":"standard","meta":{"footnotes":""},"categories":[89],"tags":[226,172],"class_list":["post-1907449","post","type-post","status-publish","format-standard","hentry","category-romania","tag-crawlmanager","tag-stirisuceava-net"],"_links":{"self":[{"href":"https:\/\/analyse.optim.biz\/index.php?rest_route=\/wp\/v2\/posts\/1907449","targetHints":{"allow":["GET"]}}],"collection":[{"href":"https:\/\/analyse.optim.biz\/index.php?rest_route=\/wp\/v2\/posts"}],"about":[{"href":"https:\/\/analyse.optim.biz\/index.php?rest_route=\/wp\/v2\/types\/post"}],"author":[{"embeddable":true,"href":"https:\/\/analyse.optim.biz\/index.php?rest_route=\/wp\/v2\/users\/1"}],"replies":[{"embeddable":true,"href":"https:\/\/analyse.optim.biz\/index.php?rest_route=%2Fwp%2Fv2%2Fcomments&post=1907449"}],"version-history":[{"count":0,"href":"https:\/\/analyse.optim.biz\/index.php?rest_route=\/wp\/v2\/posts\/1907449\/revisions"}],"wp:attachment":[{"href":"https:\/\/analyse.optim.biz\/index.php?rest_route=%2Fwp%2Fv2%2Fmedia&parent=1907449"}],"wp:term":[{"taxonomy":"category","embeddable":true,"href":"https:\/\/analyse.optim.biz\/index.php?rest_route=%2Fwp%2Fv2%2Fcategories&post=1907449"},{"taxonomy":"post_tag","embeddable":true,"href":"https:\/\/analyse.optim.biz\/index.php?rest_route=%2Fwp%2Fv2%2Ftags&post=1907449"}],"curies":[{"name":"wp","href":"https:\/\/api.w.org\/{rel}","templated":true}]}}