{"id":1907446,"date":"2026-04-28T08:20:33","date_gmt":"2026-04-28T05:20:33","guid":{"rendered":"https:\/\/analyse.optim.biz\/?p=1907446"},"modified":"2026-04-28T08:20:33","modified_gmt":"2026-04-28T05:20:33","slug":"incendiul-devastator-din-mitocu-dragomirnei-initiat-de-un-scurtciruit-la-panourile-fotovoltaice-ale-unei-anexe-o-vecina-a-suferit-arsuri-grave-pe-40-din-suprafata-corpului-incercand-sa-salveze-animal","status":"publish","type":"post","link":"https:\/\/analyse.optim.biz\/?p=1907446","title":{"rendered":"Incendiul devastator din Mitocu Dragomirnei ini\u021biat de un scurtciruit la panourile fotovoltaice ale unei anexe. O vecin\u0103 a suferit arsuri grave pe 40% din suprafa\u021ba corpului \u00eencerc\u00e2nd s\u0103 salveze animalele din interior"},"content":{"rendered":"<p>[analyse_image type=&#8221;featured&#8221; src=&#8221;https:\/\/www.newsbucovina.ro\/wp-content\/uploads\/2026\/04\/WhatsApp-Image-2026-04-27-at-16.22.09.jpeghttps:\/\/cdn.newsbucovina.ro\/wp-content\/uploads\/2026\/04\/WhatsApp-Image-2026-04-27-at-16.22.09.jpeg&#8221;]<\/p>\n<div class=\"td-post-content tagdiv-type\">\n<div class=\"td-a-rec td-a-rec-id-content_top  tdi_3 td_block_template_1\"><strong>Intr\u0103 acum \u0219i \u00een grupul de <\/p>\n<div class=\"wp-block-button\"><a class=\"wp-block-button__link wp-element-button\" href=\"https:\/\/t.me\/+TH8wcfnp8fw5NWI0\">Telegram News Bucovina<\/a><\/div>\n<p><\/strong><\/div>\n<p>Un incendiu puternic a izbucnit luni, 27 aprilie 2026, \u00een jurul orei 15:20, la o anex\u0103 a unei locuin\u021be din localitatea Mitocu Dragomirnei. O femeie a suferit arsuri grave \u00een timp ce \u00eencerca s\u0103 salveze animalele din interior.<\/p>\n<figure class=\"wp-block-image size-large\"><a href=\"https:\/\/cdn.newsbucovina.ro\/wp-content\/uploads\/2026\/04\/WhatsApp-Image-2026-04-27-at-16.22.09.jpeg\"><img loading=\"lazy\" decoding=\"async\" width=\"1024\" height=\"576\" src=\"https:\/\/cdn.newsbucovina.ro\/wp-content\/uploads\/2026\/04\/WhatsApp-Image-2026-04-27-at-16.22.09-1024x576.jpeg\" alt class=\"wp-image-437192\"><\/a><\/figure>\n<p>Potrivit primelor verific\u0103ri efectuate de poli\u021bi\u0219ti, proprietarul imobilului (format dintr-o locuin\u021b\u0103 \u0219i o anex\u0103 folosit\u0103 ca depozit de furaje, ad\u0103post pentru animale \u0219i garaj) plecase spre Suceava pentru a-\u0219i lua copiii de la \u0219coal\u0103. So\u021bia sa r\u0103m\u0103sese acas\u0103.<\/p>\n<p>Un vecin a observat fl\u0103c\u0103rile la acoperi\u0219ul anexei \u0219i a alertat imediat serviciul de urgen\u021b\u0103 112. O alt\u0103 vecin\u0103, v\u0103z\u00e2nd incendiul, a \u00eencercat s\u0103 salveze animalele din interior. \u00cen timp ce se apropia de construc\u021bie, a fost surprins\u0103 de fl\u0103c\u0103ri \u0219i a suferit arsuri de gradul II pe aproximativ <strong>40% din suprafa\u021ba corpului<\/strong>. Aceasta a fost transportat\u0103 de urgen\u021b\u0103 cu un echipaj SMURD la Spitalul Jude\u021bean de Urgen\u021b\u0103 \u201eSf. Ioan cel Nou\u201d Suceava pentru \u00eengrijiri medicale de specialitate.<\/p>\n<p>La fa\u021ba locului au intervenit trei echipaje ale ISU Suceava \u0219i un echipaj al Serviciului Voluntar pentru Situa\u021bii de Urgen\u021b\u0103 din cadrul Prim\u0103riei Comunei Mitocu Dragomirnei. Incendiul a fost localizat \u0219i lichidat. A ars \u00een \u00eentregime anexa de aproximativ <strong>300 mp<\/strong>, \u00eempreun\u0103 cu 8 tone de porumb, 4 tone de gr\u00e2u, 4 tone de orz, unelte agricole, materiale de construc\u021bii, 4 mc de sc\u00e2ndur\u0103, un utilaj Bob Cat, 100 de g\u0103ini \u0219i 48 de panouri fotovoltaice.<\/p>\n<p>Cauza probabil\u0103 a incendiului, stabilit\u0103 de pompierii militari, este un <strong>scurt circuit electric la panourile fotovoltaice<\/strong>. Nu au fost identificate suspiciuni de natur\u0103 penal\u0103 privind modul de producere a incendiului.<\/p>\n<p>\u00cen cauz\u0103 s-a \u00eentocmit dosar penal pentru s\u0103v\u00e2r\u0219irea infrac\u021biunilor de <strong>distrugere din culp\u0103<\/strong> \u0219i <strong>v\u0103t\u0103mare corporal\u0103 din culp\u0103<\/strong>.<\/p>\n<figure class=\"wp-block-embed is-type-video is-provider-youtube wp-block-embed-youtube wp-embed-aspect-16-9 wp-has-aspect-ratio\">\n<div class=\"wp-block-embed__wrapper\">\n<div class=\"youtube-embed\" data-video_id=\"kVlZBegLWgA\"><iframe loading=\"lazy\" title=\"De la Suceava la Dorna te \u00ceneci sub tone de pamper\u0219i \u0219i fecale!! E JALE pe European!!\" width=\"696\" height=\"392\" src=\"https:\/\/www.youtube.com\/embed\/kVlZBegLWgA?start=2&amp;feature=oembed\" frameborder allow=\"accelerometer; autoplay; clipboard-write; encrypted-media; gyroscope; picture-in-picture; web-share\" referrerpolicy=\"strict-origin-when-cross-origin\" allowfullscreen><\/iframe><\/div>\n<\/div>\n<\/figure>\n<div class=\"td-a-rec td-a-rec-id-content_bottom  tdi_4 td_block_template_1\"><strong>Intr\u0103 acum \u0219i \u00een grupul de <\/p>\n<div class=\"wp-block-button\"><a class=\"wp-block-button__link wp-element-button\" href=\"https:\/\/t.me\/+TH8wcfnp8fw5NWI0\">Telegram News Bucovina<\/a><\/div>\n<p><\/strong><\/div>\n<\/div>\n<div class=\"td-post-content tagdiv-type\">\n<div class=\"td-a-rec td-a-rec-id-content_top  tdi_3 td_block_template_1\"><strong>Intr\u0103 acum \u0219i \u00een grupul de <\/p>\n<div class=\"wp-block-button\"><a class=\"wp-block-button__link wp-element-button\" href=\"https:\/\/t.me\/+TH8wcfnp8fw5NWI0\">Telegram News Bucovina<\/a><\/div>\n<p><\/strong><\/div>\n<p>Un incendiu puternic a izbucnit luni, 27 aprilie 2026, \u00een jurul orei 15:20, la o anex\u0103 a unei locuin\u021be din localitatea Mitocu Dragomirnei. O femeie a suferit arsuri grave \u00een timp ce \u00eencerca s\u0103 salveze animalele din interior.<\/p>\n<figure class=\"wp-block-image size-large\"><a href=\"https:\/\/cdn.newsbucovina.ro\/wp-content\/uploads\/2026\/04\/WhatsApp-Image-2026-04-27-at-16.22.09.jpeg\"><img loading=\"lazy\" decoding=\"async\" width=\"1024\" height=\"576\" src=\"https:\/\/cdn.newsbucovina.ro\/wp-content\/uploads\/2026\/04\/WhatsApp-Image-2026-04-27-at-16.22.09-1024x576.jpeg\" alt class=\"wp-image-437192\"><\/a><\/figure>\n<p>Potrivit primelor verific\u0103ri efectuate de poli\u021bi\u0219ti, proprietarul imobilului (format dintr-o locuin\u021b\u0103 \u0219i o anex\u0103 folosit\u0103 ca depozit de furaje, ad\u0103post pentru animale \u0219i garaj) plecase spre Suceava pentru a-\u0219i lua copiii de la \u0219coal\u0103. So\u021bia sa r\u0103m\u0103sese acas\u0103.<\/p>\n<p>Un vecin a observat fl\u0103c\u0103rile la acoperi\u0219ul anexei \u0219i a alertat imediat serviciul de urgen\u021b\u0103 112. O alt\u0103 vecin\u0103, v\u0103z\u00e2nd incendiul, a \u00eencercat s\u0103 salveze animalele din interior. \u00cen timp ce se apropia de construc\u021bie, a fost surprins\u0103 de fl\u0103c\u0103ri \u0219i a suferit arsuri de gradul II pe aproximativ <strong>40% din suprafa\u021ba corpului<\/strong>. Aceasta a fost transportat\u0103 de urgen\u021b\u0103 cu un echipaj SMURD la Spitalul Jude\u021bean de Urgen\u021b\u0103 \u201eSf. Ioan cel Nou\u201d Suceava pentru \u00eengrijiri medicale de specialitate.<\/p>\n<p>La fa\u021ba locului au intervenit trei echipaje ale ISU Suceava \u0219i un echipaj al Serviciului Voluntar pentru Situa\u021bii de Urgen\u021b\u0103 din cadrul Prim\u0103riei Comunei Mitocu Dragomirnei. Incendiul a fost localizat \u0219i lichidat. A ars \u00een \u00eentregime anexa de aproximativ <strong>300 mp<\/strong>, \u00eempreun\u0103 cu 8 tone de porumb, 4 tone de gr\u00e2u, 4 tone de orz, unelte agricole, materiale de construc\u021bii, 4 mc de sc\u00e2ndur\u0103, un utilaj Bob Cat, 100 de g\u0103ini \u0219i 48 de panouri fotovoltaice.<\/p>\n<p>Cauza probabil\u0103 a incendiului, stabilit\u0103 de pompierii militari, este un <strong>scurt circuit electric la panourile fotovoltaice<\/strong>. Nu au fost identificate suspiciuni de natur\u0103 penal\u0103 privind modul de producere a incendiului.<\/p>\n<p>\u00cen cauz\u0103 s-a \u00eentocmit dosar penal pentru s\u0103v\u00e2r\u0219irea infrac\u021biunilor de <strong>distrugere din culp\u0103<\/strong> \u0219i <strong>v\u0103t\u0103mare corporal\u0103 din culp\u0103<\/strong>.<\/p>\n<figure class=\"wp-block-embed is-type-video is-provider-youtube wp-block-embed-youtube wp-embed-aspect-16-9 wp-has-aspect-ratio\">\n<div class=\"wp-block-embed__wrapper\">\n<div class=\"youtube-embed\" data-video_id=\"kVlZBegLWgA\"><iframe loading=\"lazy\" title=\"De la Suceava la Dorna te \u00ceneci sub tone de pamper\u0219i \u0219i fecale!! E JALE pe European!!\" width=\"696\" height=\"392\" src=\"https:\/\/www.youtube.com\/embed\/kVlZBegLWgA?start=2&amp;feature=oembed\" frameborder allow=\"accelerometer; autoplay; clipboard-write; encrypted-media; gyroscope; picture-in-picture; web-share\" referrerpolicy=\"strict-origin-when-cross-origin\" allowfullscreen><\/iframe><\/div>\n<\/div>\n<\/figure>\n<div class=\"td-a-rec td-a-rec-id-content_bottom  tdi_4 td_block_template_1\"><strong>Intr\u0103 acum \u0219i \u00een grupul de <\/p>\n<div class=\"wp-block-button\"><a class=\"wp-block-button__link wp-element-button\" href=\"https:\/\/t.me\/+TH8wcfnp8fw5NWI0\">Telegram News Bucovina<\/a><\/div>\n<p><\/strong><\/div>\n<\/div>\n<p>[analyse_source url=&#8221;https:\/\/www.newsbucovina.ro\/social\/437246\/incendiul-devastator-din-mitocu-dragomirnei-initiat-de-un-scurtciruit-la-panourile-fotovoltaice-ale-unei-anexe-o-vecina-a-suferit-arsuri-grave-pe-40-din-suprafata-corpului-incercand-sa-salveze-animal&#8221;]<\/p>\n","protected":false},"excerpt":{"rendered":"<p>[analyse_image type=&#8221;featured&#8221; src=&#8221;https:\/\/www.newsbucovina.ro\/wp-content\/uploads\/2026\/04\/WhatsApp-Image-2026-04-27-at-16.22.09.jpeghttps:\/\/cdn.newsbucovina.ro\/wp-content\/uploads\/2026\/04\/WhatsApp-Image-2026-04-27-at-16.22.09.jpeg&#8221;] Intr\u0103 acum \u0219i \u00een grupul de Telegram News Bucovina Un incendiu puternic a izbucnit luni, 27 aprilie 2026, \u00een jurul orei 15:20, la o anex\u0103 a unei locuin\u021be din localitatea Mitocu Dragomirnei. O femeie a suferit arsuri grave \u00een timp ce \u00eencerca s\u0103 salveze animalele din interior. Potrivit primelor verific\u0103ri efectuate de [&hellip;]<\/p>\n","protected":false},"author":1,"featured_media":0,"comment_status":"open","ping_status":"","sticky":false,"template":"","format":"standard","meta":{"footnotes":""},"categories":[89],"tags":[226,165],"class_list":["post-1907446","post","type-post","status-publish","format-standard","hentry","category-romania","tag-crawlmanager","tag-newsbucovina-ro"],"_links":{"self":[{"href":"https:\/\/analyse.optim.biz\/index.php?rest_route=\/wp\/v2\/posts\/1907446","targetHints":{"allow":["GET"]}}],"collection":[{"href":"https:\/\/analyse.optim.biz\/index.php?rest_route=\/wp\/v2\/posts"}],"about":[{"href":"https:\/\/analyse.optim.biz\/index.php?rest_route=\/wp\/v2\/types\/post"}],"author":[{"embeddable":true,"href":"https:\/\/analyse.optim.biz\/index.php?rest_route=\/wp\/v2\/users\/1"}],"replies":[{"embeddable":true,"href":"https:\/\/analyse.optim.biz\/index.php?rest_route=%2Fwp%2Fv2%2Fcomments&post=1907446"}],"version-history":[{"count":0,"href":"https:\/\/analyse.optim.biz\/index.php?rest_route=\/wp\/v2\/posts\/1907446\/revisions"}],"wp:attachment":[{"href":"https:\/\/analyse.optim.biz\/index.php?rest_route=%2Fwp%2Fv2%2Fmedia&parent=1907446"}],"wp:term":[{"taxonomy":"category","embeddable":true,"href":"https:\/\/analyse.optim.biz\/index.php?rest_route=%2Fwp%2Fv2%2Fcategories&post=1907446"},{"taxonomy":"post_tag","embeddable":true,"href":"https:\/\/analyse.optim.biz\/index.php?rest_route=%2Fwp%2Fv2%2Ftags&post=1907446"}],"curies":[{"name":"wp","href":"https:\/\/api.w.org\/{rel}","templated":true}]}}