{"id":1907443,"date":"2026-04-28T08:10:30","date_gmt":"2026-04-28T05:10:30","guid":{"rendered":"https:\/\/analyse.optim.biz\/?p=1907443"},"modified":"2026-04-28T08:10:30","modified_gmt":"2026-04-28T05:10:30","slug":"barbat-retinut-pentru-tentativa-de-omor-calificat-dupa-ce-si-a-injunghiat-fosta-concubina-in-radauti","status":"publish","type":"post","link":"https:\/\/analyse.optim.biz\/?p=1907443","title":{"rendered":"B\u0103rbat re\u021binut pentru tentativ\u0103 de omor calificat dup\u0103 ce \u0219i-a \u00eenjunghiat fosta concubin\u0103 \u00een R\u0103d\u0103u\u021bi"},"content":{"rendered":"<p>[analyse_image type=&#8221;featured&#8221; src=&#8221;https:\/\/www.newsbucovina.ro\/wp-content\/uploads\/2025\/10\/retinere-politie.pnghttps:\/\/cdn.newsbucovina.ro\/wp-content\/uploads\/2025\/10\/retinere-politie.png&#8221;]<\/p>\n<div class=\"td-post-content tagdiv-type\">\n<div class=\"td-a-rec td-a-rec-id-content_top  tdi_3 td_block_template_1\"><strong>Intr\u0103 acum \u0219i \u00een grupul de <\/p>\n<div class=\"wp-block-button\"><a class=\"wp-block-button__link wp-element-button\" href=\"https:\/\/t.me\/+TH8wcfnp8fw5NWI0\">Telegram News Bucovina<\/a><\/div>\n<p><\/strong><\/div>\n<p>Un b\u0103rbat de 37 de ani a fost re\u021binut pentru 24 de ore \u0219i propus pentru arestare preventiv\u0103 dup\u0103 ce a p\u0103truns f\u0103r\u0103 drept \u00een locuin\u021ba fostei concubine \u0219i a agresat-o cu un obiect ascu\u021bit, provoc\u00e2ndu-i o plag\u0103 prin \u00een\u021bepare \u00een zona spatelui.<\/p>\n<div class=\"wp-block-image\">\n<figure class=\"aligncenter size-full\"><a href=\"https:\/\/cdn.newsbucovina.ro\/wp-content\/uploads\/2025\/10\/retinere-politie.png\"><img loading=\"lazy\" decoding=\"async\" width=\"540\" height=\"315\" src=\"https:\/\/cdn.newsbucovina.ro\/wp-content\/uploads\/2025\/10\/retinere-politie.png\" alt class=\"wp-image-421810\"><\/a><\/figure>\n<\/div>\n<p>Femeia de 31 de ani a sesizat poli\u021bia dup\u0103 ce fostul concubin a b\u0103tut la u\u0219\u0103 \u0219i a intrat \u00een apartament f\u0103r\u0103 acordul ei, \u00een timp ce se afla \u00eempreun\u0103 cu m\u0103tu\u0219a sa.<\/p>\n<p>\u00centre cei doi a izbucnit un conflict verbal care a degenerat rapid. B\u0103rbatul a lovit-o pe victim\u0103 cu un obiect ascu\u021bit \u00een spate, cauz\u00e2ndu-i o plag\u0103 superficial\u0103 cu ad\u00e2ncimea de aproximativ 1 cm. Agresorul a p\u0103r\u0103sit apoi locuin\u021ba, dar a fost identificat \u0219i re\u021binut de poli\u021bi\u0219tii mobiliza\u021bi \u00een zon\u0103.<\/p>\n<p>Victima a fost transportat\u0103 de un echipaj SAJ la CPU R\u0103d\u0103u\u021bi, unde i-a fost toaletat\u0103 leziunea. Ea nu a necesitat internare.<\/p>\n<p>Poli\u021bi\u0219tii au emis un <strong>ordin de protec\u021bie provizoriu<\/strong>, oblig\u00e2ndu-l pe agresor s\u0103 p\u0103streze o distan\u021b\u0103 minim\u0103 de <strong>25 de metri<\/strong> fa\u021b\u0103 de victim\u0103 \u0219i fa\u021b\u0103 de imobil. Ini\u021bial, femeia a refuzat montarea unui sistem de monitorizare electronic\u0103, dar ulterior \u0219i-a schimbat decizia \u0219i a solicitat aceast\u0103 m\u0103sur\u0103.<\/p>\n<p>Dup\u0103 administrarea probatoriului, \u00eencadrarea juridic\u0103 a faptelor a fost schimbat\u0103 din \u201elovire sau alte violen\u021be\u201d \u00een <strong>violen\u021b\u0103 \u00een familie raportat\u0103 la tentativ\u0103 de omor calificat<\/strong> \u0219i <strong>violarea de domiciliu<\/strong>.<\/p>\n<p>B\u0103rbatul a fost re\u021binut pentru 24 de ore \u0219i introdus \u00een Centrul de Re\u021binere \u0219i Arest Preventiv al IPJ Suceava. El va fi prezentat judec\u0103torului de drepturi \u0219i libert\u0103\u021bi din cadrul Tribunalului Suceava cu propunere de arestare preventiv\u0103.<\/p>\n<p>Cercet\u0103rile sunt continuate de Serviciul Investiga\u021bii Criminale din cadrul Inspectoratului de Poli\u021bie Jude\u021bean Suceava, sub supravegherea Parchetului de pe l\u00e2ng\u0103 Tribunalul Suceava.<\/p>\n<figure class=\"wp-block-embed is-type-video is-provider-youtube wp-block-embed-youtube wp-embed-aspect-16-9 wp-has-aspect-ratio\">\n<div class=\"wp-block-embed__wrapper\">\n<div class=\"youtube-embed\" data-video_id=\"kVlZBegLWgA\"><iframe loading=\"lazy\" title=\"De la Suceava la Dorna te \u00ceneci sub tone de pamper\u0219i \u0219i fecale!! E JALE pe European!!\" width=\"696\" height=\"392\" src=\"https:\/\/www.youtube.com\/embed\/kVlZBegLWgA?start=2&amp;feature=oembed\" frameborder allow=\"accelerometer; autoplay; clipboard-write; encrypted-media; gyroscope; picture-in-picture; web-share\" referrerpolicy=\"strict-origin-when-cross-origin\" allowfullscreen><\/iframe><\/div>\n<\/div>\n<\/figure>\n<div class=\"td-a-rec td-a-rec-id-content_bottom  tdi_4 td_block_template_1\"><strong>Intr\u0103 acum \u0219i \u00een grupul de <\/p>\n<div class=\"wp-block-button\"><a class=\"wp-block-button__link wp-element-button\" href=\"https:\/\/t.me\/+TH8wcfnp8fw5NWI0\">Telegram News Bucovina<\/a><\/div>\n<p><\/strong><\/div>\n<\/div>\n<div class=\"td-post-content tagdiv-type\">\n<div class=\"td-a-rec td-a-rec-id-content_top  tdi_3 td_block_template_1\"><strong>Intr\u0103 acum \u0219i \u00een grupul de <\/p>\n<div class=\"wp-block-button\"><a class=\"wp-block-button__link wp-element-button\" href=\"https:\/\/t.me\/+TH8wcfnp8fw5NWI0\">Telegram News Bucovina<\/a><\/div>\n<p><\/strong><\/div>\n<p>Un b\u0103rbat de 37 de ani a fost re\u021binut pentru 24 de ore \u0219i propus pentru arestare preventiv\u0103 dup\u0103 ce a p\u0103truns f\u0103r\u0103 drept \u00een locuin\u021ba fostei concubine \u0219i a agresat-o cu un obiect ascu\u021bit, provoc\u00e2ndu-i o plag\u0103 prin \u00een\u021bepare \u00een zona spatelui.<\/p>\n<div class=\"wp-block-image\">\n<figure class=\"aligncenter size-full\"><a href=\"https:\/\/cdn.newsbucovina.ro\/wp-content\/uploads\/2025\/10\/retinere-politie.png\"><img loading=\"lazy\" decoding=\"async\" width=\"540\" height=\"315\" src=\"https:\/\/cdn.newsbucovina.ro\/wp-content\/uploads\/2025\/10\/retinere-politie.png\" alt class=\"wp-image-421810\"><\/a><\/figure>\n<\/div>\n<p>Femeia de 31 de ani a sesizat poli\u021bia dup\u0103 ce fostul concubin a b\u0103tut la u\u0219\u0103 \u0219i a intrat \u00een apartament f\u0103r\u0103 acordul ei, \u00een timp ce se afla \u00eempreun\u0103 cu m\u0103tu\u0219a sa.<\/p>\n<p>\u00centre cei doi a izbucnit un conflict verbal care a degenerat rapid. B\u0103rbatul a lovit-o pe victim\u0103 cu un obiect ascu\u021bit \u00een spate, cauz\u00e2ndu-i o plag\u0103 superficial\u0103 cu ad\u00e2ncimea de aproximativ 1 cm. Agresorul a p\u0103r\u0103sit apoi locuin\u021ba, dar a fost identificat \u0219i re\u021binut de poli\u021bi\u0219tii mobiliza\u021bi \u00een zon\u0103.<\/p>\n<p>Victima a fost transportat\u0103 de un echipaj SAJ la CPU R\u0103d\u0103u\u021bi, unde i-a fost toaletat\u0103 leziunea. Ea nu a necesitat internare.<\/p>\n<p>Poli\u021bi\u0219tii au emis un <strong>ordin de protec\u021bie provizoriu<\/strong>, oblig\u00e2ndu-l pe agresor s\u0103 p\u0103streze o distan\u021b\u0103 minim\u0103 de <strong>25 de metri<\/strong> fa\u021b\u0103 de victim\u0103 \u0219i fa\u021b\u0103 de imobil. Ini\u021bial, femeia a refuzat montarea unui sistem de monitorizare electronic\u0103, dar ulterior \u0219i-a schimbat decizia \u0219i a solicitat aceast\u0103 m\u0103sur\u0103.<\/p>\n<p>Dup\u0103 administrarea probatoriului, \u00eencadrarea juridic\u0103 a faptelor a fost schimbat\u0103 din \u201elovire sau alte violen\u021be\u201d \u00een <strong>violen\u021b\u0103 \u00een familie raportat\u0103 la tentativ\u0103 de omor calificat<\/strong> \u0219i <strong>violarea de domiciliu<\/strong>.<\/p>\n<p>B\u0103rbatul a fost re\u021binut pentru 24 de ore \u0219i introdus \u00een Centrul de Re\u021binere \u0219i Arest Preventiv al IPJ Suceava. El va fi prezentat judec\u0103torului de drepturi \u0219i libert\u0103\u021bi din cadrul Tribunalului Suceava cu propunere de arestare preventiv\u0103.<\/p>\n<p>Cercet\u0103rile sunt continuate de Serviciul Investiga\u021bii Criminale din cadrul Inspectoratului de Poli\u021bie Jude\u021bean Suceava, sub supravegherea Parchetului de pe l\u00e2ng\u0103 Tribunalul Suceava.<\/p>\n<figure class=\"wp-block-embed is-type-video is-provider-youtube wp-block-embed-youtube wp-embed-aspect-16-9 wp-has-aspect-ratio\">\n<div class=\"wp-block-embed__wrapper\">\n<div class=\"youtube-embed\" data-video_id=\"kVlZBegLWgA\"><iframe loading=\"lazy\" title=\"De la Suceava la Dorna te \u00ceneci sub tone de pamper\u0219i \u0219i fecale!! E JALE pe European!!\" width=\"696\" height=\"392\" src=\"https:\/\/www.youtube.com\/embed\/kVlZBegLWgA?start=2&amp;feature=oembed\" frameborder allow=\"accelerometer; autoplay; clipboard-write; encrypted-media; gyroscope; picture-in-picture; web-share\" referrerpolicy=\"strict-origin-when-cross-origin\" allowfullscreen><\/iframe><\/div>\n<\/div>\n<\/figure>\n<div class=\"td-a-rec td-a-rec-id-content_bottom  tdi_4 td_block_template_1\"><strong>Intr\u0103 acum \u0219i \u00een grupul de <\/p>\n<div class=\"wp-block-button\"><a class=\"wp-block-button__link wp-element-button\" href=\"https:\/\/t.me\/+TH8wcfnp8fw5NWI0\">Telegram News Bucovina<\/a><\/div>\n<p><\/strong><\/div>\n<\/div>\n<p>[analyse_source url=&#8221;https:\/\/www.newsbucovina.ro\/social\/437244\/barbat-retinut-pentru-tentativa-de-omor-calificat-dupa-ce-si-a-injunghiat-fosta-concubina-in-radauti&#8221;]<\/p>\n","protected":false},"excerpt":{"rendered":"<p>[analyse_image type=&#8221;featured&#8221; src=&#8221;https:\/\/www.newsbucovina.ro\/wp-content\/uploads\/2025\/10\/retinere-politie.pnghttps:\/\/cdn.newsbucovina.ro\/wp-content\/uploads\/2025\/10\/retinere-politie.png&#8221;] Intr\u0103 acum \u0219i \u00een grupul de Telegram News Bucovina Un b\u0103rbat de 37 de ani a fost re\u021binut pentru 24 de ore \u0219i propus pentru arestare preventiv\u0103 dup\u0103 ce a p\u0103truns f\u0103r\u0103 drept \u00een locuin\u021ba fostei concubine \u0219i a agresat-o cu un obiect ascu\u021bit, provoc\u00e2ndu-i o plag\u0103 prin \u00een\u021bepare \u00een zona spatelui. [&hellip;]<\/p>\n","protected":false},"author":1,"featured_media":0,"comment_status":"open","ping_status":"","sticky":false,"template":"","format":"standard","meta":{"footnotes":""},"categories":[89],"tags":[226,165],"class_list":["post-1907443","post","type-post","status-publish","format-standard","hentry","category-romania","tag-crawlmanager","tag-newsbucovina-ro"],"_links":{"self":[{"href":"https:\/\/analyse.optim.biz\/index.php?rest_route=\/wp\/v2\/posts\/1907443","targetHints":{"allow":["GET"]}}],"collection":[{"href":"https:\/\/analyse.optim.biz\/index.php?rest_route=\/wp\/v2\/posts"}],"about":[{"href":"https:\/\/analyse.optim.biz\/index.php?rest_route=\/wp\/v2\/types\/post"}],"author":[{"embeddable":true,"href":"https:\/\/analyse.optim.biz\/index.php?rest_route=\/wp\/v2\/users\/1"}],"replies":[{"embeddable":true,"href":"https:\/\/analyse.optim.biz\/index.php?rest_route=%2Fwp%2Fv2%2Fcomments&post=1907443"}],"version-history":[{"count":0,"href":"https:\/\/analyse.optim.biz\/index.php?rest_route=\/wp\/v2\/posts\/1907443\/revisions"}],"wp:attachment":[{"href":"https:\/\/analyse.optim.biz\/index.php?rest_route=%2Fwp%2Fv2%2Fmedia&parent=1907443"}],"wp:term":[{"taxonomy":"category","embeddable":true,"href":"https:\/\/analyse.optim.biz\/index.php?rest_route=%2Fwp%2Fv2%2Fcategories&post=1907443"},{"taxonomy":"post_tag","embeddable":true,"href":"https:\/\/analyse.optim.biz\/index.php?rest_route=%2Fwp%2Fv2%2Ftags&post=1907443"}],"curies":[{"name":"wp","href":"https:\/\/api.w.org\/{rel}","templated":true}]}}