{"id":1907439,"date":"2026-04-28T07:59:08","date_gmt":"2026-04-28T04:59:08","guid":{"rendered":"https:\/\/analyse.optim.biz\/?p=1907439"},"modified":"2026-04-28T07:59:08","modified_gmt":"2026-04-28T04:59:08","slug":"barbat-retinut-in-arest-dupa-ce-a-condus-beat-si-cu-permisul-anulat-prezentandu-se-sub-identitatea-falsa-a-fratelui-sau","status":"publish","type":"post","link":"https:\/\/analyse.optim.biz\/?p=1907439","title":{"rendered":"B\u0103rbat re\u021binut \u00een arest dup\u0103 ce a condus beat \u0219i cu permisul anulat, prezent\u00e2ndu-se sub identitatea fals\u0103 a fratelui s\u0103u"},"content":{"rendered":"<p>[analyse_image type=&#8221;featured&#8221; src=&#8221;https:\/\/www.newsbucovina.ro\/wp-content\/uploads\/2026\/03\/politie-2.jpeghttps:\/\/cdn.newsbucovina.ro\/wp-content\/uploads\/2026\/03\/politie-2.jpeg&#8221;]<\/p>\n<div class=\"td-post-content tagdiv-type\">\n<div class=\"td-a-rec td-a-rec-id-content_top  tdi_3 td_block_template_1\"><strong>Intr\u0103 acum \u0219i \u00een grupul de <\/p>\n<div class=\"wp-block-button\"><a class=\"wp-block-button__link wp-element-button\" href=\"https:\/\/t.me\/+TH8wcfnp8fw5NWI0\">Telegram News Bucovina<\/a><\/div>\n<p><\/strong><\/div>\n<p>Un b\u0103rbat de 33 de ani din comuna Fr\u0103t\u0103u\u021bii Vechi a fost re\u021binut pentru 24 de ore dup\u0103 ce a condus un autoturism Skoda pe DJ209G, de\u0219i avea permisul de conducere anulat, se afla sub influen\u021ba alcoolului \u0219i a folosit identitatea fals\u0103 a fratelui s\u0103u \u00een momentul opririi de c\u0103tre poli\u021bie.<\/p>\n<div class=\"wp-block-image\">\n<figure class=\"aligncenter size-large\"><a href=\"https:\/\/cdn.newsbucovina.ro\/wp-content\/uploads\/2026\/03\/politie-2.jpeg\"><img loading=\"lazy\" decoding=\"async\" width=\"1024\" height=\"768\" src=\"https:\/\/cdn.newsbucovina.ro\/wp-content\/uploads\/2026\/03\/politie-2-1024x768.jpeg\" alt class=\"wp-image-434080\"><\/a><\/figure>\n<\/div>\n<p>Incidentul s-a petrecut duminic\u0103, 26 aprilie 2026, \u00een jurul orei 20:39, pe raza comunei Straja.<\/p>\n<p>Poli\u021bi\u0219tii din cadrul Poli\u021biei Ora\u0219ului Vicovu de Sus, informa\u021bi de colegii de la Sec\u021bia 3 Poli\u021bie Rural\u0103 Marginea, au organizat un filtru rutier \u0219i au oprit autoturismul suspect.<\/p>\n<p>La control, \u0219oferul a declarat c\u0103 se nume\u0219te altfel \u0219i are 28 de ani, induc\u00e2nd \u00een eroare organele de poli\u021bie. Ulterior, prin verific\u0103ri \u00een bazele de date, a fost identificat\u0103 identitatea real\u0103 a acestuia.<\/p>\n<p>Totodat\u0103, s-a constatat c\u0103 autoturismul avea Inspec\u021bia Tehnic\u0103 Periodic\u0103 (ITP) expirat\u0103.<\/p>\n<p>Testarea cu aparatul etilometru a indicat o concentra\u021bie de <strong>0,36 mg\/l alcool pur \u00een aerul expirat<\/strong>. B\u0103rbatul a fost transportat la Spitalul Municipal R\u0103d\u0103u\u021bi pentru recoltarea probelor biologice de s\u00e2nge.<\/p>\n<p>\u00cen autoturism se aflau, \u00een calitate de pasageri, cei trei copii minori ai \u0219oferului, cu v\u00e2rste cuprinse \u00eentre 3 \u0219i 9 ani.<\/p>\n<p>\u00cen cauz\u0103 s-a \u00eentocmit dosar penal pentru s\u0103v\u00e2r\u0219irea infrac\u021biunilor de <strong>conducere a unui vehicul f\u0103r\u0103 permis de conducere<\/strong> \u0219i <strong>fals privind identitatea<\/strong>, la care s-a ad\u0103ugat ulterior \u0219i <strong>participa\u021bie improprie la fals intelectual<\/strong>.<\/p>\n<p>La data de 27 aprilie 2026, poli\u021bi\u0219tii au dispus re\u021binerea suspectului pentru 24 de ore, acesta fiind introdus \u00een Centrul de Re\u021binere \u0219i Arest Preventiv al Inspectoratului de Poli\u021bie Jude\u021bean Suceava.<\/p>\n<p>De asemenea, pentru abaterile rutiere s\u0103v\u00e2r\u0219ite, \u0219oferul a fost sanc\u021bionat conform O.U.G.195\/2002 cu amenzi \u00een valoare de 9.720 lei.<\/p>\n<p>Cercet\u0103rile sunt continuate de poli\u021bi\u0219tii din cadrul Poli\u021biei Ora\u0219ului Vicovu de Sus, sub supravegherea Parchetului competent.<\/p>\n<figure class=\"wp-block-embed is-type-video is-provider-youtube wp-block-embed-youtube wp-embed-aspect-16-9 wp-has-aspect-ratio\">\n<div class=\"wp-block-embed__wrapper\">\n<div class=\"youtube-embed\" data-video_id=\"kVlZBegLWgA\"><iframe loading=\"lazy\" title=\"De la Suceava la Dorna te \u00ceneci sub tone de pamper\u0219i \u0219i fecale!! E JALE pe European!!\" width=\"696\" height=\"392\" src=\"https:\/\/www.youtube.com\/embed\/kVlZBegLWgA?start=2&amp;feature=oembed\" frameborder allow=\"accelerometer; autoplay; clipboard-write; encrypted-media; gyroscope; picture-in-picture; web-share\" referrerpolicy=\"strict-origin-when-cross-origin\" allowfullscreen><\/iframe><\/div>\n<\/div>\n<\/figure>\n<div class=\"td-a-rec td-a-rec-id-content_bottom  tdi_4 td_block_template_1\"><strong>Intr\u0103 acum \u0219i \u00een grupul de <\/p>\n<div class=\"wp-block-button\"><a class=\"wp-block-button__link wp-element-button\" href=\"https:\/\/t.me\/+TH8wcfnp8fw5NWI0\">Telegram News Bucovina<\/a><\/div>\n<p><\/strong><\/div>\n<\/div>\n<div class=\"td-post-content tagdiv-type\">\n<div class=\"td-a-rec td-a-rec-id-content_top  tdi_3 td_block_template_1\"><strong>Intr\u0103 acum \u0219i \u00een grupul de <\/p>\n<div class=\"wp-block-button\"><a class=\"wp-block-button__link wp-element-button\" href=\"https:\/\/t.me\/+TH8wcfnp8fw5NWI0\">Telegram News Bucovina<\/a><\/div>\n<p><\/strong><\/div>\n<p>Un b\u0103rbat de 33 de ani din comuna Fr\u0103t\u0103u\u021bii Vechi a fost re\u021binut pentru 24 de ore dup\u0103 ce a condus un autoturism Skoda pe DJ209G, de\u0219i avea permisul de conducere anulat, se afla sub influen\u021ba alcoolului \u0219i a folosit identitatea fals\u0103 a fratelui s\u0103u \u00een momentul opririi de c\u0103tre poli\u021bie.<\/p>\n<div class=\"wp-block-image\">\n<figure class=\"aligncenter size-large\"><a href=\"https:\/\/cdn.newsbucovina.ro\/wp-content\/uploads\/2026\/03\/politie-2.jpeg\"><img loading=\"lazy\" decoding=\"async\" width=\"1024\" height=\"768\" src=\"https:\/\/cdn.newsbucovina.ro\/wp-content\/uploads\/2026\/03\/politie-2-1024x768.jpeg\" alt class=\"wp-image-434080\"><\/a><\/figure>\n<\/div>\n<p>Incidentul s-a petrecut duminic\u0103, 26 aprilie 2026, \u00een jurul orei 20:39, pe raza comunei Straja.<\/p>\n<p>Poli\u021bi\u0219tii din cadrul Poli\u021biei Ora\u0219ului Vicovu de Sus, informa\u021bi de colegii de la Sec\u021bia 3 Poli\u021bie Rural\u0103 Marginea, au organizat un filtru rutier \u0219i au oprit autoturismul suspect.<\/p>\n<p>La control, \u0219oferul a declarat c\u0103 se nume\u0219te altfel \u0219i are 28 de ani, induc\u00e2nd \u00een eroare organele de poli\u021bie. Ulterior, prin verific\u0103ri \u00een bazele de date, a fost identificat\u0103 identitatea real\u0103 a acestuia.<\/p>\n<p>Totodat\u0103, s-a constatat c\u0103 autoturismul avea Inspec\u021bia Tehnic\u0103 Periodic\u0103 (ITP) expirat\u0103.<\/p>\n<p>Testarea cu aparatul etilometru a indicat o concentra\u021bie de <strong>0,36 mg\/l alcool pur \u00een aerul expirat<\/strong>. B\u0103rbatul a fost transportat la Spitalul Municipal R\u0103d\u0103u\u021bi pentru recoltarea probelor biologice de s\u00e2nge.<\/p>\n<p>\u00cen autoturism se aflau, \u00een calitate de pasageri, cei trei copii minori ai \u0219oferului, cu v\u00e2rste cuprinse \u00eentre 3 \u0219i 9 ani.<\/p>\n<p>\u00cen cauz\u0103 s-a \u00eentocmit dosar penal pentru s\u0103v\u00e2r\u0219irea infrac\u021biunilor de <strong>conducere a unui vehicul f\u0103r\u0103 permis de conducere<\/strong> \u0219i <strong>fals privind identitatea<\/strong>, la care s-a ad\u0103ugat ulterior \u0219i <strong>participa\u021bie improprie la fals intelectual<\/strong>.<\/p>\n<p>La data de 27 aprilie 2026, poli\u021bi\u0219tii au dispus re\u021binerea suspectului pentru 24 de ore, acesta fiind introdus \u00een Centrul de Re\u021binere \u0219i Arest Preventiv al Inspectoratului de Poli\u021bie Jude\u021bean Suceava.<\/p>\n<p>De asemenea, pentru abaterile rutiere s\u0103v\u00e2r\u0219ite, \u0219oferul a fost sanc\u021bionat conform O.U.G.195\/2002 cu amenzi \u00een valoare de 9.720 lei.<\/p>\n<p>Cercet\u0103rile sunt continuate de poli\u021bi\u0219tii din cadrul Poli\u021biei Ora\u0219ului Vicovu de Sus, sub supravegherea Parchetului competent.<\/p>\n<figure class=\"wp-block-embed is-type-video is-provider-youtube wp-block-embed-youtube wp-embed-aspect-16-9 wp-has-aspect-ratio\">\n<div class=\"wp-block-embed__wrapper\">\n<div class=\"youtube-embed\" data-video_id=\"kVlZBegLWgA\"><iframe loading=\"lazy\" title=\"De la Suceava la Dorna te \u00ceneci sub tone de pamper\u0219i \u0219i fecale!! E JALE pe European!!\" width=\"696\" height=\"392\" src=\"https:\/\/www.youtube.com\/embed\/kVlZBegLWgA?start=2&amp;feature=oembed\" frameborder allow=\"accelerometer; autoplay; clipboard-write; encrypted-media; gyroscope; picture-in-picture; web-share\" referrerpolicy=\"strict-origin-when-cross-origin\" allowfullscreen><\/iframe><\/div>\n<\/div>\n<\/figure>\n<div class=\"td-a-rec td-a-rec-id-content_bottom  tdi_4 td_block_template_1\"><strong>Intr\u0103 acum \u0219i \u00een grupul de <\/p>\n<div class=\"wp-block-button\"><a class=\"wp-block-button__link wp-element-button\" href=\"https:\/\/t.me\/+TH8wcfnp8fw5NWI0\">Telegram News Bucovina<\/a><\/div>\n<p><\/strong><\/div>\n<\/div>\n<p>[analyse_source url=&#8221;https:\/\/www.newsbucovina.ro\/social\/437238\/barbat-retinut-in-arest-dupa-ce-a-condus-beat-si-cu-permisul-anulat-prezentandu-se-sub-identitatea-falsa-a-fratelui-sau&#8221;]<\/p>\n","protected":false},"excerpt":{"rendered":"<p>[analyse_image type=&#8221;featured&#8221; src=&#8221;https:\/\/www.newsbucovina.ro\/wp-content\/uploads\/2026\/03\/politie-2.jpeghttps:\/\/cdn.newsbucovina.ro\/wp-content\/uploads\/2026\/03\/politie-2.jpeg&#8221;] Intr\u0103 acum \u0219i \u00een grupul de Telegram News Bucovina Un b\u0103rbat de 33 de ani din comuna Fr\u0103t\u0103u\u021bii Vechi a fost re\u021binut pentru 24 de ore dup\u0103 ce a condus un autoturism Skoda pe DJ209G, de\u0219i avea permisul de conducere anulat, se afla sub influen\u021ba alcoolului \u0219i a folosit identitatea fals\u0103 a [&hellip;]<\/p>\n","protected":false},"author":1,"featured_media":0,"comment_status":"open","ping_status":"","sticky":false,"template":"","format":"standard","meta":{"footnotes":""},"categories":[89],"tags":[226,165],"class_list":["post-1907439","post","type-post","status-publish","format-standard","hentry","category-romania","tag-crawlmanager","tag-newsbucovina-ro"],"_links":{"self":[{"href":"https:\/\/analyse.optim.biz\/index.php?rest_route=\/wp\/v2\/posts\/1907439","targetHints":{"allow":["GET"]}}],"collection":[{"href":"https:\/\/analyse.optim.biz\/index.php?rest_route=\/wp\/v2\/posts"}],"about":[{"href":"https:\/\/analyse.optim.biz\/index.php?rest_route=\/wp\/v2\/types\/post"}],"author":[{"embeddable":true,"href":"https:\/\/analyse.optim.biz\/index.php?rest_route=\/wp\/v2\/users\/1"}],"replies":[{"embeddable":true,"href":"https:\/\/analyse.optim.biz\/index.php?rest_route=%2Fwp%2Fv2%2Fcomments&post=1907439"}],"version-history":[{"count":0,"href":"https:\/\/analyse.optim.biz\/index.php?rest_route=\/wp\/v2\/posts\/1907439\/revisions"}],"wp:attachment":[{"href":"https:\/\/analyse.optim.biz\/index.php?rest_route=%2Fwp%2Fv2%2Fmedia&parent=1907439"}],"wp:term":[{"taxonomy":"category","embeddable":true,"href":"https:\/\/analyse.optim.biz\/index.php?rest_route=%2Fwp%2Fv2%2Fcategories&post=1907439"},{"taxonomy":"post_tag","embeddable":true,"href":"https:\/\/analyse.optim.biz\/index.php?rest_route=%2Fwp%2Fv2%2Ftags&post=1907439"}],"curies":[{"name":"wp","href":"https:\/\/api.w.org\/{rel}","templated":true}]}}