{"id":1907435,"date":"2026-04-28T07:51:37","date_gmt":"2026-04-28T04:51:37","guid":{"rendered":"https:\/\/analyse.optim.biz\/?p=1907435"},"modified":"2026-04-28T07:51:37","modified_gmt":"2026-04-28T04:51:37","slug":"accident-pe-dn29a-la-serbanesti-tanara-motociclista-ranita-dupa-o-coliziune-cu-un-biciclist-ce-a-traversat-drumul-neregulamentar","status":"publish","type":"post","link":"https:\/\/analyse.optim.biz\/?p=1907435","title":{"rendered":"Accident pe DN29A la \u0218erb\u0103ne\u0219ti: T\u00e2n\u0103r\u0103 motociclist\u0103 r\u0103nit\u0103 dup\u0103 o coliziune cu un biciclist ce a traversat drumul neregulamentar"},"content":{"rendered":"<p>[analyse_image type=&#8221;featured&#8221; src=&#8221;https:\/\/www.newsbucovina.ro\/wp-content\/uploads\/2019\/08\/accident-motociclist-poiana-stampei-1-1.jpeghttps:\/\/cdn.newsbucovina.ro\/wp-content\/uploads\/2019\/08\/accident-motociclist-poiana-stampei-1-1.jpeg&#8221;]<\/p>\n<div class=\"td-post-content tagdiv-type\">\n<div class=\"td-a-rec td-a-rec-id-content_top  tdi_3 td_block_template_1\"><strong>Intr\u0103 acum \u0219i \u00een grupul de <\/p>\n<div class=\"wp-block-button\"><a class=\"wp-block-button__link wp-element-button\" href=\"https:\/\/t.me\/+TH8wcfnp8fw5NWI0\">Telegram News Bucovina<\/a><\/div>\n<p><\/strong><\/div>\n<p>Un accident rutier s-a produs luni, 27 aprilie 2026, \u00een jurul orei 16:07, pe DN29A, \u00een localitatea \u0218erb\u0103ne\u0219ti, comuna Zvori\u0219tea.<\/p>\n<figure class=\"wp-block-image size-large\"><a href=\"https:\/\/cdn.newsbucovina.ro\/wp-content\/uploads\/2019\/08\/accident-motociclist-poiana-stampei-1-1.jpeg\"><img loading=\"lazy\" decoding=\"async\" width=\"1024\" height=\"736\" src=\"https:\/\/cdn.newsbucovina.ro\/wp-content\/uploads\/2019\/08\/accident-motociclist-poiana-stampei-1-1-1024x736.jpeg.webp\" alt class=\"wp-image-259621\"><\/a><\/figure>\n<p>Un b\u0103rbat de 63 de ani, din comuna Zvori\u0219tea, care circula pe biciclet\u0103, s-a angajat \u00een traversarea drumului public f\u0103r\u0103 s\u0103 se asigure corespunz\u0103tor \u0219i f\u0103r\u0103 s\u0103 acorde prioritate de trecere unei motociclete marca Yamaha, conduse de o t\u00e2n\u0103r\u0103 de 17 ani, din aceea\u0219i comun\u0103.<\/p>\n<p>\u00a0Motocicleta se deplasa dinspre Zvori\u0219tea c\u0103tre C\u0103lug\u0103reni.<\/p>\n<p>\u00cen urma impactului, conduc\u0103toarea motocicletei a suferit v\u0103t\u0103m\u0103ri corporale \u0219i a fost transportat\u0103 la Spitalul Jude\u021bean de Urgen\u021b\u0103 \u201eSf. Ioan cel Nou\u201d Suceava, unde a fost diagnosticat\u0103 cu contuzii u\u0219oare prin accident rutier \u0219i contuzie coloan\u0103 cervical\u0103.<\/p>\n<p>At\u00e2t biciclistul, c\u00e2t \u0219i motociclista au fost testa\u021bi cu aparatul etilometru, rezultatele fiind negative \u00een ambele cazuri.<\/p>\n<p>Poli\u021bi\u0219tii rutieri din cadrul Poli\u021biei Municipiului Suceava au \u00eentocmit dosar penal sub aspectul s\u0103v\u00e2r\u0219irii infrac\u021biunii de <strong>v\u0103t\u0103mare corporal\u0103 din culp\u0103<\/strong>.<\/p>\n<figure class=\"wp-block-embed is-type-video is-provider-youtube wp-block-embed-youtube wp-embed-aspect-16-9 wp-has-aspect-ratio\">\n<div class=\"wp-block-embed__wrapper\">\n<div class=\"youtube-embed\" data-video_id=\"kVlZBegLWgA\"><iframe loading=\"lazy\" title=\"De la Suceava la Dorna te \u00ceneci sub tone de pamper\u0219i \u0219i fecale!! E JALE pe European!!\" width=\"696\" height=\"392\" src=\"https:\/\/www.youtube.com\/embed\/kVlZBegLWgA?start=2&amp;feature=oembed\" frameborder allow=\"accelerometer; autoplay; clipboard-write; encrypted-media; gyroscope; picture-in-picture; web-share\" referrerpolicy=\"strict-origin-when-cross-origin\" allowfullscreen><\/iframe><\/div>\n<\/div>\n<\/figure>\n<div class=\"td-a-rec td-a-rec-id-content_bottom  tdi_4 td_block_template_1\"><strong>Intr\u0103 acum \u0219i \u00een grupul de <\/p>\n<div class=\"wp-block-button\"><a class=\"wp-block-button__link wp-element-button\" href=\"https:\/\/t.me\/+TH8wcfnp8fw5NWI0\">Telegram News Bucovina<\/a><\/div>\n<p><\/strong><\/div>\n<\/div>\n<div class=\"td-post-content tagdiv-type\">\n<div class=\"td-a-rec td-a-rec-id-content_top  tdi_3 td_block_template_1\"><strong>Intr\u0103 acum \u0219i \u00een grupul de <\/p>\n<div class=\"wp-block-button\"><a class=\"wp-block-button__link wp-element-button\" href=\"https:\/\/t.me\/+TH8wcfnp8fw5NWI0\">Telegram News Bucovina<\/a><\/div>\n<p><\/strong><\/div>\n<p>Un accident rutier s-a produs luni, 27 aprilie 2026, \u00een jurul orei 16:07, pe DN29A, \u00een localitatea \u0218erb\u0103ne\u0219ti, comuna Zvori\u0219tea.<\/p>\n<figure class=\"wp-block-image size-large\"><a href=\"https:\/\/cdn.newsbucovina.ro\/wp-content\/uploads\/2019\/08\/accident-motociclist-poiana-stampei-1-1.jpeg\"><img loading=\"lazy\" decoding=\"async\" width=\"1024\" height=\"736\" src=\"https:\/\/cdn.newsbucovina.ro\/wp-content\/uploads\/2019\/08\/accident-motociclist-poiana-stampei-1-1-1024x736.jpeg.webp\" alt class=\"wp-image-259621\"><\/a><\/figure>\n<p>Un b\u0103rbat de 63 de ani, din comuna Zvori\u0219tea, care circula pe biciclet\u0103, s-a angajat \u00een traversarea drumului public f\u0103r\u0103 s\u0103 se asigure corespunz\u0103tor \u0219i f\u0103r\u0103 s\u0103 acorde prioritate de trecere unei motociclete marca Yamaha, conduse de o t\u00e2n\u0103r\u0103 de 17 ani, din aceea\u0219i comun\u0103.<\/p>\n<p>\u00a0Motocicleta se deplasa dinspre Zvori\u0219tea c\u0103tre C\u0103lug\u0103reni.<\/p>\n<p>\u00cen urma impactului, conduc\u0103toarea motocicletei a suferit v\u0103t\u0103m\u0103ri corporale \u0219i a fost transportat\u0103 la Spitalul Jude\u021bean de Urgen\u021b\u0103 \u201eSf. Ioan cel Nou\u201d Suceava, unde a fost diagnosticat\u0103 cu contuzii u\u0219oare prin accident rutier \u0219i contuzie coloan\u0103 cervical\u0103.<\/p>\n<p>At\u00e2t biciclistul, c\u00e2t \u0219i motociclista au fost testa\u021bi cu aparatul etilometru, rezultatele fiind negative \u00een ambele cazuri.<\/p>\n<p>Poli\u021bi\u0219tii rutieri din cadrul Poli\u021biei Municipiului Suceava au \u00eentocmit dosar penal sub aspectul s\u0103v\u00e2r\u0219irii infrac\u021biunii de <strong>v\u0103t\u0103mare corporal\u0103 din culp\u0103<\/strong>.<\/p>\n<figure class=\"wp-block-embed is-type-video is-provider-youtube wp-block-embed-youtube wp-embed-aspect-16-9 wp-has-aspect-ratio\">\n<div class=\"wp-block-embed__wrapper\">\n<div class=\"youtube-embed\" data-video_id=\"kVlZBegLWgA\"><iframe loading=\"lazy\" title=\"De la Suceava la Dorna te \u00ceneci sub tone de pamper\u0219i \u0219i fecale!! E JALE pe European!!\" width=\"696\" height=\"392\" src=\"https:\/\/www.youtube.com\/embed\/kVlZBegLWgA?start=2&amp;feature=oembed\" frameborder allow=\"accelerometer; autoplay; clipboard-write; encrypted-media; gyroscope; picture-in-picture; web-share\" referrerpolicy=\"strict-origin-when-cross-origin\" allowfullscreen><\/iframe><\/div>\n<\/div>\n<\/figure>\n<div class=\"td-a-rec td-a-rec-id-content_bottom  tdi_4 td_block_template_1\"><strong>Intr\u0103 acum \u0219i \u00een grupul de <\/p>\n<div class=\"wp-block-button\"><a class=\"wp-block-button__link wp-element-button\" href=\"https:\/\/t.me\/+TH8wcfnp8fw5NWI0\">Telegram News Bucovina<\/a><\/div>\n<p><\/strong><\/div>\n<\/div>\n<p>[analyse_source url=&#8221;https:\/\/www.newsbucovina.ro\/social\/437235\/accident-pe-dn29a-la-serbanesti-tanara-motociclista-ranita-dupa-o-coliziune-cu-un-biciclist-ce-a-traversat-drumul-neregulamentar&#8221;]<\/p>\n","protected":false},"excerpt":{"rendered":"<p>[analyse_image type=&#8221;featured&#8221; src=&#8221;https:\/\/www.newsbucovina.ro\/wp-content\/uploads\/2019\/08\/accident-motociclist-poiana-stampei-1-1.jpeghttps:\/\/cdn.newsbucovina.ro\/wp-content\/uploads\/2019\/08\/accident-motociclist-poiana-stampei-1-1.jpeg&#8221;] Intr\u0103 acum \u0219i \u00een grupul de Telegram News Bucovina Un accident rutier s-a produs luni, 27 aprilie 2026, \u00een jurul orei 16:07, pe DN29A, \u00een localitatea \u0218erb\u0103ne\u0219ti, comuna Zvori\u0219tea. Un b\u0103rbat de 63 de ani, din comuna Zvori\u0219tea, care circula pe biciclet\u0103, s-a angajat \u00een traversarea drumului public f\u0103r\u0103 s\u0103 se asigure [&hellip;]<\/p>\n","protected":false},"author":1,"featured_media":0,"comment_status":"open","ping_status":"","sticky":false,"template":"","format":"standard","meta":{"footnotes":""},"categories":[89],"tags":[226,165],"class_list":["post-1907435","post","type-post","status-publish","format-standard","hentry","category-romania","tag-crawlmanager","tag-newsbucovina-ro"],"_links":{"self":[{"href":"https:\/\/analyse.optim.biz\/index.php?rest_route=\/wp\/v2\/posts\/1907435","targetHints":{"allow":["GET"]}}],"collection":[{"href":"https:\/\/analyse.optim.biz\/index.php?rest_route=\/wp\/v2\/posts"}],"about":[{"href":"https:\/\/analyse.optim.biz\/index.php?rest_route=\/wp\/v2\/types\/post"}],"author":[{"embeddable":true,"href":"https:\/\/analyse.optim.biz\/index.php?rest_route=\/wp\/v2\/users\/1"}],"replies":[{"embeddable":true,"href":"https:\/\/analyse.optim.biz\/index.php?rest_route=%2Fwp%2Fv2%2Fcomments&post=1907435"}],"version-history":[{"count":0,"href":"https:\/\/analyse.optim.biz\/index.php?rest_route=\/wp\/v2\/posts\/1907435\/revisions"}],"wp:attachment":[{"href":"https:\/\/analyse.optim.biz\/index.php?rest_route=%2Fwp%2Fv2%2Fmedia&parent=1907435"}],"wp:term":[{"taxonomy":"category","embeddable":true,"href":"https:\/\/analyse.optim.biz\/index.php?rest_route=%2Fwp%2Fv2%2Fcategories&post=1907435"},{"taxonomy":"post_tag","embeddable":true,"href":"https:\/\/analyse.optim.biz\/index.php?rest_route=%2Fwp%2Fv2%2Ftags&post=1907435"}],"curies":[{"name":"wp","href":"https:\/\/api.w.org\/{rel}","templated":true}]}}