{"id":1907430,"date":"2026-04-28T08:25:00","date_gmt":"2026-04-28T05:25:00","guid":{"rendered":"https:\/\/analyse.optim.biz\/?p=1907430"},"modified":"2026-04-28T08:25:00","modified_gmt":"2026-04-28T05:25:00","slug":"concurs-national-scoate-violenta-scolara-din-anonimat-elevii-suceveni-sunt-invitati-sa-creeze-spoturi-audio-impotriva-bullying-ului","status":"publish","type":"post","link":"https:\/\/analyse.optim.biz\/?p=1907430","title":{"rendered":"Concurs na\u021bional \u201eScoate violen\u021ba \u0219colar\u0103 din anonimat\u201d: Elevii suceveni sunt invita\u021bi s\u0103 creeze spoturi audio \u00eempotriva bullying-ului"},"content":{"rendered":"<p>[analyse_image type=&#8221;featured&#8221; src=&#8221;https:\/\/www.newsbucovina.ro\/wp-content\/uploads\/2026\/04\/concurs-politie-scoala.jpghttps:\/\/cdn.newsbucovina.ro\/wp-content\/uploads\/2026\/04\/concurs-politie-scoala.jpg&#8221;]<\/p>\n<div class=\"td-post-content tagdiv-type\">\n<div class=\"td-a-rec td-a-rec-id-content_top  tdi_3 td_block_template_1\"><strong>Intr\u0103 acum \u0219i \u00een grupul de <\/p>\n<div class=\"wp-block-button\"><a class=\"wp-block-button__link wp-element-button\" href=\"https:\/\/t.me\/+TH8wcfnp8fw5NWI0\">Telegram News Bucovina<\/a><\/div>\n<p><\/strong><\/div>\n<p>Poli\u021bia Rom\u00e2n\u0103 deruleaz\u0103, \u00een perioada aprilie-iunie 2026, Concursul na\u021bional de crea\u021bie audio \u201eScoate violen\u021ba \u0219colar\u0103 din anonimat\u201d, adresat elevilor din ciclul gimnazial din toate unit\u0103\u021bile de \u00eenv\u0103\u021b\u0103m\u00e2nt preuniversitar, inclusiv din jude\u021bul Suceava.<\/p>\n<div class=\"wp-block-image\">\n<figure class=\"aligncenter size-full\"><a href=\"https:\/\/cdn.newsbucovina.ro\/wp-content\/uploads\/2026\/04\/concurs-politie-scoala.jpg\"><img loading=\"lazy\" decoding=\"async\" width=\"700\" height=\"400\" src=\"https:\/\/cdn.newsbucovina.ro\/wp-content\/uploads\/2026\/04\/concurs-politie-scoala.jpg\" alt class=\"wp-image-437249\"><\/a><\/figure>\n<\/div>\n<p>Concursul \u00ee\u0219i propune s\u0103 stimuleze creativitatea, g\u00e2ndirea critic\u0103 \u0219i comunicarea prin art\u0103, provoc\u00e2ndu-i pe elevi s\u0103 \u00ee\u0219i foloseasc\u0103 propria voce pentru a cre\u0219te gradul de con\u0219tientizare privind violen\u021ba \u0219colar\u0103 \u0219i bullying-ul, contribuind astfel la asigurarea unui mediu educa\u021bional sigur \u0219i protejat.<\/p>\n<p>Elevii de gimnaziu vor participa \u00een echipe formate din <strong>2 elevi pe nivel de clas\u0103<\/strong>, sub \u00eendrumarea unui profesor coordonator. Proba unic\u0103 const\u0103 \u00een realizarea unui <strong>spot audio<\/strong> cu o durat\u0103 cuprins\u0103 \u00eentre <strong>15 \u0219i 30 de secunde<\/strong>, care s\u0103 transmit\u0103 un mesaj clar, concis, cu ritm alert \u0219i u\u0219or de re\u021binut, f\u0103c\u00e2nd trimitere la site-ul <a href=\"http:\/\/www.sigurantascolara.ro\" target=\"_blank\" rel=\"noreferrer noopener\">www.sigurantascolara.ro<\/a>.<\/p>\n<p><strong>Reguli esen\u021biale:<\/strong><\/p>\n<ul class=\"wp-block-list\">\n<li>Spoturile audio trebuie create integral de elevi, f\u0103r\u0103 utilizarea inteligen\u021bei artificiale.<\/li>\n<li>Fiecare echip\u0103 poate \u00eenscrie un singur spot.<\/li>\n<li>Un profesor poate coordona maximum trei echipe.<\/li>\n<li>Nu se percep taxe de participare.<\/li>\n<li>Num\u0103rul maxim de echipe acceptate este de 150, \u00een ordinea \u00eenregistr\u0103rii.<\/li>\n<\/ul>\n<p><strong>Calendarul concursului:<\/strong><\/p>\n<ul class=\"wp-block-list\">\n<li><strong>20 \u2013 24 aprilie 2026<\/strong> \u2013 Lansarea \u0219i mediatizarea concursului.<\/li>\n<li><strong>25 aprilie \u2013 20 mai 2026<\/strong> \u2013 Perioada de \u00eenscriere (prin completarea formularului \u0219i \u00eenc\u0103rcarea spotului audio pe link-ul dedicat).<\/li>\n<li><strong>21 \u2013 28 mai 2026<\/strong> \u2013 Evaluarea spoturilor de c\u0103tre comisia central\u0103.<\/li>\n<li><strong>29 mai \u2013 1 iunie 2026<\/strong> \u2013 Premierea c\u00e2\u0219tig\u0103torilor, \u00een contextul Zilei Interna\u021bionale a Copilului.<\/li>\n<\/ul>\n<p>Vor fi acordate trei premii na\u021bionale: Premiul I, Premiul II \u0219i Premiul III.<\/p>\n<p>Detaliile complete, regulamentul oficial \u0219i criteriile de evaluare sunt disponibile pe site-ul <strong><a href=\"http:\/\/www.sigurantascolara.ro\" target=\"_blank\" rel=\"noreferrer noopener\">www.sigurantascolara.ro<\/a><\/strong>, precum \u0219i pe paginile de Facebook \u0219i Instagram dedicate Siguran\u021bei \u0218colare.<\/p>\n<p>\u201eScoate violen\u021ba \u0219colar\u0103 din anonimat\u201d reprezint\u0103 o ini\u021biativ\u0103 important\u0103 a Poli\u021biei Rom\u00e2ne de prevenire \u0219i combatere a violen\u021bei \u00een mediul \u0219colar, \u00eencuraj\u00e2nd implicarea activ\u0103 a elevilor, profesorilor \u0219i p\u0103rin\u021bilor pentru crearea unui climat educa\u021bional bazat pe respect \u0219i siguran\u021b\u0103.<\/p>\n<figure class=\"wp-block-embed is-type-video is-provider-youtube wp-block-embed-youtube wp-embed-aspect-16-9 wp-has-aspect-ratio\">\n<div class=\"wp-block-embed__wrapper\">\n<div class=\"youtube-embed\" data-video_id=\"kVlZBegLWgA\"><iframe loading=\"lazy\" title=\"De la Suceava la Dorna te \u00ceneci sub tone de pamper\u0219i \u0219i fecale!! E JALE pe European!!\" width=\"696\" height=\"392\" src=\"https:\/\/www.youtube.com\/embed\/kVlZBegLWgA?start=2&amp;feature=oembed\" frameborder allow=\"accelerometer; autoplay; clipboard-write; encrypted-media; gyroscope; picture-in-picture; web-share\" referrerpolicy=\"strict-origin-when-cross-origin\" allowfullscreen><\/iframe><\/div>\n<\/div>\n<\/figure>\n<div class=\"td-a-rec td-a-rec-id-content_bottom  tdi_4 td_block_template_1\"><strong>Intr\u0103 acum \u0219i \u00een grupul de <\/p>\n<div class=\"wp-block-button\"><a class=\"wp-block-button__link wp-element-button\" href=\"https:\/\/t.me\/+TH8wcfnp8fw5NWI0\">Telegram News Bucovina<\/a><\/div>\n<p><\/strong><\/div>\n<\/div>\n<div class=\"td-post-content tagdiv-type\">\n<div class=\"td-a-rec td-a-rec-id-content_top  tdi_3 td_block_template_1\"><strong>Intr\u0103 acum \u0219i \u00een grupul de <\/p>\n<div class=\"wp-block-button\"><a class=\"wp-block-button__link wp-element-button\" href=\"https:\/\/t.me\/+TH8wcfnp8fw5NWI0\">Telegram News Bucovina<\/a><\/div>\n<p><\/strong><\/div>\n<p>Poli\u021bia Rom\u00e2n\u0103 deruleaz\u0103, \u00een perioada aprilie-iunie 2026, Concursul na\u021bional de crea\u021bie audio \u201eScoate violen\u021ba \u0219colar\u0103 din anonimat\u201d, adresat elevilor din ciclul gimnazial din toate unit\u0103\u021bile de \u00eenv\u0103\u021b\u0103m\u00e2nt preuniversitar, inclusiv din jude\u021bul Suceava.<\/p>\n<div class=\"wp-block-image\">\n<figure class=\"aligncenter size-full\"><a href=\"https:\/\/cdn.newsbucovina.ro\/wp-content\/uploads\/2026\/04\/concurs-politie-scoala.jpg\"><img loading=\"lazy\" decoding=\"async\" width=\"700\" height=\"400\" src=\"https:\/\/cdn.newsbucovina.ro\/wp-content\/uploads\/2026\/04\/concurs-politie-scoala.jpg\" alt class=\"wp-image-437249\"><\/a><\/figure>\n<\/div>\n<p>Concursul \u00ee\u0219i propune s\u0103 stimuleze creativitatea, g\u00e2ndirea critic\u0103 \u0219i comunicarea prin art\u0103, provoc\u00e2ndu-i pe elevi s\u0103 \u00ee\u0219i foloseasc\u0103 propria voce pentru a cre\u0219te gradul de con\u0219tientizare privind violen\u021ba \u0219colar\u0103 \u0219i bullying-ul, contribuind astfel la asigurarea unui mediu educa\u021bional sigur \u0219i protejat.<\/p>\n<p>Elevii de gimnaziu vor participa \u00een echipe formate din <strong>2 elevi pe nivel de clas\u0103<\/strong>, sub \u00eendrumarea unui profesor coordonator. Proba unic\u0103 const\u0103 \u00een realizarea unui <strong>spot audio<\/strong> cu o durat\u0103 cuprins\u0103 \u00eentre <strong>15 \u0219i 30 de secunde<\/strong>, care s\u0103 transmit\u0103 un mesaj clar, concis, cu ritm alert \u0219i u\u0219or de re\u021binut, f\u0103c\u00e2nd trimitere la site-ul <a href=\"http:\/\/www.sigurantascolara.ro\" target=\"_blank\" rel=\"noreferrer noopener\">www.sigurantascolara.ro<\/a>.<\/p>\n<p><strong>Reguli esen\u021biale:<\/strong><\/p>\n<ul class=\"wp-block-list\">\n<li>Spoturile audio trebuie create integral de elevi, f\u0103r\u0103 utilizarea inteligen\u021bei artificiale.<\/li>\n<li>Fiecare echip\u0103 poate \u00eenscrie un singur spot.<\/li>\n<li>Un profesor poate coordona maximum trei echipe.<\/li>\n<li>Nu se percep taxe de participare.<\/li>\n<li>Num\u0103rul maxim de echipe acceptate este de 150, \u00een ordinea \u00eenregistr\u0103rii.<\/li>\n<\/ul>\n<p><strong>Calendarul concursului:<\/strong><\/p>\n<ul class=\"wp-block-list\">\n<li><strong>20 \u2013 24 aprilie 2026<\/strong> \u2013 Lansarea \u0219i mediatizarea concursului.<\/li>\n<li><strong>25 aprilie \u2013 20 mai 2026<\/strong> \u2013 Perioada de \u00eenscriere (prin completarea formularului \u0219i \u00eenc\u0103rcarea spotului audio pe link-ul dedicat).<\/li>\n<li><strong>21 \u2013 28 mai 2026<\/strong> \u2013 Evaluarea spoturilor de c\u0103tre comisia central\u0103.<\/li>\n<li><strong>29 mai \u2013 1 iunie 2026<\/strong> \u2013 Premierea c\u00e2\u0219tig\u0103torilor, \u00een contextul Zilei Interna\u021bionale a Copilului.<\/li>\n<\/ul>\n<p>Vor fi acordate trei premii na\u021bionale: Premiul I, Premiul II \u0219i Premiul III.<\/p>\n<p>Detaliile complete, regulamentul oficial \u0219i criteriile de evaluare sunt disponibile pe site-ul <strong><a href=\"http:\/\/www.sigurantascolara.ro\" target=\"_blank\" rel=\"noreferrer noopener\">www.sigurantascolara.ro<\/a><\/strong>, precum \u0219i pe paginile de Facebook \u0219i Instagram dedicate Siguran\u021bei \u0218colare.<\/p>\n<p>\u201eScoate violen\u021ba \u0219colar\u0103 din anonimat\u201d reprezint\u0103 o ini\u021biativ\u0103 important\u0103 a Poli\u021biei Rom\u00e2ne de prevenire \u0219i combatere a violen\u021bei \u00een mediul \u0219colar, \u00eencuraj\u00e2nd implicarea activ\u0103 a elevilor, profesorilor \u0219i p\u0103rin\u021bilor pentru crearea unui climat educa\u021bional bazat pe respect \u0219i siguran\u021b\u0103.<\/p>\n<figure class=\"wp-block-embed is-type-video is-provider-youtube wp-block-embed-youtube wp-embed-aspect-16-9 wp-has-aspect-ratio\">\n<div class=\"wp-block-embed__wrapper\">\n<div class=\"youtube-embed\" data-video_id=\"kVlZBegLWgA\"><iframe loading=\"lazy\" title=\"De la Suceava la Dorna te \u00ceneci sub tone de pamper\u0219i \u0219i fecale!! E JALE pe European!!\" width=\"696\" height=\"392\" src=\"https:\/\/www.youtube.com\/embed\/kVlZBegLWgA?start=2&amp;feature=oembed\" frameborder allow=\"accelerometer; autoplay; clipboard-write; encrypted-media; gyroscope; picture-in-picture; web-share\" referrerpolicy=\"strict-origin-when-cross-origin\" allowfullscreen><\/iframe><\/div>\n<\/div>\n<\/figure>\n<div class=\"td-a-rec td-a-rec-id-content_bottom  tdi_4 td_block_template_1\"><strong>Intr\u0103 acum \u0219i \u00een grupul de <\/p>\n<div class=\"wp-block-button\"><a class=\"wp-block-button__link wp-element-button\" href=\"https:\/\/t.me\/+TH8wcfnp8fw5NWI0\">Telegram News Bucovina<\/a><\/div>\n<p><\/strong><\/div>\n<\/div>\n<p>[analyse_source url=&#8221;https:\/\/www.newsbucovina.ro\/subiectul-zilei\/437248\/concurs-national-scoate-violenta-scolara-din-anonimat-elevii-suceveni-sunt-invitati-sa-creeze-spoturi-audio-impotriva-bullying-ului&#8221;]<\/p>\n","protected":false},"excerpt":{"rendered":"<p>[analyse_image type=&#8221;featured&#8221; src=&#8221;https:\/\/www.newsbucovina.ro\/wp-content\/uploads\/2026\/04\/concurs-politie-scoala.jpghttps:\/\/cdn.newsbucovina.ro\/wp-content\/uploads\/2026\/04\/concurs-politie-scoala.jpg&#8221;] Intr\u0103 acum \u0219i \u00een grupul de Telegram News Bucovina Poli\u021bia Rom\u00e2n\u0103 deruleaz\u0103, \u00een perioada aprilie-iunie 2026, Concursul na\u021bional de crea\u021bie audio \u201eScoate violen\u021ba \u0219colar\u0103 din anonimat\u201d, adresat elevilor din ciclul gimnazial din toate unit\u0103\u021bile de \u00eenv\u0103\u021b\u0103m\u00e2nt preuniversitar, inclusiv din jude\u021bul Suceava. Concursul \u00ee\u0219i propune s\u0103 stimuleze creativitatea, g\u00e2ndirea critic\u0103 \u0219i comunicarea prin [&hellip;]<\/p>\n","protected":false},"author":1,"featured_media":0,"comment_status":"open","ping_status":"","sticky":false,"template":"","format":"standard","meta":{"footnotes":""},"categories":[89],"tags":[226,165],"class_list":["post-1907430","post","type-post","status-publish","format-standard","hentry","category-romania","tag-crawlmanager","tag-newsbucovina-ro"],"_links":{"self":[{"href":"https:\/\/analyse.optim.biz\/index.php?rest_route=\/wp\/v2\/posts\/1907430","targetHints":{"allow":["GET"]}}],"collection":[{"href":"https:\/\/analyse.optim.biz\/index.php?rest_route=\/wp\/v2\/posts"}],"about":[{"href":"https:\/\/analyse.optim.biz\/index.php?rest_route=\/wp\/v2\/types\/post"}],"author":[{"embeddable":true,"href":"https:\/\/analyse.optim.biz\/index.php?rest_route=\/wp\/v2\/users\/1"}],"replies":[{"embeddable":true,"href":"https:\/\/analyse.optim.biz\/index.php?rest_route=%2Fwp%2Fv2%2Fcomments&post=1907430"}],"version-history":[{"count":0,"href":"https:\/\/analyse.optim.biz\/index.php?rest_route=\/wp\/v2\/posts\/1907430\/revisions"}],"wp:attachment":[{"href":"https:\/\/analyse.optim.biz\/index.php?rest_route=%2Fwp%2Fv2%2Fmedia&parent=1907430"}],"wp:term":[{"taxonomy":"category","embeddable":true,"href":"https:\/\/analyse.optim.biz\/index.php?rest_route=%2Fwp%2Fv2%2Fcategories&post=1907430"},{"taxonomy":"post_tag","embeddable":true,"href":"https:\/\/analyse.optim.biz\/index.php?rest_route=%2Fwp%2Fv2%2Ftags&post=1907430"}],"curies":[{"name":"wp","href":"https:\/\/api.w.org\/{rel}","templated":true}]}}