{"id":1907419,"date":"2026-04-28T09:09:24","date_gmt":"2026-04-28T06:09:24","guid":{"rendered":"https:\/\/analyse.optim.biz\/?p=1907419"},"modified":"2026-04-28T09:09:24","modified_gmt":"2026-04-28T06:09:24","slug":"ceremonial-militar-la-suceava-pentru-ziua-veteranilor-de-razboi","status":"publish","type":"post","link":"https:\/\/analyse.optim.biz\/?p=1907419","title":{"rendered":"Ceremonial militar la Suceava pentru Ziua Veteranilor de R\u0103zboi"},"content":{"rendered":"<p>[analyse_image type=&#8221;featured&#8221; src=&#8221;https:\/\/www.newsbucovina.ro\/wp-content\/uploads\/2026\/04\/admin-ajax.jpghttps:\/\/cdn.newsbucovina.ro\/wp-content\/uploads\/2026\/04\/admin-ajax.jpg&#8221;]<\/p>\n<div class=\"td-post-content tagdiv-type\">\n<div class=\"td-a-rec td-a-rec-id-content_top  tdi_3 td_block_template_1\"><strong>Intr\u0103 acum \u0219i \u00een grupul de <\/p>\n<div class=\"wp-block-button\"><a class=\"wp-block-button__link wp-element-button\" href=\"https:\/\/t.me\/+TH8wcfnp8fw5NWI0\">Telegram News Bucovina<\/a><\/div>\n<p><\/strong><\/div>\n<p>Garnizoana Suceava, \u00een colaborare cu Filiala Jude\u021bean\u0103 \u201eMu\u0219atinii\u201d a Asocia\u021biei Na\u021bionale a Veteranilor de R\u0103zboi, Prim\u0103ria Municipiului Suceava, Consiliul Jude\u021bean Suceava, Institu\u021bia Prefectului, Inspectoratul Jude\u021bean de Jandarmi, Inspectoratul de Poli\u021bie Jude\u021bean \u0219i Inspectoratul pentru Situa\u021bii de Urgen\u021b\u0103, organizeaz\u0103 miercuri, <strong>29 aprilie 2026<\/strong>, un ceremonial militar cu depuneri de coroane, jerbe \u0219i buchete de flori.<\/p>\n<figure class=\"wp-block-image size-large\"><a href=\"https:\/\/cdn.newsbucovina.ro\/wp-content\/uploads\/2018\/04\/veterani-de-r%C4%83zboi-4.jpg\"><img loading=\"lazy\" decoding=\"async\" width=\"1024\" height=\"576\" src=\"https:\/\/cdn.newsbucovina.ro\/wp-content\/uploads\/2018\/04\/veterani-de-r%C4%83zboi-4-1024x576.jpg\" alt class=\"wp-image-221084\"><\/a><\/figure>\n<p>Evenimentul va avea loc \u00eencep\u00e2nd cu ora <strong>11:00<\/strong>, la Monumentul Eroilor Rom\u00e2ni din Parcul \u201eProfesor Ioan Neme\u0219\u201d, cu ocazia anivers\u0103rii <strong>Zilei Veteranilor de R\u0103zboi<\/strong>.<\/p>\n<p>La ceremonial vor participa reprezentan\u021bi ai administra\u021biei publice jude\u021bene \u0219i locale, ai structurilor din Sistemul Na\u021bional de Ap\u0103rare, Ordine Public\u0103 \u0219i Siguran\u021b\u0103 Na\u021bional\u0103, ai asocia\u021biilor cadrelor militare \u00een rezerv\u0103 \u0219i \u00een retragere, ai asocia\u021biilor veteranilor de r\u0103zboi, ai Asocia\u021biei \u201eCultul Eroilor\u201d \u2013 filiala Suceava, precum \u0219i reprezentan\u021bi ai mass-media \u0219i ai societ\u0103\u021bii civile.<\/p>\n<p>Aceast\u0103 zi reprezint\u0103 un moment de recunoa\u0219tin\u021b\u0103 \u0219i omagiu adus tuturor veteranilor de r\u0103zboi care au servit cu onoare \u0219i devotament pentru ap\u0103rarea \u021b\u0103rii, consolid\u00e2nd leg\u0103tura dintre genera\u021biile actuale \u0219i sacrificiul eroilor neamului.<\/p>\n<figure class=\"wp-block-embed is-type-video is-provider-youtube wp-block-embed-youtube wp-embed-aspect-16-9 wp-has-aspect-ratio\">\n<div class=\"wp-block-embed__wrapper\">\n<div class=\"youtube-embed\" data-video_id=\"kVlZBegLWgA\"><iframe loading=\"lazy\" title=\"De la Suceava la Dorna te \u00ceneci sub tone de pamper\u0219i \u0219i fecale!! E JALE pe European!!\" width=\"696\" height=\"392\" src=\"https:\/\/www.youtube.com\/embed\/kVlZBegLWgA?start=2&amp;feature=oembed\" frameborder allow=\"accelerometer; autoplay; clipboard-write; encrypted-media; gyroscope; picture-in-picture; web-share\" referrerpolicy=\"strict-origin-when-cross-origin\" allowfullscreen><\/iframe><\/div>\n<\/div>\n<\/figure>\n<div class=\"td-a-rec td-a-rec-id-content_bottom  tdi_4 td_block_template_1\"><strong>Intr\u0103 acum \u0219i \u00een grupul de <\/p>\n<div class=\"wp-block-button\"><a class=\"wp-block-button__link wp-element-button\" href=\"https:\/\/t.me\/+TH8wcfnp8fw5NWI0\">Telegram News Bucovina<\/a><\/div>\n<p><\/strong><\/div>\n<\/div>\n<div class=\"td-post-content tagdiv-type\">\n<div class=\"td-a-rec td-a-rec-id-content_top  tdi_3 td_block_template_1\"><strong>Intr\u0103 acum \u0219i \u00een grupul de <\/p>\n<div class=\"wp-block-button\"><a class=\"wp-block-button__link wp-element-button\" href=\"https:\/\/t.me\/+TH8wcfnp8fw5NWI0\">Telegram News Bucovina<\/a><\/div>\n<p><\/strong><\/div>\n<p>Garnizoana Suceava, \u00een colaborare cu Filiala Jude\u021bean\u0103 \u201eMu\u0219atinii\u201d a Asocia\u021biei Na\u021bionale a Veteranilor de R\u0103zboi, Prim\u0103ria Municipiului Suceava, Consiliul Jude\u021bean Suceava, Institu\u021bia Prefectului, Inspectoratul Jude\u021bean de Jandarmi, Inspectoratul de Poli\u021bie Jude\u021bean \u0219i Inspectoratul pentru Situa\u021bii de Urgen\u021b\u0103, organizeaz\u0103 miercuri, <strong>29 aprilie 2026<\/strong>, un ceremonial militar cu depuneri de coroane, jerbe \u0219i buchete de flori.<\/p>\n<figure class=\"wp-block-image size-large\"><a href=\"https:\/\/cdn.newsbucovina.ro\/wp-content\/uploads\/2018\/04\/veterani-de-r%C4%83zboi-4.jpg\"><img loading=\"lazy\" decoding=\"async\" width=\"1024\" height=\"576\" src=\"https:\/\/cdn.newsbucovina.ro\/wp-content\/uploads\/2018\/04\/veterani-de-r%C4%83zboi-4-1024x576.jpg\" alt class=\"wp-image-221084\"><\/a><\/figure>\n<p>Evenimentul va avea loc \u00eencep\u00e2nd cu ora <strong>11:00<\/strong>, la Monumentul Eroilor Rom\u00e2ni din Parcul \u201eProfesor Ioan Neme\u0219\u201d, cu ocazia anivers\u0103rii <strong>Zilei Veteranilor de R\u0103zboi<\/strong>.<\/p>\n<p>La ceremonial vor participa reprezentan\u021bi ai administra\u021biei publice jude\u021bene \u0219i locale, ai structurilor din Sistemul Na\u021bional de Ap\u0103rare, Ordine Public\u0103 \u0219i Siguran\u021b\u0103 Na\u021bional\u0103, ai asocia\u021biilor cadrelor militare \u00een rezerv\u0103 \u0219i \u00een retragere, ai asocia\u021biilor veteranilor de r\u0103zboi, ai Asocia\u021biei \u201eCultul Eroilor\u201d \u2013 filiala Suceava, precum \u0219i reprezentan\u021bi ai mass-media \u0219i ai societ\u0103\u021bii civile.<\/p>\n<p>Aceast\u0103 zi reprezint\u0103 un moment de recunoa\u0219tin\u021b\u0103 \u0219i omagiu adus tuturor veteranilor de r\u0103zboi care au servit cu onoare \u0219i devotament pentru ap\u0103rarea \u021b\u0103rii, consolid\u00e2nd leg\u0103tura dintre genera\u021biile actuale \u0219i sacrificiul eroilor neamului.<\/p>\n<figure class=\"wp-block-embed is-type-video is-provider-youtube wp-block-embed-youtube wp-embed-aspect-16-9 wp-has-aspect-ratio\">\n<div class=\"wp-block-embed__wrapper\">\n<div class=\"youtube-embed\" data-video_id=\"kVlZBegLWgA\"><iframe loading=\"lazy\" title=\"De la Suceava la Dorna te \u00ceneci sub tone de pamper\u0219i \u0219i fecale!! E JALE pe European!!\" width=\"696\" height=\"392\" src=\"https:\/\/www.youtube.com\/embed\/kVlZBegLWgA?start=2&amp;feature=oembed\" frameborder allow=\"accelerometer; autoplay; clipboard-write; encrypted-media; gyroscope; picture-in-picture; web-share\" referrerpolicy=\"strict-origin-when-cross-origin\" allowfullscreen><\/iframe><\/div>\n<\/div>\n<\/figure>\n<div class=\"td-a-rec td-a-rec-id-content_bottom  tdi_4 td_block_template_1\"><strong>Intr\u0103 acum \u0219i \u00een grupul de <\/p>\n<div class=\"wp-block-button\"><a class=\"wp-block-button__link wp-element-button\" href=\"https:\/\/t.me\/+TH8wcfnp8fw5NWI0\">Telegram News Bucovina<\/a><\/div>\n<p><\/strong><\/div>\n<\/div>\n<p>[analyse_source url=&#8221;https:\/\/www.newsbucovina.ro\/evenimente\/437253\/ceremonial-militar-la-suceava-pentru-ziua-veteranilor-de-razboi&#8221;]<\/p>\n","protected":false},"excerpt":{"rendered":"<p>[analyse_image type=&#8221;featured&#8221; src=&#8221;https:\/\/www.newsbucovina.ro\/wp-content\/uploads\/2026\/04\/admin-ajax.jpghttps:\/\/cdn.newsbucovina.ro\/wp-content\/uploads\/2026\/04\/admin-ajax.jpg&#8221;] Intr\u0103 acum \u0219i \u00een grupul de Telegram News Bucovina Garnizoana Suceava, \u00een colaborare cu Filiala Jude\u021bean\u0103 \u201eMu\u0219atinii\u201d a Asocia\u021biei Na\u021bionale a Veteranilor de R\u0103zboi, Prim\u0103ria Municipiului Suceava, Consiliul Jude\u021bean Suceava, Institu\u021bia Prefectului, Inspectoratul Jude\u021bean de Jandarmi, Inspectoratul de Poli\u021bie Jude\u021bean \u0219i Inspectoratul pentru Situa\u021bii de Urgen\u021b\u0103, organizeaz\u0103 miercuri, 29 aprilie 2026, un [&hellip;]<\/p>\n","protected":false},"author":1,"featured_media":0,"comment_status":"open","ping_status":"","sticky":false,"template":"","format":"standard","meta":{"footnotes":""},"categories":[89],"tags":[226,165],"class_list":["post-1907419","post","type-post","status-publish","format-standard","hentry","category-romania","tag-crawlmanager","tag-newsbucovina-ro"],"_links":{"self":[{"href":"https:\/\/analyse.optim.biz\/index.php?rest_route=\/wp\/v2\/posts\/1907419","targetHints":{"allow":["GET"]}}],"collection":[{"href":"https:\/\/analyse.optim.biz\/index.php?rest_route=\/wp\/v2\/posts"}],"about":[{"href":"https:\/\/analyse.optim.biz\/index.php?rest_route=\/wp\/v2\/types\/post"}],"author":[{"embeddable":true,"href":"https:\/\/analyse.optim.biz\/index.php?rest_route=\/wp\/v2\/users\/1"}],"replies":[{"embeddable":true,"href":"https:\/\/analyse.optim.biz\/index.php?rest_route=%2Fwp%2Fv2%2Fcomments&post=1907419"}],"version-history":[{"count":0,"href":"https:\/\/analyse.optim.biz\/index.php?rest_route=\/wp\/v2\/posts\/1907419\/revisions"}],"wp:attachment":[{"href":"https:\/\/analyse.optim.biz\/index.php?rest_route=%2Fwp%2Fv2%2Fmedia&parent=1907419"}],"wp:term":[{"taxonomy":"category","embeddable":true,"href":"https:\/\/analyse.optim.biz\/index.php?rest_route=%2Fwp%2Fv2%2Fcategories&post=1907419"},{"taxonomy":"post_tag","embeddable":true,"href":"https:\/\/analyse.optim.biz\/index.php?rest_route=%2Fwp%2Fv2%2Ftags&post=1907419"}],"curies":[{"name":"wp","href":"https:\/\/api.w.org\/{rel}","templated":true}]}}