{"id":1907413,"date":"2026-04-28T12:26:37","date_gmt":"2026-04-28T09:26:37","guid":{"rendered":"https:\/\/analyse.optim.biz\/?p=1907413"},"modified":"2026-04-28T12:26:37","modified_gmt":"2026-04-28T09:26:37","slug":"gheorghe-soldan-anunta-un-nou-proiect-de-modernizare-la-aeroportul-suceava-sistem-modern-de-balizaj-si-ghidaj-pentru-aeronave","status":"publish","type":"post","link":"https:\/\/analyse.optim.biz\/?p=1907413","title":{"rendered":"Gheorghe \u0218oldan anun\u021b\u0103 un nou proiect de modernizare la Aeroportul Suceava: sistem modern de balizaj \u0219i ghidaj pentru aeronave"},"content":{"rendered":"<p>[analyse_image type=&#8221;featured&#8221; src=&#8221;https:\/\/www.newsbucovina.ro\/wp-content\/uploads\/2022\/08\/aeroport-pista-avion.jpghttps:\/\/cdn.newsbucovina.ro\/wp-content\/uploads\/2022\/08\/aeroport-pista-avion.jpg&#8221;]<\/p>\n<div class=\"td-post-content tagdiv-type\">\n<div class=\"td-a-rec td-a-rec-id-content_top  tdi_3 td_block_template_1\"><strong>Intr\u0103 acum \u0219i \u00een grupul de <\/p>\n<div class=\"wp-block-button\"><a class=\"wp-block-button__link wp-element-button\" href=\"https:\/\/t.me\/+TH8wcfnp8fw5NWI0\">Telegram News Bucovina<\/a><\/div>\n<p><\/strong><\/div>\n<p>Pre\u0219edintele Consiliului Jude\u021bean Suceava, Gheorghe \u0218oldan, a anun\u021bat, mar\u021bi,  demararea unui nou proiect de dezvoltare a Aeroportului \u201e\u0218tefan cel Mare\u201d Suceava, care vizeaz\u0103 implementarea unui sistem modern de balizaj pe platforma de \u00eembarcare-debarcare a aeronavelor.<\/p>\n<figure class=\"wp-block-image size-large\"><a href=\"https:\/\/cdn.newsbucovina.ro\/wp-content\/uploads\/2022\/08\/aeroport-pista-avion.jpg\"><img loading=\"lazy\" decoding=\"async\" width=\"1024\" height=\"620\" src=\"https:\/\/cdn.newsbucovina.ro\/wp-content\/uploads\/2022\/08\/aeroport-pista-avion-1024x620.jpg.webp\" alt class=\"wp-image-349404\"><\/a><\/figure>\n<p>Proiectul prevede iluminarea complet\u0103 a platformei \u0219i echiparea acesteia cu un sistem de ghidare la sol pentru aeronave. Astfel, se va asigura o vizibilitate superioar\u0103, o orientare precis\u0103 \u0219i desf\u0103\u0219urarea opera\u021biunilor aeroportuare \u00een condi\u021bii de maxim\u0103 siguran\u021b\u0103, inclusiv pe timp de noapte sau \u00een condi\u021bii de vizibilitate redus\u0103.<\/p>\n<p>Platforma actual\u0103 a fost pus\u0103 \u00een func\u021biune \u00een 2015, \u00eentr-un moment \u00een care traficul aerian era semnificativ mai mic \u0219i nu includea sistem de balizaj luminos. \u00cen prezent, aeroportul opereaz\u0103 la un alt nivel, iar odat\u0103 cu finalizarea viitorului terminal de pasageri de 11.000 mp \u2013 de aproape patru ori mai mare dec\u00e2t terminalele existente \u2013 se estimeaz\u0103 o cre\u0219tere substan\u021bial\u0103 a traficului.<\/p>\n<p>\u201eAm dat startul unui nou proiect pentru dezvoltarea aeroportului de la Salcea: implementarea unui sistem modern de balizaj pe platforma de \u00eembarcare \u0219i debarcare a aeronavelor. Platforma va fi iluminat\u0103 \u0219i complet echipat\u0103 pentru ghidarea aeronavelor la sol\u201d, a declarat Gheorghe \u0218oldan.<\/p>\n<p>Pe l\u00e2ng\u0103 sistemul de balizaj luminos, proiectul include \u0219i implementarea unui sistem automat de ghidaj de tip VDGS (Visual Docking Guidance System). <\/p>\n<p>Acesta ofer\u0103 pilotului indica\u021bii vizuale precise pentru alinierea \u0219i oprirea exact\u0103 a aeronavei la pozi\u021bia de parcare, cresc\u00e2nd astfel siguran\u021ba \u0219i eficien\u021ba manevrelor la sol.<\/p>\n<p>Lucr\u0103rile urmeaz\u0103 s\u0103 fie finalizate \u00een termen de trei luni.<\/p>\n<p>Aceast\u0103 investi\u021bie reprezint\u0103 un pas important \u00een modernizarea infrastructurii aeroportuare sucevene, contribuind la cre\u0219terea capacit\u0103\u021bii opera\u021bionale \u0219i la atragerea de noi curse \u0219i pasageri.<\/p>\n<figure class=\"wp-block-embed is-type-video is-provider-youtube wp-block-embed-youtube wp-embed-aspect-16-9 wp-has-aspect-ratio\">\n<div class=\"wp-block-embed__wrapper\">\n<div class=\"youtube-embed\" data-video_id=\"kVlZBegLWgA\"><iframe loading=\"lazy\" title=\"De la Suceava la Dorna te \u00ceneci sub tone de pamper\u0219i \u0219i fecale!! E JALE pe European!!\" width=\"696\" height=\"392\" src=\"https:\/\/www.youtube.com\/embed\/kVlZBegLWgA?start=2&amp;feature=oembed\" frameborder allow=\"accelerometer; autoplay; clipboard-write; encrypted-media; gyroscope; picture-in-picture; web-share\" referrerpolicy=\"strict-origin-when-cross-origin\" allowfullscreen><\/iframe><\/div>\n<\/div>\n<\/figure>\n<div class=\"td-a-rec td-a-rec-id-content_bottom  tdi_4 td_block_template_1\"><strong>Intr\u0103 acum \u0219i \u00een grupul de <\/p>\n<div class=\"wp-block-button\"><a class=\"wp-block-button__link wp-element-button\" href=\"https:\/\/t.me\/+TH8wcfnp8fw5NWI0\">Telegram News Bucovina<\/a><\/div>\n<p><\/strong><\/div>\n<\/div>\n<div class=\"td-post-content tagdiv-type\">\n<div class=\"td-a-rec td-a-rec-id-content_top  tdi_3 td_block_template_1\"><strong>Intr\u0103 acum \u0219i \u00een grupul de <\/p>\n<div class=\"wp-block-button\"><a class=\"wp-block-button__link wp-element-button\" href=\"https:\/\/t.me\/+TH8wcfnp8fw5NWI0\">Telegram News Bucovina<\/a><\/div>\n<p><\/strong><\/div>\n<p>Pre\u0219edintele Consiliului Jude\u021bean Suceava, Gheorghe \u0218oldan, a anun\u021bat, mar\u021bi,  demararea unui nou proiect de dezvoltare a Aeroportului \u201e\u0218tefan cel Mare\u201d Suceava, care vizeaz\u0103 implementarea unui sistem modern de balizaj pe platforma de \u00eembarcare-debarcare a aeronavelor.<\/p>\n<figure class=\"wp-block-image size-large\"><a href=\"https:\/\/cdn.newsbucovina.ro\/wp-content\/uploads\/2022\/08\/aeroport-pista-avion.jpg\"><img loading=\"lazy\" decoding=\"async\" width=\"1024\" height=\"620\" src=\"https:\/\/cdn.newsbucovina.ro\/wp-content\/uploads\/2022\/08\/aeroport-pista-avion-1024x620.jpg.webp\" alt class=\"wp-image-349404\"><\/a><\/figure>\n<p>Proiectul prevede iluminarea complet\u0103 a platformei \u0219i echiparea acesteia cu un sistem de ghidare la sol pentru aeronave. Astfel, se va asigura o vizibilitate superioar\u0103, o orientare precis\u0103 \u0219i desf\u0103\u0219urarea opera\u021biunilor aeroportuare \u00een condi\u021bii de maxim\u0103 siguran\u021b\u0103, inclusiv pe timp de noapte sau \u00een condi\u021bii de vizibilitate redus\u0103.<\/p>\n<p>Platforma actual\u0103 a fost pus\u0103 \u00een func\u021biune \u00een 2015, \u00eentr-un moment \u00een care traficul aerian era semnificativ mai mic \u0219i nu includea sistem de balizaj luminos. \u00cen prezent, aeroportul opereaz\u0103 la un alt nivel, iar odat\u0103 cu finalizarea viitorului terminal de pasageri de 11.000 mp \u2013 de aproape patru ori mai mare dec\u00e2t terminalele existente \u2013 se estimeaz\u0103 o cre\u0219tere substan\u021bial\u0103 a traficului.<\/p>\n<p>\u201eAm dat startul unui nou proiect pentru dezvoltarea aeroportului de la Salcea: implementarea unui sistem modern de balizaj pe platforma de \u00eembarcare \u0219i debarcare a aeronavelor. Platforma va fi iluminat\u0103 \u0219i complet echipat\u0103 pentru ghidarea aeronavelor la sol\u201d, a declarat Gheorghe \u0218oldan.<\/p>\n<p>Pe l\u00e2ng\u0103 sistemul de balizaj luminos, proiectul include \u0219i implementarea unui sistem automat de ghidaj de tip VDGS (Visual Docking Guidance System). <\/p>\n<p>Acesta ofer\u0103 pilotului indica\u021bii vizuale precise pentru alinierea \u0219i oprirea exact\u0103 a aeronavei la pozi\u021bia de parcare, cresc\u00e2nd astfel siguran\u021ba \u0219i eficien\u021ba manevrelor la sol.<\/p>\n<p>Lucr\u0103rile urmeaz\u0103 s\u0103 fie finalizate \u00een termen de trei luni.<\/p>\n<p>Aceast\u0103 investi\u021bie reprezint\u0103 un pas important \u00een modernizarea infrastructurii aeroportuare sucevene, contribuind la cre\u0219terea capacit\u0103\u021bii opera\u021bionale \u0219i la atragerea de noi curse \u0219i pasageri.<\/p>\n<figure class=\"wp-block-embed is-type-video is-provider-youtube wp-block-embed-youtube wp-embed-aspect-16-9 wp-has-aspect-ratio\">\n<div class=\"wp-block-embed__wrapper\">\n<div class=\"youtube-embed\" data-video_id=\"kVlZBegLWgA\"><iframe loading=\"lazy\" title=\"De la Suceava la Dorna te \u00ceneci sub tone de pamper\u0219i \u0219i fecale!! E JALE pe European!!\" width=\"696\" height=\"392\" src=\"https:\/\/www.youtube.com\/embed\/kVlZBegLWgA?start=2&amp;feature=oembed\" frameborder allow=\"accelerometer; autoplay; clipboard-write; encrypted-media; gyroscope; picture-in-picture; web-share\" referrerpolicy=\"strict-origin-when-cross-origin\" allowfullscreen><\/iframe><\/div>\n<\/div>\n<\/figure>\n<div class=\"td-a-rec td-a-rec-id-content_bottom  tdi_4 td_block_template_1\"><strong>Intr\u0103 acum \u0219i \u00een grupul de <\/p>\n<div class=\"wp-block-button\"><a class=\"wp-block-button__link wp-element-button\" href=\"https:\/\/t.me\/+TH8wcfnp8fw5NWI0\">Telegram News Bucovina<\/a><\/div>\n<p><\/strong><\/div>\n<\/div>\n<p>[analyse_source url=&#8221;https:\/\/www.newsbucovina.ro\/actualitate\/437266\/gheorghe-soldan-anunta-un-nou-proiect-de-modernizare-la-aeroportul-suceava-sistem-modern-de-balizaj-si-ghidaj-pentru-aeronave&#8221;]<\/p>\n","protected":false},"excerpt":{"rendered":"<p>[analyse_image type=&#8221;featured&#8221; src=&#8221;https:\/\/www.newsbucovina.ro\/wp-content\/uploads\/2022\/08\/aeroport-pista-avion.jpghttps:\/\/cdn.newsbucovina.ro\/wp-content\/uploads\/2022\/08\/aeroport-pista-avion.jpg&#8221;] Intr\u0103 acum \u0219i \u00een grupul de Telegram News Bucovina Pre\u0219edintele Consiliului Jude\u021bean Suceava, Gheorghe \u0218oldan, a anun\u021bat, mar\u021bi, demararea unui nou proiect de dezvoltare a Aeroportului \u201e\u0218tefan cel Mare\u201d Suceava, care vizeaz\u0103 implementarea unui sistem modern de balizaj pe platforma de \u00eembarcare-debarcare a aeronavelor. Proiectul prevede iluminarea complet\u0103 a platformei \u0219i echiparea [&hellip;]<\/p>\n","protected":false},"author":1,"featured_media":0,"comment_status":"open","ping_status":"","sticky":false,"template":"","format":"standard","meta":{"footnotes":""},"categories":[89],"tags":[226,165],"class_list":["post-1907413","post","type-post","status-publish","format-standard","hentry","category-romania","tag-crawlmanager","tag-newsbucovina-ro"],"_links":{"self":[{"href":"https:\/\/analyse.optim.biz\/index.php?rest_route=\/wp\/v2\/posts\/1907413","targetHints":{"allow":["GET"]}}],"collection":[{"href":"https:\/\/analyse.optim.biz\/index.php?rest_route=\/wp\/v2\/posts"}],"about":[{"href":"https:\/\/analyse.optim.biz\/index.php?rest_route=\/wp\/v2\/types\/post"}],"author":[{"embeddable":true,"href":"https:\/\/analyse.optim.biz\/index.php?rest_route=\/wp\/v2\/users\/1"}],"replies":[{"embeddable":true,"href":"https:\/\/analyse.optim.biz\/index.php?rest_route=%2Fwp%2Fv2%2Fcomments&post=1907413"}],"version-history":[{"count":0,"href":"https:\/\/analyse.optim.biz\/index.php?rest_route=\/wp\/v2\/posts\/1907413\/revisions"}],"wp:attachment":[{"href":"https:\/\/analyse.optim.biz\/index.php?rest_route=%2Fwp%2Fv2%2Fmedia&parent=1907413"}],"wp:term":[{"taxonomy":"category","embeddable":true,"href":"https:\/\/analyse.optim.biz\/index.php?rest_route=%2Fwp%2Fv2%2Fcategories&post=1907413"},{"taxonomy":"post_tag","embeddable":true,"href":"https:\/\/analyse.optim.biz\/index.php?rest_route=%2Fwp%2Fv2%2Ftags&post=1907413"}],"curies":[{"name":"wp","href":"https:\/\/api.w.org\/{rel}","templated":true}]}}