{"id":1907384,"date":"2026-04-28T11:49:46","date_gmt":"2026-04-28T08:49:46","guid":{"rendered":"https:\/\/analyse.optim.biz\/?p=1907384"},"modified":"2026-04-28T11:49:46","modified_gmt":"2026-04-28T08:49:46","slug":"jidovitii-din-parlamentul-european-i-au-ridicat-imunitatea-dianei-sosoaca","status":"publish","type":"post","link":"https:\/\/analyse.optim.biz\/?p=1907384","title":{"rendered":"Jidovi\u021bii din Parlamentul European i-au ridicat imunitatea Dianei \u0218o\u0219oac\u0103"},"content":{"rendered":"<p>[analyse_image type=&#8221;featured&#8221; src=&#8221;https:\/\/www.incorectpolitic.com\/wp-content\/uploads\/2021\/01\/Diana-Sosoaca-arme.jpg&#8221;]<\/p>\n<div class=\"entry\">\n<p>Sterie Ciumetti<br \/><strong>Incorect Politic<\/strong><br \/>\nAprilie 28, 2026<\/p>\n<p><a href=\"https:\/\/www.incorectpolitic.com\/diana-sosoaca-sustine-inarmarea-populatiei-si-acesta-este-un-lucru-bun-daca-am-arma-ma-apar-singura-in-tara-asta-cand-esti-patriot-deja-esti-in-pericol\/diana-sosoaca-arme\/\" rel=\"attachment wp-att-45579\"><img loading=\"lazy\" decoding=\"async\" class=\"size-large wp-image-45579 aligncenter lazyload\" alt width=\"618\" height=\"412\" src=\"https:\/\/www.incorectpolitic.com\/wp-content\/uploads\/2021\/01\/Diana-Sosoaca-arme-800x533.jpg\"><\/a><\/p>\n<p><img loading=\"lazy\" decoding=\"async\" class=\"size-large wp-image-45579 aligncenter\" src=\"https:\/\/www.incorectpolitic.com\/wp-content\/uploads\/2021\/01\/Diana-Sosoaca-arme-800x533.jpg\" alt width=\"618\" height=\"412\" data-eio=\"l\"><\/p>\n<h2><strong>Jidovi\u021bii din Parlamentul European i-au ridicat imunitatea Dianei \u0218o\u0219oac\u0103<\/strong><\/h2>\n<p id=\"p-2\">S\u0103pt\u0103m\u00e2na trecut\u0103, Comisia pentru afaceri juridice (JURI) din Parlamentul European a votat cererea de ridicare a imunit\u0103\u021bii europarlamentarei Diana \u0218o\u0219oac\u0103 cu 17 voturi pentru, zero voturi contra \u0219i o ab\u021binere. Ast\u0103zi, Parlamentul European a votat ridicarea imunit\u0103\u021bii Dianei \u0218o\u0219oac\u0103.<\/p>\n<p id=\"p-3\">Solicitarea de ridicare a imunit\u0103\u021bii parlamentare a Dianei \u0218o\u0219oac\u0103 a fost formulat\u0103 de Parchetul General din Rom\u00e2nia. Ea este cercetat\u0103 \u00een baza <a href=\"https:\/\/www.incorectpolitic.com\/curaj-adevar-si-libertate-senatorul-miron-manega-s-o-s-a-propus-abrogarea-legilor-delictului-de-opinie\/\">legisla\u021biei delictului de opinie<\/a> pentru 11 infrac\u021biuni, printre care propagand\u0103 legionar\u0103, promovarea cultului unor persoane condamnate pentru crime de r\u0103zboi, antisemitism \u0219i negarea holocaustului.<\/p>\n<p>A primit oferte de azil politic \u00een multiple \u021b\u0103ri, pe care le-a refuzat. Este dispus\u0103 s\u0103 mearg\u0103 p\u00e2n\u0103 la cap\u0103t, con\u0219tient\u0103 fiind de misiunea cu care a trimis-o Dumnezeu pe p\u0103m\u00e2nt. Avem un om politic parc\u0103 teleportat din secolul XX \u00een zilele noastre. La ce a reu\u0219it s\u0103 fac\u0103 \u0219i cum s-a comportat fa\u021b\u0103 de tentativele iudaice de a ne rescrie istoria, Diana \u0218o\u0219oac\u0103 este un personaj subapreciat de colectivitatea na\u021bional\u0103, de rom\u00e2nii care sunt \u00een via\u021b\u0103 ast\u0103zi.<\/p>\n<p>Inclusiv lumea na\u021bionalist\u0103 este dezbinat\u0103, foarte mul\u021bi na\u021bionali\u0219ti \u201ealba\u0219tri\u201d perpetu\u00e2nd teze propagandistice iudeo-euro-atlantice cu privire la Rusia \u0219i trec\u00e2nd cu vederea discursul istoric al Dianei \u0218o\u0219oac\u0103 din 14 mai, c\u00e2nd Parlamentul tr\u0103d\u0103tor a votat Ziua Prieteniei cu Israelul, care \u00een realitate data de 14 mai era rezervat\u0103 pentru Sfin\u021bii Martiri ai \u00cenchisorilor Comuniste.\u00a0 \u201cNa\u021bionali\u0219tii pro-europeni\u201d cu vederea prezen\u021ba ei la T\u00e2nc\u0103be\u0219ti sau o consider\u0103 oportunist\u0103 (de parc\u0103 se \u00eengr\u0103m\u0103desc politicienii s\u0103 ob\u021bin\u0103 dosare penale pentru legionarism; \u00een realitate, fug de asta ca de t\u0103m\u00e2ie). Ei trec cu vederea ini\u021biativele S.O.S. de abrogare a legilor delictului de opinie \u0219i cam uit\u0103 activitatea ei din plandemie, c\u00e2nd a intervenit fizic la spitale \u0219i a militat constant pentru ap\u0103rarea drepturilor omului. Eu am obosit \u00eencerc\u00e2nd le explic lucrurile astea camarazilor care au reflexe pavloviene c\u00e2nd aud \u201cAmbasada Rusiei\u201d, de parc\u0103 izolarea diplomatic\u0103 a unei superputeri \u00eenvecinate cu noi ar fi vreodat\u0103 o strategie viabil\u0103 \u00een politica extern\u0103. Este halucinant cum dup\u0103 36 de ani de democra\u021bie, dup\u0103 s\u0103r\u0103cirea Rom\u00e2niei prin distrugerea industriei \u0219i transformarea \u021b\u0103rii \u00eentr-o pia\u021b\u0103 de desfacere \u0219i dup\u0103 directive europene subversive cu privire la avort, LGBT \u0219i imigra\u021bie, \u00eenc\u0103 mai avem na\u021bionali\u0219ti care sus\u021bin U.E., pe Nicu\u0219or Dan \u0219i tezele propagandistice iudeo-euro-atlantice.<\/p>\n<p>Dezbinarea din jurul Dianei \u0218o\u0219oac\u0103 reprezint\u0103 o situa\u021bie regretabil\u0103 care ne aminte\u0219te de lungul \u0219ir de personalit\u0103\u021bi pe care rom\u00e2nii au ajuns s\u0103 le aprecieze abia post-mortem. Ar trebui s\u0103 rupem acest ciclu \u0219i, c\u00e2t \u00eenc\u0103 este printre noi, s\u0103 ne ar\u0103t\u0103m aprecierea, s\u0103 ne materializ\u0103m recuno\u0219tin\u021ba \u0219i s\u0103 ne facem partea pentru sus\u021binerea celei mai vocale voci pro-rom\u00e2ne\u0219ti de azi. Vadim cu fust\u0103? L-a dep\u0103\u0219it de mult pe Vadim, care \u0219i-a cerut scuze public pentru negarea holocaustului \u0219i a ridicat statuie lui Yitzhak Rabin. \u0218o\u0219oac\u0103 a cerut <a href=\"https:\/\/www.incorectpolitic.com\/partidul-s-o-s-romania-cerem-indepartarea-tuturor-statuiilor-israeliene-din-romania\/\">eliminarea tuturor statuilor jidove\u0219ti din \u021bar\u0103<\/a>, <a href=\"https:\/\/www.incorectpolitic.com\/diana-sosoaca-cere-expulzarea-ambasadorului-israelului-si-sanctiuni-impotriva-statului-israel\/\">expulzarea ambasadorului Israel \u00een Rom\u00e2nia<\/a> \u0219i ruperea tuturor rela\u021biilor cu Israelul, a cerut desfiin\u021barea institutului terorist Elie Wiesel \u0219i \u00een loc s\u0103-\u0219i modereze discursul, l-a radicalizat \u0219i mai tare \u0219i ne-a cerut public s\u0103 umplem Internetul de subiectele interzise de sistem. Cine a mai f\u0103cut a\u0219a ceva?<\/p>\n<p><a href=\"https:\/\/www.incorectpolitic.com\/diana-sosoaca-sustine-inarmarea-populatiei-si-acesta-este-un-lucru-bun-daca-am-arma-ma-apar-singura-in-tara-asta-cand-esti-patriot-deja-esti-in-pericol\/sosoaca-m16\/\" rel=\"attachment wp-att-45577\"><img loading=\"lazy\" decoding=\"async\" class=\"size-full wp-image-45577 aligncenter lazyload\" alt width=\"402\" height=\"536\" src=\"https:\/\/www.incorectpolitic.com\/wp-content\/uploads\/2021\/01\/sosoaca-m16.jpg\"><\/a><\/p>\n<p><img loading=\"lazy\" decoding=\"async\" class=\"size-full wp-image-45577 aligncenter\" src=\"https:\/\/www.incorectpolitic.com\/wp-content\/uploads\/2021\/01\/sosoaca-m16.jpg\" alt width=\"402\" height=\"536\" data-eio=\"l\"><\/p>\n<h2><strong>M\u0103rturisirea Adev\u0103rului<\/strong><\/h2>\n<p>\u00cen fapt, Diana \u0218o\u0219oac\u0103 este anchetat\u0103 penal pentru c\u0103 a avut curajul s\u0103 m\u0103rturiseasc\u0103 adev\u0103rul despre Mi\u0219carea Legionar\u0103, holocaust, Israel \u0219i alte subiecte. Dac\u0103 ajunge la \u00eenchisoare pentru asta, precedentul periculos ar trebui s\u0103 ne mobilizeze la ac\u021biune, c\u0103ci m\u00e2ine poate fi oricare dintre noi. Dac\u0103 un demnitar \u00een Parlamentul European poate s\u0103 p\u0103\u021beasc\u0103 a\u0219a ceva, dar\u0103mite omul de r\u00e2nd? Tocmai de aceea trebuie s\u0103 punem presiune maxim\u0103 pe autorit\u0103\u021bi, pe Parlament, s\u0103 le cerem s\u0103 voteze ini\u021biativa lui Miron Manega de desfiin\u021bare a legisla\u021biei care prevede pedepse cu \u00eenchisoarea pentru simple opinii \u0219i s\u0103 ne con\u0219tientiz\u0103m semenii cu privire la efectele nefaste ale acestor legi.<\/p>\n<p>Evident c\u0103 zidurile pu\u0219c\u0103riei nu o vor opri pe Diana \u0218o\u0219oac\u0103, ba chiar vor propulsa mi\u0219carea S.O.S. Rom\u00e2nia \u0219i vor determina o contrareac\u021bie pentru care sistemul nu este preg\u0103tit.<\/p>\n<p>Libertatea de exprimare nu exist\u0103 \u00een Rom\u00e2nia din anul 2002, c\u00e2nd Adrian N\u0103stase a dat OUG 31\/2002. Iat\u0103 ce spunea N\u0103stase \u00een vizit\u0103 la universitatea John Hopkins din SUA, \u00eenainte s\u0103 dea ordonan\u021ba de urgen\u021b\u0103: <em>\u201cSintem hotariti sa trecem peste trecut si sa extirpam antisemitismul sau nationalismul extremist din sinul societatii noastre. [\u2026] Va fi adoptata o lege care sa interzica toate simbolurile sau manifestarile asociate cu persoane care au comis crime de razboi. [\u2026] Ma voi ocupa personal sa indepartez orice statuie a maresalului Antonescu\u201c.<\/em><\/p>\n<p>Deci acum avem tabloul complet \u0219i originea nefast\u0103 a delictului de opinie din Rom\u00e2nia, o lege de care niciun suveranist sau politician nu s-a atins vreme de 36 de ani, p\u00e2n\u0103 la Miron Manega. Ace\u0219ti oameni merit\u0103 mai mult dec\u00e2t respectul nostru \u0219i un like pe Facebook, pentru sacrificiile lor merit\u0103 ca \u0219i noi s\u0103 jertfim pentru a-i proteja. C\u00e2te pu\u021bin din timpul nostru, c\u00e2te o deplasare la Bucure\u0219ti, c\u00e2teva ab\u021bibilduri informative puse \u00een cartier, c\u00e2te o scrisoare trimis\u0103 pe email parlamentarilor sau institu\u021biilor interna\u021bionale, sunt jertfe minime de care ar trebui s\u0103 fim capabili.<\/p>\n<p>Vor \u00een\u021belege asta destui? R\u0103m\u00e2ne de v\u0103zut.<\/p>\n<p>Cei ce \u00een\u021beleg pot s\u0103 ajute concret, Partidul S.O.S. Rom\u00e2nia a f\u0103cut o postare prin care \u00eei cheam\u0103 pe rom\u00e2ni la aeroportul Henri Coand\u0103, Joi 30 aprilie la ora 22:00.<\/p>\n<p>Iat\u0103 postarea:<\/p>\n<blockquote>\n<p data-start=\"44\" data-end=\"106\"><strong>JOI, ORA 22:00 \u2013 AEROPORTUL OTOPENI. S\u0102 NE PRIMIM EROUL! \u2757<\/strong><\/p>\n<p data-start=\"108\" data-end=\"244\"><strong>Joi, 30 aprilie, la ora 22:00, Doamna Pre\u0219edinte revine acas\u0103. Revine \u00een mijlocul poporului pe care \u00eel ap\u0103r\u0103 cu pre\u021bul propriei lini\u0219ti.<\/strong><\/p>\n<p data-start=\"246\" data-end=\"572\"><strong>\u2757 V\u0103 chem\u0103m pe to\u021bi cei care ave\u021bi Rom\u00e2nia \u00een inim\u0103 s\u0103 veni\u021bi la Aeroportul Interna\u021bional Henri Coand\u0103. S\u0103 fim acolo cu sutele, cu miile. S\u0103 o privim \u00een ochi \u0219i s\u0103 \u00eei spunem c\u0103 nu este singur\u0103. S\u0103 \u00eei ar\u0103t\u0103m c\u0103 zidul de suflete al sus\u021bin\u0103torilor S.O.S. Rom\u00e2nia este mai puternic dec\u00e2t orice vot nedrept dat \u00eentr-o sal\u0103 str\u0103in\u0103.<\/strong><\/p>\n<p data-start=\"574\" data-end=\"879\"><strong>\u2757 Nu venim doar s\u0103 o \u00eent\u00e2mpin\u0103m, venim s\u0103 transmitem un mesaj clar lumii \u00eentregi: Diana Iovanovici-\u0218o\u0219oac\u0103 suntem noi! Pe ea au lovit-o ast\u0103zi, dar pe noi to\u021bi nu ne pot \u00eengenunchea. Veni\u021bi cu tricolorul la piept \u0219i cu demnitatea \u00een suflet. Joi sear\u0103, la ora 22:00, Otopeniul va r\u0103suna de vocea drept\u0103\u021bii.<\/strong><\/p>\n<p data-start=\"881\" data-end=\"931\"><strong>\u2757 \u0218I NOI SUNTEM Diana Iovanovici \u0218o\u0219oac\u0103\u2757<\/strong><\/p>\n<\/blockquote>\n<p><a href=\"https:\/\/www.incorectpolitic.com\/spulberator-diana-sosoaca-despre-moartea-lui-ion-iliescu-merita-sa-fie-pus-in-piata-publica-pentru-ca-fiecare-roman-sa-i-scuipe-cosciugul\/diana-sosoaca-manusi-de-box\/\" rel=\"attachment wp-att-79833\"><img loading=\"lazy\" decoding=\"async\" class=\"size-full wp-image-79833 aligncenter lazyload\" src=\"https:\/\/www.incorectpolitic.com\/wp-content\/uploads\/2025\/08\/diana-sosoaca-manusi-de-box.webp\" alt width=\"800\" height=\"533\"><\/a><\/p>\n<p><img loading=\"lazy\" decoding=\"async\" class=\"size-full wp-image-79833 aligncenter\" src=\"https:\/\/www.incorectpolitic.com\/wp-content\/uploads\/2025\/08\/diana-sosoaca-manusi-de-box.webp\" alt width=\"800\" height=\"533\" data-eio=\"l\"><\/div>\n<div class=\"entry\">\n<p>Sterie Ciumetti<br \/><strong>Incorect Politic<\/strong><br \/>\nAprilie 28, 2026<\/p>\n<p><a href=\"https:\/\/www.incorectpolitic.com\/diana-sosoaca-sustine-inarmarea-populatiei-si-acesta-este-un-lucru-bun-daca-am-arma-ma-apar-singura-in-tara-asta-cand-esti-patriot-deja-esti-in-pericol\/diana-sosoaca-arme\/\" rel=\"attachment wp-att-45579\"><img loading=\"lazy\" decoding=\"async\" class=\"size-large wp-image-45579 aligncenter lazyload\" alt width=\"618\" height=\"412\" src=\"https:\/\/www.incorectpolitic.com\/wp-content\/uploads\/2021\/01\/Diana-Sosoaca-arme-800x533.jpg\"><\/a><\/p>\n<p><img loading=\"lazy\" decoding=\"async\" class=\"size-large wp-image-45579 aligncenter\" src=\"https:\/\/www.incorectpolitic.com\/wp-content\/uploads\/2021\/01\/Diana-Sosoaca-arme-800x533.jpg\" alt width=\"618\" height=\"412\" data-eio=\"l\"><\/p>\n<h2><strong>Jidovi\u021bii din Parlamentul European i-au ridicat imunitatea Dianei \u0218o\u0219oac\u0103<\/strong><\/h2>\n<p id=\"p-2\">S\u0103pt\u0103m\u00e2na trecut\u0103, Comisia pentru afaceri juridice (JURI) din Parlamentul European a votat cererea de ridicare a imunit\u0103\u021bii europarlamentarei Diana \u0218o\u0219oac\u0103 cu 17 voturi pentru, zero voturi contra \u0219i o ab\u021binere. Ast\u0103zi, Parlamentul European a votat ridicarea imunit\u0103\u021bii Dianei \u0218o\u0219oac\u0103.<\/p>\n<p id=\"p-3\">Solicitarea de ridicare a imunit\u0103\u021bii parlamentare a Dianei \u0218o\u0219oac\u0103 a fost formulat\u0103 de Parchetul General din Rom\u00e2nia. Ea este cercetat\u0103 \u00een baza <a href=\"https:\/\/www.incorectpolitic.com\/curaj-adevar-si-libertate-senatorul-miron-manega-s-o-s-a-propus-abrogarea-legilor-delictului-de-opinie\/\">legisla\u021biei delictului de opinie<\/a> pentru 11 infrac\u021biuni, printre care propagand\u0103 legionar\u0103, promovarea cultului unor persoane condamnate pentru crime de r\u0103zboi, antisemitism \u0219i negarea holocaustului.<\/p>\n<p>A primit oferte de azil politic \u00een multiple \u021b\u0103ri, pe care le-a refuzat. Este dispus\u0103 s\u0103 mearg\u0103 p\u00e2n\u0103 la cap\u0103t, con\u0219tient\u0103 fiind de misiunea cu care a trimis-o Dumnezeu pe p\u0103m\u00e2nt. Avem un om politic parc\u0103 teleportat din secolul XX \u00een zilele noastre. La ce a reu\u0219it s\u0103 fac\u0103 \u0219i cum s-a comportat fa\u021b\u0103 de tentativele iudaice de a ne rescrie istoria, Diana \u0218o\u0219oac\u0103 este un personaj subapreciat de colectivitatea na\u021bional\u0103, de rom\u00e2nii care sunt \u00een via\u021b\u0103 ast\u0103zi.<\/p>\n<p>Inclusiv lumea na\u021bionalist\u0103 este dezbinat\u0103, foarte mul\u021bi na\u021bionali\u0219ti \u201ealba\u0219tri\u201d perpetu\u00e2nd teze propagandistice iudeo-euro-atlantice cu privire la Rusia \u0219i trec\u00e2nd cu vederea discursul istoric al Dianei \u0218o\u0219oac\u0103 din 14 mai, c\u00e2nd Parlamentul tr\u0103d\u0103tor a votat Ziua Prieteniei cu Israelul, care \u00een realitate data de 14 mai era rezervat\u0103 pentru Sfin\u021bii Martiri ai \u00cenchisorilor Comuniste.\u00a0 \u201cNa\u021bionali\u0219tii pro-europeni\u201d cu vederea prezen\u021ba ei la T\u00e2nc\u0103be\u0219ti sau o consider\u0103 oportunist\u0103 (de parc\u0103 se \u00eengr\u0103m\u0103desc politicienii s\u0103 ob\u021bin\u0103 dosare penale pentru legionarism; \u00een realitate, fug de asta ca de t\u0103m\u00e2ie). Ei trec cu vederea ini\u021biativele S.O.S. de abrogare a legilor delictului de opinie \u0219i cam uit\u0103 activitatea ei din plandemie, c\u00e2nd a intervenit fizic la spitale \u0219i a militat constant pentru ap\u0103rarea drepturilor omului. Eu am obosit \u00eencerc\u00e2nd le explic lucrurile astea camarazilor care au reflexe pavloviene c\u00e2nd aud \u201cAmbasada Rusiei\u201d, de parc\u0103 izolarea diplomatic\u0103 a unei superputeri \u00eenvecinate cu noi ar fi vreodat\u0103 o strategie viabil\u0103 \u00een politica extern\u0103. Este halucinant cum dup\u0103 36 de ani de democra\u021bie, dup\u0103 s\u0103r\u0103cirea Rom\u00e2niei prin distrugerea industriei \u0219i transformarea \u021b\u0103rii \u00eentr-o pia\u021b\u0103 de desfacere \u0219i dup\u0103 directive europene subversive cu privire la avort, LGBT \u0219i imigra\u021bie, \u00eenc\u0103 mai avem na\u021bionali\u0219ti care sus\u021bin U.E., pe Nicu\u0219or Dan \u0219i tezele propagandistice iudeo-euro-atlantice.<\/p>\n<p>Dezbinarea din jurul Dianei \u0218o\u0219oac\u0103 reprezint\u0103 o situa\u021bie regretabil\u0103 care ne aminte\u0219te de lungul \u0219ir de personalit\u0103\u021bi pe care rom\u00e2nii au ajuns s\u0103 le aprecieze abia post-mortem. Ar trebui s\u0103 rupem acest ciclu \u0219i, c\u00e2t \u00eenc\u0103 este printre noi, s\u0103 ne ar\u0103t\u0103m aprecierea, s\u0103 ne materializ\u0103m recuno\u0219tin\u021ba \u0219i s\u0103 ne facem partea pentru sus\u021binerea celei mai vocale voci pro-rom\u00e2ne\u0219ti de azi. Vadim cu fust\u0103? L-a dep\u0103\u0219it de mult pe Vadim, care \u0219i-a cerut scuze public pentru negarea holocaustului \u0219i a ridicat statuie lui Yitzhak Rabin. \u0218o\u0219oac\u0103 a cerut <a href=\"https:\/\/www.incorectpolitic.com\/partidul-s-o-s-romania-cerem-indepartarea-tuturor-statuiilor-israeliene-din-romania\/\">eliminarea tuturor statuilor jidove\u0219ti din \u021bar\u0103<\/a>, <a href=\"https:\/\/www.incorectpolitic.com\/diana-sosoaca-cere-expulzarea-ambasadorului-israelului-si-sanctiuni-impotriva-statului-israel\/\">expulzarea ambasadorului Israel \u00een Rom\u00e2nia<\/a> \u0219i ruperea tuturor rela\u021biilor cu Israelul, a cerut desfiin\u021barea institutului terorist Elie Wiesel \u0219i \u00een loc s\u0103-\u0219i modereze discursul, l-a radicalizat \u0219i mai tare \u0219i ne-a cerut public s\u0103 umplem Internetul de subiectele interzise de sistem. Cine a mai f\u0103cut a\u0219a ceva?<\/p>\n<p><a href=\"https:\/\/www.incorectpolitic.com\/diana-sosoaca-sustine-inarmarea-populatiei-si-acesta-este-un-lucru-bun-daca-am-arma-ma-apar-singura-in-tara-asta-cand-esti-patriot-deja-esti-in-pericol\/sosoaca-m16\/\" rel=\"attachment wp-att-45577\"><img loading=\"lazy\" decoding=\"async\" class=\"size-full wp-image-45577 aligncenter lazyload\" alt width=\"402\" height=\"536\" src=\"https:\/\/www.incorectpolitic.com\/wp-content\/uploads\/2021\/01\/sosoaca-m16.jpg\"><\/a><\/p>\n<p><img loading=\"lazy\" decoding=\"async\" class=\"size-full wp-image-45577 aligncenter\" src=\"https:\/\/www.incorectpolitic.com\/wp-content\/uploads\/2021\/01\/sosoaca-m16.jpg\" alt width=\"402\" height=\"536\" data-eio=\"l\"><\/p>\n<h2><strong>M\u0103rturisirea Adev\u0103rului<\/strong><\/h2>\n<p>\u00cen fapt, Diana \u0218o\u0219oac\u0103 este anchetat\u0103 penal pentru c\u0103 a avut curajul s\u0103 m\u0103rturiseasc\u0103 adev\u0103rul despre Mi\u0219carea Legionar\u0103, holocaust, Israel \u0219i alte subiecte. Dac\u0103 ajunge la \u00eenchisoare pentru asta, precedentul periculos ar trebui s\u0103 ne mobilizeze la ac\u021biune, c\u0103ci m\u00e2ine poate fi oricare dintre noi. Dac\u0103 un demnitar \u00een Parlamentul European poate s\u0103 p\u0103\u021beasc\u0103 a\u0219a ceva, dar\u0103mite omul de r\u00e2nd? Tocmai de aceea trebuie s\u0103 punem presiune maxim\u0103 pe autorit\u0103\u021bi, pe Parlament, s\u0103 le cerem s\u0103 voteze ini\u021biativa lui Miron Manega de desfiin\u021bare a legisla\u021biei care prevede pedepse cu \u00eenchisoarea pentru simple opinii \u0219i s\u0103 ne con\u0219tientiz\u0103m semenii cu privire la efectele nefaste ale acestor legi.<\/p>\n<p>Evident c\u0103 zidurile pu\u0219c\u0103riei nu o vor opri pe Diana \u0218o\u0219oac\u0103, ba chiar vor propulsa mi\u0219carea S.O.S. Rom\u00e2nia \u0219i vor determina o contrareac\u021bie pentru care sistemul nu este preg\u0103tit.<\/p>\n<p>Libertatea de exprimare nu exist\u0103 \u00een Rom\u00e2nia din anul 2002, c\u00e2nd Adrian N\u0103stase a dat OUG 31\/2002. Iat\u0103 ce spunea N\u0103stase \u00een vizit\u0103 la universitatea John Hopkins din SUA, \u00eenainte s\u0103 dea ordonan\u021ba de urgen\u021b\u0103: <em>\u201cSintem hotariti sa trecem peste trecut si sa extirpam antisemitismul sau nationalismul extremist din sinul societatii noastre. [\u2026] Va fi adoptata o lege care sa interzica toate simbolurile sau manifestarile asociate cu persoane care au comis crime de razboi. [\u2026] Ma voi ocupa personal sa indepartez orice statuie a maresalului Antonescu\u201c.<\/em><\/p>\n<p>Deci acum avem tabloul complet \u0219i originea nefast\u0103 a delictului de opinie din Rom\u00e2nia, o lege de care niciun suveranist sau politician nu s-a atins vreme de 36 de ani, p\u00e2n\u0103 la Miron Manega. Ace\u0219ti oameni merit\u0103 mai mult dec\u00e2t respectul nostru \u0219i un like pe Facebook, pentru sacrificiile lor merit\u0103 ca \u0219i noi s\u0103 jertfim pentru a-i proteja. C\u00e2te pu\u021bin din timpul nostru, c\u00e2te o deplasare la Bucure\u0219ti, c\u00e2teva ab\u021bibilduri informative puse \u00een cartier, c\u00e2te o scrisoare trimis\u0103 pe email parlamentarilor sau institu\u021biilor interna\u021bionale, sunt jertfe minime de care ar trebui s\u0103 fim capabili.<\/p>\n<p>Vor \u00een\u021belege asta destui? R\u0103m\u00e2ne de v\u0103zut.<\/p>\n<p>Cei ce \u00een\u021beleg pot s\u0103 ajute concret, Partidul S.O.S. Rom\u00e2nia a f\u0103cut o postare prin care \u00eei cheam\u0103 pe rom\u00e2ni la aeroportul Henri Coand\u0103, Joi 30 aprilie la ora 22:00.<\/p>\n<p>Iat\u0103 postarea:<\/p>\n<blockquote>\n<p data-start=\"44\" data-end=\"106\"><strong>JOI, ORA 22:00 \u2013 AEROPORTUL OTOPENI. S\u0102 NE PRIMIM EROUL! \u2757<\/strong><\/p>\n<p data-start=\"108\" data-end=\"244\"><strong>Joi, 30 aprilie, la ora 22:00, Doamna Pre\u0219edinte revine acas\u0103. Revine \u00een mijlocul poporului pe care \u00eel ap\u0103r\u0103 cu pre\u021bul propriei lini\u0219ti.<\/strong><\/p>\n<p data-start=\"246\" data-end=\"572\"><strong>\u2757 V\u0103 chem\u0103m pe to\u021bi cei care ave\u021bi Rom\u00e2nia \u00een inim\u0103 s\u0103 veni\u021bi la Aeroportul Interna\u021bional Henri Coand\u0103. S\u0103 fim acolo cu sutele, cu miile. S\u0103 o privim \u00een ochi \u0219i s\u0103 \u00eei spunem c\u0103 nu este singur\u0103. S\u0103 \u00eei ar\u0103t\u0103m c\u0103 zidul de suflete al sus\u021bin\u0103torilor S.O.S. Rom\u00e2nia este mai puternic dec\u00e2t orice vot nedrept dat \u00eentr-o sal\u0103 str\u0103in\u0103.<\/strong><\/p>\n<p data-start=\"574\" data-end=\"879\"><strong>\u2757 Nu venim doar s\u0103 o \u00eent\u00e2mpin\u0103m, venim s\u0103 transmitem un mesaj clar lumii \u00eentregi: Diana Iovanovici-\u0218o\u0219oac\u0103 suntem noi! Pe ea au lovit-o ast\u0103zi, dar pe noi to\u021bi nu ne pot \u00eengenunchea. Veni\u021bi cu tricolorul la piept \u0219i cu demnitatea \u00een suflet. Joi sear\u0103, la ora 22:00, Otopeniul va r\u0103suna de vocea drept\u0103\u021bii.<\/strong><\/p>\n<p data-start=\"881\" data-end=\"931\"><strong>\u2757 \u0218I NOI SUNTEM Diana Iovanovici \u0218o\u0219oac\u0103\u2757<\/strong><\/p>\n<\/blockquote>\n<p><a href=\"https:\/\/www.incorectpolitic.com\/spulberator-diana-sosoaca-despre-moartea-lui-ion-iliescu-merita-sa-fie-pus-in-piata-publica-pentru-ca-fiecare-roman-sa-i-scuipe-cosciugul\/diana-sosoaca-manusi-de-box\/\" rel=\"attachment wp-att-79833\"><img loading=\"lazy\" decoding=\"async\" class=\"size-full wp-image-79833 aligncenter lazyload\" src=\"https:\/\/www.incorectpolitic.com\/wp-content\/uploads\/2025\/08\/diana-sosoaca-manusi-de-box.webp\" alt width=\"800\" height=\"533\"><\/a><\/p>\n<p><img loading=\"lazy\" decoding=\"async\" class=\"size-full wp-image-79833 aligncenter\" src=\"https:\/\/www.incorectpolitic.com\/wp-content\/uploads\/2025\/08\/diana-sosoaca-manusi-de-box.webp\" alt width=\"800\" height=\"533\" data-eio=\"l\"><\/div>\n<article class=\"post-80361 post type-post status-publish entry includes-feat-image\">\n<div class=\"featured-image alignleft\"><a class=\"featured_post_link\" href=\"https:\/\/www.incorectpolitic.com\/ultimul-fiu-al-daciei\/\" title=\"Ultimul Fiu al Daciei\"><img loading=\"lazy\" decoding=\"async\" width=\"100\" height=\"150\" src=\"https:\/\/www.incorectpolitic.com\/wp-content\/uploads\/2025\/10\/dac.jpeg\" class=\"attachment-thumbnail size-thumbnail wp-post-image lazyload\" alt><img loading=\"lazy\" decoding=\"async\" width=\"100\" height=\"150\" src=\"https:\/\/www.incorectpolitic.com\/wp-content\/uploads\/2025\/10\/dac.jpeg\" class=\"attachment-thumbnail size-thumbnail wp-post-image\" alt data-eio=\"l\"><\/a><\/div>\n<div class=\"entry-title\"><a class=\"featured_post_link\" href=\"https:\/\/www.incorectpolitic.com\/ultimul-fiu-al-daciei\/\" title=\"Ultimul Fiu al Daciei\">Ultimul Fiu al Daciei<\/a><\/div>\n<\/article>\n<article class=\"post-73927 post type-post status-publish entry includes-feat-image\">\n<div class=\"featured-image alignleft\"><a class=\"featured_post_link\" href=\"https:\/\/www.incorectpolitic.com\/cauzele-si-dinamica-antisemitismului\/\" title=\"Cauzele \u0219i Dinamica Antisemitismului\"><img loading=\"lazy\" decoding=\"async\" width=\"150\" height=\"150\" src=\"https:\/\/www.incorectpolitic.com\/wp-content\/uploads\/2018\/09\/bolshevik-jews-150x150.jpg\" class=\"attachment-thumbnail size-thumbnail wp-post-image lazyload\" alt><img loading=\"lazy\" decoding=\"async\" width=\"150\" height=\"150\" src=\"https:\/\/www.incorectpolitic.com\/wp-content\/uploads\/2018\/09\/bolshevik-jews-150x150.jpg\" class=\"attachment-thumbnail size-thumbnail wp-post-image\" alt data-eio=\"l\"><\/a><\/div>\n<div class=\"entry-title\"><a class=\"featured_post_link\" href=\"https:\/\/www.incorectpolitic.com\/cauzele-si-dinamica-antisemitismului\/\" title=\"Cauzele \u0219i Dinamica Antisemitismului\">Cauzele \u0219i Dinamica Antisemitismului<\/a><\/div>\n<\/article>\n<article class=\"post-72974 post type-post status-publish entry includes-feat-image\">\n<div class=\"featured-image alignleft\"><a class=\"featured_post_link\" href=\"https:\/\/www.incorectpolitic.com\/navalirea-jidanilor-de-vasile-alecsandri-piesa-interzisa\/\" title=\"N\u0103v\u0103lirea Jidanilor \u2013 de Vasile Alecsandri (Pies\u0103 interzis\u0103)\"><img loading=\"lazy\" decoding=\"async\" width=\"150\" height=\"150\" src=\"https:\/\/www.incorectpolitic.com\/wp-content\/uploads\/2024\/02\/jidani-navalire-2.png\" class=\"attachment-thumbnail size-thumbnail wp-post-image lazyload\" alt><img loading=\"lazy\" decoding=\"async\" width=\"150\" height=\"150\" src=\"https:\/\/www.incorectpolitic.com\/wp-content\/uploads\/2024\/02\/jidani-navalire-2.png\" class=\"attachment-thumbnail size-thumbnail wp-post-image\" alt data-eio=\"l\"><\/a><\/div>\n<div class=\"entry-title\"><a class=\"featured_post_link\" href=\"https:\/\/www.incorectpolitic.com\/navalirea-jidanilor-de-vasile-alecsandri-piesa-interzisa\/\" title=\"N\u0103v\u0103lirea Jidanilor \u2013 de Vasile Alecsandri (Pies\u0103 interzis\u0103)\">N\u0103v\u0103lirea Jidanilor \u2013 de Vasile Alecsandri (Pies\u0103 interzis\u0103)<\/a><\/div>\n<\/article>\n<article class=\"post-71879 post type-post status-publish entry includes-feat-image\">\n<div class=\"featured-image alignleft\"><a class=\"featured_post_link\" href=\"https:\/\/www.incorectpolitic.com\/europa-si-romania-in-anul-2050\/\" title=\"Europa \u0219i Rom\u00e2nia \u00een anul 2050\"><img loading=\"lazy\" decoding=\"async\" width=\"147\" height=\"150\" src=\"https:\/\/www.incorectpolitic.com\/wp-content\/uploads\/2024\/01\/Romania-2050-2.png\" class=\"attachment-thumbnail size-thumbnail wp-post-image lazyload\" alt><img loading=\"lazy\" decoding=\"async\" width=\"147\" height=\"150\" src=\"https:\/\/www.incorectpolitic.com\/wp-content\/uploads\/2024\/01\/Romania-2050-2.png\" class=\"attachment-thumbnail size-thumbnail wp-post-image\" alt data-eio=\"l\"><\/a><\/div>\n<div class=\"entry-title\"><a class=\"featured_post_link\" href=\"https:\/\/www.incorectpolitic.com\/europa-si-romania-in-anul-2050\/\" title=\"Europa \u0219i Rom\u00e2nia \u00een anul 2050\">Europa \u0219i Rom\u00e2nia \u00een anul 2050<\/a><\/div>\n<\/article>\n<article class=\"post-23854 post type-post status-publish entry includes-feat-image\">\n<div class=\"featured-image alignleft\"><a class=\"featured_post_link\" href=\"https:\/\/www.incorectpolitic.com\/vizita-papei-autonomie-alternativa\/\" title=\"Vizita Papei \u2013 Autonomie Alternativ\u0103\"><img loading=\"lazy\" decoding=\"async\" width=\"150\" height=\"150\" class=\"attachment-thumbnail size-thumbnail wp-post-image lazyload\" alt src=\"https:\/\/www.incorectpolitic.com\/wp-content\/uploads\/2019\/06\/uI2HFtR-150x150.jpg\"><img loading=\"lazy\" decoding=\"async\" width=\"150\" height=\"150\" src=\"https:\/\/www.incorectpolitic.com\/wp-content\/uploads\/2019\/06\/uI2HFtR-150x150.jpg\" class=\"attachment-thumbnail size-thumbnail wp-post-image\" alt data-eio=\"l\"><\/a><\/div>\n<div class=\"entry-title\"><a class=\"featured_post_link\" href=\"https:\/\/www.incorectpolitic.com\/vizita-papei-autonomie-alternativa\/\" title=\"Vizita Papei \u2013 Autonomie Alternativ\u0103\">Vizita Papei \u2013 Autonomie Alternativ\u0103<\/a><\/div>\n<\/article>\n<article class=\"post-72111 post type-post status-publish entry includes-feat-image\">\n<div class=\"featured-image alignleft\"><a class=\"featured_post_link\" href=\"https:\/\/www.incorectpolitic.com\/revelion-2023-2024-vine-anul-biruintei\/\" title=\"Revelion 2023 \u2013 2024 vine ANUL BIRUIN\u021aEI\"><img loading=\"lazy\" decoding=\"async\" width=\"150\" height=\"150\" src=\"https:\/\/www.incorectpolitic.com\/wp-content\/uploads\/2023\/12\/anul-biruintei.png\" class=\"attachment-thumbnail size-thumbnail wp-post-image lazyload\" alt><img loading=\"lazy\" decoding=\"async\" width=\"150\" height=\"150\" src=\"https:\/\/www.incorectpolitic.com\/wp-content\/uploads\/2023\/12\/anul-biruintei.png\" class=\"attachment-thumbnail size-thumbnail wp-post-image\" alt data-eio=\"l\"><\/a><\/div>\n<div class=\"entry-title\"><a class=\"featured_post_link\" href=\"https:\/\/www.incorectpolitic.com\/revelion-2023-2024-vine-anul-biruintei\/\" title=\"Revelion 2023 \u2013 2024 vine ANUL BIRUIN\u021aEI\">Revelion 2023 \u2013 2024 vine ANUL BIRUIN\u021aEI<\/a><\/div>\n<\/article>\n<article class=\"post-50139 post type-post status-publish entry includes-feat-image\">\n<div class=\"featured-image alignleft\"><a class=\"featured_post_link\" href=\"https:\/\/www.incorectpolitic.com\/analiza-strategiei-adoptata-de-guvern-pentru-combaterea-antisemitismului-xenofobiei-si-discursului-instigator-la-ura-2021-2023\/\" title=\"Analiza Strategiei Adoptat\u0103 de Guvern Pentru Combaterea \u201cantisemitismului, xenofobiei \u0219i discursului instigator la ur\u0103 2021-2023\u201d\"><img loading=\"lazy\" decoding=\"async\" width=\"150\" height=\"150\" src=\"https:\/\/www.incorectpolitic.com\/wp-content\/uploads\/2019\/08\/Jewish-censorship-e1421273251759-2-150x150.jpg\" class=\"attachment-thumbnail size-thumbnail wp-post-image lazyload\" alt><img loading=\"lazy\" decoding=\"async\" width=\"150\" height=\"150\" src=\"https:\/\/www.incorectpolitic.com\/wp-content\/uploads\/2019\/08\/Jewish-censorship-e1421273251759-2-150x150.jpg\" class=\"attachment-thumbnail size-thumbnail wp-post-image\" alt data-eio=\"l\"><\/a><\/div>\n<div class=\"entry-title\"><a class=\"featured_post_link\" href=\"https:\/\/www.incorectpolitic.com\/analiza-strategiei-adoptata-de-guvern-pentru-combaterea-antisemitismului-xenofobiei-si-discursului-instigator-la-ura-2021-2023\/\" title=\"Analiza Strategiei Adoptat\u0103 de Guvern Pentru Combaterea \u201cantisemitismului, xenofobiei \u0219i discursului instigator la ur\u0103 2021-2023\u201d\">Analiza Strategiei Adoptat\u0103 de Guvern Pentru Combaterea \u201cantisemitismului, xenofobiei \u0219i discursului instigator la ur\u0103 2021-2023\u201d<\/a><\/div>\n<\/article>\n<article class=\"post-70829 post type-post status-publish entry includes-feat-image\">\n<div class=\"featured-image alignleft\"><a class=\"featured_post_link\" href=\"https:\/\/www.incorectpolitic.com\/pozitia-unilaterala-a-pseudo-politicienilor-din-romania-si-a-bor-in-sustinerea-israelului-singurul-stat-terorist-din-lume-arata-ca-acestia-nu-au-o-fibra-cu-adevarat-nationala\/\" title=\"Pozi\u021bia unilateral\u0103 a pseudo politicienilor din Rom\u00e2nia \u0219i a BOR \u00een sus\u021binerea Israelului, singurul stat terorist din lume, arat\u0103 c\u0103 ace\u0219tia nu au o fibr\u0103 cu adev\u0103rat na\u021bional\u0103\"><img loading=\"lazy\" decoding=\"async\" width=\"150\" height=\"89\" src=\"https:\/\/www.incorectpolitic.com\/wp-content\/uploads\/2023\/08\/circumcision.png\" class=\"attachment-thumbnail size-thumbnail wp-post-image lazyload\" alt><img loading=\"lazy\" decoding=\"async\" width=\"150\" height=\"89\" src=\"https:\/\/www.incorectpolitic.com\/wp-content\/uploads\/2023\/08\/circumcision.png\" class=\"attachment-thumbnail size-thumbnail wp-post-image\" alt data-eio=\"l\"><\/a><\/div>\n<div class=\"entry-title\"><a class=\"featured_post_link\" href=\"https:\/\/www.incorectpolitic.com\/pozitia-unilaterala-a-pseudo-politicienilor-din-romania-si-a-bor-in-sustinerea-israelului-singurul-stat-terorist-din-lume-arata-ca-acestia-nu-au-o-fibra-cu-adevarat-nationala\/\" title=\"Pozi\u021bia unilateral\u0103 a pseudo politicienilor din Rom\u00e2nia \u0219i a BOR \u00een sus\u021binerea Israelului, singurul stat terorist din lume, arat\u0103 c\u0103 ace\u0219tia nu au o fibr\u0103 cu adev\u0103rat na\u021bional\u0103\">Pozi\u021bia unilateral\u0103 a pseudo politicienilor din Rom\u00e2nia \u0219i a BOR \u00een sus\u021binerea Israelului, singurul stat terorist din lume, arat\u0103 c\u0103 ace\u0219tia nu au o fibr\u0103 cu adev\u0103rat na\u021bional\u0103<\/a><\/div>\n<\/article>\n<article class=\"post-66937 post type-post status-publish entry includes-feat-image\">\n<div class=\"featured-image alignleft\"><a class=\"featured_post_link\" href=\"https:\/\/www.incorectpolitic.com\/agresiunea-impotriva-revizionistilor-istorici-si-efectele-linsajului-judiciar-de-la-nuremberg\/\" title=\"Agresiunea \u00eempotriva Revizioni\u0219tilor Istorici \u0219i efectele lin\u0219ajului judiciar de la Nurnberg\"><img loading=\"lazy\" decoding=\"async\" width=\"150\" height=\"100\" src=\"https:\/\/www.incorectpolitic.com\/wp-content\/uploads\/2023\/04\/image_2023-04-30_134634134.png\" class=\"attachment-thumbnail size-thumbnail wp-post-image lazyload\" alt><img loading=\"lazy\" decoding=\"async\" width=\"150\" height=\"100\" src=\"https:\/\/www.incorectpolitic.com\/wp-content\/uploads\/2023\/04\/image_2023-04-30_134634134.png\" class=\"attachment-thumbnail size-thumbnail wp-post-image\" alt data-eio=\"l\"><\/a><\/div>\n<div class=\"entry-title\"><a class=\"featured_post_link\" href=\"https:\/\/www.incorectpolitic.com\/agresiunea-impotriva-revizionistilor-istorici-si-efectele-linsajului-judiciar-de-la-nuremberg\/\" title=\"Agresiunea \u00eempotriva Revizioni\u0219tilor Istorici \u0219i efectele lin\u0219ajului judiciar de la Nurnberg\">Agresiunea \u00eempotriva Revizioni\u0219tilor Istorici \u0219i efectele lin\u0219ajului judiciar de la Nurnberg<\/a><\/div>\n<\/article>\n<article class=\"post-19111 post type-post status-publish entry includes-feat-image\">\n<div class=\"featured-image alignleft\"><a class=\"featured_post_link\" href=\"https:\/\/www.incorectpolitic.com\/despre-adevar\/\" title=\"Despre Adev\u0103r\"><img loading=\"lazy\" decoding=\"async\" width=\"150\" height=\"150\" src=\"https:\/\/www.incorectpolitic.com\/wp-content\/uploads\/2019\/02\/freedomfromchain-150x150.jpg\" class=\"attachment-thumbnail size-thumbnail wp-post-image lazyload\" alt><img loading=\"lazy\" decoding=\"async\" width=\"150\" height=\"150\" src=\"https:\/\/www.incorectpolitic.com\/wp-content\/uploads\/2019\/02\/freedomfromchain-150x150.jpg\" class=\"attachment-thumbnail size-thumbnail wp-post-image\" alt data-eio=\"l\"><\/a><\/div>\n<div class=\"entry-title\"><a class=\"featured_post_link\" href=\"https:\/\/www.incorectpolitic.com\/despre-adevar\/\" title=\"Despre Adev\u0103r\">Despre Adev\u0103r<\/a><\/div>\n<\/article>\n<article class=\"post-53767 post type-post status-publish entry includes-feat-image\">\n<div class=\"featured-image alignleft\"><a class=\"featured_post_link\" href=\"https:\/\/www.incorectpolitic.com\/dictionarul-coincidentelor-cine-sunt-iudeii-care-ne-au-influentat-tara-in-istoria-recenta\/\" title=\"DIC\u021aIONARUL COINCIDEN\u021aELOR  \u2013 Cine sunt iudeii care ne-au influen\u021bat \u021bara \u00een istoria recent\u0103\"><img loading=\"lazy\" decoding=\"async\" width=\"150\" height=\"150\" src=\"https:\/\/www.incorectpolitic.com\/wp-content\/uploads\/2021\/09\/coinc-150x150.png\" class=\"attachment-thumbnail size-thumbnail wp-post-image lazyload\" alt><img loading=\"lazy\" decoding=\"async\" width=\"150\" height=\"150\" src=\"https:\/\/www.incorectpolitic.com\/wp-content\/uploads\/2021\/09\/coinc-150x150.png\" class=\"attachment-thumbnail size-thumbnail wp-post-image\" alt data-eio=\"l\"><\/a><\/div>\n<div class=\"entry-title\"><a class=\"featured_post_link\" href=\"https:\/\/www.incorectpolitic.com\/dictionarul-coincidentelor-cine-sunt-iudeii-care-ne-au-influentat-tara-in-istoria-recenta\/\" title=\"DIC\u021aIONARUL COINCIDEN\u021aELOR  \u2013 Cine sunt iudeii care ne-au influen\u021bat \u021bara \u00een istoria recent\u0103\">DIC\u021aIONARUL COINCIDEN\u021aELOR  \u2013 Cine sunt iudeii care ne-au influen\u021bat \u021bara \u00een istoria recent\u0103<\/a><\/div>\n<\/article>\n<article class=\"post-51156 post type-post status-publish entry includes-feat-image\">\n<div class=\"featured-image alignleft\"><a class=\"featured_post_link\" href=\"https:\/\/www.incorectpolitic.com\/desertaciune-nu-aparare\/\" title=\"DE\u0218ERT\u0102CIUNE?! Nu, AP\u0102RARE!\"><img loading=\"lazy\" decoding=\"async\" width=\"150\" height=\"150\" class=\"attachment-thumbnail size-thumbnail wp-post-image lazyload\" alt src=\"https:\/\/www.incorectpolitic.com\/wp-content\/uploads\/2021\/06\/desertaciune-nu-aparare-150x150.jpg\"><img loading=\"lazy\" decoding=\"async\" width=\"150\" height=\"150\" src=\"https:\/\/www.incorectpolitic.com\/wp-content\/uploads\/2021\/06\/desertaciune-nu-aparare-150x150.jpg\" class=\"attachment-thumbnail size-thumbnail wp-post-image\" alt data-eio=\"l\"><\/a><\/div>\n<div class=\"entry-title\"><a class=\"featured_post_link\" href=\"https:\/\/www.incorectpolitic.com\/desertaciune-nu-aparare\/\" title=\"DE\u0218ERT\u0102CIUNE?! Nu, AP\u0102RARE!\">DE\u0218ERT\u0102CIUNE?! Nu, AP\u0102RARE!<\/a><\/div>\n<\/article>\n<article class=\"post-44728 post type-post status-publish entry includes-feat-image\">\n<div class=\"featured-image alignleft\"><a class=\"featured_post_link\" href=\"https:\/\/www.incorectpolitic.com\/resetarea-medicinei-sau-resetarea-omenirii-prin-nanotehnologie\/\" title=\"Resetarea Medicinei sau Resetarea Omenirii prin Nanotehnologie\"><img loading=\"lazy\" decoding=\"async\" width=\"150\" height=\"150\" src=\"https:\/\/www.incorectpolitic.com\/wp-content\/uploads\/2020\/12\/ed8a914d6d236c9d231903a8b2e79f63-150x150.gif\" class=\"attachment-thumbnail size-thumbnail wp-post-image lazyload\" alt><img loading=\"lazy\" decoding=\"async\" width=\"150\" height=\"150\" src=\"https:\/\/www.incorectpolitic.com\/wp-content\/uploads\/2020\/12\/ed8a914d6d236c9d231903a8b2e79f63-150x150.gif\" class=\"attachment-thumbnail size-thumbnail wp-post-image\" alt data-eio=\"l\"><\/a><\/div>\n<div class=\"entry-title\"><a class=\"featured_post_link\" href=\"https:\/\/www.incorectpolitic.com\/resetarea-medicinei-sau-resetarea-omenirii-prin-nanotehnologie\/\" title=\"Resetarea Medicinei sau Resetarea Omenirii prin Nanotehnologie\">Resetarea Medicinei sau Resetarea Omenirii prin Nanotehnologie<\/a><\/div>\n<\/article>\n<article class=\"post-43837 post type-post status-publish entry includes-feat-image\">\n<div class=\"featured-image alignleft\"><a class=\"featured_post_link\" href=\"https:\/\/www.incorectpolitic.com\/noul-legamant\/\" title=\"Noul Leg\u0103m\u00e2nt\"><img loading=\"lazy\" decoding=\"async\" width=\"150\" height=\"150\" src=\"https:\/\/www.incorectpolitic.com\/wp-content\/uploads\/2020\/12\/NL-150x150.jpg\" class=\"attachment-thumbnail size-thumbnail wp-post-image lazyload\" alt><img loading=\"lazy\" decoding=\"async\" width=\"150\" height=\"150\" src=\"https:\/\/www.incorectpolitic.com\/wp-content\/uploads\/2020\/12\/NL-150x150.jpg\" class=\"attachment-thumbnail size-thumbnail wp-post-image\" alt data-eio=\"l\"><\/a><\/div>\n<div class=\"entry-title\"><a class=\"featured_post_link\" href=\"https:\/\/www.incorectpolitic.com\/noul-legamant\/\" title=\"Noul Leg\u0103m\u00e2nt\">Noul Leg\u0103m\u00e2nt<\/a><\/div>\n<\/article>\n<article class=\"post-42525 post type-post status-publish entry includes-feat-image\">\n<div class=\"featured-image alignleft\"><a class=\"featured_post_link\" href=\"https:\/\/www.incorectpolitic.com\/vaccinarea-inseamna-crima-un-atentat-la-sanatatea-personala-la-integritatea-corporala-si-intimitatea-oricarui-om-liber-medicul-ce-vaccineaza-cu-forta-un-om-liber-merita-sa-fie-pedepsit-de-acesta\/\" title=\"Vaccinarea \u00eenseamn\u0103 crim\u0103, un atentat la s\u0103n\u0103tatea personal\u0103, la integritatea corporal\u0103 \u0219i intimitatea oric\u0103rui om liber. Medicul ce vaccineaz\u0103 cu for\u021ba un om liber merit\u0103 s\u0103 fie pedepsit de acesta\"><img loading=\"lazy\" decoding=\"async\" width=\"150\" height=\"150\" src=\"https:\/\/www.incorectpolitic.com\/wp-content\/uploads\/2020\/11\/syringe_0-150x150.jpg\" class=\"attachment-thumbnail size-thumbnail wp-post-image lazyload\" alt><img loading=\"lazy\" decoding=\"async\" width=\"150\" height=\"150\" src=\"https:\/\/www.incorectpolitic.com\/wp-content\/uploads\/2020\/11\/syringe_0-150x150.jpg\" class=\"attachment-thumbnail size-thumbnail wp-post-image\" alt data-eio=\"l\"><\/a><\/div>\n<div class=\"entry-title\"><a class=\"featured_post_link\" href=\"https:\/\/www.incorectpolitic.com\/vaccinarea-inseamna-crima-un-atentat-la-sanatatea-personala-la-integritatea-corporala-si-intimitatea-oricarui-om-liber-medicul-ce-vaccineaza-cu-forta-un-om-liber-merita-sa-fie-pedepsit-de-acesta\/\" title=\"Vaccinarea \u00eenseamn\u0103 crim\u0103, un atentat la s\u0103n\u0103tatea personal\u0103, la integritatea corporal\u0103 \u0219i intimitatea oric\u0103rui om liber. Medicul ce vaccineaz\u0103 cu for\u021ba un om liber merit\u0103 s\u0103 fie pedepsit de acesta\">Vaccinarea \u00eenseamn\u0103 crim\u0103, un atentat la s\u0103n\u0103tatea personal\u0103, la integritatea corporal\u0103 \u0219i intimitatea oric\u0103rui om liber. Medicul ce vaccineaz\u0103 cu for\u021ba un om liber merit\u0103 s\u0103 fie pedepsit de acesta<\/a><\/div>\n<\/article>\n<article class=\"post-38338 post type-post status-publish entry includes-feat-image\">\n<div class=\"featured-image alignleft\"><a class=\"featured_post_link\" href=\"https:\/\/www.incorectpolitic.com\/trebuie-sa-distrugem-suprematia-jidoveasca\/\" title=\"Trebuie s\u0103 distrugem superma\u021bia jidoveasc\u0103!\"><img loading=\"lazy\" decoding=\"async\" width=\"150\" height=\"150\" src=\"https:\/\/www.incorectpolitic.com\/wp-content\/uploads\/2018\/11\/GunoiOPS-150x150.png\" class=\"attachment-thumbnail size-thumbnail wp-post-image lazyload\" alt><img loading=\"lazy\" decoding=\"async\" width=\"150\" height=\"150\" src=\"https:\/\/www.incorectpolitic.com\/wp-content\/uploads\/2018\/11\/GunoiOPS-150x150.png\" class=\"attachment-thumbnail size-thumbnail wp-post-image\" alt data-eio=\"l\"><\/a><\/div>\n<div class=\"entry-title\"><a class=\"featured_post_link\" href=\"https:\/\/www.incorectpolitic.com\/trebuie-sa-distrugem-suprematia-jidoveasca\/\" title=\"Trebuie s\u0103 distrugem superma\u021bia jidoveasc\u0103!\">Trebuie s\u0103 distrugem superma\u021bia jidoveasc\u0103!<\/a><\/div>\n<\/article>\n<article class=\"post-30776 post type-post status-publish entry includes-feat-image\">\n<div class=\"featured-image alignleft\"><a class=\"featured_post_link\" href=\"https:\/\/www.incorectpolitic.com\/da-ti-doua-palme-si-ridica-te\/\" title=\"D\u0103-\u021bi Dou\u0103 Palme \u0219i Ridic\u0103-te\"><img loading=\"lazy\" decoding=\"async\" width=\"150\" height=\"150\" src=\"https:\/\/www.incorectpolitic.com\/wp-content\/uploads\/2019\/11\/1-mai-620x350-150x150.jpg\" class=\"attachment-thumbnail size-thumbnail wp-post-image lazyload\" alt><img loading=\"lazy\" decoding=\"async\" width=\"150\" height=\"150\" src=\"https:\/\/www.incorectpolitic.com\/wp-content\/uploads\/2019\/11\/1-mai-620x350-150x150.jpg\" class=\"attachment-thumbnail size-thumbnail wp-post-image\" alt data-eio=\"l\"><\/a><\/div>\n<div class=\"entry-title\"><a class=\"featured_post_link\" href=\"https:\/\/www.incorectpolitic.com\/da-ti-doua-palme-si-ridica-te\/\" title=\"D\u0103-\u021bi Dou\u0103 Palme \u0219i Ridic\u0103-te\">D\u0103-\u021bi Dou\u0103 Palme \u0219i Ridic\u0103-te<\/a><\/div>\n<\/article>\n<article class=\"post-27862 post type-post status-publish entry includes-feat-image\">\n<div class=\"featured-image alignleft\"><a class=\"featured_post_link\" href=\"https:\/\/www.incorectpolitic.com\/scrisoare-deschisa-catre-neamul-romanesc\/\" title=\"Scrisoare Deschis\u0103 C\u0103tre Neamul Rom\u00e2nesc\"><img loading=\"lazy\" decoding=\"async\" width=\"150\" height=\"150\" src=\"https:\/\/www.incorectpolitic.com\/wp-content\/uploads\/2019\/09\/videoblocks-male-hand-reload-a-revolver-magnum-gun-without-bullets-magnum-revolver-and-empty-bullet-magnum-lead-round-nose-45-auto-rim-revolver-rounds_ha1focujz_thumbnail-full01-150x150.jpg\" class=\"attachment-thumbnail size-thumbnail wp-post-image lazyload\" alt><img loading=\"lazy\" decoding=\"async\" width=\"150\" height=\"150\" src=\"https:\/\/www.incorectpolitic.com\/wp-content\/uploads\/2019\/09\/videoblocks-male-hand-reload-a-revolver-magnum-gun-without-bullets-magnum-revolver-and-empty-bullet-magnum-lead-round-nose-45-auto-rim-revolver-rounds_ha1focujz_thumbnail-full01-150x150.jpg\" class=\"attachment-thumbnail size-thumbnail wp-post-image\" alt data-eio=\"l\"><\/a><\/div>\n<div class=\"entry-title\"><a class=\"featured_post_link\" href=\"https:\/\/www.incorectpolitic.com\/scrisoare-deschisa-catre-neamul-romanesc\/\" title=\"Scrisoare Deschis\u0103 C\u0103tre Neamul Rom\u00e2nesc\">Scrisoare Deschis\u0103 C\u0103tre Neamul Rom\u00e2nesc<\/a><\/div>\n<\/article>\n<article class=\"post-26255 post type-post status-publish entry includes-feat-image\">\n<div class=\"featured-image alignleft\"><a class=\"featured_post_link\" href=\"https:\/\/www.incorectpolitic.com\/sociologia-eliberarii-si-curentele-laterale-de-sedimentare-revolutionara\/\" title=\"Sociologia Eliber\u0103rii \u0219i Curentele Laterale de Sedimentare Revolu\u021bionar\u0103\"><img loading=\"lazy\" decoding=\"async\" width=\"150\" height=\"150\" src=\"https:\/\/www.incorectpolitic.com\/wp-content\/uploads\/2020\/12\/nm3-150x150.png\" class=\"attachment-thumbnail size-thumbnail wp-post-image lazyload\" alt><img loading=\"lazy\" decoding=\"async\" width=\"150\" height=\"150\" src=\"https:\/\/www.incorectpolitic.com\/wp-content\/uploads\/2020\/12\/nm3-150x150.png\" class=\"attachment-thumbnail size-thumbnail wp-post-image\" alt data-eio=\"l\"><\/a><\/div>\n<div class=\"entry-title\"><a class=\"featured_post_link\" href=\"https:\/\/www.incorectpolitic.com\/sociologia-eliberarii-si-curentele-laterale-de-sedimentare-revolutionara\/\" title=\"Sociologia Eliber\u0103rii \u0219i Curentele Laterale de Sedimentare Revolu\u021bionar\u0103\">Sociologia Eliber\u0103rii \u0219i Curentele Laterale de Sedimentare Revolu\u021bionar\u0103<\/a><\/div>\n<\/article>\n<article class=\"post-21977 post type-post status-publish entry includes-feat-image\">\n<div class=\"featured-image alignleft\"><a class=\"featured_post_link\" href=\"https:\/\/www.incorectpolitic.com\/impotriva-fatalismului\/\" title=\"\u00cempotriva Fatalismului\"><img loading=\"lazy\" decoding=\"async\" width=\"150\" height=\"150\" src=\"https:\/\/www.incorectpolitic.com\/wp-content\/uploads\/2019\/04\/thumb-150x150.jpg\" class=\"attachment-thumbnail size-thumbnail wp-post-image lazyload\" alt><img loading=\"lazy\" decoding=\"async\" width=\"150\" height=\"150\" src=\"https:\/\/www.incorectpolitic.com\/wp-content\/uploads\/2019\/04\/thumb-150x150.jpg\" class=\"attachment-thumbnail size-thumbnail wp-post-image\" alt data-eio=\"l\"><\/a><\/div>\n<div class=\"entry-title\"><a class=\"featured_post_link\" href=\"https:\/\/www.incorectpolitic.com\/impotriva-fatalismului\/\" title=\"\u00cempotriva Fatalismului\">\u00cempotriva Fatalismului<\/a><\/div>\n<\/article>\n<article class=\"post-20844 post type-post status-publish entry includes-feat-image\">\n<div class=\"featured-image alignleft\"><a class=\"featured_post_link\" href=\"https:\/\/www.incorectpolitic.com\/inceputul-etapei-post-globaliste-mass-media-ultimul-obstacol\/\" title=\"\u00cenceputul Etapei Post-Globaliste \u2013  Mass Media Ultimul Obstacol\"><img loading=\"lazy\" decoding=\"async\" width=\"150\" height=\"150\" src=\"https:\/\/www.incorectpolitic.com\/wp-content\/uploads\/2019\/03\/https___cdn.cnn_.com_cnnnext_dam_assets_181202123002-yellow-vest-protest-150x150.jpg\" class=\"attachment-thumbnail size-thumbnail wp-post-image lazyload\" alt><img loading=\"lazy\" decoding=\"async\" width=\"150\" height=\"150\" src=\"https:\/\/www.incorectpolitic.com\/wp-content\/uploads\/2019\/03\/https___cdn.cnn_.com_cnnnext_dam_assets_181202123002-yellow-vest-protest-150x150.jpg\" class=\"attachment-thumbnail size-thumbnail wp-post-image\" alt data-eio=\"l\"><\/a><\/div>\n<div class=\"entry-title\"><a class=\"featured_post_link\" href=\"https:\/\/www.incorectpolitic.com\/inceputul-etapei-post-globaliste-mass-media-ultimul-obstacol\/\" title=\"\u00cenceputul Etapei Post-Globaliste \u2013  Mass Media Ultimul Obstacol\">\u00cenceputul Etapei Post-Globaliste \u2013  Mass Media Ultimul Obstacol<\/a><\/div>\n<\/article>\n<article class=\"post-19704 post type-post status-publish entry includes-feat-image\">\n<div class=\"featured-image alignleft\"><a class=\"featured_post_link\" href=\"https:\/\/www.incorectpolitic.com\/mlastina-mass-media-serial-complet\/\" title=\"Mla\u0219tina Mass Media  \u2013 Serial Complet\"><img loading=\"lazy\" decoding=\"async\" width=\"150\" height=\"150\" src=\"https:\/\/www.incorectpolitic.com\/wp-content\/uploads\/2018\/06\/colaj-modificat-1-768x278-150x150.jpg\" class=\"attachment-thumbnail size-thumbnail wp-post-image lazyload\" alt><img loading=\"lazy\" decoding=\"async\" width=\"150\" height=\"150\" src=\"https:\/\/www.incorectpolitic.com\/wp-content\/uploads\/2018\/06\/colaj-modificat-1-768x278-150x150.jpg\" class=\"attachment-thumbnail size-thumbnail wp-post-image\" alt data-eio=\"l\"><\/a><\/div>\n<div class=\"entry-title\"><a class=\"featured_post_link\" href=\"https:\/\/www.incorectpolitic.com\/mlastina-mass-media-serial-complet\/\" title=\"Mla\u0219tina Mass Media  \u2013 Serial Complet\">Mla\u0219tina Mass Media  \u2013 Serial Complet<\/a><\/div>\n<\/article>\n<article class=\"post-5104 post type-post status-publish entry includes-feat-image\">\n<div class=\"featured-image alignleft\"><a class=\"featured_post_link\" href=\"https:\/\/www.incorectpolitic.com\/momentul-1937\/\" title=\"Momentul 1937\"><img loading=\"lazy\" decoding=\"async\" width=\"150\" height=\"150\" src=\"https:\/\/www.incorectpolitic.com\/wp-content\/uploads\/2018\/03\/capitanul-codreanu2003a-150x150.jpg\" class=\"attachment-thumbnail size-thumbnail wp-post-image lazyload\" alt><img loading=\"lazy\" decoding=\"async\" width=\"150\" height=\"150\" src=\"https:\/\/www.incorectpolitic.com\/wp-content\/uploads\/2018\/03\/capitanul-codreanu2003a-150x150.jpg\" class=\"attachment-thumbnail size-thumbnail wp-post-image\" alt data-eio=\"l\"><\/a><\/div>\n<div class=\"entry-title\"><a class=\"featured_post_link\" href=\"https:\/\/www.incorectpolitic.com\/momentul-1937\/\" title=\"Momentul 1937\">Momentul 1937<\/a><\/div>\n<\/article>\n<article class=\"post-16914 post type-post status-publish entry includes-feat-image\">\n<div class=\"featured-image alignleft\"><a class=\"featured_post_link\" href=\"https:\/\/www.incorectpolitic.com\/portretul-romanului-iudeo-crestin\/\" title=\"Portretul Rom\u00e2nului Iudeo-Cre\u0219tin Iubitor de Infanticid\"><img loading=\"lazy\" decoding=\"async\" width=\"150\" height=\"150\" src=\"https:\/\/www.incorectpolitic.com\/wp-content\/uploads\/2019\/01\/venn-150x150.jpg\" class=\"attachment-thumbnail size-thumbnail wp-post-image lazyload\" alt><img loading=\"lazy\" decoding=\"async\" width=\"150\" height=\"150\" src=\"https:\/\/www.incorectpolitic.com\/wp-content\/uploads\/2019\/01\/venn-150x150.jpg\" class=\"attachment-thumbnail size-thumbnail wp-post-image\" alt data-eio=\"l\"><\/a><\/div>\n<div class=\"entry-title\"><a class=\"featured_post_link\" href=\"https:\/\/www.incorectpolitic.com\/portretul-romanului-iudeo-crestin\/\" title=\"Portretul Rom\u00e2nului Iudeo-Cre\u0219tin Iubitor de Infanticid\">Portretul Rom\u00e2nului Iudeo-Cre\u0219tin Iubitor de Infanticid<\/a><\/div>\n<\/article>\n<article class=\"post-13899 post type-post status-publish entry includes-feat-image\">\n<div class=\"featured-image alignleft\"><a class=\"featured_post_link\" href=\"https:\/\/www.incorectpolitic.com\/manifest-impotriva-national-sionismului\/\" title=\"Manifest \u00cempotriva Na\u021bional-Sionismului din Rom\u00e2nia\"><img loading=\"lazy\" decoding=\"async\" width=\"150\" height=\"150\" src=\"https:\/\/www.incorectpolitic.com\/wp-content\/uploads\/2018\/10\/z1-150x150.png\" class=\"attachment-thumbnail size-thumbnail wp-post-image lazyload\" alt><img loading=\"lazy\" decoding=\"async\" width=\"150\" height=\"150\" src=\"https:\/\/www.incorectpolitic.com\/wp-content\/uploads\/2018\/10\/z1-150x150.png\" class=\"attachment-thumbnail size-thumbnail wp-post-image\" alt data-eio=\"l\"><\/a><\/div>\n<div class=\"entry-title\"><a class=\"featured_post_link\" href=\"https:\/\/www.incorectpolitic.com\/manifest-impotriva-national-sionismului\/\" title=\"Manifest \u00cempotriva Na\u021bional-Sionismului din Rom\u00e2nia\">Manifest \u00cempotriva Na\u021bional-Sionismului din Rom\u00e2nia<\/a><\/div>\n<\/article>\n<article class=\"post-7498 post type-post status-publish entry includes-feat-image\">\n<div class=\"featured-image alignleft\"><a class=\"featured_post_link\" href=\"https:\/\/www.incorectpolitic.com\/istorie-zydokomuna-cea-mai-completa-lista-a-nomenclaturii-iudeo-bolsevice-din-romania\/\" title=\"Istorie: \u017bYDOKOMUNA, Cea Mai Complet\u0103 List\u0103 a Nomenclaturii Iudeo-Bol\u0219evice din Rom\u00e2nia\"><img loading=\"lazy\" decoding=\"async\" width=\"150\" height=\"150\" src=\"https:\/\/www.incorectpolitic.com\/wp-content\/uploads\/2018\/06\/holocaustul-rosu-150x150.jpg\" class=\"attachment-thumbnail size-thumbnail wp-post-image lazyload\" alt><img loading=\"lazy\" decoding=\"async\" width=\"150\" height=\"150\" src=\"https:\/\/www.incorectpolitic.com\/wp-content\/uploads\/2018\/06\/holocaustul-rosu-150x150.jpg\" class=\"attachment-thumbnail size-thumbnail wp-post-image\" alt data-eio=\"l\"><\/a><\/div>\n<div class=\"entry-title\"><a class=\"featured_post_link\" href=\"https:\/\/www.incorectpolitic.com\/istorie-zydokomuna-cea-mai-completa-lista-a-nomenclaturii-iudeo-bolsevice-din-romania\/\" title=\"Istorie: \u017bYDOKOMUNA, Cea Mai Complet\u0103 List\u0103 a Nomenclaturii Iudeo-Bol\u0219evice din Rom\u00e2nia\">Istorie: \u017bYDOKOMUNA, Cea Mai Complet\u0103 List\u0103 a Nomenclaturii Iudeo-Bol\u0219evice din Rom\u00e2nia<\/a><\/div>\n<\/article>\n<article class=\"post-6413 post type-post status-publish entry includes-feat-image\">\n<div class=\"featured-image alignleft\"><a class=\"featured_post_link\" href=\"https:\/\/www.incorectpolitic.com\/iudaismul-este-un-proiect-politic\/\" title=\"Iudaismul Este Un Proiect Politic\"><img loading=\"lazy\" decoding=\"async\" width=\"150\" height=\"150\" src=\"https:\/\/www.incorectpolitic.com\/wp-content\/uploads\/2018\/05\/israelzionismjudaism5-150x150.jpeg\" class=\"attachment-thumbnail size-thumbnail wp-post-image lazyload\" alt><img loading=\"lazy\" decoding=\"async\" width=\"150\" height=\"150\" src=\"https:\/\/www.incorectpolitic.com\/wp-content\/uploads\/2018\/05\/israelzionismjudaism5-150x150.jpeg\" class=\"attachment-thumbnail size-thumbnail wp-post-image\" alt data-eio=\"l\"><\/a><\/div>\n<div class=\"entry-title\"><a class=\"featured_post_link\" href=\"https:\/\/www.incorectpolitic.com\/iudaismul-este-un-proiect-politic\/\" title=\"Iudaismul Este Un Proiect Politic\">Iudaismul Este Un Proiect Politic<\/a><\/div>\n<\/article>\n<article class=\"post-5089 post type-post status-publish entry includes-feat-image\">\n<div class=\"featured-image alignleft\"><a class=\"featured_post_link\" href=\"https:\/\/www.incorectpolitic.com\/exploziv-si-excluziv-interviul-interzis-in-presa-romaneasca\/\" title=\"EXPLOZIV \u0218I EXCLUSIV: Interviul INTERZIS \u00een Presa Rom\u00e2neasc\u0103\"><img loading=\"lazy\" decoding=\"async\" width=\"150\" height=\"150\" src=\"https:\/\/www.incorectpolitic.com\/wp-content\/uploads\/2018\/03\/gscz6z-150x150.gif\" class=\"attachment-thumbnail size-thumbnail wp-post-image lazyload\" alt><img loading=\"lazy\" decoding=\"async\" width=\"150\" height=\"150\" src=\"https:\/\/www.incorectpolitic.com\/wp-content\/uploads\/2018\/03\/gscz6z-150x150.gif\" class=\"attachment-thumbnail size-thumbnail wp-post-image\" alt data-eio=\"l\"><\/a><\/div>\n<div class=\"entry-title\"><a class=\"featured_post_link\" href=\"https:\/\/www.incorectpolitic.com\/exploziv-si-excluziv-interviul-interzis-in-presa-romaneasca\/\" title=\"EXPLOZIV \u0218I EXCLUSIV: Interviul INTERZIS \u00een Presa Rom\u00e2neasc\u0103\">EXPLOZIV \u0218I EXCLUSIV: Interviul INTERZIS \u00een Presa Rom\u00e2neasc\u0103<\/a><\/div>\n<\/article>\n<article class=\"post-1109 post type-post status-publish entry includes-feat-image\">\n<div class=\"featured-image alignleft\"><a class=\"featured_post_link\" href=\"https:\/\/www.incorectpolitic.com\/ofensiva-spirituala-poloniei\/\" title=\"Ofensiva Spiritual\u0103 a Poloniei\"><img loading=\"lazy\" decoding=\"async\" width=\"150\" height=\"150\" src=\"https:\/\/www.incorectpolitic.com\/wp-content\/uploads\/2017\/10\/jesus-with-whip3-150x150.jpg\" class=\"attachment-thumbnail size-thumbnail wp-post-image lazyload\" alt><img loading=\"lazy\" decoding=\"async\" width=\"150\" height=\"150\" src=\"https:\/\/www.incorectpolitic.com\/wp-content\/uploads\/2017\/10\/jesus-with-whip3-150x150.jpg\" class=\"attachment-thumbnail size-thumbnail wp-post-image\" alt data-eio=\"l\"><\/a><\/div>\n<div class=\"entry-title\"><a class=\"featured_post_link\" href=\"https:\/\/www.incorectpolitic.com\/ofensiva-spirituala-poloniei\/\" title=\"Ofensiva Spiritual\u0103 a Poloniei\">Ofensiva Spiritual\u0103 a Poloniei<\/a><\/div>\n<\/article>\n<article class=\"post-5673 post type-post status-publish entry includes-feat-image\">\n<div class=\"featured-image alignleft\"><a class=\"featured_post_link\" href=\"https:\/\/www.incorectpolitic.com\/biciul-prigonirii-romanilor-este-in-mana-jidanilor\/\" title=\"Biciul Prigonirii Rom\u00e2nilor Este \u00een M\u00e2na Jidanilor!\"><img loading=\"lazy\" decoding=\"async\" width=\"150\" height=\"150\" src=\"https:\/\/www.incorectpolitic.com\/wp-content\/uploads\/2018\/04\/S.-Vexler-si-B.-Netanyahu-150x150.jpg\" class=\"attachment-thumbnail size-thumbnail wp-post-image lazyload\" alt><img loading=\"lazy\" decoding=\"async\" width=\"150\" height=\"150\" src=\"https:\/\/www.incorectpolitic.com\/wp-content\/uploads\/2018\/04\/S.-Vexler-si-B.-Netanyahu-150x150.jpg\" class=\"attachment-thumbnail size-thumbnail wp-post-image\" alt data-eio=\"l\"><\/a><\/div>\n<div class=\"entry-title\"><a class=\"featured_post_link\" href=\"https:\/\/www.incorectpolitic.com\/biciul-prigonirii-romanilor-este-in-mana-jidanilor\/\" title=\"Biciul Prigonirii Rom\u00e2nilor Este \u00een M\u00e2na Jidanilor!\">Biciul Prigonirii Rom\u00e2nilor Este \u00een M\u00e2na Jidanilor!<\/a><\/div>\n<\/article>\n<article class=\"post-80464 post type-post status-publish entry includes-feat-image\">\n<div class=\"featured-image alignleft\"><a class=\"featured_post_link\" href=\"https:\/\/www.incorectpolitic.com\/talmudismul-este-esenta-satanismului\/\" title=\"TALMUDISMUL ESTE ESEN\u021aA SATANISMULUI\"><img loading=\"lazy\" decoding=\"async\" width=\"150\" height=\"150\" src=\"https:\/\/www.incorectpolitic.com\/wp-content\/uploads\/2020\/02\/vasile-zarnescu-150x150.png\" class=\"attachment-thumbnail size-thumbnail wp-post-image lazyload\" alt><img loading=\"lazy\" decoding=\"async\" width=\"150\" height=\"150\" src=\"https:\/\/www.incorectpolitic.com\/wp-content\/uploads\/2020\/02\/vasile-zarnescu-150x150.png\" class=\"attachment-thumbnail size-thumbnail wp-post-image\" alt data-eio=\"l\"><\/a><\/div>\n<div class=\"entry-title\"><a class=\"featured_post_link\" href=\"https:\/\/www.incorectpolitic.com\/talmudismul-este-esenta-satanismului\/\" title=\"TALMUDISMUL ESTE ESEN\u021aA SATANISMULUI\">TALMUDISMUL ESTE ESEN\u021aA SATANISMULUI<\/a><\/div>\n<\/article>\n<article class=\"post-20005 post type-post status-publish entry includes-feat-image\">\n<div class=\"featured-image alignleft\"><a class=\"featured_post_link\" href=\"https:\/\/www.incorectpolitic.com\/viciul-matematic-elementar-v-m-e-2\/\" title=\"Viciul Matematic Elementar (V.M.E.)\"><img loading=\"lazy\" decoding=\"async\" width=\"150\" height=\"150\" src=\"https:\/\/www.incorectpolitic.com\/wp-content\/uploads\/2017\/12\/tell-lie-vision-150x150.jpg\" class=\"attachment-thumbnail size-thumbnail wp-post-image lazyload\" alt><img loading=\"lazy\" decoding=\"async\" width=\"150\" height=\"150\" src=\"https:\/\/www.incorectpolitic.com\/wp-content\/uploads\/2017\/12\/tell-lie-vision-150x150.jpg\" class=\"attachment-thumbnail size-thumbnail wp-post-image\" alt data-eio=\"l\"><\/a><\/div>\n<div class=\"entry-title\"><a class=\"featured_post_link\" href=\"https:\/\/www.incorectpolitic.com\/viciul-matematic-elementar-v-m-e-2\/\" title=\"Viciul Matematic Elementar (V.M.E.)\">Viciul Matematic Elementar (V.M.E.)<\/a><\/div>\n<\/article>\n<p>[analyse_source url=&#8221;https:\/\/www.incorectpolitic.com\/jidovitii-din-parlamentul-european-i-au-ridicat-imunitatea-dianei-sosoaca\/&#8221;]<\/p>\n","protected":false},"excerpt":{"rendered":"<p>[analyse_image type=&#8221;featured&#8221; src=&#8221;https:\/\/www.incorectpolitic.com\/wp-content\/uploads\/2021\/01\/Diana-Sosoaca-arme.jpg&#8221;] Sterie CiumettiIncorect Politic Aprilie 28, 2026 Jidovi\u021bii din Parlamentul European i-au ridicat imunitatea Dianei \u0218o\u0219oac\u0103 S\u0103pt\u0103m\u00e2na trecut\u0103, Comisia pentru afaceri juridice (JURI) din Parlamentul European a votat cererea de ridicare a imunit\u0103\u021bii europarlamentarei Diana \u0218o\u0219oac\u0103 cu 17 voturi pentru, zero voturi contra \u0219i o ab\u021binere. Ast\u0103zi, Parlamentul European a votat ridicarea imunit\u0103\u021bii [&hellip;]<\/p>\n","protected":false},"author":1,"featured_media":0,"comment_status":"open","ping_status":"","sticky":false,"template":"","format":"standard","meta":{"footnotes":""},"categories":[89],"tags":[226,95],"class_list":["post-1907384","post","type-post","status-publish","format-standard","hentry","category-romania","tag-crawlmanager","tag-incorectpolitic-com"],"_links":{"self":[{"href":"https:\/\/analyse.optim.biz\/index.php?rest_route=\/wp\/v2\/posts\/1907384","targetHints":{"allow":["GET"]}}],"collection":[{"href":"https:\/\/analyse.optim.biz\/index.php?rest_route=\/wp\/v2\/posts"}],"about":[{"href":"https:\/\/analyse.optim.biz\/index.php?rest_route=\/wp\/v2\/types\/post"}],"author":[{"embeddable":true,"href":"https:\/\/analyse.optim.biz\/index.php?rest_route=\/wp\/v2\/users\/1"}],"replies":[{"embeddable":true,"href":"https:\/\/analyse.optim.biz\/index.php?rest_route=%2Fwp%2Fv2%2Fcomments&post=1907384"}],"version-history":[{"count":0,"href":"https:\/\/analyse.optim.biz\/index.php?rest_route=\/wp\/v2\/posts\/1907384\/revisions"}],"wp:attachment":[{"href":"https:\/\/analyse.optim.biz\/index.php?rest_route=%2Fwp%2Fv2%2Fmedia&parent=1907384"}],"wp:term":[{"taxonomy":"category","embeddable":true,"href":"https:\/\/analyse.optim.biz\/index.php?rest_route=%2Fwp%2Fv2%2Fcategories&post=1907384"},{"taxonomy":"post_tag","embeddable":true,"href":"https:\/\/analyse.optim.biz\/index.php?rest_route=%2Fwp%2Fv2%2Ftags&post=1907384"}],"curies":[{"name":"wp","href":"https:\/\/api.w.org\/{rel}","templated":true}]}}