{"id":1907070,"date":"2026-04-26T10:08:18","date_gmt":"2026-04-26T07:08:18","guid":{"rendered":"https:\/\/analyse.optim.biz\/?p=1907070"},"modified":"2026-04-26T10:08:18","modified_gmt":"2026-04-26T07:08:18","slug":"david-popovici-sportivul-anului-2025-in-natatia-romaneasca","status":"publish","type":"post","link":"https:\/\/analyse.optim.biz\/?p=1907070","title":{"rendered":"David Popovici, sportivul anului 2025 \u00een nata\u021bia rom\u00e2neasc\u0103"},"content":{"rendered":"<p>[analyse_image type=&#8221;featured&#8221; src=&#8221;https:\/\/orasul-timisoara.ro\/wp-content\/uploads\/2026\/04\/david-popovici.jpg&#8221;]<\/p>\n<article id=\"post-38394\" class=\"td-post-template-7 post-38394 post type-post status-publish format-standard has-post-thumbnail category-featured category-stiri-nationale-si-internationale tag-adrian-radulescu tag-campionat-mondial tag-david-popovici tag-federatia-natatie tag-inotatori-romani tag-juniori-natatie tag-natatie-romania tag-performanta-sportiva tag-sportivul-anului td-container-wrap\">\n<div class=\"td-full-screen-header-image-wrap\">\n<div class=\"td-container td-post-header\">\n<div class=\"td-crumb-container\">\n<div class=\"entry-crumbs\"><span><a title=\"Vede\u021bi toate articolele \u00een \u0218tiri na\u021bionale \u0219i interna\u021bionale\" class=\"entry-crumb\" href=\"https:\/\/orasul-timisoara.ro\/local-category\/stiri-nationale-si-internationale\/\">\u0218tiri na\u021bionale \u0219i interna\u021bionale<\/a><\/span><span class=\"td-bred-no-url-last\">David Popovici, sportivul anului 2025 \u00een nata\u021bia rom\u00e2neasc\u0103<\/span><\/div>\n<\/div>\n<div class=\"td-post-header-holder\">\n<div class=\"td-parallax-header\">\n<header class=\"td-post-title\">\n<ul class=\"td-category\">\n<li class=\"entry-category\"><a href=\"https:\/\/orasul-timisoara.ro\/local-category\/stiri-nationale-si-internationale\/\">\u0218tiri na\u021bionale \u0219i interna\u021bionale<\/a><\/li>\n<\/ul>\n<h1 class=\"entry-title\">David Popovici, sportivul anului 2025 \u00een nata\u021bia rom\u00e2neasc\u0103<\/h1>\n<div class=\"td-module-meta-info\">\n<div class=\"td-post-author-name\">\n<div class=\"td-author-by\">De c\u0103tre<\/div>\n<p><a href=\"https:\/\/orasul-timisoara.ro\/author\/timisoara\/\">redactia<\/a><\/p>\n<div class=\"td-author-line\"> &#8211; <\/div>\n<\/div>\n<p><span class=\"td-post-date\"><time class=\"entry-date updated td-module-date\" datetime=\"2026-04-26T13:08:18+03:00\">26\/04\/2026<\/time><\/span><\/div>\n<\/header>\n<\/div>\n<\/div>\n<\/div>\n<div id=\"td-full-screen-header-image\" class=\"td-image-gradient-style7\"><img decoding=\"async\" class=\"td-backstretch\" src=\"https:\/\/orasul-timisoara.ro\/wp-content\/uploads\/2026\/04\/david-popovici.jpg\"><\/div>\n<\/div>\n<div class=\"td-container\">\n<div class=\"td-pb-row\">\n<div class=\"td-pb-span8 td-main-content\" role=\"main\">\n<div class=\"td-ss-main-content\">\n<div class=\"td-post-sharing-top\">\n<div class=\"td-post-sharing-classic\"><iframe title=\"topFacebookLike\" frameborder src=\"https:\/\/www.facebook.com\/plugins\/like.php?href=https:\/\/orasul-timisoara.ro\/local-38394\/&amp;layout=button_count&amp;show_faces=false&amp;width=105&amp;action=like&amp;colorscheme=light&amp;height=21\"><\/iframe><\/div>\n<div id=\"td_social_sharing_article_top\" class=\"td-post-sharing td-ps-bg td-ps-notext td-post-sharing-style1 \">\n<div class=\"td-post-sharing-visible\"><a class=\"td-social-sharing-button td-social-sharing-button-js td-social-network td-social-facebook\" href=\"https:\/\/www.facebook.com\/sharer.php?u=https%3A%2F%2Forasul-timisoara.ro%2Flocal-38394%2F\" title=\"Facebook\"><\/p>\n<div class=\"td-social-but-text\">Facebook<\/div>\n<p><\/a><a class=\"td-social-sharing-button td-social-sharing-button-js td-social-network td-social-twitter\" href=\"https:\/\/twitter.com\/intent\/tweet?text=David+Popovici%2C+sportivul+anului+2025+%C3%AEn+nata%C8%9Bia+rom%C3%A2neasc%C4%83&amp;url=https%3A%2F%2Forasul-timisoara.ro%2Flocal-38394%2F&amp;via=orasultm\" title=\"Twitter\"><\/p>\n<div class=\"td-social-but-text\">Twitter<\/div>\n<p><\/a><a class=\"td-social-sharing-button td-social-sharing-button-js td-social-network td-social-whatsapp\" href=\"https:\/\/api.whatsapp.com\/send?text=David+Popovici%2C+sportivul+anului+2025+%C3%AEn+nata%C8%9Bia+rom%C3%A2neasc%C4%83%20%0A%0A%20https:\/\/orasul-timisoara.ro\/local-38394\/\" title=\"WhatsApp\"><\/p>\n<div class=\"td-social-but-text\">WhatsApp<\/div>\n<p><\/a><a class=\"td-social-sharing-button td-social-sharing-button-js td-social-network td-social-linkedin\" href=\"https:\/\/www.linkedin.com\/shareArticle?mini=true&amp;url=https:\/\/orasul-timisoara.ro\/local-38394\/&amp;title=David+Popovici%2C+sportivul+anului+2025+%C3%AEn+nata%C8%9Bia+rom%C3%A2neasc%C4%83\" title=\"Linkedin\"><\/p>\n<div class=\"td-social-but-text\">Linkedin<\/div>\n<p><\/a><a class=\"td-social-sharing-button td-social-sharing-button-js td-social-network td-social-reddit\" href=\"https:\/\/reddit.com\/submit?url=https:\/\/orasul-timisoara.ro\/local-38394\/&amp;title=David+Popovici%2C+sportivul+anului+2025+%C3%AEn+nata%C8%9Bia+rom%C3%A2neasc%C4%83\" title=\"ReddIt\"><\/p>\n<div class=\"td-social-but-text\">ReddIt<\/div>\n<p><\/a><a class=\"td-social-sharing-button td-social-sharing-button-js td-social-network td-social-mail\" href=\"mailto:?subject=David%20Popovici,%20sportivul%20anului%202025%20%C3%AEn%20nata%C8%9Bia%20rom%C3%A2neasc%C4%83&amp;body=https:\/\/orasul-timisoara.ro\/local-38394\/\" title=\"Email\"><\/p>\n<div class=\"td-social-but-text\">Email<\/div>\n<p><\/a><a class=\"td-social-sharing-button td-social-sharing-button-js td-social-network td-social-print\" href=\"https:\/\/orasul-timisoara.ro\/local-38394\/\" title=\"Imprimare\"><\/p>\n<div class=\"td-social-but-text\">Imprimare<\/div>\n<p><\/a><\/div>\n<\/div>\n<\/div>\n<div class=\"td-post-content tagdiv-type\">\n<p>Federa\u021bia Rom\u00e2n\u0103 de Nata\u021bie \u0219i Pentatlon Modern \u0219i-a premiat, s\u00e2mb\u0103t\u0103, cei mai buni sportivi \u0219i antrenori ai anului 2025, \u00een cadrul unei gale desf\u0103\u0219urate la Complexul Sportiv de Nata\u021bie Otopeni. Evenimentul a reconfirmat domina\u021bia \u00eenotului rom\u00e2nesc \u00een competi\u021biile interna\u021bionale, cu nume deja consacrate \u0219i noi talente \u00een ascensiune.<\/p>\n<p>Marele c\u00e2\u0219tig\u0103tor al serii a fost David Popovici, desemnat sportivul anului 2025, dup\u0103 un sezon excep\u021bional. Sub \u00eendrumarea antrenorului s\u0103u, Adrian R\u0103dulescu, ales antrenorul anului, Popovici a reu\u0219it performan\u021be de top la nivel mondial.<\/p>\n<p>\u00cenot\u0103torul rom\u00e2n a cucerit dou\u0103 medalii de aur la probele de 100 \u0219i 200 metri liber la Campionatele Mondiale de seniori de la Singapore. De asemenea, a dominat Campionatul European de tineret de la Samorin, unde a ob\u021binut aur la 100 \u0219i 200 metri liber \u0219i bronz la 50 metri liber, confirm\u00e2ndu-\u0219i statutul de lider al noii genera\u021bii \u00een nata\u021bia mondial\u0103.<\/p>\n<p>Gala a adus \u00een prim-plan \u0219i performan\u021bele juniorilor. La feminin, titlul de sportiva anului a fost acordat Daria Sili\u0219teanu, medaliat\u0103 cu argint la 100 metri spate la Campionatul Mondial de juniori de la Otopeni \u0219i cu aur la 100 metri spate, respectiv bronz la 50 metri spate la Europenele de juniori de la Samorin.<\/p>\n<p>La masculin, distinc\u021bia i-a revenit lui Robert Badea, care a urcat pe podium at\u00e2t la nivel mondial, c\u00e2t \u0219i european. Sportivul a ob\u021binut bronz la 400 metri mixt la Mondialele de juniori de la Otopeni, precum \u0219i aur la 400 metri mixt \u0219i argint la 200 metri mixt la Campionatul European de juniori.<\/p>\n<p>Totodat\u0103, au fost recompensa\u021bi \u0219i antrenorii care au contribuit la aceste rezultate: Andrei Pinticanu, Luis L\u0103c\u0103tu\u0219 \u0219i Iulia Becheru, pentru implicarea \u00een dezvoltarea noilor genera\u021bii de \u00eenot\u0103tori.<\/p>\n<p>Rezultatele ob\u021binute \u00een 2025 confirm\u0103 progresul constant al nata\u021biei rom\u00e2ne\u0219ti \u0219i pozi\u021bionarea acesteia \u00een elita interna\u021bional\u0103, at\u00e2t la nivel de seniori, c\u00e2t \u0219i la juniori.<\/p>\n<\/div>\n<footer>\n<div class=\"td-post-source-tags\">\n<ul class=\"td-tags td-post-small-box clearfix\">\n<li><span>ETICHETE<\/span><\/li>\n<li><a href=\"https:\/\/orasul-timisoara.ro\/local-tag\/adrian-radulescu\/\">Adrian R\u0103dulescu<\/a><\/li>\n<li><a href=\"https:\/\/orasul-timisoara.ro\/local-tag\/campionat-mondial\/\">Campionat Mondial<\/a><\/li>\n<li><a href=\"https:\/\/orasul-timisoara.ro\/local-tag\/david-popovici\/\">david popovici<\/a><\/li>\n<li><a href=\"https:\/\/orasul-timisoara.ro\/local-tag\/federatia-natatie\/\">Federa\u021bia Nata\u021bie<\/a><\/li>\n<li><a href=\"https:\/\/orasul-timisoara.ro\/local-tag\/inotatori-romani\/\">\u00eenot\u0103tori rom\u00e2ni<\/a><\/li>\n<li><a href=\"https:\/\/orasul-timisoara.ro\/local-tag\/juniori-natatie\/\">juniori nata\u021bie<\/a><\/li>\n<li><a href=\"https:\/\/orasul-timisoara.ro\/local-tag\/natatie-romania\/\">nata\u021bie Rom\u00e2nia<\/a><\/li>\n<li><a href=\"https:\/\/orasul-timisoara.ro\/local-tag\/performanta-sportiva\/\">performan\u021b\u0103 sportiv\u0103<\/a><\/li>\n<li><a href=\"https:\/\/orasul-timisoara.ro\/local-tag\/sportivul-anului\/\">sportivul anului<\/a><\/li>\n<\/ul>\n<\/div>\n<div class=\"td-post-sharing-bottom\">\n<div class=\"td-post-sharing-classic\"><iframe title=\"bottomFacebookLike\" frameborder src=\"https:\/\/www.facebook.com\/plugins\/like.php?href=https:\/\/orasul-timisoara.ro\/local-38394\/&amp;layout=button_count&amp;show_faces=false&amp;width=105&amp;action=like&amp;colorscheme=light&amp;height=21\"><\/iframe><\/div>\n<div id=\"td_social_sharing_article_bottom\" class=\"td-post-sharing td-ps-bg td-ps-notext td-post-sharing-style1 \">\n<div class=\"td-post-sharing-visible\"><a class=\"td-social-sharing-button td-social-sharing-button-js td-social-network td-social-facebook\" href=\"https:\/\/www.facebook.com\/sharer.php?u=https%3A%2F%2Forasul-timisoara.ro%2Flocal-38394%2F\" title=\"Facebook\"><\/p>\n<div class=\"td-social-but-text\">Facebook<\/div>\n<p><\/a><a class=\"td-social-sharing-button td-social-sharing-button-js td-social-network td-social-twitter\" href=\"https:\/\/twitter.com\/intent\/tweet?text=David+Popovici%2C+sportivul+anului+2025+%C3%AEn+nata%C8%9Bia+rom%C3%A2neasc%C4%83&amp;url=https%3A%2F%2Forasul-timisoara.ro%2Flocal-38394%2F&amp;via=orasultm\" title=\"Twitter\"><\/p>\n<div class=\"td-social-but-text\">Twitter<\/div>\n<p><\/a><a class=\"td-social-sharing-button td-social-sharing-button-js td-social-network td-social-whatsapp\" href=\"https:\/\/api.whatsapp.com\/send?text=David+Popovici%2C+sportivul+anului+2025+%C3%AEn+nata%C8%9Bia+rom%C3%A2neasc%C4%83%20%0A%0A%20https:\/\/orasul-timisoara.ro\/local-38394\/\" title=\"WhatsApp\"><\/p>\n<div class=\"td-social-but-text\">WhatsApp<\/div>\n<p><\/a><a class=\"td-social-sharing-button td-social-sharing-button-js td-social-network td-social-linkedin\" href=\"https:\/\/www.linkedin.com\/shareArticle?mini=true&amp;url=https:\/\/orasul-timisoara.ro\/local-38394\/&amp;title=David+Popovici%2C+sportivul+anului+2025+%C3%AEn+nata%C8%9Bia+rom%C3%A2neasc%C4%83\" title=\"Linkedin\"><\/p>\n<div class=\"td-social-but-text\">Linkedin<\/div>\n<p><\/a><a class=\"td-social-sharing-button td-social-sharing-button-js td-social-network td-social-reddit\" href=\"https:\/\/reddit.com\/submit?url=https:\/\/orasul-timisoara.ro\/local-38394\/&amp;title=David+Popovici%2C+sportivul+anului+2025+%C3%AEn+nata%C8%9Bia+rom%C3%A2neasc%C4%83\" title=\"ReddIt\"><\/p>\n<div class=\"td-social-but-text\">ReddIt<\/div>\n<p><\/a><a class=\"td-social-sharing-button td-social-sharing-button-js td-social-network td-social-mail\" href=\"mailto:?subject=David%20Popovici,%20sportivul%20anului%202025%20%C3%AEn%20nata%C8%9Bia%20rom%C3%A2neasc%C4%83&amp;body=https:\/\/orasul-timisoara.ro\/local-38394\/\" title=\"Email\"><\/p>\n<div class=\"td-social-but-text\">Email<\/div>\n<p><\/a><a class=\"td-social-sharing-button td-social-sharing-button-js td-social-network td-social-print\" href=\"https:\/\/orasul-timisoara.ro\/local-38394\/\" title=\"Imprimare\"><\/p>\n<div class=\"td-social-but-text\">Imprimare<\/div>\n<p><\/a><\/div>\n<\/div>\n<\/div>\n<div class=\"td-block-row td-post-next-prev\">\n<div class=\"td-block-span6 td-post-prev-post\">\n<div class=\"td-post-next-prev-content\"><span>Articolul precedent<\/span><a href=\"https:\/\/orasul-timisoara.ro\/local-38391\/\">Programul \u201eNoua Cas\u0103\u201d continu\u0103 \u00een 2026: plafon de 500 milioane lei pentru credite garantate<\/a><\/div>\n<\/div>\n<div class=\"td-block-span6 td-post-next-post\">\n<div class=\"td-post-next-prev-content\"><span>Articolul urm\u0103tor<\/span><a href=\"https:\/\/orasul-timisoara.ro\/local-38398\/\">Dezinsec\u021bie \u00een Timi\u0219oara: tratamente \u00eempotriva \u021b\u00e2n\u021barilor \u0219i c\u0103pu\u0219elor, \u00een perioada 4\u201312 mai<\/a><\/div>\n<\/div>\n<\/div>\n<div class=\"td-author-name vcard author\"><span class=\"fn\"><a href=\"https:\/\/orasul-timisoara.ro\/author\/timisoara\/\">redactia<\/a><\/span><\/div>\n<p><span class=\"td-page-meta\"><\/span><span class=\"td-page-meta\"><span class=\"td-page-meta\"><\/span><\/span><span class=\"td-page-meta\"><\/span><\/footer>\n<div class=\"td_block_wrap td_block_related_posts tdi_3 td_with_ajax_pagination td-pb-border-top td_block_template_8\" data-td-block-uid=\"tdi_3\">\n<h4 class=\"td-related-title td-block-title\"><a id=\"tdi_4\" class=\"td-related-left td-cur-simple-item\" data-td_filter_value data-td_block_id=\"tdi_3\" href=\"https:\/\/orasul-timisoara.ro\/local-38394\/\">ARTICOLE SIMILARE<\/a><a id=\"tdi_5\" class=\"td-related-right\" data-td_filter_value=\"td_related_more_from_author\" data-td_block_id=\"tdi_3\" href=\"https:\/\/orasul-timisoara.ro\/local-38394\/\">DE LA ACELA\u0218I AUTOR<\/a><\/h4>\n<div id=\"tdi_3\" class=\"td_block_inner\">\n<div class=\"td-related-row\">\n<div class=\"td-related-span4\">\n<div class=\"td_module_related_posts td-animation-stack td_mod_related_posts\">\n<div class=\"td-module-image\">\n<div class=\"td-module-thumb\"><a href=\"https:\/\/orasul-timisoara.ro\/local-33348\/\" rel=\"bookmark\" class=\"td-image-wrap \" title=\"David Popovici rescrie istoria nata\u021biei: o nou\u0103 medalie de aur la 100 m liber \u00een 46.51 secunde \u0219i nou record european\"><img loading=\"lazy\" decoding=\"async\" class=\"entry-thumb\" src=\"https:\/\/orasul-timisoara.ro\/wp-content\/uploads\/2022\/06\/david-popovici-01.jpg\" alt title=\"David Popovici rescrie istoria nata\u021biei: o nou\u0103 medalie de aur la 100 m liber \u00een 46.51 secunde \u0219i nou record european\" width=\"218\" height=\"150\"><\/a><\/div>\n<\/div>\n<div class=\"item-details\">\n<h3 class=\"entry-title td-module-title\"><a href=\"https:\/\/orasul-timisoara.ro\/local-33348\/\" rel=\"bookmark\" title=\"David Popovici rescrie istoria nata\u021biei: o nou\u0103 medalie de aur la 100 m liber \u00een 46.51 secunde \u0219i nou record european\">David Popovici rescrie istoria nata\u021biei: o nou\u0103 medalie de aur la 100 m liber \u00een 46.51 secunde \u0219i nou record european<\/a><\/h3>\n<\/div>\n<\/div>\n<\/div>\n<div class=\"td-related-span4\">\n<div class=\"td_module_related_posts td-animation-stack td_mod_related_posts\">\n<div class=\"td-module-image\">\n<div class=\"td-module-thumb\"><a href=\"https:\/\/orasul-timisoara.ro\/local-19659\/\" rel=\"bookmark\" class=\"td-image-wrap \" title=\"Fabulos! David Popovici a c\u00e2\u0219tigat \u00een stil de mare campion cursa de 200 metri liber, realiz\u00e2nd un nou record mondial (video)\"><img loading=\"lazy\" decoding=\"async\" class=\"entry-thumb\" src=\"https:\/\/orasul-timisoara.ro\/wp-content\/uploads\/2022\/08\/Screenshot_1586.jpg\" alt title=\"Fabulos! David Popovici a c\u00e2\u0219tigat \u00een stil de mare campion cursa de 200 metri liber, realiz\u00e2nd un nou record mondial (video)\" width=\"218\" height=\"150\"><\/a><\/div>\n<\/div>\n<div class=\"item-details\">\n<h3 class=\"entry-title td-module-title\"><a href=\"https:\/\/orasul-timisoara.ro\/local-19659\/\" rel=\"bookmark\" title=\"Fabulos! David Popovici a c\u00e2\u0219tigat \u00een stil de mare campion cursa de 200 metri liber, realiz\u00e2nd un nou record mondial (video)\">Fabulos! David Popovici a c\u00e2\u0219tigat \u00een stil de mare campion cursa de 200 metri liber, realiz\u00e2nd un nou record mondial (video)<\/a><\/h3>\n<\/div>\n<\/div>\n<\/div>\n<div class=\"td-related-span4\">\n<div class=\"td_module_related_posts td-animation-stack td_mod_related_posts\">\n<div class=\"td-module-image\">\n<div class=\"td-module-thumb\"><a href=\"https:\/\/orasul-timisoara.ro\/local-19276\/\" rel=\"bookmark\" class=\"td-image-wrap \" title=\"Guvernul recompenseaz\u0103 cu un milion de lei performan\u021ba lui David Popovici, campion mondial la \u00eenot\"><img loading=\"lazy\" decoding=\"async\" class=\"entry-thumb\" src=\"https:\/\/orasul-timisoara.ro\/wp-content\/uploads\/2022\/06\/david-popovici-01.jpg\" alt title=\"Guvernul recompenseaz\u0103 cu un milion de lei performan\u021ba lui David Popovici, campion mondial la \u00eenot\" width=\"218\" height=\"150\"><\/a><\/div>\n<\/div>\n<div class=\"item-details\">\n<h3 class=\"entry-title td-module-title\"><a href=\"https:\/\/orasul-timisoara.ro\/local-19276\/\" rel=\"bookmark\" title=\"Guvernul recompenseaz\u0103 cu un milion de lei performan\u021ba lui David Popovici, campion mondial la \u00eenot\">Guvernul recompenseaz\u0103 cu un milion de lei performan\u021ba lui David Popovici, campion mondial la \u00eenot<\/a><\/h3>\n<\/div>\n<\/div>\n<\/div>\n<\/div>\n<\/div>\n<\/div>\n<div class=\"comments\" id=\"comments\">\n<div id=\"respond\" class=\"comment-respond\">\n<h3 id=\"reply-title\" class=\"comment-reply-title\">L\u0102SA\u021aI UN MESAJ<\/h3>\n<div class=\"comment-form-input-wrap td-form-comment\">\n<div class=\"td-warning-comment\">V\u0103 rug\u0103m s\u0103 introduce\u021bi comentariul dvs.!<\/div>\n<\/div>\n<div class=\"comment-form-input-wrap td-form-author\">\n<div class=\"td-warning-author\">Introduce\u021bi aici numele dvs.<\/div>\n<\/div>\n<div class=\"comment-form-input-wrap td-form-email\">\n<div class=\"td-warning-email-error\">A\u021bi introdus o adres\u0103 de e-mail incorect\u0103!<\/div>\n<div class=\"td-warning-email\">V\u0103 rug\u0103m s\u0103 introduce\u021bi adresa dvs. de e-mail aici<\/div>\n<\/div>\n<\/div>\n<p class=\"akismet_comment_form_privacy_notice\">Acest site folose\u0219te Akismet pentru a reduce spamul. <a href=\"https:\/\/akismet.com\/privacy\/\" target=\"_blank\" rel=\"nofollow noopener\">Afl\u0103 cum sunt procesate datele comentariilor tale<\/a>.<\/p>\n<\/div>\n<\/div>\n<\/div>\n<div class=\"td-pb-span4 td-main-sidebar\" role=\"complementary\">\n<div class=\"td-ss-main-sidebar\">\n<aside id=\"block-4\" class=\"td_block_template_8 widget block-4 widget_block widget_media_image\">\n<figure class=\"wp-block-image size-full\"><img loading=\"lazy\" decoding=\"async\" width=\"336\" height=\"280\" src=\"https:\/\/orasul-timisoara.ro\/wp-content\/uploads\/2024\/11\/ReTIM-Abonamentul-Verde-Google-Ads-336x280px.gif\" alt class=\"wp-image-29257\"><\/figure>\n<\/aside>\n<div class=\"td_block_wrap td_block_social_counter td_block_widget tdi_6 td-social-style5 td-social-boxed td-pb-border-top td_block_template_8\">\n<div class=\"td-block-title-wrap\">\n<h4 class=\"td-block-title\"><span>Urm\u0103re\u0219te-ne pe Social Media<\/span><\/h4>\n<\/div>\n<div class=\"td-social-list\">\n<div class=\"td_social_type td-pb-margin-side td_social_facebook\">\n<div class=\"td-social-box\"><span class=\"td_social_info td_social_info_counter\">344,595<\/span><span class=\"td_social_info td_social_info_name\">Fani<\/span><span class=\"td_social_button\"><a href=\"https:\/\/www.facebook.com\/247timisoara\" target=\"_blank\" rel=\"nofollow\">\u00cemi place<\/a><\/span><\/div>\n<\/div>\n<div class=\"td_social_type td-pb-margin-side td_social_instagram\">\n<div class=\"td-social-box\"><span class=\"td_social_info td_social_info_counter\">4,416<\/span><span class=\"td_social_info td_social_info_name\">Cititori<\/span><span class=\"td_social_button\"><a href=\"https:\/\/instagram.com\/orasultimisoararo\/\" target=\"_blank\" rel=\"nofollow\">Conecta\u021bi-v\u0103<\/a><\/span><\/div>\n<\/div>\n<div class=\"td_social_type td-pb-margin-side td_social_rss\">\n<div class=\"td-social-box\"><span class=\"td_social_info td_social_info_counter\">12,506<\/span><span class=\"td_social_info td_social_info_name\">Cititori<\/span><span class=\"td_social_button\"><a href=\"https:\/\/orasul-timisoara.ro\/feed\/\" target=\"_blank\" rel=\"nofollow\">Conecta\u021bi-v\u0103<\/a><\/span><\/div>\n<\/div>\n<div class=\"td_social_type td-pb-margin-side td_social_tiktok\">\n<div class=\"td-social-box\"><span class=\"td_social_info td_social_info_counter\">1,500<\/span><span class=\"td_social_info td_social_info_name\">Cititori<\/span><span class=\"td_social_button\"><a href=\"https:\/\/www.tiktok.com\/@orasultimisoara\" target=\"_blank\" rel=\"nofollow\">Conecta\u021bi-v\u0103<\/a><\/span><\/div>\n<\/div>\n<div class=\"td_social_type td-pb-margin-side td_social_twitter\">\n<div class=\"td-social-box\"><span class=\"td_social_info td_social_info_counter\">1,595<\/span><span class=\"td_social_info td_social_info_name\">Cititori<\/span><span class=\"td_social_button\"><a href=\"https:\/\/twitter.com\/orasultm\" target=\"_blank\" rel=\"nofollow\">Conecta\u021bi-v\u0103<\/a><\/span><\/div>\n<\/div>\n<div class=\"td_social_type td-pb-margin-side td_social_youtube\">\n<div class=\"td-social-box\"><span class=\"td_social_info td_social_info_counter\">3,506<\/span><span class=\"td_social_info td_social_info_name\">Abona\u021bi<\/span><span class=\"td_social_button\"><a href=\"https:\/\/www.youtube.com\/channel\/UCQNsQvs2XCSIm1Z-AHRturw?sub_confirmation=1\" target=\"_blank\" rel=\"nofollow\">Abona\u021bi-v\u0103<\/a><\/span><\/div>\n<\/div>\n<\/div>\n<\/div>\n<aside id=\"text-7\" class=\"td_block_template_8 widget text-7 widget_text\">\n<h4 class=\"td-block-title\"><span>C\u0103ut\u0103ri populare pe OTM<\/span><\/h4>\n<div class=\"textwidget\"><a href=\"https:\/\/orasul-timisoara.ro\/?s=timisoara\"><span>Timisoara<\/span><\/a><a href=\"https:\/\/orasul-timisoara.ro\/?s=calin+dobra\"><span>Calin Dobra<\/span><\/a><a href=\"https:\/\/orasul-timisoara.ro\/?s=primaria+timisoara\"><span>Primaria Timisoara<\/span><\/a><a href=\"https:\/\/orasul-timisoara.ro\/?s=dominic+fritz\"><span>Dominic Fritz<\/span><\/a><a href=\"https:\/\/orasul-timisoara.ro\/?s=nicolae+robu\"><span>Nicolae Robu<\/span><\/a><a href=\"https:\/\/orasul-timisoara.ro\/?s=consiliul+local+timisoara\">Consiliul Local Timisoara<\/a><a href=\"https:\/\/orasul-timisoara.ro\/?s=consiliul+judetean+timis\"><span>Consiliul Judetean Timis<\/span><\/a><a href=\"https:\/\/orasul-timisoara.ro\/?s=cjt\"><span>CJT<\/span><\/a><a href=\"https:\/\/orasul-timisoara.ro\/?s=Alfred+Simonis\"><span>Alfred Simonis<\/span><\/a><a href=\"https:\/\/orasul-timisoara.ro\/?s=PNL\"><span>PNL<\/span><\/a><a href=\"https:\/\/orasul-timisoara.ro\/?s=coronavirus\"><span>coronavirus<\/span><\/a><a href=\"https:\/\/orasul-timisoara.ro\/?s=teatru+timisoara\">teatru Timisoara<\/a><a href=\"https:\/\/orasul-timisoara.ro\/?s=restaurante\"><span>restaurante Timisoara<\/span><\/a><a href=\"https:\/\/orasul-timisoara.ro\/?s=diskoteka\"><span>Diskoteka<\/span><\/a><a href=\"https:\/\/orasul-timisoara.ro\/?s=iulius+town\"><span>Iulius Town<\/span><\/a><a href=\"https:\/\/orasul-timisoara.ro\/?s=iulius+mall\"><span>Iulius Mall<\/span><\/a><a href=\"https:\/\/orasul-timisoara.ro\/?s=stpt\"><span>STPT<\/span><\/a><a href=\"https:\/\/orasul-timisoara.ro\/?s=alin+nica\"><span>Alin Nica<\/span><\/a><a href=\"https:\/\/orasul-timisoara.ro\/?s=psd\"><span>PSD<\/span><\/a><a href=\"https:\/\/orasul-timisoara.ro\/?s=aeroport\"><span>Aeroportul International Timisoara<\/span><\/a><a href=\"https:\/\/orasul-timisoara.ro\/?s=babes\"><span>Spitalul Victor Babes Timisoara<\/span><\/a><a href=\"https:\/\/orasul-timisoara.ro\/?s=poli\"><span>Poli Timi\u0219oara<\/span><\/a><a href=\"https:\/\/orasul-timisoara.ro\/?s=carantina\"><span>carantina<\/span><\/a><a href=\"https:\/\/orasul-timisoara.ro\/?s=aquatim\"><span>Aquatim<\/span><\/a><a href=\"https:\/\/orasul-timisoara.ro\/local-category\/stiri-timisoara\/\"><span>Stiri Timisoara<\/span><\/a><a href=\"https:\/\/orasul-timisoara.ro\/local-category\/investitii-in-timisoara\/\"><span>Investi\u021bii in Timi\u0219oara<\/span><\/a><a href=\"https:\/\/orasul-timisoara.ro\/local-9463\/\"><span>shaorma<\/span><\/a><a href=\"https:\/\/orasul-timisoara.ro\/?s=trafic\"><span>trafic rutier<\/span><\/a><a href=\"https:\/\/orasul-timisoara.ro\/?s=politia\"><span>politia locala timisoara<\/span><\/a><a href=\"https:\/\/orasul-timisoara.ro\/?s=roxana\"><span>Roxana Iliescu<\/span><\/a><a href=\"https:\/\/orasul-timisoara.ro\/?s=colterm\"><span>Colterm<\/span><\/a><a href=\"https:\/\/orasul-timisoara.ro\/?s=latcau\"><span>Ruben La\u021bc\u0103u<\/span><\/a><a href=\"https:\/\/orasul-timisoara.ro\/?s=timis\"><span>\u0218tiri din Timi\u0219<\/span><\/a><a href=\"https:\/\/orasul-timisoara.ro\/?s=spital\"><span>Spitale din Timi\u0219oara<\/span><\/a><a href=\"https:\/\/orasul-timisoara.ro\/?s=tabara\"><span>Cosmin Tab\u0103r\u0103<\/span><\/a><\/div>\n<\/aside>\n<aside id=\"rss-2\" class=\"td_block_template_8 widget rss-2 widget_rss\">\n<h4 class=\"td-block-title\"><span><a class=\"rsswidget rss-widget-feed\" href=\"https:\/\/fashionfridays.ro\/feed\"><img decoding=\"async\" class=\"rss-widget-icon\" width=\"14\" height=\"14\" src=\"https:\/\/orasul-timisoara.ro\/wp-includes\/images\/rss.png\" alt=\"RSS\" loading=\"lazy\"><\/a><a class=\"rsswidget rss-widget-title\" href=\"https:\/\/fashionfridays.ro\/\">Fashion Fridays<\/a><\/span><\/h4>\n<ul>\n<li><a class=\"rsswidget\" href=\"https:\/\/fashionfridays.ro\/crocs-lanseaza-crocband-gum-clog-confort-iconic-cu-influente-retro-sport-pentru-primavara\/\">Crocs lanseaz\u0103 Crocband Gum Clog: confort iconic cu influen\u021be retro-sport pentru prim\u0103var\u0103<\/a>\n<div class=\"rssSummary\">Martie marcheaz\u0103 acel moment al anului \u00een care stilul \u00eencepe s\u0103 se relaxeze. Zilele devin mai lungi, ritmul ora\u0219ului se schimb\u0103, iar garderoba face tranzi\u021bia c\u0103tre piese care pun confortul pe primul loc, f\u0103r\u0103 s\u0103 renun\u021be la atitudine. Este sezonul \u00een care autenticitatea devine declara\u021bie de stil, iar alegerile vestimentare reflect\u0103 mai mult ca oric\u00e2nd [\u2026]<\/div>\n<\/li>\n<\/ul>\n<\/aside>\n<aside id=\"rss-4\" class=\"td_block_template_8 widget rss-4 widget_rss\">\n<h4 class=\"td-block-title\"><span><a class=\"rsswidget rss-widget-feed\" href=\"https:\/\/emasini.ro\/feed\"><img decoding=\"async\" class=\"rss-widget-icon\" width=\"14\" height=\"14\" src=\"https:\/\/orasul-timisoara.ro\/wp-includes\/images\/rss.png\" alt=\"RSS\" loading=\"lazy\"><\/a><a class=\"rsswidget rss-widget-title\" href=\"https:\/\/emasini.ro\/\">eMasini<\/a><\/span><\/h4>\n<ul>\n<li><a class=\"rsswidget\" href=\"https:\/\/emasini.ro\/traficul-rutier-sub-analiza-recensamant-national-pentru-modernizarea-infrastructurii\/\">Traficul rutier, sub analiz\u0103: recens\u0103m\u00e2nt na\u021bional pentru modernizarea infrastructurii<\/a>\n<div class=\"rssSummary\">Compania Na\u021bional\u0103 de Administrare a Infrastructurii Rutiere, prin Centrul de Studii Tehnice Rutiere \u0219i Informatic\u0103, preg\u0103te\u0219te una dintre cele mai importante ac\u021biuni de colectare de date din domeniul transporturilor: Recens\u0103m\u00e2ntul General de Circula\u021bie Rutier\u0103. Demersul are un rol strategic \u00een fundamentarea deciziilor privind dezvoltarea \u0219i modernizarea infrastructurii rutiere din Rom\u00e2nia. Ac\u021biunea este coordonat\u0103 de CNAIR, [\u2026]<\/div>\n<\/li>\n<\/ul>\n<\/aside>\n<\/div>\n<\/div>\n<\/div>\n<\/div>\n<\/article>\n<div class=\"td-post-content tagdiv-type\">\n<p>Federa\u021bia Rom\u00e2n\u0103 de Nata\u021bie \u0219i Pentatlon Modern \u0219i-a premiat, s\u00e2mb\u0103t\u0103, cei mai buni sportivi \u0219i antrenori ai anului 2025, \u00een cadrul unei gale desf\u0103\u0219urate la Complexul Sportiv de Nata\u021bie Otopeni. Evenimentul a reconfirmat domina\u021bia \u00eenotului rom\u00e2nesc \u00een competi\u021biile interna\u021bionale, cu nume deja consacrate \u0219i noi talente \u00een ascensiune.<\/p>\n<p>Marele c\u00e2\u0219tig\u0103tor al serii a fost David Popovici, desemnat sportivul anului 2025, dup\u0103 un sezon excep\u021bional. Sub \u00eendrumarea antrenorului s\u0103u, Adrian R\u0103dulescu, ales antrenorul anului, Popovici a reu\u0219it performan\u021be de top la nivel mondial.<\/p>\n<p>\u00cenot\u0103torul rom\u00e2n a cucerit dou\u0103 medalii de aur la probele de 100 \u0219i 200 metri liber la Campionatele Mondiale de seniori de la Singapore. De asemenea, a dominat Campionatul European de tineret de la Samorin, unde a ob\u021binut aur la 100 \u0219i 200 metri liber \u0219i bronz la 50 metri liber, confirm\u00e2ndu-\u0219i statutul de lider al noii genera\u021bii \u00een nata\u021bia mondial\u0103.<\/p>\n<p>Gala a adus \u00een prim-plan \u0219i performan\u021bele juniorilor. La feminin, titlul de sportiva anului a fost acordat Daria Sili\u0219teanu, medaliat\u0103 cu argint la 100 metri spate la Campionatul Mondial de juniori de la Otopeni \u0219i cu aur la 100 metri spate, respectiv bronz la 50 metri spate la Europenele de juniori de la Samorin.<\/p>\n<p>La masculin, distinc\u021bia i-a revenit lui Robert Badea, care a urcat pe podium at\u00e2t la nivel mondial, c\u00e2t \u0219i european. Sportivul a ob\u021binut bronz la 400 metri mixt la Mondialele de juniori de la Otopeni, precum \u0219i aur la 400 metri mixt \u0219i argint la 200 metri mixt la Campionatul European de juniori.<\/p>\n<p>Totodat\u0103, au fost recompensa\u021bi \u0219i antrenorii care au contribuit la aceste rezultate: Andrei Pinticanu, Luis L\u0103c\u0103tu\u0219 \u0219i Iulia Becheru, pentru implicarea \u00een dezvoltarea noilor genera\u021bii de \u00eenot\u0103tori.<\/p>\n<p>Rezultatele ob\u021binute \u00een 2025 confirm\u0103 progresul constant al nata\u021biei rom\u00e2ne\u0219ti \u0219i pozi\u021bionarea acesteia \u00een elita interna\u021bional\u0103, at\u00e2t la nivel de seniori, c\u00e2t \u0219i la juniori.<\/p>\n<\/div>\n<p>[analyse_source url=&#8221;https:\/\/orasul-timisoara.ro\/local-38394\/&#8221;]<\/p>\n","protected":false},"excerpt":{"rendered":"<p>[analyse_image type=&#8221;featured&#8221; src=&#8221;https:\/\/orasul-timisoara.ro\/wp-content\/uploads\/2026\/04\/david-popovici.jpg&#8221;] \u0218tiri na\u021bionale \u0219i interna\u021bionaleDavid Popovici, sportivul anului 2025 \u00een nata\u021bia rom\u00e2neasc\u0103 \u0218tiri na\u021bionale \u0219i interna\u021bionale David Popovici, sportivul anului 2025 \u00een nata\u021bia rom\u00e2neasc\u0103 De c\u0103tre redactia &#8211; 26\/04\/2026 Facebook Twitter WhatsApp Linkedin ReddIt Email Imprimare Federa\u021bia Rom\u00e2n\u0103 de Nata\u021bie \u0219i Pentatlon Modern \u0219i-a premiat, s\u00e2mb\u0103t\u0103, cei mai buni sportivi \u0219i antrenori ai [&hellip;]<\/p>\n","protected":false},"author":1,"featured_media":0,"comment_status":"open","ping_status":"","sticky":false,"template":"","format":"standard","meta":{"footnotes":""},"categories":[89],"tags":[226,189],"class_list":["post-1907070","post","type-post","status-publish","format-standard","hentry","category-romania","tag-crawlmanager","tag-orasul-timisoara-ro"],"_links":{"self":[{"href":"https:\/\/analyse.optim.biz\/index.php?rest_route=\/wp\/v2\/posts\/1907070","targetHints":{"allow":["GET"]}}],"collection":[{"href":"https:\/\/analyse.optim.biz\/index.php?rest_route=\/wp\/v2\/posts"}],"about":[{"href":"https:\/\/analyse.optim.biz\/index.php?rest_route=\/wp\/v2\/types\/post"}],"author":[{"embeddable":true,"href":"https:\/\/analyse.optim.biz\/index.php?rest_route=\/wp\/v2\/users\/1"}],"replies":[{"embeddable":true,"href":"https:\/\/analyse.optim.biz\/index.php?rest_route=%2Fwp%2Fv2%2Fcomments&post=1907070"}],"version-history":[{"count":0,"href":"https:\/\/analyse.optim.biz\/index.php?rest_route=\/wp\/v2\/posts\/1907070\/revisions"}],"wp:attachment":[{"href":"https:\/\/analyse.optim.biz\/index.php?rest_route=%2Fwp%2Fv2%2Fmedia&parent=1907070"}],"wp:term":[{"taxonomy":"category","embeddable":true,"href":"https:\/\/analyse.optim.biz\/index.php?rest_route=%2Fwp%2Fv2%2Fcategories&post=1907070"},{"taxonomy":"post_tag","embeddable":true,"href":"https:\/\/analyse.optim.biz\/index.php?rest_route=%2Fwp%2Fv2%2Ftags&post=1907070"}],"curies":[{"name":"wp","href":"https:\/\/api.w.org\/{rel}","templated":true}]}}