{"id":1906774,"date":"2026-04-28T08:33:13","date_gmt":"2026-04-28T05:33:13","guid":{"rendered":"https:\/\/analyse.optim.biz\/?p=1906774"},"modified":"2026-04-28T08:33:13","modified_gmt":"2026-04-28T05:33:13","slug":"masina-facuta-scrum-in-urma-unui-incendiu-violent-pe-un-drum-din-banat","status":"publish","type":"post","link":"https:\/\/analyse.optim.biz\/?p=1906774","title":{"rendered":"Ma\u015fin\u0103 f\u0103cut\u0103 scrum, \u00een urma unui incendiu violent, pe un drum din Banat"},"content":{"rendered":"<p>[analyse_image type=&#8221;featured&#8221; src=&#8221;https:\/\/renasterea.ro\/ro\/wp-content\/uploads\/2026\/04\/incendiu-masina.jpghttps:\/\/renasterea.ro\/ro\/wp-content\/uploads\/2026\/04\/incendiu-masina.jpg&#8221;]<\/p>\n<div class=\"entry-content\"><img loading=\"lazy\" decoding=\"async\" width=\"650\" height=\"433\" src=\"https:\/\/renasterea.ro\/ro\/wp-content\/uploads\/2026\/04\/incendiu-masina.jpg\" class=\"attachment-medium size-medium wp-post-image\" alt=\"Ma\u015fin\u0103 f\u0103cut\u0103 scrum, \u00een urma unui incendiu violent, pe un drum din Banat\" title=\"Ma\u015fin\u0103 f\u0103cut\u0103 scrum, \u00een urma unui incendiu violent, pe un drum din Banat 1\"><\/p>\n<h4>Ma\u015fin\u0103 f\u0103cut\u0103 scrum, \u00een urma unui incendiu violent, pe un drum din Banat<\/h4>\n<p>Pompierii militari din cadrul Inspectoratului pentru Situa\u021bii de Urgen\u021b\u0103 \u201cSemenic\u201d al jude\u021bului Cara\u0219-Severin au intervenit, luni, pentru gestionarea a 18 evenimente, ac\u021bion\u00e2nd pentru protejarea vie\u021bii \u0219i bunurilor cet\u0103\u021benilor, precum \u0219i pentru limitarea efectelor evenimentelor produse.<\/p>\n<p>Dintre misiunile desf\u0103\u0219urate, una a constat \u00een stingerea unui incendiu izbucnit la un autoturism pe DJ 582, \u00een zona localit\u0103\u021bii Slatina Timi\u0219, care, la sosirea echipajelor, ardea generalizat. Incendiul a fost lichidat f\u0103r\u0103 a se \u00eenregistra victime, \u00eens\u0103 autoturismul a fost distrus \u00een totalitate. Cauza probabil\u0103 de producere a fost un scurtcircuit electric.<\/p>\n<p>Totodat\u0103, echipa pirotehnic\u0103 a inspectoratului a intervenit \u00een localitatea Vrani pentru asanarea a dou\u0103 grenade de m\u00e2n\u0103 defensive tip F1 \u0219i a dou\u0103 focoase GR31. Pe durata interven\u021biei s-a asigurat \u0219i supravegherea lucr\u0103rilor de demolare desf\u0103\u0219urate de c\u0103tre proprietar, f\u0103r\u0103 a fi identificate alte elemente de muni\u021bie.<\/p>\n<p>\u00cen plus, pompierii au ac\u021bionat pentru stingerea a dou\u0103 incendii de vegeta\u021bie uscat\u0103 \u0219i de\u0219euri, produse \u00een localit\u0103\u021bile Bratova (comuna T\u00e2rnova) \u0219i Re\u0219i\u021ba.<\/p>\n<p>Pe l\u00e2ng\u0103 aceste interven\u021bii, echipajele operative au acordat primul ajutor calificat \u0219i au sprijinit persoanele aflate \u00een dificultate \u00een alte 14 cazuri.<\/p>\n<h2>CITE\u015eTE \u015eI: <span><a href=\"https:\/\/renasterea.ro\/podul-muncii-vine-la-pachet-cu-mobilitate-sustenabila-poluare-moloz-in-bega-si-un-santier-dezorganizat-video\/\">Podul Muncii vine la pachet cu \u201emobilitate sustenabil\u0103\u201d, poluare, moloz \u00een Bega \u0219i un \u0219antier dezorganizat (video)<\/a><\/span><\/h2>\n<p>\u201ePentru prevenirea unor astfel de evenimente, recomand\u0103m cet\u0103\u021benilor s\u0103 verifice periodic instala\u021biile electrice ale autovehiculelor \u0219i s\u0103 evite improviza\u021biile care pot cauza scurtcircuite. \u00cen cazul descoperirii elementelor de muni\u021bie, nu le atinge\u021bi, nu le mi\u0219ca\u021bi \u0219i anun\u021ba\u021bi de urgen\u021b\u0103 autorit\u0103\u021bile prin apel la 112\u201d, a transmis ISU \u201eSemenic\u201d.<\/p>\n<p><em>Sursa foto: ISU \u201eSemenic\u201d<\/em><\/p>\n<\/div>\n<p>[analyse_source url=&#8221;https:\/\/renasterea.ro\/masina-facuta-scrum-in-urma-unui-incendiu-violent-pe-un-drum-din-banat\/&#8221;]<\/p>\n","protected":false},"excerpt":{"rendered":"<p>[analyse_image type=&#8221;featured&#8221; src=&#8221;https:\/\/renasterea.ro\/ro\/wp-content\/uploads\/2026\/04\/incendiu-masina.jpghttps:\/\/renasterea.ro\/ro\/wp-content\/uploads\/2026\/04\/incendiu-masina.jpg&#8221;] Ma\u015fin\u0103 f\u0103cut\u0103 scrum, \u00een urma unui incendiu violent, pe un drum din Banat Pompierii militari din cadrul Inspectoratului pentru Situa\u021bii de Urgen\u021b\u0103 \u201cSemenic\u201d al jude\u021bului Cara\u0219-Severin au intervenit, luni, pentru gestionarea a 18 evenimente, ac\u021bion\u00e2nd pentru protejarea vie\u021bii \u0219i bunurilor cet\u0103\u021benilor, precum \u0219i pentru limitarea efectelor evenimentelor produse. Dintre misiunile desf\u0103\u0219urate, una [&hellip;]<\/p>\n","protected":false},"author":1,"featured_media":0,"comment_status":"open","ping_status":"","sticky":false,"template":"","format":"standard","meta":{"footnotes":""},"categories":[89],"tags":[226,188],"class_list":["post-1906774","post","type-post","status-publish","format-standard","hentry","category-romania","tag-crawlmanager","tag-renasterea-ro"],"_links":{"self":[{"href":"https:\/\/analyse.optim.biz\/index.php?rest_route=\/wp\/v2\/posts\/1906774","targetHints":{"allow":["GET"]}}],"collection":[{"href":"https:\/\/analyse.optim.biz\/index.php?rest_route=\/wp\/v2\/posts"}],"about":[{"href":"https:\/\/analyse.optim.biz\/index.php?rest_route=\/wp\/v2\/types\/post"}],"author":[{"embeddable":true,"href":"https:\/\/analyse.optim.biz\/index.php?rest_route=\/wp\/v2\/users\/1"}],"replies":[{"embeddable":true,"href":"https:\/\/analyse.optim.biz\/index.php?rest_route=%2Fwp%2Fv2%2Fcomments&post=1906774"}],"version-history":[{"count":0,"href":"https:\/\/analyse.optim.biz\/index.php?rest_route=\/wp\/v2\/posts\/1906774\/revisions"}],"wp:attachment":[{"href":"https:\/\/analyse.optim.biz\/index.php?rest_route=%2Fwp%2Fv2%2Fmedia&parent=1906774"}],"wp:term":[{"taxonomy":"category","embeddable":true,"href":"https:\/\/analyse.optim.biz\/index.php?rest_route=%2Fwp%2Fv2%2Fcategories&post=1906774"},{"taxonomy":"post_tag","embeddable":true,"href":"https:\/\/analyse.optim.biz\/index.php?rest_route=%2Fwp%2Fv2%2Ftags&post=1906774"}],"curies":[{"name":"wp","href":"https:\/\/api.w.org\/{rel}","templated":true}]}}