{"id":1906736,"date":"2026-04-27T13:19:22","date_gmt":"2026-04-27T10:19:22","guid":{"rendered":"https:\/\/analyse.optim.biz\/?p=1906736"},"modified":"2026-04-27T13:19:22","modified_gmt":"2026-04-27T10:19:22","slug":"se-schimba-prefectul-de-teleorman","status":"publish","type":"post","link":"https:\/\/analyse.optim.biz\/?p=1906736","title":{"rendered":"Se schimb\u0103 prefectul de Teleorman"},"content":{"rendered":"<p>[analyse_image type=&#8221;featured&#8221; src=&#8221;https:\/\/ziarulteleormanul.ro\/wp\/wp-content\/uploads\/2022\/06\/Prefectura.jpg&#8221;]<\/p>\n<article id=\"post-76239\" class=\"post-76239 post type-post status-publish format-standard has-post-thumbnail category-politic\">\n<header class=\"entry-header\"><span class=\"cat-links\"><a href=\"https:\/\/ziarulteleormanul.ro\/category\/politic\/\" rel=\"category tag\">Politic<\/a><\/span><\/p>\n<h1 class=\"entry-title\">Se schimb\u0103 prefectul de Teleorman<\/h1>\n<div class=\"post-meta\"><time class=\"entry-date published updated\" datetime=\"2026-04-27T15:19:22+02:00\"><br \/>\n                    aprilie 27, 2026 15:19                <\/time><\/div>\n<\/header>\n<div class=\"entry-content\">\n<p class=\"p1\"><span class=\"s1\">Dup\u0103 ce PSD a ie\u0219it din coali\u021bia de guvernare, odat\u0103 cu demisia mini\u0219trilor social-democra\u021bi, urmeaz\u0103 \u0219i alte schimb\u0103ri la nivelul e\u0219aloanelor inferioare. Ast\u0103zi, pre\u0219edintele PSD, Sorin Grindeanu, a anun\u021bat c\u0103 le-a cerut \u0219i secretarilor de stat s\u0103 p\u0103r\u0103seasc\u0103 func\u021biile \u0219i, \u201c\u00een timp rezonabil\u201d, s\u0103 fac\u0103 acela\u0219i lucru \u0219i prefec\u021bii. <\/span><\/p>\n<p class=\"p1\"><span class=\"s1\">Implicit, \u00een jude\u021bul Teleorman, urmeaz\u0103 s\u0103 se produc\u0103 schimb\u0103ri la conducerea Institu\u021biei Prefectului, av\u00e2nd \u00een vedere c\u0103 actualul prefect, Benone Rababoc, a fost propunerea PSD Teleorman. R\u0103m\u00e2ne de v\u0103zut c\u00e2nd se va \u00eent\u00e2mpla acest lucru \u0219i ce \u00eenseamn\u0103 acel timp rezonabil pentru demisii.<\/span><\/p>\n<div id=\"jp-relatedposts\" class=\"jp-relatedposts\">\n<h3 class=\"jp-relatedposts-headline\"><em>Related<\/em><\/h3>\n<\/div>\n<\/div>\n<\/article>\n<div class=\"entry-content\">\n<p class=\"p1\"><span class=\"s1\">Dup\u0103 ce PSD a ie\u0219it din coali\u021bia de guvernare, odat\u0103 cu demisia mini\u0219trilor social-democra\u021bi, urmeaz\u0103 \u0219i alte schimb\u0103ri la nivelul e\u0219aloanelor inferioare. Ast\u0103zi, pre\u0219edintele PSD, Sorin Grindeanu, a anun\u021bat c\u0103 le-a cerut \u0219i secretarilor de stat s\u0103 p\u0103r\u0103seasc\u0103 func\u021biile \u0219i, \u201c\u00een timp rezonabil\u201d, s\u0103 fac\u0103 acela\u0219i lucru \u0219i prefec\u021bii. <\/span><\/p>\n<p class=\"p1\"><span class=\"s1\">Implicit, \u00een jude\u021bul Teleorman, urmeaz\u0103 s\u0103 se produc\u0103 schimb\u0103ri la conducerea Institu\u021biei Prefectului, av\u00e2nd \u00een vedere c\u0103 actualul prefect, Benone Rababoc, a fost propunerea PSD Teleorman. R\u0103m\u00e2ne de v\u0103zut c\u00e2nd se va \u00eent\u00e2mpla acest lucru \u0219i ce \u00eenseamn\u0103 acel timp rezonabil pentru demisii.<\/span><\/p>\n<div id=\"jp-relatedposts\" class=\"jp-relatedposts\">\n<h3 class=\"jp-relatedposts-headline\"><em>Related<\/em><\/h3>\n<\/div>\n<\/div>\n<div class=\"entry-content\">\n<p class=\"p1\"><span class=\"s1\">Dup\u0103 ce PSD a ie\u0219it din coali\u021bia de guvernare, odat\u0103 cu demisia mini\u0219trilor social-democra\u021bi, urmeaz\u0103 \u0219i alte schimb\u0103ri la nivelul e\u0219aloanelor inferioare. Ast\u0103zi, pre\u0219edintele PSD, Sorin Grindeanu, a anun\u021bat c\u0103 le-a cerut \u0219i secretarilor de stat s\u0103 p\u0103r\u0103seasc\u0103 func\u021biile \u0219i, \u201c\u00een timp rezonabil\u201d, s\u0103 fac\u0103 acela\u0219i lucru \u0219i prefec\u021bii. <\/span><\/p>\n<p class=\"p1\"><span class=\"s1\">Implicit, \u00een jude\u021bul Teleorman, urmeaz\u0103 s\u0103 se produc\u0103 schimb\u0103ri la conducerea Institu\u021biei Prefectului, av\u00e2nd \u00een vedere c\u0103 actualul prefect, Benone Rababoc, a fost propunerea PSD Teleorman. R\u0103m\u00e2ne de v\u0103zut c\u00e2nd se va \u00eent\u00e2mpla acest lucru \u0219i ce \u00eenseamn\u0103 acel timp rezonabil pentru demisii.<\/span><\/p>\n<div id=\"jp-relatedposts\" class=\"jp-relatedposts\">\n<h3 class=\"jp-relatedposts-headline\"><em>Related<\/em><\/h3>\n<\/div>\n<\/div>\n<p>[analyse_source url=&#8221;https:\/\/ziarulteleormanul.ro\/se-schimba-prefectul-de-teleorman\/&#8221;]<\/p>\n","protected":false},"excerpt":{"rendered":"<p>[analyse_image type=&#8221;featured&#8221; src=&#8221;https:\/\/ziarulteleormanul.ro\/wp\/wp-content\/uploads\/2022\/06\/Prefectura.jpg&#8221;] Politic Se schimb\u0103 prefectul de Teleorman aprilie 27, 2026 15:19 Dup\u0103 ce PSD a ie\u0219it din coali\u021bia de guvernare, odat\u0103 cu demisia mini\u0219trilor social-democra\u021bi, urmeaz\u0103 \u0219i alte schimb\u0103ri la nivelul e\u0219aloanelor inferioare. Ast\u0103zi, pre\u0219edintele PSD, Sorin Grindeanu, a anun\u021bat c\u0103 le-a cerut \u0219i secretarilor de stat s\u0103 p\u0103r\u0103seasc\u0103 func\u021biile \u0219i, \u201c\u00een timp [&hellip;]<\/p>\n","protected":false},"author":1,"featured_media":0,"comment_status":"open","ping_status":"","sticky":false,"template":"","format":"standard","meta":{"footnotes":""},"categories":[89],"tags":[226,178],"class_list":["post-1906736","post","type-post","status-publish","format-standard","hentry","category-romania","tag-crawlmanager","tag-ziarulteleormanul-ro"],"_links":{"self":[{"href":"https:\/\/analyse.optim.biz\/index.php?rest_route=\/wp\/v2\/posts\/1906736","targetHints":{"allow":["GET"]}}],"collection":[{"href":"https:\/\/analyse.optim.biz\/index.php?rest_route=\/wp\/v2\/posts"}],"about":[{"href":"https:\/\/analyse.optim.biz\/index.php?rest_route=\/wp\/v2\/types\/post"}],"author":[{"embeddable":true,"href":"https:\/\/analyse.optim.biz\/index.php?rest_route=\/wp\/v2\/users\/1"}],"replies":[{"embeddable":true,"href":"https:\/\/analyse.optim.biz\/index.php?rest_route=%2Fwp%2Fv2%2Fcomments&post=1906736"}],"version-history":[{"count":0,"href":"https:\/\/analyse.optim.biz\/index.php?rest_route=\/wp\/v2\/posts\/1906736\/revisions"}],"wp:attachment":[{"href":"https:\/\/analyse.optim.biz\/index.php?rest_route=%2Fwp%2Fv2%2Fmedia&parent=1906736"}],"wp:term":[{"taxonomy":"category","embeddable":true,"href":"https:\/\/analyse.optim.biz\/index.php?rest_route=%2Fwp%2Fv2%2Fcategories&post=1906736"},{"taxonomy":"post_tag","embeddable":true,"href":"https:\/\/analyse.optim.biz\/index.php?rest_route=%2Fwp%2Fv2%2Ftags&post=1906736"}],"curies":[{"name":"wp","href":"https:\/\/api.w.org\/{rel}","templated":true}]}}