{"id":1906735,"date":"2026-04-28T08:49:17","date_gmt":"2026-04-28T05:49:17","guid":{"rendered":"https:\/\/analyse.optim.biz\/?p=1906735"},"modified":"2026-04-28T08:49:17","modified_gmt":"2026-04-28T05:49:17","slug":"gabriel-florea-deputat-aur-toti-parlamentarii-de-teleorman-aur-si-psd-au-semnat-motiunea-de-cenzura","status":"publish","type":"post","link":"https:\/\/analyse.optim.biz\/?p=1906735","title":{"rendered":"Gabriel Florea, deputat AUR: To\u021bi parlamentarii de Teleorman \u2013 AUR \u0219i PSD \u2013 au semnat mo\u021biunea de cenzur\u0103"},"content":{"rendered":"<p>[analyse_image type=&#8221;featured&#8221; src=&#8221;https:\/\/ziarulteleormanul.ro\/wp\/wp-content\/uploads\/2026\/04\/gabi-florea.png&#8221;]<\/p>\n<article id=\"post-76262\" class=\"post-76262 post type-post status-publish format-standard has-post-thumbnail category-politic\">\n<header class=\"entry-header\"><span class=\"cat-links\"><a href=\"https:\/\/ziarulteleormanul.ro\/category\/politic\/\" rel=\"category tag\">Politic<\/a><\/span><\/p>\n<h1 class=\"entry-title\">Gabriel Florea, deputat AUR: To\u021bi parlamentarii de Teleorman \u2013 AUR \u0219i PSD \u2013 au semnat mo\u021biunea de cenzur\u0103<\/h1>\n<div class=\"post-meta\"><time class=\"entry-date published updated\" datetime=\"2026-04-28T10:49:17+02:00\"><br \/>\n                    aprilie 28, 2026 10:49                <\/time><\/div>\n<\/header>\n<div class=\"entry-content\">\n<p>Deputatul de Teleorman Gabriel Florea a declarat c\u0103 mo\u021biunea de cenzur\u0103 \u00eempotriva Guvernului Bolojan ini\u021biat\u0103 de AUR \u0219i PSD ar putea fi depus\u0103 la Parlament \u00een cursul zilei de ast\u0103zi, cel t\u00e2rziu m\u00e2ine, av\u00e2nd \u00een vedere c\u0103 deja au fost str\u00e2nse 240 de semn\u0103turi. Pentru ini\u021bierea unei mo\u021biuni de cenzur\u0103 este necesar\u0103 sus\u021binerea a cel pu\u021bin 116 senatori \u0219i deputa\u021bi, iar pentru adoptarea acesteia este nevoie de votul a 233 de parlamentari.<\/p>\n<p>Despre un eventual pas doi al \u00een\u021belegerii \u00een AUR \u0219i PSD (ulterior mo\u021biunii), parlamentarul de Teleorman a declarat c\u0103, la momentul actual, nu exist\u0103 nicio \u00een\u021belegere \u00eentre cele dou\u0103 partide, dar c\u0103 se poart\u0103 negocieri. \u201cVom sprijini acel guvern care va dovedi c\u0103 \u00ee\u0219i dore\u0219te un parteneriat real cu noi, iar modalitatea prin care poate demonstra acest lucru este acceptarea celor trei puncte prezentate de pre\u0219edintele George Simion: 300 de parlamentari (a\u0219a cum au votat rom\u00e2nii), renun\u021barea la subven\u021biile pentru partidele politice, alegerea primarilor \u0219i a pre\u0219edin\u021bilor de consilii jude\u021bene \u00een dou\u0103 tururi.<\/p>\n<p>Sus\u021binerea acestor trei propuneri reprezint\u0103 o condi\u021bie prealabil\u0103 pentru \u00eenceperea oric\u0103ror alte discu\u021bii politice. De altfel, cu acelea\u0219i trei solicit\u0103ri ne-am adresat \u0219i c\u0103tre PNL, implicit c\u0103tre Ilie Bolojan, \u00eens\u0103 nu \u0219i-au dorit s\u0103 ne asculte. Acum scopul nostru este ca Guvernul Bolojan s\u0103 plece acas\u0103 \u0219i putem face acest lucru \u00eempreun\u0103 cu PSD. Dac\u0103 fiecare partid ar fi depus mo\u021biune de cenzur\u0103 separat, \u0219ansele ar fi fost mai mici \u0219i guvernul nu ar fi c\u0103zut. Ce va urma dup\u0103 data de 5 mai, c\u00e2nd, cel mai probabil, va avea loc votul asupra mo\u021biunii de cenzur\u0103, vom vedea\u201d, a declarat Gabriel Florea.<\/p>\n<p>\u00a0<\/p>\n<div id=\"jp-relatedposts\" class=\"jp-relatedposts\">\n<h3 class=\"jp-relatedposts-headline\"><em>Related<\/em><\/h3>\n<\/div>\n<\/div>\n<\/article>\n<div class=\"entry-content\">\n<p>Deputatul de Teleorman Gabriel Florea a declarat c\u0103 mo\u021biunea de cenzur\u0103 \u00eempotriva Guvernului Bolojan ini\u021biat\u0103 de AUR \u0219i PSD ar putea fi depus\u0103 la Parlament \u00een cursul zilei de ast\u0103zi, cel t\u00e2rziu m\u00e2ine, av\u00e2nd \u00een vedere c\u0103 deja au fost str\u00e2nse 240 de semn\u0103turi. Pentru ini\u021bierea unei mo\u021biuni de cenzur\u0103 este necesar\u0103 sus\u021binerea a cel pu\u021bin 116 senatori \u0219i deputa\u021bi, iar pentru adoptarea acesteia este nevoie de votul a 233 de parlamentari.<\/p>\n<p>Despre un eventual pas doi al \u00een\u021belegerii \u00een AUR \u0219i PSD (ulterior mo\u021biunii), parlamentarul de Teleorman a declarat c\u0103, la momentul actual, nu exist\u0103 nicio \u00een\u021belegere \u00eentre cele dou\u0103 partide, dar c\u0103 se poart\u0103 negocieri. \u201cVom sprijini acel guvern care va dovedi c\u0103 \u00ee\u0219i dore\u0219te un parteneriat real cu noi, iar modalitatea prin care poate demonstra acest lucru este acceptarea celor trei puncte prezentate de pre\u0219edintele George Simion: 300 de parlamentari (a\u0219a cum au votat rom\u00e2nii), renun\u021barea la subven\u021biile pentru partidele politice, alegerea primarilor \u0219i a pre\u0219edin\u021bilor de consilii jude\u021bene \u00een dou\u0103 tururi.<\/p>\n<p>Sus\u021binerea acestor trei propuneri reprezint\u0103 o condi\u021bie prealabil\u0103 pentru \u00eenceperea oric\u0103ror alte discu\u021bii politice. De altfel, cu acelea\u0219i trei solicit\u0103ri ne-am adresat \u0219i c\u0103tre PNL, implicit c\u0103tre Ilie Bolojan, \u00eens\u0103 nu \u0219i-au dorit s\u0103 ne asculte. Acum scopul nostru este ca Guvernul Bolojan s\u0103 plece acas\u0103 \u0219i putem face acest lucru \u00eempreun\u0103 cu PSD. Dac\u0103 fiecare partid ar fi depus mo\u021biune de cenzur\u0103 separat, \u0219ansele ar fi fost mai mici \u0219i guvernul nu ar fi c\u0103zut. Ce va urma dup\u0103 data de 5 mai, c\u00e2nd, cel mai probabil, va avea loc votul asupra mo\u021biunii de cenzur\u0103, vom vedea\u201d, a declarat Gabriel Florea.<\/p>\n<p>\u00a0<\/p>\n<div id=\"jp-relatedposts\" class=\"jp-relatedposts\">\n<h3 class=\"jp-relatedposts-headline\"><em>Related<\/em><\/h3>\n<\/div>\n<\/div>\n<div class=\"entry-content\">\n<p>Deputatul de Teleorman Gabriel Florea a declarat c\u0103 mo\u021biunea de cenzur\u0103 \u00eempotriva Guvernului Bolojan ini\u021biat\u0103 de AUR \u0219i PSD ar putea fi depus\u0103 la Parlament \u00een cursul zilei de ast\u0103zi, cel t\u00e2rziu m\u00e2ine, av\u00e2nd \u00een vedere c\u0103 deja au fost str\u00e2nse 240 de semn\u0103turi. Pentru ini\u021bierea unei mo\u021biuni de cenzur\u0103 este necesar\u0103 sus\u021binerea a cel pu\u021bin 116 senatori \u0219i deputa\u021bi, iar pentru adoptarea acesteia este nevoie de votul a 233 de parlamentari.<\/p>\n<p>Despre un eventual pas doi al \u00een\u021belegerii \u00een AUR \u0219i PSD (ulterior mo\u021biunii), parlamentarul de Teleorman a declarat c\u0103, la momentul actual, nu exist\u0103 nicio \u00een\u021belegere \u00eentre cele dou\u0103 partide, dar c\u0103 se poart\u0103 negocieri. \u201cVom sprijini acel guvern care va dovedi c\u0103 \u00ee\u0219i dore\u0219te un parteneriat real cu noi, iar modalitatea prin care poate demonstra acest lucru este acceptarea celor trei puncte prezentate de pre\u0219edintele George Simion: 300 de parlamentari (a\u0219a cum au votat rom\u00e2nii), renun\u021barea la subven\u021biile pentru partidele politice, alegerea primarilor \u0219i a pre\u0219edin\u021bilor de consilii jude\u021bene \u00een dou\u0103 tururi.<\/p>\n<p>Sus\u021binerea acestor trei propuneri reprezint\u0103 o condi\u021bie prealabil\u0103 pentru \u00eenceperea oric\u0103ror alte discu\u021bii politice. De altfel, cu acelea\u0219i trei solicit\u0103ri ne-am adresat \u0219i c\u0103tre PNL, implicit c\u0103tre Ilie Bolojan, \u00eens\u0103 nu \u0219i-au dorit s\u0103 ne asculte. Acum scopul nostru este ca Guvernul Bolojan s\u0103 plece acas\u0103 \u0219i putem face acest lucru \u00eempreun\u0103 cu PSD. Dac\u0103 fiecare partid ar fi depus mo\u021biune de cenzur\u0103 separat, \u0219ansele ar fi fost mai mici \u0219i guvernul nu ar fi c\u0103zut. Ce va urma dup\u0103 data de 5 mai, c\u00e2nd, cel mai probabil, va avea loc votul asupra mo\u021biunii de cenzur\u0103, vom vedea\u201d, a declarat Gabriel Florea.<\/p>\n<p>\u00a0<\/p>\n<div id=\"jp-relatedposts\" class=\"jp-relatedposts\">\n<h3 class=\"jp-relatedposts-headline\"><em>Related<\/em><\/h3>\n<\/div>\n<\/div>\n<p>[analyse_source url=&#8221;https:\/\/ziarulteleormanul.ro\/gabriel-florea-deputat-aur-toti-parlamentarii-de-teleorman-aur-si-psd-au-semnat-motiunea-de-cenzura\/&#8221;]<\/p>\n","protected":false},"excerpt":{"rendered":"<p>[analyse_image type=&#8221;featured&#8221; src=&#8221;https:\/\/ziarulteleormanul.ro\/wp\/wp-content\/uploads\/2026\/04\/gabi-florea.png&#8221;] Politic Gabriel Florea, deputat AUR: To\u021bi parlamentarii de Teleorman \u2013 AUR \u0219i PSD \u2013 au semnat mo\u021biunea de cenzur\u0103 aprilie 28, 2026 10:49 Deputatul de Teleorman Gabriel Florea a declarat c\u0103 mo\u021biunea de cenzur\u0103 \u00eempotriva Guvernului Bolojan ini\u021biat\u0103 de AUR \u0219i PSD ar putea fi depus\u0103 la Parlament \u00een cursul zilei de [&hellip;]<\/p>\n","protected":false},"author":1,"featured_media":0,"comment_status":"open","ping_status":"","sticky":false,"template":"","format":"standard","meta":{"footnotes":""},"categories":[89],"tags":[226,178],"class_list":["post-1906735","post","type-post","status-publish","format-standard","hentry","category-romania","tag-crawlmanager","tag-ziarulteleormanul-ro"],"_links":{"self":[{"href":"https:\/\/analyse.optim.biz\/index.php?rest_route=\/wp\/v2\/posts\/1906735","targetHints":{"allow":["GET"]}}],"collection":[{"href":"https:\/\/analyse.optim.biz\/index.php?rest_route=\/wp\/v2\/posts"}],"about":[{"href":"https:\/\/analyse.optim.biz\/index.php?rest_route=\/wp\/v2\/types\/post"}],"author":[{"embeddable":true,"href":"https:\/\/analyse.optim.biz\/index.php?rest_route=\/wp\/v2\/users\/1"}],"replies":[{"embeddable":true,"href":"https:\/\/analyse.optim.biz\/index.php?rest_route=%2Fwp%2Fv2%2Fcomments&post=1906735"}],"version-history":[{"count":0,"href":"https:\/\/analyse.optim.biz\/index.php?rest_route=\/wp\/v2\/posts\/1906735\/revisions"}],"wp:attachment":[{"href":"https:\/\/analyse.optim.biz\/index.php?rest_route=%2Fwp%2Fv2%2Fmedia&parent=1906735"}],"wp:term":[{"taxonomy":"category","embeddable":true,"href":"https:\/\/analyse.optim.biz\/index.php?rest_route=%2Fwp%2Fv2%2Fcategories&post=1906735"},{"taxonomy":"post_tag","embeddable":true,"href":"https:\/\/analyse.optim.biz\/index.php?rest_route=%2Fwp%2Fv2%2Ftags&post=1906735"}],"curies":[{"name":"wp","href":"https:\/\/api.w.org\/{rel}","templated":true}]}}