{"id":1906725,"date":"2026-04-28T08:55:43","date_gmt":"2026-04-28T05:55:43","guid":{"rendered":"https:\/\/analyse.optim.biz\/?p=1906725"},"modified":"2026-04-28T08:55:43","modified_gmt":"2026-04-28T05:55:43","slug":"guvernul-din-grecia-ofensiva-puternica-impotriva-laurei-codruta-kovesi","status":"publish","type":"post","link":"https:\/\/analyse.optim.biz\/?p=1906725","title":{"rendered":"Guvernul din Grecia, ofensiv\u0103 puternic\u0103 \u00eempotriva Laurei Codru\u021ba Kovesi!"},"content":{"rendered":"<p>[analyse_image type=&#8221;featured&#8221; src=&#8221;https:\/\/solidnews.ro\/wp-content\/uploads\/2022\/05\/image-2021-06-1-24832320-41-laura-codruta-kovesi-prima-functionare-eppo.jpg&#8221;]<\/p>\n<div class=\"td_block_wrap tdb_single_content tdi_120 td-pb-border-top td_block_template_1 td-post-content tagdiv-type\" data-td-block-uid=\"tdi_120\">\n<div class=\"tdb-block-inner td-fix-index\">\n<p><strong>De ce o atac\u0103 cercurile guvernamentale de la Atena, mini\u0219trii \u0219i parlamentarii Noii Democra\u0163ii (partidul de guvernare din Grecia n.trad.) pe Laura\u00a0<\/strong><a href=\"https:\/\/www.stiripesurse.ro\/tag\/kovesi\"><strong>K\u00f6vesi<\/strong><\/a><strong>? Cine vrea s\u0103 \u00eempiedice continuarea anchetelor privind deturnarea fondurilor UE? Cine se teme de noi dosare penale pentru cazuri foarte grave?<\/strong><\/p>\n<h2 id=\"conflict-fara-precedent-intre-laura-codruta-kovesi-si-guvernul-din-grecia\"><strong>Conflict f\u0103r\u0103 precedent \u00eentre Laura Codru\u021ba Kovesi \u0219i Guvernul din Grecia<\/strong><\/h2>\n<p>Vizita Procurorului General European la Atena \u0219i prezen\u021ba sa dinamic\u0103 \u0219i revelatoare la Forumul Economic de la Delphi (unde a sus\u0163inut un interviu puternic mediatizat \u015fi comentat \u00een Grecia n.trad.) au avut loc \u00een contextul conflictului f\u0103r\u0103 precedent dintre guvernul grec \u015fi institu\u021bia Parchetului European. \u00cen acest climat care pune autorit\u0103\u0163ile de la Atena fa\u021b\u0103 \u00een fa\u021b\u0103 cu nucleul dur al institu\u021biilor europene, K\u00f6vesi a ridicat direct problema independen\u021bei anchetelor legate de scandalul OPEKEPE (agen\u0163ia de pl\u0103\u0163i \u00een agricultur\u0103 investigat\u0103 pentru acordarea de subven\u0163ii pe baza unor declara\u0163ii fictive n.trad.), \u00eentreb\u00e2nd public cine are de beneficiat de pe urma atacurilor asupra EPPO, dar \u0219i de pe urma obstruc\u021bion\u0103rii mandatului procurorilor europeni greci. \u201eResping categoric orice acuza\u021bii \u0219i afirma\u0163ii la adresa Parchetului European\u201d, a clarificat Laura K\u00f6vesi, iar c\u00e2nd a fost \u00eentrebat\u0103 despre atacurile pe care le prime\u0219te institu\u021bia, ea a r\u0103spuns: \u201eCine critic\u0103 Parchetul European? Ok, deci, politicienii\u2026\u201d<\/p>\n<p>Ancheta pe care o desf\u0103\u015foar\u0103, precum \u0219i prezen\u021ba sa \u00een Grecia, declan\u0219aser\u0103 deja un contraatac orchestrat din partea unor \u00eenal\u021bi oficiali guvernamentali, care \u00eenainte de Forumul de la Delphi se angajaser\u0103 \u00eentr-o \u00eencercare de a-i discredita personalitatea \u00een termeni care sugereaz\u0103 o tentativ\u0103 de atac la persoan\u0103.<\/p>\n<p>Escaladarea retoricii guvernamentale, care a variat de la critici dure cum c\u0103 ar avea \u201eambi\u021bii politice\u201d p\u00e2n\u0103 la paralele nepotrivite cu regimuri totalitare din trecut, demonstreaz\u0103 nervozitatea profund\u0103 care predomin\u0103 \u00een cadrul guvernului. Op\u0163iunea unor mini\u0219tri \u0219i parlamentari, precum Adonis Georgiadis \u0219i Sofia Voultepsi, de a o ataca pe \u0219efa Parchetului European (EPPO) pe baza \u0163\u0103rii sale de origine \u0219i de a-i pune la \u00eendoial\u0103 jurisdic\u021bia, creeaz\u0103 un climat toxic care expune Grecia \u00een fa\u0163a Bruxelles-ului, mai ales c\u0103 potrivit unor informa\u0163ii, \u00een cadrul Uniunii Europene predomin\u0103 indignarea fa\u021b\u0103 de pozi\u021bia Atenei. \u00centr-o conjunctur\u0103 \u00een care transparen\u021ba \u0219i statul de drept sunt sub lupa partenerilor interna\u021bionali, confruntarea direct\u0103 cu o institu\u021bie european\u0103 independent\u0103 submineaz\u0103 credibilitatea Greciei \u0219i eviden\u021biaz\u0103 amploarea fricii care exist\u0103 cu privire la viitoarele dezv\u0103luiri judiciare.<\/p>\n<h2 id=\"conflictul-cu-privire-la-reinnoirea-mandatului-procurorilor-greci-si-umbra-opekepe\">Conflictul cu privire la re\u00eennoirea mandatului procurorilor greci \u015fi umbra OPEKEPE<\/h2>\n<p>Unul dintre principalele puncte de fric\u021biune eviden\u021biate de Procurorul European se refer\u0103 la re\u00eennoirea mandatului a trei procurori europeni delega\u021bi din partea Greciei, dintre care doi se ocup\u0103 de dosarele cruciale privind gestionarea subven\u021biilor agricole. K\u00f6vesi a \u00eentrebat cu sub\u00een\u0163eles: \u201eCine are interes ca procurorii europeni s\u0103 nu \u00ee\u0219i continue mandatul?\u201d, subliniind c\u0103 legisla\u021bia este clar\u0103, \u00eentruc\u00e2t Colegiul Parchetului European decide asupra re\u00eennoirii \u0219i nu consiliile na\u021bionale ale magistraturii.<\/p>\n<p>Referirea sa la cazul OPEKEPE este edificatoare. Ea a caracterizat organiza\u021bia drept \u201eun instrument al corup\u021biei, clientelismului \u0219i nepotismului\u201d. \u201eM-a\u021bi crede dac\u0103 a\u0219 spune c\u0103 nu exist\u0103 nicio problem\u0103 la OPEKEPE?\u201d, a \u00eentrebat ea, transmi\u021b\u00e2nd mesajul c\u0103 EPPO nu va ceda presiunilor politice \u015fi cer\u00e2nd totodat\u0103 Greciei s\u0103 fac\u0103 apel la Curtea de Justi\u021bie de la Luxemburg, dac\u0103 nu este de acord cu interpretarea legii.<\/p>\n<h2 id=\"nervozitate-si-contraatac-din-partea-noii-democratii-de-la-montesquieu-la-ceausescu\">Nervozitate \u0219i\u2026 contraatac din partea Noii Democra\u0163ii: De la Montesquieu la Ceau\u0219escu<\/h2>\n<p>Linia de ap\u0103rare trasat\u0103 de cercurile de la Atena, \u00een toat\u0103 perioad\u0103 anterioar\u0103, a vizat subminarea personalit\u0103\u021bii \u0219i validit\u0103\u021bii institu\u021bionale a lui K\u00f6vesi. Ministrul S\u0103n\u0103t\u0103\u021bii, Adonis Georgiadis, care a fost \u00een fruntea criticilor, a acuzat-o pe \u0219efa EPPO de \u201eambi\u021bii politice\u201d \u0219i \u201ecomportament neinstitu\u021bional\u201d. Printr-o replic\u0103 ce a f\u0103cut senza\u021bie \u0219i a generat comentarii negative, Georgiadis a declarat de la Delphi: \u201eAt\u00e2ta timp c\u00e2t doamna K\u00f6vesi ne mai permite, avem democra\u021bie\u201d, prezent\u00e2ndu-se ca un ap\u0103r\u0103tor autoproclamat al justi\u021biei din Grecia \u00eempotriva unei \u201einterven\u021bii externe\u201d.<\/p>\n<p>\u0218i mai dur\u0103 \u0219i mai provocatoare a fost pozi\u021bia parlamentarei Sofia Voultepsi, care a alunecat spre atacuri la persoan\u0103, cu referiri rasiste la originea procurorului european. Voultepsi a vorbit despre \u201ejusti\u021bia (de tip) Ceau\u0219escu\u201d, sus\u021bin\u00e2nd c\u0103 Laura K\u00f6vesi provine dintr-o \u021bar\u0103 f\u0103r\u0103 o tradi\u021bie a separ\u0103rii puterilor \u00een stat \u0219i c\u0103 ar prefera un procuror din Fran\u021ba \u201ecare \u015ftie de Montesquieu\u201d. Aceast\u0103 retoric\u0103, de comparare a anchetelor asupra OPEKEPE cu metodele \u201eSecurit\u0103\u021bii\u201d din Rom\u00e2nia, demonstreaz\u0103 amploarea nervozit\u0103\u0163ii care predomin\u0103 \u00een tab\u0103ra guvernamental\u0103 de la Atena.<\/p>\n<p>Desigur, Laura K\u00f6vesi a r\u0103spuns atacurilor orchestrate \u00eempotriva sa dezv\u0103luind adev\u0103ratele motive. \u201eEste o \u00eencercare de a muta discu\u021bia de la problema real\u0103 \u2013 problema principal\u0103 este ce s-a \u00eent\u00e2mplat cu adev\u0103rat cu OPEKEPE \u0219i cine este responsabil\u201d, a declarat procurorul european, printre altele. \u201eAceasta este o \u00eencercare de a distrage aten\u021bia \u00een alt\u0103 parte\u201d, a spus ea, ad\u0103ug\u00e2nd: \u201eFaptele men\u021bionate \u00een dosarul cauzei sunt definite ca infrac\u021biuni conform legisla\u021biei grece\u0219ti, dar \u0219i \u00een toate statele membre ale UE. Nimeni din lume nu m\u0103 va convinge c\u0103 acestea fac parte din treaba politicienilor (job description) de aici din Grecia sau din Europa\u201d. \u201eEste o \u00eencercare de a muta discu\u0163ia de la ceea ce s-a \u00eent\u00e2mplat de fapt la OPEKEPE \u0219i cine este responsabil\u201d, a spus ea.<\/p>\n<h2 id=\"tacerea-de-la-palatul-maximou-si-teama-pentru-ce-urmeaza\">T\u0103cerea de la Palatul Maximou \u0219i teama pentru ce urmeaz\u0103<\/h2>\n<p>\u00centrebarea care planeaz\u0103 acum asupra guvernului grec este dac\u0103 aceste atacuri sunt ini\u021biative personale ale unor membri ai partidului de guvern\u0103m\u00e2nt sau sunt o linie orchestrat\u0103 de la centru de premierul Kyriakos Mitsotakis \u0219i Palatul Maximou (sediul guvernului grec n.trad.). Tolerarea tacit\u0103 de c\u0103tre premierul grec este interpretat\u0103 de mul\u021bi ca o \u201eund\u0103 verde\u201d pentru escaladarea tensiunii, \u00eentr-un efort de a consolida guvernul \u0219i de a \u0163ine unit grupul parlamentar al Noii Democra\u0163ii, deoarece cazurile legate de OPEKEPE afecteaz\u0103 zeci de membri importan\u0163i ai partidului de guvern\u0103m\u00e2nt, iar, potrivit unor informa\u021bii, la Atena vor sosi \u015fi alte dosare, nu doar legate de OPEKEPE, ci \u0219i de alte cazuri foarte grave care este de a\u015fteptat s\u0103 provoace un cutremur politic.<\/p>\n<p>Oricum, voci din cercurile juridice \u0219i observatorii interna\u021bionali exprim\u0103 \u00eengrijor\u0103ri serioase cu privire la impactul pe care escaladarea atacurilor guvernului grec asupra institu\u021biilor europene l-ar putea avea asupra imaginii Greciei. Atacarea Parchetului European, o institu\u021bie european\u0103 \u00eenfiin\u021bat\u0103 pentru combaterea corup\u021biei, de c\u0103tre un guvern venit la putere sub steagul europenismului, expune iremediabil Grecia \u00een raport cu Bruxelles-ul, \u00een timp ce Laura K\u00f6vesi a fost categoric\u0103, la r\u00e2ndul ei, subliniind c\u0103 EPPO \u201enu este o agen\u0163ie, ci este o institu\u021bie\u201d.<\/p>\n<p>Continuarea este a\u0219teptat\u0103 cu interes, deoarece Parchetul European a anun\u021bat o accelerare a procedurilor, \u00een timp ce guvernul grec pare hot\u0103r\u00e2t s\u0103-\u015fi construiasc\u0103 fortifica\u0163iile \u00een spatele propriei interpret\u0103ri a suveranit\u0103\u021bii na\u021bionale. \u00cens\u0103 distrugerea profilului institu\u0163ional al guvernului la care, f\u0103r\u0103 \u00eendoial\u0103, contribuie declara\u021biile incendiare ale unor mini\u0219tri, parlamentari \u0219i membri importan\u0163i, ar putea fi cel mai mare cost pentru sistemul central intern de putere, \u00eentr-o b\u0103t\u0103lie care abia a \u00eenceput \u0219i amenin\u021b\u0103 s\u0103 arunce \u00een aer imaginea european\u0103 a \u021b\u0103rii.<\/p>\n<p><em><strong>Sursa:\u00a0<a href=\"https:\/\/www.ethnos.gr\/Politics\/amp\/406065\/ektroxiasmoshkybernhtikhstayroforiakatathslaoyrakobesi\">Ethnos.gr<\/a>, \u00een traducerea Rador Radio Rom\u00e2nia \/ <a href=\"https:\/\/www.stiripesurse.ro\/cruciada-guvernului-din-grecia-impotriva-laurei-codruta-kovesi-culisele-unui-scandal-de-proportii-pentru-europa-presa-din-grecia_3881484\">stiripesurse.ro<\/a><\/strong><\/em><\/p>\n<\/div>\n<\/div>\n<div class=\"td_block_wrap tdb_single_content tdi_120 td-pb-border-top td_block_template_1 td-post-content tagdiv-type\" data-td-block-uid=\"tdi_120\">\n<div class=\"tdb-block-inner td-fix-index\">\n<p><strong>De ce o atac\u0103 cercurile guvernamentale de la Atena, mini\u0219trii \u0219i parlamentarii Noii Democra\u0163ii (partidul de guvernare din Grecia n.trad.) pe Laura\u00a0<\/strong><a href=\"https:\/\/www.stiripesurse.ro\/tag\/kovesi\"><strong>K\u00f6vesi<\/strong><\/a><strong>? Cine vrea s\u0103 \u00eempiedice continuarea anchetelor privind deturnarea fondurilor UE? Cine se teme de noi dosare penale pentru cazuri foarte grave?<\/strong><\/p>\n<h2 id=\"conflict-fara-precedent-intre-laura-codruta-kovesi-si-guvernul-din-grecia\"><strong>Conflict f\u0103r\u0103 precedent \u00eentre Laura Codru\u021ba Kovesi \u0219i Guvernul din Grecia<\/strong><\/h2>\n<p>Vizita Procurorului General European la Atena \u0219i prezen\u021ba sa dinamic\u0103 \u0219i revelatoare la Forumul Economic de la Delphi (unde a sus\u0163inut un interviu puternic mediatizat \u015fi comentat \u00een Grecia n.trad.) au avut loc \u00een contextul conflictului f\u0103r\u0103 precedent dintre guvernul grec \u015fi institu\u021bia Parchetului European. \u00cen acest climat care pune autorit\u0103\u0163ile de la Atena fa\u021b\u0103 \u00een fa\u021b\u0103 cu nucleul dur al institu\u021biilor europene, K\u00f6vesi a ridicat direct problema independen\u021bei anchetelor legate de scandalul OPEKEPE (agen\u0163ia de pl\u0103\u0163i \u00een agricultur\u0103 investigat\u0103 pentru acordarea de subven\u0163ii pe baza unor declara\u0163ii fictive n.trad.), \u00eentreb\u00e2nd public cine are de beneficiat de pe urma atacurilor asupra EPPO, dar \u0219i de pe urma obstruc\u021bion\u0103rii mandatului procurorilor europeni greci. \u201eResping categoric orice acuza\u021bii \u0219i afirma\u0163ii la adresa Parchetului European\u201d, a clarificat Laura K\u00f6vesi, iar c\u00e2nd a fost \u00eentrebat\u0103 despre atacurile pe care le prime\u0219te institu\u021bia, ea a r\u0103spuns: \u201eCine critic\u0103 Parchetul European? Ok, deci, politicienii\u2026\u201d<\/p>\n<p>Ancheta pe care o desf\u0103\u015foar\u0103, precum \u0219i prezen\u021ba sa \u00een Grecia, declan\u0219aser\u0103 deja un contraatac orchestrat din partea unor \u00eenal\u021bi oficiali guvernamentali, care \u00eenainte de Forumul de la Delphi se angajaser\u0103 \u00eentr-o \u00eencercare de a-i discredita personalitatea \u00een termeni care sugereaz\u0103 o tentativ\u0103 de atac la persoan\u0103.<\/p>\n<p>Escaladarea retoricii guvernamentale, care a variat de la critici dure cum c\u0103 ar avea \u201eambi\u021bii politice\u201d p\u00e2n\u0103 la paralele nepotrivite cu regimuri totalitare din trecut, demonstreaz\u0103 nervozitatea profund\u0103 care predomin\u0103 \u00een cadrul guvernului. Op\u0163iunea unor mini\u0219tri \u0219i parlamentari, precum Adonis Georgiadis \u0219i Sofia Voultepsi, de a o ataca pe \u0219efa Parchetului European (EPPO) pe baza \u0163\u0103rii sale de origine \u0219i de a-i pune la \u00eendoial\u0103 jurisdic\u021bia, creeaz\u0103 un climat toxic care expune Grecia \u00een fa\u0163a Bruxelles-ului, mai ales c\u0103 potrivit unor informa\u0163ii, \u00een cadrul Uniunii Europene predomin\u0103 indignarea fa\u021b\u0103 de pozi\u021bia Atenei. \u00centr-o conjunctur\u0103 \u00een care transparen\u021ba \u0219i statul de drept sunt sub lupa partenerilor interna\u021bionali, confruntarea direct\u0103 cu o institu\u021bie european\u0103 independent\u0103 submineaz\u0103 credibilitatea Greciei \u0219i eviden\u021biaz\u0103 amploarea fricii care exist\u0103 cu privire la viitoarele dezv\u0103luiri judiciare.<\/p>\n<h2 id=\"conflictul-cu-privire-la-reinnoirea-mandatului-procurorilor-greci-si-umbra-opekepe\">Conflictul cu privire la re\u00eennoirea mandatului procurorilor greci \u015fi umbra OPEKEPE<\/h2>\n<p>Unul dintre principalele puncte de fric\u021biune eviden\u021biate de Procurorul European se refer\u0103 la re\u00eennoirea mandatului a trei procurori europeni delega\u021bi din partea Greciei, dintre care doi se ocup\u0103 de dosarele cruciale privind gestionarea subven\u021biilor agricole. K\u00f6vesi a \u00eentrebat cu sub\u00een\u0163eles: \u201eCine are interes ca procurorii europeni s\u0103 nu \u00ee\u0219i continue mandatul?\u201d, subliniind c\u0103 legisla\u021bia este clar\u0103, \u00eentruc\u00e2t Colegiul Parchetului European decide asupra re\u00eennoirii \u0219i nu consiliile na\u021bionale ale magistraturii.<\/p>\n<p>Referirea sa la cazul OPEKEPE este edificatoare. Ea a caracterizat organiza\u021bia drept \u201eun instrument al corup\u021biei, clientelismului \u0219i nepotismului\u201d. \u201eM-a\u021bi crede dac\u0103 a\u0219 spune c\u0103 nu exist\u0103 nicio problem\u0103 la OPEKEPE?\u201d, a \u00eentrebat ea, transmi\u021b\u00e2nd mesajul c\u0103 EPPO nu va ceda presiunilor politice \u015fi cer\u00e2nd totodat\u0103 Greciei s\u0103 fac\u0103 apel la Curtea de Justi\u021bie de la Luxemburg, dac\u0103 nu este de acord cu interpretarea legii.<\/p>\n<h2 id=\"nervozitate-si-contraatac-din-partea-noii-democratii-de-la-montesquieu-la-ceausescu\">Nervozitate \u0219i\u2026 contraatac din partea Noii Democra\u0163ii: De la Montesquieu la Ceau\u0219escu<\/h2>\n<p>Linia de ap\u0103rare trasat\u0103 de cercurile de la Atena, \u00een toat\u0103 perioad\u0103 anterioar\u0103, a vizat subminarea personalit\u0103\u021bii \u0219i validit\u0103\u021bii institu\u021bionale a lui K\u00f6vesi. Ministrul S\u0103n\u0103t\u0103\u021bii, Adonis Georgiadis, care a fost \u00een fruntea criticilor, a acuzat-o pe \u0219efa EPPO de \u201eambi\u021bii politice\u201d \u0219i \u201ecomportament neinstitu\u021bional\u201d. Printr-o replic\u0103 ce a f\u0103cut senza\u021bie \u0219i a generat comentarii negative, Georgiadis a declarat de la Delphi: \u201eAt\u00e2ta timp c\u00e2t doamna K\u00f6vesi ne mai permite, avem democra\u021bie\u201d, prezent\u00e2ndu-se ca un ap\u0103r\u0103tor autoproclamat al justi\u021biei din Grecia \u00eempotriva unei \u201einterven\u021bii externe\u201d.<\/p>\n<p>\u0218i mai dur\u0103 \u0219i mai provocatoare a fost pozi\u021bia parlamentarei Sofia Voultepsi, care a alunecat spre atacuri la persoan\u0103, cu referiri rasiste la originea procurorului european. Voultepsi a vorbit despre \u201ejusti\u021bia (de tip) Ceau\u0219escu\u201d, sus\u021bin\u00e2nd c\u0103 Laura K\u00f6vesi provine dintr-o \u021bar\u0103 f\u0103r\u0103 o tradi\u021bie a separ\u0103rii puterilor \u00een stat \u0219i c\u0103 ar prefera un procuror din Fran\u021ba \u201ecare \u015ftie de Montesquieu\u201d. Aceast\u0103 retoric\u0103, de comparare a anchetelor asupra OPEKEPE cu metodele \u201eSecurit\u0103\u021bii\u201d din Rom\u00e2nia, demonstreaz\u0103 amploarea nervozit\u0103\u0163ii care predomin\u0103 \u00een tab\u0103ra guvernamental\u0103 de la Atena.<\/p>\n<p>Desigur, Laura K\u00f6vesi a r\u0103spuns atacurilor orchestrate \u00eempotriva sa dezv\u0103luind adev\u0103ratele motive. \u201eEste o \u00eencercare de a muta discu\u021bia de la problema real\u0103 \u2013 problema principal\u0103 este ce s-a \u00eent\u00e2mplat cu adev\u0103rat cu OPEKEPE \u0219i cine este responsabil\u201d, a declarat procurorul european, printre altele. \u201eAceasta este o \u00eencercare de a distrage aten\u021bia \u00een alt\u0103 parte\u201d, a spus ea, ad\u0103ug\u00e2nd: \u201eFaptele men\u021bionate \u00een dosarul cauzei sunt definite ca infrac\u021biuni conform legisla\u021biei grece\u0219ti, dar \u0219i \u00een toate statele membre ale UE. Nimeni din lume nu m\u0103 va convinge c\u0103 acestea fac parte din treaba politicienilor (job description) de aici din Grecia sau din Europa\u201d. \u201eEste o \u00eencercare de a muta discu\u0163ia de la ceea ce s-a \u00eent\u00e2mplat de fapt la OPEKEPE \u0219i cine este responsabil\u201d, a spus ea.<\/p>\n<h2 id=\"tacerea-de-la-palatul-maximou-si-teama-pentru-ce-urmeaza\">T\u0103cerea de la Palatul Maximou \u0219i teama pentru ce urmeaz\u0103<\/h2>\n<p>\u00centrebarea care planeaz\u0103 acum asupra guvernului grec este dac\u0103 aceste atacuri sunt ini\u021biative personale ale unor membri ai partidului de guvern\u0103m\u00e2nt sau sunt o linie orchestrat\u0103 de la centru de premierul Kyriakos Mitsotakis \u0219i Palatul Maximou (sediul guvernului grec n.trad.). Tolerarea tacit\u0103 de c\u0103tre premierul grec este interpretat\u0103 de mul\u021bi ca o \u201eund\u0103 verde\u201d pentru escaladarea tensiunii, \u00eentr-un efort de a consolida guvernul \u0219i de a \u0163ine unit grupul parlamentar al Noii Democra\u0163ii, deoarece cazurile legate de OPEKEPE afecteaz\u0103 zeci de membri importan\u0163i ai partidului de guvern\u0103m\u00e2nt, iar, potrivit unor informa\u021bii, la Atena vor sosi \u015fi alte dosare, nu doar legate de OPEKEPE, ci \u0219i de alte cazuri foarte grave care este de a\u015fteptat s\u0103 provoace un cutremur politic.<\/p>\n<p>Oricum, voci din cercurile juridice \u0219i observatorii interna\u021bionali exprim\u0103 \u00eengrijor\u0103ri serioase cu privire la impactul pe care escaladarea atacurilor guvernului grec asupra institu\u021biilor europene l-ar putea avea asupra imaginii Greciei. Atacarea Parchetului European, o institu\u021bie european\u0103 \u00eenfiin\u021bat\u0103 pentru combaterea corup\u021biei, de c\u0103tre un guvern venit la putere sub steagul europenismului, expune iremediabil Grecia \u00een raport cu Bruxelles-ul, \u00een timp ce Laura K\u00f6vesi a fost categoric\u0103, la r\u00e2ndul ei, subliniind c\u0103 EPPO \u201enu este o agen\u0163ie, ci este o institu\u021bie\u201d.<\/p>\n<p>Continuarea este a\u0219teptat\u0103 cu interes, deoarece Parchetul European a anun\u021bat o accelerare a procedurilor, \u00een timp ce guvernul grec pare hot\u0103r\u00e2t s\u0103-\u015fi construiasc\u0103 fortifica\u0163iile \u00een spatele propriei interpret\u0103ri a suveranit\u0103\u021bii na\u021bionale. \u00cens\u0103 distrugerea profilului institu\u0163ional al guvernului la care, f\u0103r\u0103 \u00eendoial\u0103, contribuie declara\u021biile incendiare ale unor mini\u0219tri, parlamentari \u0219i membri importan\u0163i, ar putea fi cel mai mare cost pentru sistemul central intern de putere, \u00eentr-o b\u0103t\u0103lie care abia a \u00eenceput \u0219i amenin\u021b\u0103 s\u0103 arunce \u00een aer imaginea european\u0103 a \u021b\u0103rii.<\/p>\n<p><em><strong>Sursa:\u00a0<a href=\"https:\/\/www.ethnos.gr\/Politics\/amp\/406065\/ektroxiasmoshkybernhtikhstayroforiakatathslaoyrakobesi\">Ethnos.gr<\/a>, \u00een traducerea Rador Radio Rom\u00e2nia \/ <a href=\"https:\/\/www.stiripesurse.ro\/cruciada-guvernului-din-grecia-impotriva-laurei-codruta-kovesi-culisele-unui-scandal-de-proportii-pentru-europa-presa-din-grecia_3881484\">stiripesurse.ro<\/a><\/strong><\/em><\/p>\n<\/div>\n<\/div>\n<p>[analyse_source url=&#8221;https:\/\/solidnews.ro\/guvernul-din-grecia-ofensiva-puternica-impotriva-laurei-codruta-kovesi\/&#8221;]<\/p>\n","protected":false},"excerpt":{"rendered":"<p>[analyse_image type=&#8221;featured&#8221; src=&#8221;https:\/\/solidnews.ro\/wp-content\/uploads\/2022\/05\/image-2021-06-1-24832320-41-laura-codruta-kovesi-prima-functionare-eppo.jpg&#8221;] De ce o atac\u0103 cercurile guvernamentale de la Atena, mini\u0219trii \u0219i parlamentarii Noii Democra\u0163ii (partidul de guvernare din Grecia n.trad.) pe Laura\u00a0K\u00f6vesi? Cine vrea s\u0103 \u00eempiedice continuarea anchetelor privind deturnarea fondurilor UE? Cine se teme de noi dosare penale pentru cazuri foarte grave? Conflict f\u0103r\u0103 precedent \u00eentre Laura Codru\u021ba Kovesi \u0219i Guvernul [&hellip;]<\/p>\n","protected":false},"author":1,"featured_media":0,"comment_status":"open","ping_status":"","sticky":false,"template":"","format":"standard","meta":{"footnotes":""},"categories":[89],"tags":[226,97],"class_list":["post-1906725","post","type-post","status-publish","format-standard","hentry","category-romania","tag-crawlmanager","tag-solidnews-ro"],"_links":{"self":[{"href":"https:\/\/analyse.optim.biz\/index.php?rest_route=\/wp\/v2\/posts\/1906725","targetHints":{"allow":["GET"]}}],"collection":[{"href":"https:\/\/analyse.optim.biz\/index.php?rest_route=\/wp\/v2\/posts"}],"about":[{"href":"https:\/\/analyse.optim.biz\/index.php?rest_route=\/wp\/v2\/types\/post"}],"author":[{"embeddable":true,"href":"https:\/\/analyse.optim.biz\/index.php?rest_route=\/wp\/v2\/users\/1"}],"replies":[{"embeddable":true,"href":"https:\/\/analyse.optim.biz\/index.php?rest_route=%2Fwp%2Fv2%2Fcomments&post=1906725"}],"version-history":[{"count":0,"href":"https:\/\/analyse.optim.biz\/index.php?rest_route=\/wp\/v2\/posts\/1906725\/revisions"}],"wp:attachment":[{"href":"https:\/\/analyse.optim.biz\/index.php?rest_route=%2Fwp%2Fv2%2Fmedia&parent=1906725"}],"wp:term":[{"taxonomy":"category","embeddable":true,"href":"https:\/\/analyse.optim.biz\/index.php?rest_route=%2Fwp%2Fv2%2Fcategories&post=1906725"},{"taxonomy":"post_tag","embeddable":true,"href":"https:\/\/analyse.optim.biz\/index.php?rest_route=%2Fwp%2Fv2%2Ftags&post=1906725"}],"curies":[{"name":"wp","href":"https:\/\/api.w.org\/{rel}","templated":true}]}}