{"id":1906653,"date":"2026-04-28T08:51:08","date_gmt":"2026-04-28T05:51:08","guid":{"rendered":"https:\/\/analyse.optim.biz\/?p=1906653"},"modified":"2026-04-28T08:51:08","modified_gmt":"2026-04-28T05:51:08","slug":"alianta-contra-naturii-doar-4-din-votantii-aur-au-incredere-in-grindeanu-si-12-din-votantii-psd-in","status":"publish","type":"post","link":"https:\/\/analyse.optim.biz\/?p=1906653","title":{"rendered":"Alian\u021ba contra naturii: doar 4% din votan\u021bii AUR au \u00eencredere \u00een Grindeanu \u0219i 12% din votan\u021bii PSD \u00een&#8230;"},"content":{"rendered":"<p>[analyse_image type=&#8221;featured&#8221; src=&#8221;https:\/\/cdn.adh.reperio.news\/image-0\/01319bf2-ee7a-41f3-9a8d-9ba7c1de4c2a\/index.jpeg?p=f%3Djpeg%26w%3D1200%26h%3D630%26r%3Dcover&#8221;]<\/p>\n<article class=\"svelte-t0js42\">\n<nav>\n<ul class=\"breadcrump svelte-xauq0s\">\n<li class=\"svelte-xauq0s\"><a href=\"\/\" title=\"Adev\u0103rul\" class=\"svelte-xauq0s\">Home<\/a><\/li>\n<li class=\"svelte-xauq0s\"><a href=\"\/politica\" class=\"svelte-xauq0s\">Politic\u0103<\/a><\/li>\n<li class=\"svelte-xauq0s\"><a href=\"https:\/\/adevarul.ro\/politica\/alianta-respinsa-de-alegatori-doar-4percent-din-2525741.html\" class=\"svelte-xauq0s\">Alian\u021ba contra naturii: doar 4% din votan\u021bii AUR au \u00eencredere \u00een Grindeanu \u0219i 12% din votan\u021bii PSD \u00een Simion &#8211; SONDAJ<\/a><\/li>\n<\/ul>\n<\/nav>\n<p><main class=\"svelte-t0js42\"><\/p>\n<p>Sociologul Remus \u0218tefureac, directorul institutului INSCOP Research, a transmis, mar\u021bi, c\u0103 doar 4% dintre votan\u021bii AUR au \u00eencredere \u00een Grindeanu, \u00een timp ce doar 12% dintre votan\u021bii PSD au \u00eencredere \u00een Simion.<\/p>\n<div class=\"container-image  svelte-jd4qiv\"><source type=\"image\/webp\" srcset=\"https:\/\/cdn.adh.reperio.news\/image-0\/01319bf2-ee7a-41f3-9a8d-9ba7c1de4c2a\/index.jpeg?p=a%3D1%26co%3D1.05%26w%3D1400%26h%3D750%26r%3Dcontain%26f%3Dwebp 1400w\" media=\"(min-width: 1400px)\" \/><\/p>\n<div class=\"caption\">Electoratele AUR \u0219i PSD nu au \u00eencredere \u00een liderii celuilalt partid FOTO Mediafax<\/div>\n<\/div>\n<p><i>\u201e\u00cen istoria politic\u0103 a Rom\u00e2niei am avut \u0219i vom avea multe alian\u021be nefire\u0219ti, \u201emonstruoase\u201d coali\u021bii, cumetrii politice contra firii: de la liberalii radicali \u00eenfr\u0103\u021bi\u021bi cu conservatorii pentru a-l mazili pe Cuza, la mo\u021biunea de cenzur\u0103 ini\u021biat\u0103 de AUR \u0219i USR, p\u00e2n\u0103 la noul bloc politic PSD &#8211; AUR\u201d<\/i>, a scris <a href=\"https:\/\/adevarul.ro\/politica\/apele-se-separa-scenariile-sociologului-remus-2525491.html\">sociologul<\/a> pe pagina sa de Facebook.<\/p>\n<p>El a numit aceast\u0103 colaborare politic\u0103 una <i>\u201e\u00een contra naturii\u201d<\/i>, explic\u00e2nd c\u0103 AUR<i> \u201es-a n\u0103scut \u0219i se hr\u0103ne\u0219te din fronda anti-PSD, retorica anti-sistem, mantra anti-corup\u021bie\u201d<\/i>, \u00een timp ce PSD a fost \u201e\u00eenjum\u0103t\u0103\u021bit\u201d electoral tocmai de AUR.<\/p>\n<p><i>\u201e\u0218i aici nu e doar analiza politic\u0103. Votan\u021bii celor dou\u0103 partide o demonstreaz\u0103 direct prin opiniile pe care le au despre liderul partidului cu care tocmai s-au aliat\u201d<\/i>, a continuat el.<\/p>\n<p>Potrivit acestuia, cea mai mare dovad\u0103 a <i>\u201einadecv\u0103rii\u201d <\/i>alian\u021bei PSD-AUR se vede chiar din structura electoral\u0103 a celor dou\u0103: doar 4% dintre votan\u021bii AUR au \u00eencredere \u00een Grindeanu \u0219i doar 12% dintre votan\u021bii PSD au \u00eencredere \u00een Simion.<\/p>\n<p>Datele sunt extrase din<i> \u201eBaromentrul Informat &#8211; INSCOP\u201d<\/i> culese \u00een perioada 1-7 aprilie 2026. Metoda de cercetare: interviu prin intermediul chestionarului. Datele au fost culese prin metoda CATI (interviuri telefonice), volumul e\u0219antionului simplu, stratificat fiind de 1100 de persoane, reprezentativ pe categoriile socio-demografice semnificative (sex, v\u00e2rst\u0103, ocupa\u021bie) pentru popula\u021bia neinstitu\u021bionalizat\u0103 a Rom\u00e2niei, cu v\u00e2rsta de 18 ani \u0219i peste. Eroarea maxim\u0103 admis\u0103 a datelor este de \u00b1 3%, la un grad de \u00eencredere de 95%.<\/p>\n<div class=\"raw-block\"><iframe loading=\"lazy\" src=\"https:\/\/www.facebook.com\/plugins\/post.php?href=https%3A%2F%2Fwww.facebook.com%2Fremus.st.7%2Fposts%2Fpfbid02qY6siKq6weaXAGWsgnaU8VDHsTYnZynz7JqPv9TeEWLVo1e2Cn1wpEReG9deaV8Dl&amp;show_text=true&amp;width=390\" width=\"500\" height=\"792\" frameborder allowfullscreen=\"true\" allow=\"autoplay; clipboard-write; encrypted-media; picture-in-picture; web-share\" class=\"facebook-iframe\"><\/iframe><\/div>\n<p>Afirma\u021biile vin \u00een contextul \u00een care <a href=\"https:\/\/adevarul.ro\/politica\/psd-si-aur-depun-o-motiune-comuna-impotriva-2525441.html\">PSD \u0219i AUR au anun\u021bat luni, 27 aprilie, c\u0103 vor depune o mo\u021biune de cenzur\u0103<\/a> comun\u0103 \u00eempotriva Guvernului Bolojan.<\/p>\n<p><\/main><\/p>\n<footer class=\"svelte-t0js42\">\n<div class=\"related-wrap related-footer svelte-1t8qpgs\"><span class=\"related-label svelte-1t8qpgs\">Cite\u0219te \u0219i<\/span><a class=\"related svelte-1t8qpgs\" data-gtrack='{\"event\":\"utm_click\",\"data\":{\"event_category\":\"article_related\"}}' href=\"https:\/\/adevarul.ro\/politica\/scena-politica-redesenata-de-criza-din-coalitie-2525511.html\" title=\"Alt articol de interes pentru tine\"><img decoding=\"async\" class=\"thumb svelte-1t8qpgs\" src=\"https:\/\/cdn.adh.reperio.news\/image-b\/b16661f1-59ee-4400-8124-f40a30a683ec\/index.jpeg\" alt loading=\"lazy\" width=\"80\" height=\"54\"><span class=\"title svelte-1t8qpgs\">Scena politic\u0103 se redeseneaz\u0103: AUR c\u00e2\u0219tig\u0103, USR pierde, PSD joac\u0103 periculos<\/span><\/a><a class=\"related svelte-1t8qpgs\" data-gtrack='{\"event\":\"utm_click\",\"data\":{\"event_category\":\"article_related\"}}' href=\"https:\/\/adevarul.ro\/politica\/guvernul-bolojan-sub-presiune-motiunea-de-2525666.html\" title=\"Alt articol de interes pentru tine\"><img decoding=\"async\" class=\"thumb svelte-1t8qpgs\" src=\"https:\/\/cdn.adh.reperio.news\/image-0\/0eadff9c-7b0e-4d70-9fd8-c99a0acea3a8\/index.jpeg\" alt loading=\"lazy\" width=\"80\" height=\"54\"><span class=\"title svelte-1t8qpgs\">Guvernul Bolojan, sub presiune: mo\u021biunea de cenzur\u0103 PSD-AUR ar putea fi depus\u0103 chiar azi<\/span><\/a><a class=\"related svelte-1t8qpgs\" data-gtrack='{\"event\":\"utm_click\",\"data\":{\"event_category\":\"article_related\"}}' href=\"https:\/\/adevarul.ro\/stiri-interne\/evenimente\/proba-de-foc-a-socialistilor-europeni-2525716.html\" title=\"Alt articol de interes pentru tine\"><img decoding=\"async\" class=\"thumb svelte-1t8qpgs\" src=\"https:\/\/cdn.adh.reperio.news\/image-0\/0d755417-fedd-402e-b690-11e0dfabe6f5\/index.jpeg\" alt loading=\"lazy\" width=\"80\" height=\"54\"><span class=\"title svelte-1t8qpgs\">Proba de foc a Sociali\u0219tilor europeni. \u201e\u00cen\u021belegerea\u201c de la Bucure\u0219ti dintre PSD \u0219i AUR pune sub semnul \u00eentreb\u0103rii \u201ecordonul sanitar\u201d la adresa extremei drepte<\/span><\/a><\/div>\n<div class=\"meta svelte-t0js42\">\n<div class=\"authors svelte-t0js42\"><a href=\"\/author\/46\" rel=\"author\" class=\"svelte-t0js42\">Teodora Marinescu<\/a><\/div>\n<div class=\"tags svelte-12okeyl\"><span class=\"tags-label metaFont svelte-12okeyl\">Cite\u0219te mai multe despre<\/span><\/p>\n<div class=\"tags-list svelte-12okeyl\"><a href=\"\/tag\/sorin%20grindeanu\" title=\"Ultimele \u0219tiri despre sorin grindeanu\" class=\"tag-pill svelte-12okeyl\">sorin grindeanu<\/a><a href=\"\/tag\/george%20simion\" title=\"Ultimele \u0219tiri despre george simion\" class=\"tag-pill svelte-12okeyl\">george simion<\/a><a href=\"\/tag\/criza%20politica\" title=\"Ultimele \u0219tiri despre criza politica\" class=\"tag-pill svelte-12okeyl\">criza politica<\/a><\/div>\n<\/div>\n<\/div>\n<p><a class=\"moreFromCategory svelte-t0js42\" href=\"\/politica\" title=\"Politic\u0103\">Mai multe din <strong class=\"svelte-t0js42\">Politic\u0103<\/strong> \u203a<\/a><\/footer>\n<\/article>\n<p>[analyse_source url=&#8221;https:\/\/adevarul.ro\/politica\/alianta-respinsa-de-alegatori-doar-4percent-din-2525741.html&#8221;]<\/p>\n","protected":false},"excerpt":{"rendered":"<p>[analyse_image type=&#8221;featured&#8221; src=&#8221;https:\/\/cdn.adh.reperio.news\/image-0\/01319bf2-ee7a-41f3-9a8d-9ba7c1de4c2a\/index.jpeg?p=f%3Djpeg%26w%3D1200%26h%3D630%26r%3Dcover&#8221;] Home Politic\u0103 Alian\u021ba contra naturii: doar 4% din votan\u021bii AUR au \u00eencredere \u00een Grindeanu \u0219i 12% din votan\u021bii PSD \u00een Simion &#8211; SONDAJ Sociologul Remus \u0218tefureac, directorul institutului INSCOP Research, a transmis, mar\u021bi, c\u0103 doar 4% dintre votan\u021bii AUR au \u00eencredere \u00een Grindeanu, \u00een timp ce doar 12% dintre votan\u021bii PSD au [&hellip;]<\/p>\n","protected":false},"author":1,"featured_media":0,"comment_status":"open","ping_status":"","sticky":false,"template":"","format":"standard","meta":{"footnotes":""},"categories":[89],"tags":[19,226],"class_list":["post-1906653","post","type-post","status-publish","format-standard","hentry","category-romania","tag-adevarul","tag-crawlmanager"],"_links":{"self":[{"href":"https:\/\/analyse.optim.biz\/index.php?rest_route=\/wp\/v2\/posts\/1906653","targetHints":{"allow":["GET"]}}],"collection":[{"href":"https:\/\/analyse.optim.biz\/index.php?rest_route=\/wp\/v2\/posts"}],"about":[{"href":"https:\/\/analyse.optim.biz\/index.php?rest_route=\/wp\/v2\/types\/post"}],"author":[{"embeddable":true,"href":"https:\/\/analyse.optim.biz\/index.php?rest_route=\/wp\/v2\/users\/1"}],"replies":[{"embeddable":true,"href":"https:\/\/analyse.optim.biz\/index.php?rest_route=%2Fwp%2Fv2%2Fcomments&post=1906653"}],"version-history":[{"count":0,"href":"https:\/\/analyse.optim.biz\/index.php?rest_route=\/wp\/v2\/posts\/1906653\/revisions"}],"wp:attachment":[{"href":"https:\/\/analyse.optim.biz\/index.php?rest_route=%2Fwp%2Fv2%2Fmedia&parent=1906653"}],"wp:term":[{"taxonomy":"category","embeddable":true,"href":"https:\/\/analyse.optim.biz\/index.php?rest_route=%2Fwp%2Fv2%2Fcategories&post=1906653"},{"taxonomy":"post_tag","embeddable":true,"href":"https:\/\/analyse.optim.biz\/index.php?rest_route=%2Fwp%2Fv2%2Ftags&post=1906653"}],"curies":[{"name":"wp","href":"https:\/\/api.w.org\/{rel}","templated":true}]}}