{"id":1906646,"date":"2026-04-28T08:28:06","date_gmt":"2026-04-28T05:28:06","guid":{"rendered":"https:\/\/analyse.optim.biz\/?p=1906646"},"modified":"2026-04-28T08:28:06","modified_gmt":"2026-04-28T05:28:06","slug":"primul-membru-psd-care-si-a-dat-demisia-din-partid-dupa-alianta-cu-aur-nu-voi-gira-niciodata-normalizarea","status":"publish","type":"post","link":"https:\/\/analyse.optim.biz\/?p=1906646","title":{"rendered":"Primul membru PSD care \u0219i-a dat demisia din partid dup\u0103 alian\u021ba cu AUR: \u201eNu voi gira niciodat\u0103 normalizarea&#8230;"},"content":{"rendered":"<p>[analyse_image type=&#8221;featured&#8221; src=&#8221;https:\/\/cdn.adh.reperio.news\/image-5\/5c12dd58-d375-447a-a3cf-a615bd5e3eac\/index.jpeg?p=f%3Djpeg%26w%3D1200%26h%3D630%26r%3Dcover&#8221;]<\/p>\n<article class=\"svelte-t0js42\">\n<nav>\n<ul class=\"breadcrump svelte-xauq0s\">\n<li class=\"svelte-xauq0s\"><a href=\"\/\" title=\"Adev\u0103rul\" class=\"svelte-xauq0s\">Home<\/a><\/li>\n<li class=\"svelte-xauq0s\"><a href=\"\/politica\" class=\"svelte-xauq0s\">Politic\u0103<\/a><\/li>\n<li class=\"svelte-xauq0s\"><a href=\"https:\/\/adevarul.ro\/politica\/primul-membru-psd-care-si-a-dat-demisia-din-partid-2525732.html\" class=\"svelte-xauq0s\">Primul membru PSD care \u0219i-a dat demisia din partid dup\u0103 alian\u021ba cu AUR: \u201eNu voi gira niciodat\u0103 normalizarea fascismului\u201d<\/a><\/li>\n<\/ul>\n<\/nav>\n<p><main class=\"svelte-t0js42\"><\/p>\n<p>Senatoarea PSD Victoria Stoiciu \u0219i-a anun\u021bat mar\u021bi, 28 aprilie, demisia din partid, pe fondul unor divergen\u021be majore cu linia politic\u0103 a social-democra\u021bilor \u0219i a colobor\u0103rii cu AUR.<\/p>\n<div class=\"container-image  svelte-jd4qiv\"><source type=\"image\/webp\" srcset=\"https:\/\/cdn.adh.reperio.news\/image-5\/5c12dd58-d375-447a-a3cf-a615bd5e3eac\/index.jpeg?p=a%3D1%26co%3D1.05%26w%3D1400%26h%3D750%26r%3Dcontain%26f%3Dwebp 1400w\" media=\"(min-width: 1400px)\" \/><\/p>\n<div class=\"caption\">Victoria Stoiciu a demisionat din PSD FOTO Inquam \/ Octav Ganea<\/div>\n<\/div>\n<p><i>\u201eAst\u0103zi mi-am \u00eenaintat oficial demisia din Partidul Social Democrat. Decizia vine ca un pas firesc dup\u0103 ce ieri am refuzat s\u0103 semnez mo\u021biunea de cenzur\u0103, marc\u00e2nd momentul \u00een care viziunea mea \u0219i direc\u021bia actual\u0103 a partidului au intrat pe contrasens total\u201d,<\/i> a transmis Victoria Stoiciu, pe pagina sa de Facebook.\u00a0<\/p>\n<p>Aceasta a vorbit \u0219i despre necesitatea men\u021binerii unui \u201ecordon sanitar\u201d fa\u021b\u0103 de<a href=\"https:\/\/adevarul.ro\/politica\/scena-politica-redesenata-de-criza-din-coalitie-2525511.html\"> partidele considerate extremiste,<\/a>\u00a0avertiz\u00e2nd asupra riscurilor normaliz\u0103rii acestora \u00een via\u021ba politic\u0103.<\/p>\n<p><i>\u201eConsider c\u0103 este nevoie de un cordon sanitar absolut care s\u0103 men\u021bin\u0103 for\u021bele extremiste \u00een izolare politic\u0103 total\u0103. Orice \u00eenc\u0103lcare a acestui principiu nu reprezint\u0103 doar o eroare tactic\u0103, ci o normalizare a fascismului. Pas cu pas, p\u00e2n\u0103 c\u00e2nd monstrul va fi prea mare ca s\u0103 \u00eel r\u0103punem<\/i>\u201d, a afirmat senatoarea PSD.<\/p>\n<p>\u00cen mesajul s\u0103u, Victoria Stoiciu a f\u0103cut referire \u0219i la lec\u021biile istorice ale Europei interbelice, sus\u021bin\u00e2nd c\u0103 ced\u0103rile politice \u00een fa\u021ba extremismului au avut consecin\u021be grave.<\/p>\n<p><i>\u201eIstoria este cel mai bun profesor. Ascensiunea fascismului \u00een perioada interbelic\u0103 nu s-a produs subit. A fost rezultatul unor concesii repetate f\u0103cute de for\u021bele democratice, care au sacrificat viitorul pentru calcule politice mici \u0219i ra\u021biuni de moment<\/i>\u201d, a spus Victoria Stoiciu, ad\u0103ug\u00e2nd c\u0103 social-democra\u021bii germani au men\u021binut constant o linie de separare fa\u021b\u0103 de extremi\u0219ti.<\/p>\n<p>\u00cen acela\u0219i timp, Stoiciu a precizat c\u0103 decizia sa de a p\u0103r\u0103si PSD este definitiv\u0103 \u0219i motivat\u0103 de incompatibilitatea dintre valorile sale \u0219i\u00a0<a href=\"https:\/\/adevarul.ro\/politica\/ilie-bolojan-il-acuza-pe-sorin-grindeanu-ca-a-2525637.html\">direc\u021bia actual\u0103 a partidului.<\/a><\/p>\n<p><i>\u201eNu pot \u0219i nu voi gira niciodat\u0103 normalizarea fascismului. Este o linie ro\u0219ie peste care nu se poate trece.\u00a0Le mul\u021bumesc colegilor social-democra\u021bi care m-au sus\u021binut \u00een ini\u021biativele legislative de p\u00e2n\u0103 acum pentru buna colaborare. Din p\u0103cate, drumurile noastre se despart aici,  nu pot face parte dintr-un proiect care sacrific\u0103 valorile democratice fundamentale pe altarul unor interese politice de etap\u0103\u201d,<\/i> a mai transmis aceasta.<\/p>\n<div class=\"raw-block\"><iframe loading=\"lazy\" src=\"https:\/\/www.facebook.com\/plugins\/post.php?href=https%3A%2F%2Fwww.facebook.com%2Fvictoria.stoiciu%2Fposts%2Fpfbid027wDLbM5PhjNzwwP8vZ9RqmpbLiCmGd8XqAmDZz2XGoBAXxW98Qr91V4ZptK9fF9ml&amp;show_text=true&amp;width=390\" width=\"500\" height=\"285\" frameborder allowfullscreen=\"true\" allow=\"autoplay; clipboard-write; encrypted-media; picture-in-picture; web-share\" class=\"facebook-iframe\"><\/iframe><\/div>\n<p><\/main><\/p>\n<footer class=\"svelte-t0js42\">\n<div class=\"related-wrap related-footer svelte-1t8qpgs\"><span class=\"related-label svelte-1t8qpgs\">Cite\u0219te \u0219i<\/span><a class=\"related svelte-1t8qpgs\" data-gtrack='{\"event\":\"utm_click\",\"data\":{\"event_category\":\"article_related\"}}' href=\"https:\/\/adevarul.ro\/politica\/scena-politica-redesenata-de-criza-din-coalitie-2525511.html\" title=\"Alt articol de interes pentru tine\"><img decoding=\"async\" class=\"thumb svelte-1t8qpgs\" src=\"https:\/\/cdn.adh.reperio.news\/image-b\/b16661f1-59ee-4400-8124-f40a30a683ec\/index.jpeg\" alt loading=\"lazy\" width=\"80\" height=\"54\"><span class=\"title svelte-1t8qpgs\">Scena politic\u0103 se redeseneaz\u0103: AUR c\u00e2\u0219tig\u0103, USR pierde, PSD joac\u0103 periculos<\/span><\/a><a class=\"related svelte-1t8qpgs\" data-gtrack='{\"event\":\"utm_click\",\"data\":{\"event_category\":\"article_related\"}}' href=\"https:\/\/adevarul.ro\/blogurile-adevarul\/motiune-de-cenzura-psd-aur-impotriva-guvernului-2525622.html\" title=\"Alt articol de interes pentru tine\"><img decoding=\"async\" class=\"thumb svelte-1t8qpgs\" src=\"https:\/\/cdn.adh.reperio.news\/image-f\/f1359a39-b828-4db8-86d2-ed53065ff0e0\/index.webp\" alt loading=\"lazy\" width=\"80\" height=\"54\"><span class=\"title svelte-1t8qpgs\">Mo\u021biune de cenzur\u0103 PSD-AUR \u00eempotriva Guvernului Bolojan<\/span><\/a><a class=\"related svelte-1t8qpgs\" data-gtrack='{\"event\":\"utm_click\",\"data\":{\"event_category\":\"article_related\"}}' href=\"https:\/\/adevarul.ro\/politica\/george-simion-nu-bate-palma-cu-psd-george-simion-2525655.html\" title=\"Alt articol de interes pentru tine\"><img decoding=\"async\" class=\"thumb svelte-1t8qpgs\" src=\"https:\/\/cdn.adh.reperio.news\/image-4\/4156485d-89ad-49bb-ab67-c2ea32c7c837\/index.jpeg\" alt loading=\"lazy\" width=\"80\" height=\"54\"><span class=\"title svelte-1t8qpgs\">\u201eGeorge Simion nu bate palma cu PSD. George Simion nu face alian\u021b\u0103 cu PSD\u201d. Ce promitea liderul AUR \u00een 2024<\/span><\/a><\/div>\n<div class=\"meta svelte-t0js42\">\n<div class=\"authors svelte-t0js42\"><a href=\"\/author\/1889\" rel=\"author\" class=\"svelte-t0js42\">Cornelia Mazilu<\/a><\/div>\n<div class=\"tags svelte-12okeyl\"><span class=\"tags-label metaFont svelte-12okeyl\">Cite\u0219te mai multe despre<\/span><\/p>\n<div class=\"tags-list svelte-12okeyl\"><a href=\"\/tag\/breaking%20news\" title=\"Ultimele \u0219tiri despre breaking news\" class=\"tag-pill svelte-12okeyl\">breaking news<\/a><\/div>\n<\/div>\n<\/div>\n<p><a class=\"moreFromCategory svelte-t0js42\" href=\"\/politica\" title=\"Politic\u0103\">Mai multe din <strong class=\"svelte-t0js42\">Politic\u0103<\/strong> \u203a<\/a><\/footer>\n<\/article>\n<p>[analyse_source url=&#8221;https:\/\/adevarul.ro\/politica\/primul-membru-psd-care-si-a-dat-demisia-din-partid-2525732.html&#8221;]<\/p>\n","protected":false},"excerpt":{"rendered":"<p>[analyse_image type=&#8221;featured&#8221; src=&#8221;https:\/\/cdn.adh.reperio.news\/image-5\/5c12dd58-d375-447a-a3cf-a615bd5e3eac\/index.jpeg?p=f%3Djpeg%26w%3D1200%26h%3D630%26r%3Dcover&#8221;] Home Politic\u0103 Primul membru PSD care \u0219i-a dat demisia din partid dup\u0103 alian\u021ba cu AUR: \u201eNu voi gira niciodat\u0103 normalizarea fascismului\u201d Senatoarea PSD Victoria Stoiciu \u0219i-a anun\u021bat mar\u021bi, 28 aprilie, demisia din partid, pe fondul unor divergen\u021be majore cu linia politic\u0103 a social-democra\u021bilor \u0219i a colobor\u0103rii cu AUR. Victoria Stoiciu a demisionat [&hellip;]<\/p>\n","protected":false},"author":1,"featured_media":0,"comment_status":"open","ping_status":"","sticky":false,"template":"","format":"standard","meta":{"footnotes":""},"categories":[89],"tags":[19,226],"class_list":["post-1906646","post","type-post","status-publish","format-standard","hentry","category-romania","tag-adevarul","tag-crawlmanager"],"_links":{"self":[{"href":"https:\/\/analyse.optim.biz\/index.php?rest_route=\/wp\/v2\/posts\/1906646","targetHints":{"allow":["GET"]}}],"collection":[{"href":"https:\/\/analyse.optim.biz\/index.php?rest_route=\/wp\/v2\/posts"}],"about":[{"href":"https:\/\/analyse.optim.biz\/index.php?rest_route=\/wp\/v2\/types\/post"}],"author":[{"embeddable":true,"href":"https:\/\/analyse.optim.biz\/index.php?rest_route=\/wp\/v2\/users\/1"}],"replies":[{"embeddable":true,"href":"https:\/\/analyse.optim.biz\/index.php?rest_route=%2Fwp%2Fv2%2Fcomments&post=1906646"}],"version-history":[{"count":0,"href":"https:\/\/analyse.optim.biz\/index.php?rest_route=\/wp\/v2\/posts\/1906646\/revisions"}],"wp:attachment":[{"href":"https:\/\/analyse.optim.biz\/index.php?rest_route=%2Fwp%2Fv2%2Fmedia&parent=1906646"}],"wp:term":[{"taxonomy":"category","embeddable":true,"href":"https:\/\/analyse.optim.biz\/index.php?rest_route=%2Fwp%2Fv2%2Fcategories&post=1906646"},{"taxonomy":"post_tag","embeddable":true,"href":"https:\/\/analyse.optim.biz\/index.php?rest_route=%2Fwp%2Fv2%2Ftags&post=1906646"}],"curies":[{"name":"wp","href":"https:\/\/api.w.org\/{rel}","templated":true}]}}